{"id":1046,"date":"2010-05-09T18:37:15","date_gmt":"2010-05-09T16:37:15","guid":{"rendered":"http:\/\/www.meinesuedstadt.de\/branchenverzeichnis\/?p=1046"},"modified":"2022-03-11T13:42:20","modified_gmt":"2022-03-11T12:42:20","slug":"optik-alfuss","status":"publish","type":"post","link":"https:\/\/www.meinesuedstadt.de\/branchenverzeichnis\/optik-alfuss\/","title":{"rendered":"Optik Alfu\u00df"},"content":{"rendered":"<p>Die Auswahl der Brille verlangt Feingef\u00fchl: Mitten im Gesicht wird das Accessoire gleich beim ersten Anblick wahrgenommen. Umso wichtiger ist es, dass bei Auswahl und Anpassung der bestm\u00f6gliche Service erfolgt. Den erh\u00e4lt man in der S\u00fcdstadt bei alfu\u00df optik, dem S\u00fcdstadt-Optiker auf der Bonner Stra\u00dfe.<\/p>\n<p>Das Gesch\u00e4ft, wurde 1950 von Eduard Alfu\u00df gegr\u00fcndet. Heute geh\u00f6rt das Gesch\u00e4ft Giannoula Saltidou und Christian Wagner &#8211; die hervorragende Qualit\u00e4t hat sich \u00fcber sechs Jahrzehnte bew\u00e4hrt.\u00a0Hier kann man sich in Ruhe bei lockerer, famili\u00e4rer Atmosph\u00e4re umschauen, einen Kaffee genie\u00dfen und so lange st\u00f6bern, W\u00fcnsche \u00e4u\u00dfern und optische Eindr\u00fccke austauschen, bis die perfekte Brille gefunden ist.<\/p>\n<p>Gewahrt wird dieser Standard durch modernste Mess-Technik, wie den DNEye Scanner der Firma Rodenstock. Dies f\u00fchrt mit einem speziellen Videozentriersystem eine pr\u00e4zise Messung durch, damit Brille und Kontaktlinsen exakt angepasst werden k\u00f6nnen.<\/p>\n<p>Anders als bei anderen Optikern muss diese pr\u00e4zise Technik nicht extra bestellt und bezahlt werden, sondern geh\u00f6rt zum Service dazu.<\/p>\n\n\t\t<style type=\"text\/css\">\n\t\t\t#gallery-1 {\n\t\t\t\tmargin: auto;\n\t\t\t}\n\t\t\t#gallery-1 .gallery-item {\n\t\t\t\tfloat: left;\n\t\t\t\tmargin-top: 10px;\n\t\t\t\ttext-align: center;\n\t\t\t\twidth: 25%;\n\t\t\t}\n\t\t\t#gallery-1 img {\n\t\t\t\tborder: 2px solid #cfcfcf;\n\t\t\t}\n\t\t\t#gallery-1 .gallery-caption {\n\t\t\t\tmargin-left: 0;\n\t\t\t}\n\t\t\t\/* see gallery_shortcode() in wp-includes\/media.php *\/\n\t\t<\/style>\n\t\t<div id='gallery-1' class='gallery galleryid-1046 gallery-columns-4 gallery-size-thumbnail'><dl class='gallery-item'>\n\t\t\t<dt class='gallery-icon landscape'>\n\t\t\t\t<a href='https:\/\/www.meinesuedstadt.de\/branchenverzeichnis\/wp-content\/uploads\/2010\/05\/Optik-Alfuss-Meine-Suedstadt-Koeln-01.jpg' title=\"\" data-rl_title=\"\" class=\"rl-gallery-link\" data-rl_caption=\"\" data-rel=\"lightbox-gallery-1\"><img loading=\"lazy\" decoding=\"async\" width=\"150\" height=\"150\" src=\"https:\/\/www.meinesuedstadt.de\/branchenverzeichnis\/wp-content\/uploads\/2010\/05\/Optik-Alfuss-Meine-Suedstadt-Koeln-01-150x150.jpg\" class=\"attachment-thumbnail size-thumbnail\" alt=\"Optik Alfu\u00df - Meine S\u00fcdstadt K\u00f6ln\" \/><\/a>\n\t\t\t<\/dt><\/dl><dl class='gallery-item'>\n\t\t\t<dt class='gallery-icon landscape'>\n\t\t\t\t<a href='https:\/\/www.meinesuedstadt.de\/branchenverzeichnis\/wp-content\/uploads\/2010\/05\/Optik-Alfuss-Meine-Suedstadt-Koeln-02.jpg' title=\"\" data-rl_title=\"\" class=\"rl-gallery-link\" data-rl_caption=\"\" data-rel=\"lightbox-gallery-1\"><img loading=\"lazy\" decoding=\"async\" width=\"150\" height=\"150\" src=\"https:\/\/www.meinesuedstadt.de\/branchenverzeichnis\/wp-content\/uploads\/2010\/05\/Optik-Alfuss-Meine-Suedstadt-Koeln-02-150x150.jpg\" class=\"attachment-thumbnail size-thumbnail\" alt=\"Optik Alfu\u00df - Meine S\u00fcdstadt K\u00f6ln\" \/><\/a>\n\t\t\t<\/dt><\/dl><dl class='gallery-item'>\n\t\t\t<dt class='gallery-icon landscape'>\n\t\t\t\t<a href='https:\/\/www.meinesuedstadt.de\/branchenverzeichnis\/wp-content\/uploads\/2010\/05\/Optik-Alfuss-Meine-Suedstadt-Koeln-03.jpg' title=\"\" data-rl_title=\"\" class=\"rl-gallery-link\" data-rl_caption=\"\" data-rel=\"lightbox-gallery-1\"><img loading=\"lazy\" decoding=\"async\" width=\"150\" height=\"150\" src=\"https:\/\/www.meinesuedstadt.de\/branchenverzeichnis\/wp-content\/uploads\/2010\/05\/Optik-Alfuss-Meine-Suedstadt-Koeln-03-150x150.jpg\" class=\"attachment-thumbnail size-thumbnail\" alt=\"Optik Alfu\u00df - Meine S\u00fcdstadt K\u00f6ln\" \/><\/a>\n\t\t\t<\/dt><\/dl><dl class='gallery-item'>\n\t\t\t<dt class='gallery-icon landscape'>\n\t\t\t\t<a href='https:\/\/www.meinesuedstadt.de\/branchenverzeichnis\/wp-content\/uploads\/2010\/05\/Optik-Alfuss-Meine-Suedstadt-Koeln-04.jpg' title=\"\" data-rl_title=\"\" class=\"rl-gallery-link\" data-rl_caption=\"\" data-rel=\"lightbox-gallery-1\"><img loading=\"lazy\" decoding=\"async\" width=\"150\" height=\"150\" src=\"https:\/\/www.meinesuedstadt.de\/branchenverzeichnis\/wp-content\/uploads\/2010\/05\/Optik-Alfuss-Meine-Suedstadt-Koeln-04-150x150.jpg\" class=\"attachment-thumbnail size-thumbnail\" alt=\"Optik Alfu\u00df - Meine S\u00fcdstadt K\u00f6ln\" \/><\/a>\n\t\t\t<\/dt><\/dl><br style=\"clear: both\" \/><dl class='gallery-item'>\n\t\t\t<dt class='gallery-icon landscape'>\n\t\t\t\t<a href='https:\/\/www.meinesuedstadt.de\/branchenverzeichnis\/wp-content\/uploads\/2010\/05\/Optik-Alfuss-Meine-Suedstadt-Koeln-05.jpg' title=\"\" data-rl_title=\"\" class=\"rl-gallery-link\" data-rl_caption=\"\" data-rel=\"lightbox-gallery-1\"><img loading=\"lazy\" decoding=\"async\" width=\"150\" height=\"150\" src=\"https:\/\/www.meinesuedstadt.de\/branchenverzeichnis\/wp-content\/uploads\/2010\/05\/Optik-Alfuss-Meine-Suedstadt-Koeln-05-150x150.jpg\" class=\"attachment-thumbnail size-thumbnail\" alt=\"Optik Alfu\u00df - Meine S\u00fcdstadt K\u00f6ln\" \/><\/a>\n\t\t\t<\/dt><\/dl><dl class='gallery-item'>\n\t\t\t<dt class='gallery-icon landscape'>\n\t\t\t\t<a href='https:\/\/www.meinesuedstadt.de\/branchenverzeichnis\/wp-content\/uploads\/2010\/05\/Optik-Alfuss-Meine-Suedstadt-Koeln-06.jpg' title=\"\" data-rl_title=\"\" class=\"rl-gallery-link\" data-rl_caption=\"\" data-rel=\"lightbox-gallery-1\"><img loading=\"lazy\" decoding=\"async\" width=\"150\" height=\"150\" src=\"https:\/\/www.meinesuedstadt.de\/branchenverzeichnis\/wp-content\/uploads\/2010\/05\/Optik-Alfuss-Meine-Suedstadt-Koeln-06-150x150.jpg\" class=\"attachment-thumbnail size-thumbnail\" alt=\"Optik Alfu\u00df - Meine S\u00fcdstadt K\u00f6ln\" \/><\/a>\n\t\t\t<\/dt><\/dl><dl class='gallery-item'>\n\t\t\t<dt class='gallery-icon landscape'>\n\t\t\t\t<a href='https:\/\/www.meinesuedstadt.de\/branchenverzeichnis\/wp-content\/uploads\/2010\/05\/Optik-Alfuss-Meine-Suedstadt-Koeln-07.jpg' title=\"\" data-rl_title=\"\" class=\"rl-gallery-link\" data-rl_caption=\"\" data-rel=\"lightbox-gallery-1\"><img loading=\"lazy\" decoding=\"async\" width=\"150\" height=\"150\" src=\"https:\/\/www.meinesuedstadt.de\/branchenverzeichnis\/wp-content\/uploads\/2010\/05\/Optik-Alfuss-Meine-Suedstadt-Koeln-07-150x150.jpg\" class=\"attachment-thumbnail size-thumbnail\" alt=\"Optik Alfu\u00df - Meine S\u00fcdstadt K\u00f6ln\" \/><\/a>\n\t\t\t<\/dt><\/dl><dl class='gallery-item'>\n\t\t\t<dt class='gallery-icon landscape'>\n\t\t\t\t<a href='https:\/\/www.meinesuedstadt.de\/branchenverzeichnis\/wp-content\/uploads\/2010\/05\/Optik-Alfuss-Meine-Suedstadt-Koeln-08.jpg' title=\"\" data-rl_title=\"\" class=\"rl-gallery-link\" data-rl_caption=\"\" data-rel=\"lightbox-gallery-1\"><img loading=\"lazy\" decoding=\"async\" width=\"150\" height=\"150\" src=\"https:\/\/www.meinesuedstadt.de\/branchenverzeichnis\/wp-content\/uploads\/2010\/05\/Optik-Alfuss-Meine-Suedstadt-Koeln-08-150x150.jpg\" class=\"attachment-thumbnail size-thumbnail\" alt=\"Optik Alfu\u00df - Meine S\u00fcdstadt K\u00f6ln\" \/><\/a>\n\t\t\t<\/dt><\/dl><br style=\"clear: both\" \/><dl class='gallery-item'>\n\t\t\t<dt class='gallery-icon landscape'>\n\t\t\t\t<a href='https:\/\/www.meinesuedstadt.de\/branchenverzeichnis\/wp-content\/uploads\/2010\/05\/Optik-Alfuss-Meine-Suedstadt-Koeln-09.jpg' title=\"\" data-rl_title=\"\" class=\"rl-gallery-link\" data-rl_caption=\"\" data-rel=\"lightbox-gallery-1\"><img loading=\"lazy\" decoding=\"async\" width=\"150\" height=\"150\" src=\"https:\/\/www.meinesuedstadt.de\/branchenverzeichnis\/wp-content\/uploads\/2010\/05\/Optik-Alfuss-Meine-Suedstadt-Koeln-09-150x150.jpg\" class=\"attachment-thumbnail size-thumbnail\" alt=\"\" \/><\/a>\n\t\t\t<\/dt><\/dl><dl class='gallery-item'>\n\t\t\t<dt class='gallery-icon landscape'>\n\t\t\t\t<a href='https:\/\/www.meinesuedstadt.de\/branchenverzeichnis\/wp-content\/uploads\/2010\/05\/Optik-Alfuss-Meine-Suedstadt-Koeln-10.jpg' title=\"\" data-rl_title=\"\" class=\"rl-gallery-link\" data-rl_caption=\"\" data-rel=\"lightbox-gallery-1\"><img loading=\"lazy\" decoding=\"async\" width=\"150\" height=\"150\" src=\"https:\/\/www.meinesuedstadt.de\/branchenverzeichnis\/wp-content\/uploads\/2010\/05\/Optik-Alfuss-Meine-Suedstadt-Koeln-10-150x150.jpg\" class=\"attachment-thumbnail size-thumbnail\" alt=\"\" \/><\/a>\n\t\t\t<\/dt><\/dl>\n\t\t\t<br style='clear: both' \/>\n\t\t<\/div>\n\n<p>Mit dem \u0094Impressionist\u0094 von Rodenstock werden au\u00dferdem Parameter, wie der Sitz der Fassung, Abstand zur Hornhaut und Winkel von Gestell und Gl\u00e4sern gemessen, damit diese in die Produktion von Gleitsicht- oder Einst\u00e4rkengl\u00e4sern einflie\u00dfen k\u00f6nnen.\u00a0Die Fertigung der Brillen findet bei alfu\u00df optik auch immer noch in der hauseigenen Meisterwerkstatt statt.<br \/>\n&#8222;\u0084Wir geben die Brillen, bis sie fertig gestellt sind, nicht aus der Hand. Anfertigung, \u00c4nderungen, Reparaturen &#8211; all das machen wir hier in der Werkstatt\u0093&#8220;, erkl\u00e4rt Christian Wagner.<\/p>\n<p>Sofern es das Gestell erlaubt, werden bei alfu\u00df optik auch kundeneigene Fassungen verglast &#8211; ein Service, der heutzutage nur noch von wenigen Optikern angeboten wird. Hat ein Kunde einen spezielleren Wunsch, achtet das Team prinzipiell darauf, ob der umsetzbar und sinnvoll ist. Es folgt darauf eine kundenorientierte Bedarfsanalyse, bei der Nutzen der Brille, Sehanspr\u00fcche, Tragegewohnheiten und Vorstellungen abgefragt werden, damit am Ende eine Brille entsteht, die allen Anforderungen und Erwartungen gerecht wird.<\/p>\n<p>Wie das Endprodukt aussieht, h\u00e4ngt von den W\u00fcnschen des Tr\u00e4gers ab. \u0084Eine Brille auszusuchen, ist ein sensibles Thema\u0093, stellt Christian Wagner fest. \u0084Wir beraten sehr gern, machen dabei aber nicht jeden Trend mit und gehen immer auf die Anspr\u00fcche des Gegen\u00fcbers ein. In dem Moment ist dieser f\u00fcr uns kein Kunde, sondern ein guter Bekannter, von dem wir wollen, dass er mit seiner Brille gut aussieht und gl\u00fccklich ist. Das ist auch f\u00fcr uns die beste Werbung.\u0093<\/p>\n<p>Voraussetzung daf\u00fcr wird durch ein au\u00dfergew\u00f6hnliches Sortiment an Gestellen geschaffen: von ausgesuchten Anbietern, wie Lindberg, Andy Wolf und Hamburg Eyewear bis zu Marken wie Ray Ban oder Tom Ford, ist f\u00fcr verschiedenste Geschm\u00e4cker eine Fassung zu finden.<\/p>\n<p>Zus\u00e4tzlich zu Gleitsicht-, Einst\u00e4rken- und Sonnenbrillen bietet alfu\u00df Optik auch Kinder- und sogar Babybrillen an. Beispielsweise von der Firma Swissflex, mit denen das Gesch\u00e4ft eine Kooperation unterh\u00e4lt, da deren Gestelle besonders belastbar und stabil sind, damit Kinder sich beim Spielen nicht an ihrer Brille verletzen. Nicht nur f\u00fcr unterschiedliche Budgets, auch f\u00fcr jede Altersgruppe ist hier ein Gestell dabei.<\/p>\n","protected":false},"excerpt":{"rendered":"<p>Die Auswahl der Brille verlangt Feingef\u00fchl: Mitten im Gesicht wird das Accessoire gleich beim ersten Anblick wahrgenommen. Umso wichtiger ist es, dass bei Auswahl und Anpassung der bestm\u00f6gliche Service erfolgt. Den erh\u00e4lt man in der S\u00fcdstadt bei alfu\u00df optik, dem S\u00fcdstadt-Optiker auf der Bonner Stra\u00dfe. Das Gesch\u00e4ft, wurde 1950 von Eduard Alfu\u00df gegr\u00fcndet. Heute geh\u00f6rt [&hellip;]<\/p>\n","protected":false},"author":2,"featured_media":2749,"comment_status":"open","ping_status":"open","sticky":false,"template":"single-partner.php","format":"standard","meta":{"_acf_changed":false,"footnotes":""},"categories":[155],"tags":[],"class_list":["post-1046","post","type-post","status-publish","format-standard","has-post-thumbnail","hentry","category-optiker"],"acf":[],"yoast_head":"<!-- This site is optimized with the Yoast SEO plugin v27.4 - https:\/\/yoast.com\/product\/yoast-seo-wordpress\/ -->\n<title>Optik Alfu\u00df - Meine S\u00fcdstadt<\/title>\n<meta name=\"robots\" content=\"index, follow, max-snippet:-1, max-image-preview:large, max-video-preview:-1\" \/>\n<link rel=\"canonical\" href=\"https:\/\/www.meinesuedstadt.de\/branchenverzeichnis\/optik-alfuss\/\" \/>\n<meta property=\"og:locale\" content=\"de_DE\" \/>\n<meta property=\"og:type\" content=\"article\" \/>\n<meta property=\"og:title\" content=\"Optik Alfu\u00df - Meine S\u00fcdstadt\" \/>\n<meta property=\"og:description\" content=\"Die Auswahl der Brille verlangt Feingef\u00fchl: Mitten im Gesicht wird das Accessoire gleich beim ersten Anblick wahrgenommen. Umso wichtiger ist es, dass bei Auswahl und Anpassung der bestm\u00f6gliche Service erfolgt. Den erh\u00e4lt man in der S\u00fcdstadt bei alfu\u00df optik, dem S\u00fcdstadt-Optiker auf der Bonner Stra\u00dfe. Das Gesch\u00e4ft, wurde 1950 von Eduard Alfu\u00df gegr\u00fcndet. Heute geh\u00f6rt [&hellip;]\" \/>\n<meta property=\"og:url\" content=\"https:\/\/www.meinesuedstadt.de\/branchenverzeichnis\/optik-alfuss\/\" \/>\n<meta property=\"og:site_name\" content=\"Meine S\u00fcdstadt\" \/>\n<meta property=\"article:publisher\" content=\"https:\/\/www.facebook.com\/Meinesuedstadt\/\" \/>\n<meta property=\"article:published_time\" content=\"2010-05-09T16:37:15+00:00\" \/>\n<meta property=\"article:modified_time\" content=\"2022-03-11T12:42:20+00:00\" \/>\n<meta property=\"og:image\" content=\"https:\/\/www.meinesuedstadt.de\/branchenverzeichnis\/wp-content\/uploads\/2010\/05\/Optik-Alfuss-Meine-Suedstadt-Koeln-01.jpg\" \/>\n\t<meta property=\"og:image:width\" content=\"640\" \/>\n\t<meta property=\"og:image:height\" content=\"427\" \/>\n\t<meta property=\"og:image:type\" content=\"image\/jpeg\" \/>\n<meta name=\"author\" content=\"Mario Friese\" \/>\n<meta name=\"twitter:card\" content=\"summary_large_image\" \/>\n<meta name=\"twitter:creator\" content=\"@meinesuedstadt\" \/>\n<meta name=\"twitter:site\" content=\"@meinesuedstadt\" \/>\n<meta name=\"twitter:label1\" content=\"Verfasst von\" \/>\n\t<meta name=\"twitter:data1\" content=\"Mario Friese\" \/>\n\t<meta name=\"twitter:label2\" content=\"Gesch\u00e4tzte Lesezeit\" \/>\n\t<meta name=\"twitter:data2\" content=\"3\u00a0Minuten\" \/>\n<script type=\"application\/ld+json\" class=\"yoast-schema-graph\">{\"@context\":\"https:\\\/\\\/schema.org\",\"@graph\":[{\"@type\":\"Article\",\"@id\":\"https:\\\/\\\/www.meinesuedstadt.de\\\/branchenverzeichnis\\\/optik-alfuss\\\/#article\",\"isPartOf\":{\"@id\":\"https:\\\/\\\/www.meinesuedstadt.de\\\/branchenverzeichnis\\\/optik-alfuss\\\/\"},\"author\":{\"name\":\"Mario Friese\",\"@id\":\"https:\\\/\\\/www.meinesuedstadt.de\\\/branchenverzeichnis\\\/#\\\/schema\\\/person\\\/4974ccd0047c4bef2ea2271bc1b66e8d\"},\"headline\":\"Optik Alfu\u00df\",\"datePublished\":\"2010-05-09T16:37:15+00:00\",\"dateModified\":\"2022-03-11T12:42:20+00:00\",\"mainEntityOfPage\":{\"@id\":\"https:\\\/\\\/www.meinesuedstadt.de\\\/branchenverzeichnis\\\/optik-alfuss\\\/\"},\"wordCount\":534,\"commentCount\":0,\"image\":{\"@id\":\"https:\\\/\\\/www.meinesuedstadt.de\\\/branchenverzeichnis\\\/optik-alfuss\\\/#primaryimage\"},\"thumbnailUrl\":\"https:\\\/\\\/www.meinesuedstadt.de\\\/branchenverzeichnis\\\/wp-content\\\/uploads\\\/2010\\\/05\\\/Optik-Alfuss-Meine-Suedstadt-Koeln-01.jpg\",\"articleSection\":[\"Optiker\"],\"inLanguage\":\"de\",\"potentialAction\":[{\"@type\":\"CommentAction\",\"name\":\"Comment\",\"target\":[\"https:\\\/\\\/www.meinesuedstadt.de\\\/branchenverzeichnis\\\/optik-alfuss\\\/#respond\"]}]},{\"@type\":\"WebPage\",\"@id\":\"https:\\\/\\\/www.meinesuedstadt.de\\\/branchenverzeichnis\\\/optik-alfuss\\\/\",\"url\":\"https:\\\/\\\/www.meinesuedstadt.de\\\/branchenverzeichnis\\\/optik-alfuss\\\/\",\"name\":\"Optik Alfu\u00df - Meine S\u00fcdstadt\",\"isPartOf\":{\"@id\":\"https:\\\/\\\/www.meinesuedstadt.de\\\/branchenverzeichnis\\\/#website\"},\"primaryImageOfPage\":{\"@id\":\"https:\\\/\\\/www.meinesuedstadt.de\\\/branchenverzeichnis\\\/optik-alfuss\\\/#primaryimage\"},\"image\":{\"@id\":\"https:\\\/\\\/www.meinesuedstadt.de\\\/branchenverzeichnis\\\/optik-alfuss\\\/#primaryimage\"},\"thumbnailUrl\":\"https:\\\/\\\/www.meinesuedstadt.de\\\/branchenverzeichnis\\\/wp-content\\\/uploads\\\/2010\\\/05\\\/Optik-Alfuss-Meine-Suedstadt-Koeln-01.jpg\",\"datePublished\":\"2010-05-09T16:37:15+00:00\",\"dateModified\":\"2022-03-11T12:42:20+00:00\",\"author\":{\"@id\":\"https:\\\/\\\/www.meinesuedstadt.de\\\/branchenverzeichnis\\\/#\\\/schema\\\/person\\\/4974ccd0047c4bef2ea2271bc1b66e8d\"},\"breadcrumb\":{\"@id\":\"https:\\\/\\\/www.meinesuedstadt.de\\\/branchenverzeichnis\\\/optik-alfuss\\\/#breadcrumb\"},\"inLanguage\":\"de\",\"potentialAction\":[{\"@type\":\"ReadAction\",\"target\":[\"https:\\\/\\\/www.meinesuedstadt.de\\\/branchenverzeichnis\\\/optik-alfuss\\\/\"]}]},{\"@type\":\"ImageObject\",\"inLanguage\":\"de\",\"@id\":\"https:\\\/\\\/www.meinesuedstadt.de\\\/branchenverzeichnis\\\/optik-alfuss\\\/#primaryimage\",\"url\":\"https:\\\/\\\/www.meinesuedstadt.de\\\/branchenverzeichnis\\\/wp-content\\\/uploads\\\/2010\\\/05\\\/Optik-Alfuss-Meine-Suedstadt-Koeln-01.jpg\",\"contentUrl\":\"https:\\\/\\\/www.meinesuedstadt.de\\\/branchenverzeichnis\\\/wp-content\\\/uploads\\\/2010\\\/05\\\/Optik-Alfuss-Meine-Suedstadt-Koeln-01.jpg\",\"width\":640,\"height\":427,\"caption\":\"Optik Alfu\u00df - Meine S\u00fcdstadt K\u00f6ln\"},{\"@type\":\"BreadcrumbList\",\"@id\":\"https:\\\/\\\/www.meinesuedstadt.de\\\/branchenverzeichnis\\\/optik-alfuss\\\/#breadcrumb\",\"itemListElement\":[{\"@type\":\"ListItem\",\"position\":1,\"name\":\"Startseite\",\"item\":\"https:\\\/\\\/www.meinesuedstadt.de\\\/branchenverzeichnis\\\/\"},{\"@type\":\"ListItem\",\"position\":2,\"name\":\"Optik Alfu\u00df\"}]},{\"@type\":\"WebSite\",\"@id\":\"https:\\\/\\\/www.meinesuedstadt.de\\\/branchenverzeichnis\\\/#website\",\"url\":\"https:\\\/\\\/www.meinesuedstadt.de\\\/branchenverzeichnis\\\/\",\"name\":\"Meine S\u00fcdstadt\",\"description\":\"Branchenverzeichnis aus der S\u00fcdstadt K\u00f6lns\",\"potentialAction\":[{\"@type\":\"SearchAction\",\"target\":{\"@type\":\"EntryPoint\",\"urlTemplate\":\"https:\\\/\\\/www.meinesuedstadt.de\\\/branchenverzeichnis\\\/?s={search_term_string}\"},\"query-input\":{\"@type\":\"PropertyValueSpecification\",\"valueRequired\":true,\"valueName\":\"search_term_string\"}}],\"inLanguage\":\"de\"},{\"@type\":\"Person\",\"@id\":\"https:\\\/\\\/www.meinesuedstadt.de\\\/branchenverzeichnis\\\/#\\\/schema\\\/person\\\/4974ccd0047c4bef2ea2271bc1b66e8d\",\"name\":\"Mario Friese\",\"image\":{\"@type\":\"ImageObject\",\"inLanguage\":\"de\",\"@id\":\"https:\\\/\\\/secure.gravatar.com\\\/avatar\\\/38afb5244388eb07856f264e0b17f6d56309e4e5bba4ea1716b6dadd14a2aab0?s=96&d=mm&r=g\",\"url\":\"https:\\\/\\\/secure.gravatar.com\\\/avatar\\\/38afb5244388eb07856f264e0b17f6d56309e4e5bba4ea1716b6dadd14a2aab0?s=96&d=mm&r=g\",\"contentUrl\":\"https:\\\/\\\/secure.gravatar.com\\\/avatar\\\/38afb5244388eb07856f264e0b17f6d56309e4e5bba4ea1716b6dadd14a2aab0?s=96&d=mm&r=g\",\"caption\":\"Mario Friese\"},\"sameAs\":[\"https:\\\/\\\/fgrepublik.com\"]}]}<\/script>\n<!-- \/ Yoast SEO plugin. -->","yoast_head_json":{"title":"Optik Alfu\u00df - Meine S\u00fcdstadt","robots":{"index":"index","follow":"follow","max-snippet":"max-snippet:-1","max-image-preview":"max-image-preview:large","max-video-preview":"max-video-preview:-1"},"canonical":"https:\/\/www.meinesuedstadt.de\/branchenverzeichnis\/optik-alfuss\/","og_locale":"de_DE","og_type":"article","og_title":"Optik Alfu\u00df - Meine S\u00fcdstadt","og_description":"Die Auswahl der Brille verlangt Feingef\u00fchl: Mitten im Gesicht wird das Accessoire gleich beim ersten Anblick wahrgenommen. Umso wichtiger ist es, dass bei Auswahl und Anpassung der bestm\u00f6gliche Service erfolgt. Den erh\u00e4lt man in der S\u00fcdstadt bei alfu\u00df optik, dem S\u00fcdstadt-Optiker auf der Bonner Stra\u00dfe. Das Gesch\u00e4ft, wurde 1950 von Eduard Alfu\u00df gegr\u00fcndet. Heute geh\u00f6rt [&hellip;]","og_url":"https:\/\/www.meinesuedstadt.de\/branchenverzeichnis\/optik-alfuss\/","og_site_name":"Meine S\u00fcdstadt","article_publisher":"https:\/\/www.facebook.com\/Meinesuedstadt\/","article_published_time":"2010-05-09T16:37:15+00:00","article_modified_time":"2022-03-11T12:42:20+00:00","og_image":[{"width":640,"height":427,"url":"https:\/\/www.meinesuedstadt.de\/branchenverzeichnis\/wp-content\/uploads\/2010\/05\/Optik-Alfuss-Meine-Suedstadt-Koeln-01.jpg","type":"image\/jpeg"}],"author":"Mario Friese","twitter_card":"summary_large_image","twitter_creator":"@meinesuedstadt","twitter_site":"@meinesuedstadt","twitter_misc":{"Verfasst von":"Mario Friese","Gesch\u00e4tzte Lesezeit":"3\u00a0Minuten"},"schema":{"@context":"https:\/\/schema.org","@graph":[{"@type":"Article","@id":"https:\/\/www.meinesuedstadt.de\/branchenverzeichnis\/optik-alfuss\/#article","isPartOf":{"@id":"https:\/\/www.meinesuedstadt.de\/branchenverzeichnis\/optik-alfuss\/"},"author":{"name":"Mario Friese","@id":"https:\/\/www.meinesuedstadt.de\/branchenverzeichnis\/#\/schema\/person\/4974ccd0047c4bef2ea2271bc1b66e8d"},"headline":"Optik Alfu\u00df","datePublished":"2010-05-09T16:37:15+00:00","dateModified":"2022-03-11T12:42:20+00:00","mainEntityOfPage":{"@id":"https:\/\/www.meinesuedstadt.de\/branchenverzeichnis\/optik-alfuss\/"},"wordCount":534,"commentCount":0,"image":{"@id":"https:\/\/www.meinesuedstadt.de\/branchenverzeichnis\/optik-alfuss\/#primaryimage"},"thumbnailUrl":"https:\/\/www.meinesuedstadt.de\/branchenverzeichnis\/wp-content\/uploads\/2010\/05\/Optik-Alfuss-Meine-Suedstadt-Koeln-01.jpg","articleSection":["Optiker"],"inLanguage":"de","potentialAction":[{"@type":"CommentAction","name":"Comment","target":["https:\/\/www.meinesuedstadt.de\/branchenverzeichnis\/optik-alfuss\/#respond"]}]},{"@type":"WebPage","@id":"https:\/\/www.meinesuedstadt.de\/branchenverzeichnis\/optik-alfuss\/","url":"https:\/\/www.meinesuedstadt.de\/branchenverzeichnis\/optik-alfuss\/","name":"Optik Alfu\u00df - Meine S\u00fcdstadt","isPartOf":{"@id":"https:\/\/www.meinesuedstadt.de\/branchenverzeichnis\/#website"},"primaryImageOfPage":{"@id":"https:\/\/www.meinesuedstadt.de\/branchenverzeichnis\/optik-alfuss\/#primaryimage"},"image":{"@id":"https:\/\/www.meinesuedstadt.de\/branchenverzeichnis\/optik-alfuss\/#primaryimage"},"thumbnailUrl":"https:\/\/www.meinesuedstadt.de\/branchenverzeichnis\/wp-content\/uploads\/2010\/05\/Optik-Alfuss-Meine-Suedstadt-Koeln-01.jpg","datePublished":"2010-05-09T16:37:15+00:00","dateModified":"2022-03-11T12:42:20+00:00","author":{"@id":"https:\/\/www.meinesuedstadt.de\/branchenverzeichnis\/#\/schema\/person\/4974ccd0047c4bef2ea2271bc1b66e8d"},"breadcrumb":{"@id":"https:\/\/www.meinesuedstadt.de\/branchenverzeichnis\/optik-alfuss\/#breadcrumb"},"inLanguage":"de","potentialAction":[{"@type":"ReadAction","target":["https:\/\/www.meinesuedstadt.de\/branchenverzeichnis\/optik-alfuss\/"]}]},{"@type":"ImageObject","inLanguage":"de","@id":"https:\/\/www.meinesuedstadt.de\/branchenverzeichnis\/optik-alfuss\/#primaryimage","url":"https:\/\/www.meinesuedstadt.de\/branchenverzeichnis\/wp-content\/uploads\/2010\/05\/Optik-Alfuss-Meine-Suedstadt-Koeln-01.jpg","contentUrl":"https:\/\/www.meinesuedstadt.de\/branchenverzeichnis\/wp-content\/uploads\/2010\/05\/Optik-Alfuss-Meine-Suedstadt-Koeln-01.jpg","width":640,"height":427,"caption":"Optik Alfu\u00df - Meine S\u00fcdstadt K\u00f6ln"},{"@type":"BreadcrumbList","@id":"https:\/\/www.meinesuedstadt.de\/branchenverzeichnis\/optik-alfuss\/#breadcrumb","itemListElement":[{"@type":"ListItem","position":1,"name":"Startseite","item":"https:\/\/www.meinesuedstadt.de\/branchenverzeichnis\/"},{"@type":"ListItem","position":2,"name":"Optik Alfu\u00df"}]},{"@type":"WebSite","@id":"https:\/\/www.meinesuedstadt.de\/branchenverzeichnis\/#website","url":"https:\/\/www.meinesuedstadt.de\/branchenverzeichnis\/","name":"Meine S\u00fcdstadt","description":"Branchenverzeichnis aus der S\u00fcdstadt K\u00f6lns","potentialAction":[{"@type":"SearchAction","target":{"@type":"EntryPoint","urlTemplate":"https:\/\/www.meinesuedstadt.de\/branchenverzeichnis\/?s={search_term_string}"},"query-input":{"@type":"PropertyValueSpecification","valueRequired":true,"valueName":"search_term_string"}}],"inLanguage":"de"},{"@type":"Person","@id":"https:\/\/www.meinesuedstadt.de\/branchenverzeichnis\/#\/schema\/person\/4974ccd0047c4bef2ea2271bc1b66e8d","name":"Mario Friese","image":{"@type":"ImageObject","inLanguage":"de","@id":"https:\/\/secure.gravatar.com\/avatar\/38afb5244388eb07856f264e0b17f6d56309e4e5bba4ea1716b6dadd14a2aab0?s=96&d=mm&r=g","url":"https:\/\/secure.gravatar.com\/avatar\/38afb5244388eb07856f264e0b17f6d56309e4e5bba4ea1716b6dadd14a2aab0?s=96&d=mm&r=g","contentUrl":"https:\/\/secure.gravatar.com\/avatar\/38afb5244388eb07856f264e0b17f6d56309e4e5bba4ea1716b6dadd14a2aab0?s=96&d=mm&r=g","caption":"Mario Friese"},"sameAs":["https:\/\/fgrepublik.com"]}]}},"priority":"1","metaAddress":"Bonner Stra\u00dfe 16 , 50677 K\u00f6ln","_links":{"self":[{"href":"https:\/\/www.meinesuedstadt.de\/branchenverzeichnis\/wp-json\/wp\/v2\/posts\/1046","targetHints":{"allow":["GET"]}}],"collection":[{"href":"https:\/\/www.meinesuedstadt.de\/branchenverzeichnis\/wp-json\/wp\/v2\/posts"}],"about":[{"href":"https:\/\/www.meinesuedstadt.de\/branchenverzeichnis\/wp-json\/wp\/v2\/types\/post"}],"author":[{"embeddable":true,"href":"https:\/\/www.meinesuedstadt.de\/branchenverzeichnis\/wp-json\/wp\/v2\/users\/2"}],"replies":[{"embeddable":true,"href":"https:\/\/www.meinesuedstadt.de\/branchenverzeichnis\/wp-json\/wp\/v2\/comments?post=1046"}],"version-history":[{"count":9,"href":"https:\/\/www.meinesuedstadt.de\/branchenverzeichnis\/wp-json\/wp\/v2\/posts\/1046\/revisions"}],"predecessor-version":[{"id":4749,"href":"https:\/\/www.meinesuedstadt.de\/branchenverzeichnis\/wp-json\/wp\/v2\/posts\/1046\/revisions\/4749"}],"wp:featuredmedia":[{"embeddable":true,"href":"https:\/\/www.meinesuedstadt.de\/branchenverzeichnis\/wp-json\/wp\/v2\/media\/2749"}],"wp:attachment":[{"href":"https:\/\/www.meinesuedstadt.de\/branchenverzeichnis\/wp-json\/wp\/v2\/media?parent=1046"}],"wp:term":[{"taxonomy":"category","embeddable":true,"href":"https:\/\/www.meinesuedstadt.de\/branchenverzeichnis\/wp-json\/wp\/v2\/categories?post=1046"},{"taxonomy":"post_tag","embeddable":true,"href":"https:\/\/www.meinesuedstadt.de\/branchenverzeichnis\/wp-json\/wp\/v2\/tags?post=1046"}],"curies":[{"name":"wp","href":"https:\/\/api.w.org\/{rel}","templated":true}]}}