{"id":1051,"date":"2010-05-16T11:42:21","date_gmt":"2010-05-16T09:42:21","guid":{"rendered":"http:\/\/www.meinesuedstadt.de\/branchenverzeichnis\/?p=1051"},"modified":"2022-09-10T20:14:57","modified_gmt":"2022-09-10T18:14:57","slug":"salon-de-jazz","status":"publish","type":"post","link":"https:\/\/www.meinesuedstadt.de\/branchenverzeichnis\/salon-de-jazz\/","title":{"rendered":"Salon de Jazz \u2013 Musik im Wohnzimmer von Clemens Orth"},"content":{"rendered":"<p>Ein bisschen verschwiegen und versteckt, schr\u00e4g gegen\u00fcber der Severinskirche, liegt der Salon de Jazz. F\u00fcr die Kenner der K\u00f6lner Jazzszene sicherlich eine schon l\u00e4ngst bekannte Location, aber in unserem Viertel noch nicht jedem bekannt. Kurator des Salons ist Clemens Orth, der vor 16 Jahren diese au\u00dfergew\u00f6hnliche Musikst\u00e4tte, zun\u00e4chst als Tonstudio, gegr\u00fcndet hat. Um Auftrittsm\u00f6glichkeiten zu schaffen, entstand dann im Jahr 2008 der Salon de Jazz, ein ca. 40 Quadratmeter gro\u00dfer, im 70er Retrostil gestalteter Raum in orange-gr\u00fcn mit einem schwarzen Konzertfl\u00fcgel, Musikinstrumenten, einem roten Sofa und ged\u00e4mpftem Licht. Mehrmals pro Woche treten hier verschiedene Bands auf, die von freier Improvisation \u00fcber Vocal Jazz bis hin zu modern Mainstream alles bieten. Neben bekannten Gr\u00f6\u00dfen aus dem In- und Ausland ist der Salon auch immer wieder Plattform f\u00fcr Studenten der K\u00f6lner Musikhochschule und der jungen K\u00f6lner Jazzszene. Clemens Orth selber ist \u00f6fters auch mit seinem Trio (Clemens Orth Trio), als Soloperformer oder als Gastmusiker mit dabei.<\/p>\n\n\t\t<style type=\"text\/css\">\n\t\t\t#gallery-1 {\n\t\t\t\tmargin: auto;\n\t\t\t}\n\t\t\t#gallery-1 .gallery-item {\n\t\t\t\tfloat: left;\n\t\t\t\tmargin-top: 10px;\n\t\t\t\ttext-align: center;\n\t\t\t\twidth: 25%;\n\t\t\t}\n\t\t\t#gallery-1 img {\n\t\t\t\tborder: 2px solid #cfcfcf;\n\t\t\t}\n\t\t\t#gallery-1 .gallery-caption {\n\t\t\t\tmargin-left: 0;\n\t\t\t}\n\t\t\t\/* see gallery_shortcode() in wp-includes\/media.php *\/\n\t\t<\/style>\n\t\t<div id='gallery-1' class='gallery galleryid-1051 gallery-columns-4 gallery-size-thumbnail'><dl class='gallery-item'>\n\t\t\t<dt class='gallery-icon landscape'>\n\t\t\t\t<a href='https:\/\/www.meinesuedstadt.de\/branchenverzeichnis\/wp-content\/uploads\/2010\/05\/im-salon-de-jazz.jpg' title=\"\" data-rl_title=\"\" class=\"rl-gallery-link\" data-rl_caption=\"\" data-rel=\"lightbox-gallery-1\"><img loading=\"lazy\" decoding=\"async\" width=\"150\" height=\"150\" src=\"https:\/\/www.meinesuedstadt.de\/branchenverzeichnis\/wp-content\/uploads\/2010\/05\/im-salon-de-jazz-150x150.jpg\" class=\"attachment-thumbnail size-thumbnail\" alt=\"\" \/><\/a>\n\t\t\t<\/dt><\/dl><dl class='gallery-item'>\n\t\t\t<dt class='gallery-icon landscape'>\n\t\t\t\t<a href='https:\/\/www.meinesuedstadt.de\/branchenverzeichnis\/wp-content\/uploads\/2010\/05\/salon-de-jazz-instrumente.jpg' title=\"\" data-rl_title=\"\" class=\"rl-gallery-link\" data-rl_caption=\"\" data-rel=\"lightbox-gallery-1\"><img loading=\"lazy\" decoding=\"async\" width=\"150\" height=\"150\" src=\"https:\/\/www.meinesuedstadt.de\/branchenverzeichnis\/wp-content\/uploads\/2010\/05\/salon-de-jazz-instrumente-150x150.jpg\" class=\"attachment-thumbnail size-thumbnail\" alt=\"\" \/><\/a>\n\t\t\t<\/dt><\/dl><dl class='gallery-item'>\n\t\t\t<dt class='gallery-icon landscape'>\n\t\t\t\t<a href='https:\/\/www.meinesuedstadt.de\/branchenverzeichnis\/wp-content\/uploads\/2010\/05\/clemens-orth-photo-by-gerhard-richter.jpg' title=\"\" data-rl_title=\"\" class=\"rl-gallery-link\" data-rl_caption=\"\" data-rel=\"lightbox-gallery-1\"><img loading=\"lazy\" decoding=\"async\" width=\"150\" height=\"150\" src=\"https:\/\/www.meinesuedstadt.de\/branchenverzeichnis\/wp-content\/uploads\/2010\/05\/clemens-orth-photo-by-gerhard-richter-150x150.jpg\" class=\"attachment-thumbnail size-thumbnail\" alt=\"\" \/><\/a>\n\t\t\t<\/dt><\/dl><dl class='gallery-item'>\n\t\t\t<dt class='gallery-icon landscape'>\n\t\t\t\t<a href='https:\/\/www.meinesuedstadt.de\/branchenverzeichnis\/wp-content\/uploads\/2010\/05\/salon-de-jazz-studio.jpg' title=\"\" data-rl_title=\"\" class=\"rl-gallery-link\" data-rl_caption=\"\" data-rel=\"lightbox-gallery-1\"><img loading=\"lazy\" decoding=\"async\" width=\"150\" height=\"150\" src=\"https:\/\/www.meinesuedstadt.de\/branchenverzeichnis\/wp-content\/uploads\/2010\/05\/salon-de-jazz-studio-150x150.jpg\" class=\"attachment-thumbnail size-thumbnail\" alt=\"\" \/><\/a>\n\t\t\t<\/dt><\/dl><br style=\"clear: both\" \/>\n\t\t<\/div>\n\n<h2>Clemens Orth lebt die Musik<\/h2>\n<p>Der geb\u00fcrtige Heidelberger entdeckte die Musik bereits im zarten Alter von drei Jahren. Nach dem Abitur begann er sein Studium der Musik in K\u00f6ln. Ein Stipendium erm\u00f6glichte dem mehrfach ausgezeichneten Jazzpianisten und -organisten die Fortf\u00fchrung seines Studiums an der New York City University im Geburtsland des Jazz. Der passionierte Jazzpianist Clemens Orth lebt die Musik. So entstanden aus seinen H\u00e4nden zahlreiche CD\u00b4s, aber auch Filmmusik sowie Sound Libraries. Neben seinen h\u00e4ufigen Eins\u00e4tzen als Tonmeister in seinem jungen Studio produziert und vermarktet Clemens auch andere Bands auf seinem Independent Label. Neue Energie und Kreativit\u00e4t sch\u00f6pft der Kurator des Salons am liebsten beim Fliegen und Reisen.<\/p>\n<h3>\u201eHammond Organ Grooves\u201c regelm\u00e4\u00dfig im Salon de Jazz<\/h3>\n<p>Jeden 2. und 4. Montag im Monat l\u00e4dt der Salon de Jazz zu den Hammond Organ\u00a0Grooves\u00a0live unter Mitwirkung von Clemens Orth ein. In wechselnden Besetzungen werden alte Jazzklassiker ebenso wie Eigenkompositionen zum Besten gegeben. In der Hausbar gibt es Getr\u00e4nke aller Art, neuerdings auch Longdrinks.<\/p>\n\n\t\t<style type=\"text\/css\">\n\t\t\t#gallery-2 {\n\t\t\t\tmargin: auto;\n\t\t\t}\n\t\t\t#gallery-2 .gallery-item {\n\t\t\t\tfloat: left;\n\t\t\t\tmargin-top: 10px;\n\t\t\t\ttext-align: center;\n\t\t\t\twidth: 25%;\n\t\t\t}\n\t\t\t#gallery-2 img {\n\t\t\t\tborder: 2px solid #cfcfcf;\n\t\t\t}\n\t\t\t#gallery-2 .gallery-caption {\n\t\t\t\tmargin-left: 0;\n\t\t\t}\n\t\t\t\/* see gallery_shortcode() in wp-includes\/media.php *\/\n\t\t<\/style>\n\t\t<div id='gallery-2' class='gallery galleryid-1051 gallery-columns-4 gallery-size-thumbnail'><dl class='gallery-item'>\n\t\t\t<dt class='gallery-icon landscape'>\n\t\t\t\t<a href='https:\/\/www.meinesuedstadt.de\/branchenverzeichnis\/wp-content\/uploads\/2010\/05\/im-salon-de-jazz-bar.jpg' title=\"\" data-rl_title=\"\" class=\"rl-gallery-link\" data-rl_caption=\"\" data-rel=\"lightbox-gallery-2\"><img loading=\"lazy\" decoding=\"async\" width=\"150\" height=\"150\" src=\"https:\/\/www.meinesuedstadt.de\/branchenverzeichnis\/wp-content\/uploads\/2010\/05\/im-salon-de-jazz-bar-150x150.jpg\" class=\"attachment-thumbnail size-thumbnail\" alt=\"\" \/><\/a>\n\t\t\t<\/dt><\/dl><dl class='gallery-item'>\n\t\t\t<dt class='gallery-icon landscape'>\n\t\t\t\t<a href='https:\/\/www.meinesuedstadt.de\/branchenverzeichnis\/wp-content\/uploads\/2010\/05\/im-salon-de-jazz-am-severinskloster.jpg' title=\"\" data-rl_title=\"\" class=\"rl-gallery-link\" data-rl_caption=\"\" data-rel=\"lightbox-gallery-2\"><img loading=\"lazy\" decoding=\"async\" width=\"150\" height=\"150\" src=\"https:\/\/www.meinesuedstadt.de\/branchenverzeichnis\/wp-content\/uploads\/2010\/05\/im-salon-de-jazz-am-severinskloster-150x150.jpg\" class=\"attachment-thumbnail size-thumbnail\" alt=\"\" \/><\/a>\n\t\t\t<\/dt><\/dl><dl class='gallery-item'>\n\t\t\t<dt class='gallery-icon landscape'>\n\t\t\t\t<a href='https:\/\/www.meinesuedstadt.de\/branchenverzeichnis\/wp-content\/uploads\/2010\/05\/salon-de-jazz-koeln.jpg' title=\"\" data-rl_title=\"\" class=\"rl-gallery-link\" data-rl_caption=\"\" data-rel=\"lightbox-gallery-2\"><img loading=\"lazy\" decoding=\"async\" width=\"150\" height=\"150\" src=\"https:\/\/www.meinesuedstadt.de\/branchenverzeichnis\/wp-content\/uploads\/2010\/05\/salon-de-jazz-koeln-150x150.jpg\" class=\"attachment-thumbnail size-thumbnail\" alt=\"\" \/><\/a>\n\t\t\t<\/dt><\/dl><dl class='gallery-item'>\n\t\t\t<dt class='gallery-icon landscape'>\n\t\t\t\t<a href='https:\/\/www.meinesuedstadt.de\/branchenverzeichnis\/wp-content\/uploads\/2010\/05\/applaus-fuer-salon-de-jazz.jpg' title=\"\" data-rl_title=\"\" class=\"rl-gallery-link\" data-rl_caption=\"\" data-rel=\"lightbox-gallery-2\"><img loading=\"lazy\" decoding=\"async\" width=\"150\" height=\"150\" src=\"https:\/\/www.meinesuedstadt.de\/branchenverzeichnis\/wp-content\/uploads\/2010\/05\/applaus-fuer-salon-de-jazz-150x150.jpg\" class=\"attachment-thumbnail size-thumbnail\" alt=\"\" \/><\/a>\n\t\t\t<\/dt><\/dl><br style=\"clear: both\" \/>\n\t\t<\/div>\n\n<p><strong>Eintritt frei \u2013 Spenden willkommen!<\/strong><br \/>\nDie Spendenbasis pro Konzert betr\u00e4gt 15 Euro\/Person \u2013 Studenten 10 Euro. \u00d6fters werden Konzerte vom Tonstudio aus \u201elive\u201c mitgeschnitten.<\/p>\n<p><strong>Immer informiert \u00fcber das Programm bleiben!<\/strong><br \/>\nUm immer auf dem Laufenden \u00fcber das umfassende und abwechslungsreiche Programm zu sein, schaut Ihr am besten regelm\u00e4\u00dfig in den Terminkalender von meinesuedstadt.de oder auf die <a href=\"https:\/\/www.facebook.com\/salondejazz\/\" target=\"_blank\" rel=\"noopener noreferrer\">Facebookseite vom Salon<\/a>. \u00dcber sonstige Auftritte von Clemens Orth informiert Euch der Newsletter des Salon de Jazz, den Ihr per mail an <a href=\"mailto:info@salondejazz.de\" target=\"_blank\" rel=\"noopener noreferrer\">info@salondejazz.de<\/a> abonnieren k\u00f6nnt.<\/p>\n<p>Was Euch so alles im Salon de Jazz geboten wird, k\u00f6nnt Ihr <a href=\"http:\/\/www.salondejazz.de\/musik\/\" target=\"_blank\" rel=\"noopener noreferrer\">hier h\u00f6ren<\/a>.<\/p>\n","protected":false},"excerpt":{"rendered":"<p>Ein bisschen verschwiegen und versteckt, schr\u00e4g gegen\u00fcber der Severinskirche, liegt der Salon de Jazz. F\u00fcr die Kenner der K\u00f6lner Jazzszene sicherlich eine schon l\u00e4ngst bekannte Location, aber in unserem Viertel noch nicht jedem bekannt. Kurator des Salons ist Clemens Orth, der vor 16 Jahren diese au\u00dfergew\u00f6hnliche Musikst\u00e4tte, zun\u00e4chst als Tonstudio, gegr\u00fcndet hat. Um Auftrittsm\u00f6glichkeiten zu [&hellip;]<\/p>\n","protected":false},"author":2,"featured_media":4395,"comment_status":"open","ping_status":"open","sticky":false,"template":"","format":"standard","meta":{"_acf_changed":false,"footnotes":""},"categories":[268],"tags":[],"class_list":["post-1051","post","type-post","status-publish","format-standard","has-post-thumbnail","hentry","category-veranstaltungsort"],"acf":[],"yoast_head":"<!-- This site is optimized with the Yoast SEO plugin v27.4 - https:\/\/yoast.com\/product\/yoast-seo-wordpress\/ -->\n<title>Salon de Jazz \u2013 Musik im Wohnzimmer von Clemens Orth - Meine S\u00fcdstadt<\/title>\n<meta name=\"robots\" content=\"index, follow, max-snippet:-1, max-image-preview:large, max-video-preview:-1\" \/>\n<link rel=\"canonical\" href=\"https:\/\/www.meinesuedstadt.de\/branchenverzeichnis\/salon-de-jazz\/\" \/>\n<meta property=\"og:locale\" content=\"de_DE\" \/>\n<meta property=\"og:type\" content=\"article\" \/>\n<meta property=\"og:title\" content=\"Salon de Jazz \u2013 Musik im Wohnzimmer von Clemens Orth - Meine S\u00fcdstadt\" \/>\n<meta property=\"og:description\" content=\"Ein bisschen verschwiegen und versteckt, schr\u00e4g gegen\u00fcber der Severinskirche, liegt der Salon de Jazz. F\u00fcr die Kenner der K\u00f6lner Jazzszene sicherlich eine schon l\u00e4ngst bekannte Location, aber in unserem Viertel noch nicht jedem bekannt. Kurator des Salons ist Clemens Orth, der vor 16 Jahren diese au\u00dfergew\u00f6hnliche Musikst\u00e4tte, zun\u00e4chst als Tonstudio, gegr\u00fcndet hat. Um Auftrittsm\u00f6glichkeiten zu [&hellip;]\" \/>\n<meta property=\"og:url\" content=\"https:\/\/www.meinesuedstadt.de\/branchenverzeichnis\/salon-de-jazz\/\" \/>\n<meta property=\"og:site_name\" content=\"Meine S\u00fcdstadt\" \/>\n<meta property=\"article:publisher\" content=\"https:\/\/www.facebook.com\/Meinesuedstadt\/\" \/>\n<meta property=\"article:published_time\" content=\"2010-05-16T09:42:21+00:00\" \/>\n<meta property=\"article:modified_time\" content=\"2022-09-10T18:14:57+00:00\" \/>\n<meta property=\"og:image\" content=\"https:\/\/www.meinesuedstadt.de\/branchenverzeichnis\/wp-content\/uploads\/2010\/05\/salon-de-jazz-clemens-orth.jpg\" \/>\n\t<meta property=\"og:image:width\" content=\"1200\" \/>\n\t<meta property=\"og:image:height\" content=\"800\" \/>\n\t<meta property=\"og:image:type\" content=\"image\/jpeg\" \/>\n<meta name=\"author\" content=\"Mario Friese\" \/>\n<meta name=\"twitter:card\" content=\"summary_large_image\" \/>\n<meta name=\"twitter:creator\" content=\"@meinesuedstadt\" \/>\n<meta name=\"twitter:site\" content=\"@meinesuedstadt\" \/>\n<meta name=\"twitter:label1\" content=\"Verfasst von\" \/>\n\t<meta name=\"twitter:data1\" content=\"Mario Friese\" \/>\n\t<meta name=\"twitter:label2\" content=\"Gesch\u00e4tzte Lesezeit\" \/>\n\t<meta name=\"twitter:data2\" content=\"3\u00a0Minuten\" \/>\n<script type=\"application\/ld+json\" class=\"yoast-schema-graph\">{\"@context\":\"https:\\\/\\\/schema.org\",\"@graph\":[{\"@type\":\"Article\",\"@id\":\"https:\\\/\\\/www.meinesuedstadt.de\\\/branchenverzeichnis\\\/salon-de-jazz\\\/#article\",\"isPartOf\":{\"@id\":\"https:\\\/\\\/www.meinesuedstadt.de\\\/branchenverzeichnis\\\/salon-de-jazz\\\/\"},\"author\":{\"name\":\"Mario Friese\",\"@id\":\"https:\\\/\\\/www.meinesuedstadt.de\\\/branchenverzeichnis\\\/#\\\/schema\\\/person\\\/4974ccd0047c4bef2ea2271bc1b66e8d\"},\"headline\":\"Salon de Jazz \u2013 Musik im Wohnzimmer von Clemens Orth\",\"datePublished\":\"2010-05-16T09:42:21+00:00\",\"dateModified\":\"2022-09-10T18:14:57+00:00\",\"mainEntityOfPage\":{\"@id\":\"https:\\\/\\\/www.meinesuedstadt.de\\\/branchenverzeichnis\\\/salon-de-jazz\\\/\"},\"wordCount\":464,\"commentCount\":0,\"image\":{\"@id\":\"https:\\\/\\\/www.meinesuedstadt.de\\\/branchenverzeichnis\\\/salon-de-jazz\\\/#primaryimage\"},\"thumbnailUrl\":\"https:\\\/\\\/www.meinesuedstadt.de\\\/branchenverzeichnis\\\/wp-content\\\/uploads\\\/2010\\\/05\\\/salon-de-jazz-clemens-orth.jpg\",\"articleSection\":[\"Veranstaltungsort\"],\"inLanguage\":\"de\",\"potentialAction\":[{\"@type\":\"CommentAction\",\"name\":\"Comment\",\"target\":[\"https:\\\/\\\/www.meinesuedstadt.de\\\/branchenverzeichnis\\\/salon-de-jazz\\\/#respond\"]}]},{\"@type\":\"WebPage\",\"@id\":\"https:\\\/\\\/www.meinesuedstadt.de\\\/branchenverzeichnis\\\/salon-de-jazz\\\/\",\"url\":\"https:\\\/\\\/www.meinesuedstadt.de\\\/branchenverzeichnis\\\/salon-de-jazz\\\/\",\"name\":\"Salon de Jazz \u2013 Musik im Wohnzimmer von Clemens Orth - Meine S\u00fcdstadt\",\"isPartOf\":{\"@id\":\"https:\\\/\\\/www.meinesuedstadt.de\\\/branchenverzeichnis\\\/#website\"},\"primaryImageOfPage\":{\"@id\":\"https:\\\/\\\/www.meinesuedstadt.de\\\/branchenverzeichnis\\\/salon-de-jazz\\\/#primaryimage\"},\"image\":{\"@id\":\"https:\\\/\\\/www.meinesuedstadt.de\\\/branchenverzeichnis\\\/salon-de-jazz\\\/#primaryimage\"},\"thumbnailUrl\":\"https:\\\/\\\/www.meinesuedstadt.de\\\/branchenverzeichnis\\\/wp-content\\\/uploads\\\/2010\\\/05\\\/salon-de-jazz-clemens-orth.jpg\",\"datePublished\":\"2010-05-16T09:42:21+00:00\",\"dateModified\":\"2022-09-10T18:14:57+00:00\",\"author\":{\"@id\":\"https:\\\/\\\/www.meinesuedstadt.de\\\/branchenverzeichnis\\\/#\\\/schema\\\/person\\\/4974ccd0047c4bef2ea2271bc1b66e8d\"},\"breadcrumb\":{\"@id\":\"https:\\\/\\\/www.meinesuedstadt.de\\\/branchenverzeichnis\\\/salon-de-jazz\\\/#breadcrumb\"},\"inLanguage\":\"de\",\"potentialAction\":[{\"@type\":\"ReadAction\",\"target\":[\"https:\\\/\\\/www.meinesuedstadt.de\\\/branchenverzeichnis\\\/salon-de-jazz\\\/\"]}]},{\"@type\":\"ImageObject\",\"inLanguage\":\"de\",\"@id\":\"https:\\\/\\\/www.meinesuedstadt.de\\\/branchenverzeichnis\\\/salon-de-jazz\\\/#primaryimage\",\"url\":\"https:\\\/\\\/www.meinesuedstadt.de\\\/branchenverzeichnis\\\/wp-content\\\/uploads\\\/2010\\\/05\\\/salon-de-jazz-clemens-orth.jpg\",\"contentUrl\":\"https:\\\/\\\/www.meinesuedstadt.de\\\/branchenverzeichnis\\\/wp-content\\\/uploads\\\/2010\\\/05\\\/salon-de-jazz-clemens-orth.jpg\",\"width\":1200,\"height\":800},{\"@type\":\"BreadcrumbList\",\"@id\":\"https:\\\/\\\/www.meinesuedstadt.de\\\/branchenverzeichnis\\\/salon-de-jazz\\\/#breadcrumb\",\"itemListElement\":[{\"@type\":\"ListItem\",\"position\":1,\"name\":\"Startseite\",\"item\":\"https:\\\/\\\/www.meinesuedstadt.de\\\/branchenverzeichnis\\\/\"},{\"@type\":\"ListItem\",\"position\":2,\"name\":\"Salon de Jazz \u2013 Musik im Wohnzimmer von Clemens Orth\"}]},{\"@type\":\"WebSite\",\"@id\":\"https:\\\/\\\/www.meinesuedstadt.de\\\/branchenverzeichnis\\\/#website\",\"url\":\"https:\\\/\\\/www.meinesuedstadt.de\\\/branchenverzeichnis\\\/\",\"name\":\"Meine S\u00fcdstadt\",\"description\":\"Branchenverzeichnis aus der S\u00fcdstadt K\u00f6lns\",\"potentialAction\":[{\"@type\":\"SearchAction\",\"target\":{\"@type\":\"EntryPoint\",\"urlTemplate\":\"https:\\\/\\\/www.meinesuedstadt.de\\\/branchenverzeichnis\\\/?s={search_term_string}\"},\"query-input\":{\"@type\":\"PropertyValueSpecification\",\"valueRequired\":true,\"valueName\":\"search_term_string\"}}],\"inLanguage\":\"de\"},{\"@type\":\"Person\",\"@id\":\"https:\\\/\\\/www.meinesuedstadt.de\\\/branchenverzeichnis\\\/#\\\/schema\\\/person\\\/4974ccd0047c4bef2ea2271bc1b66e8d\",\"name\":\"Mario Friese\",\"image\":{\"@type\":\"ImageObject\",\"inLanguage\":\"de\",\"@id\":\"https:\\\/\\\/secure.gravatar.com\\\/avatar\\\/38afb5244388eb07856f264e0b17f6d56309e4e5bba4ea1716b6dadd14a2aab0?s=96&d=mm&r=g\",\"url\":\"https:\\\/\\\/secure.gravatar.com\\\/avatar\\\/38afb5244388eb07856f264e0b17f6d56309e4e5bba4ea1716b6dadd14a2aab0?s=96&d=mm&r=g\",\"contentUrl\":\"https:\\\/\\\/secure.gravatar.com\\\/avatar\\\/38afb5244388eb07856f264e0b17f6d56309e4e5bba4ea1716b6dadd14a2aab0?s=96&d=mm&r=g\",\"caption\":\"Mario Friese\"},\"sameAs\":[\"https:\\\/\\\/fgrepublik.com\"]}]}<\/script>\n<!-- \/ Yoast SEO plugin. -->","yoast_head_json":{"title":"Salon de Jazz \u2013 Musik im Wohnzimmer von Clemens Orth - Meine S\u00fcdstadt","robots":{"index":"index","follow":"follow","max-snippet":"max-snippet:-1","max-image-preview":"max-image-preview:large","max-video-preview":"max-video-preview:-1"},"canonical":"https:\/\/www.meinesuedstadt.de\/branchenverzeichnis\/salon-de-jazz\/","og_locale":"de_DE","og_type":"article","og_title":"Salon de Jazz \u2013 Musik im Wohnzimmer von Clemens Orth - Meine S\u00fcdstadt","og_description":"Ein bisschen verschwiegen und versteckt, schr\u00e4g gegen\u00fcber der Severinskirche, liegt der Salon de Jazz. F\u00fcr die Kenner der K\u00f6lner Jazzszene sicherlich eine schon l\u00e4ngst bekannte Location, aber in unserem Viertel noch nicht jedem bekannt. Kurator des Salons ist Clemens Orth, der vor 16 Jahren diese au\u00dfergew\u00f6hnliche Musikst\u00e4tte, zun\u00e4chst als Tonstudio, gegr\u00fcndet hat. Um Auftrittsm\u00f6glichkeiten zu [&hellip;]","og_url":"https:\/\/www.meinesuedstadt.de\/branchenverzeichnis\/salon-de-jazz\/","og_site_name":"Meine S\u00fcdstadt","article_publisher":"https:\/\/www.facebook.com\/Meinesuedstadt\/","article_published_time":"2010-05-16T09:42:21+00:00","article_modified_time":"2022-09-10T18:14:57+00:00","og_image":[{"width":1200,"height":800,"url":"https:\/\/www.meinesuedstadt.de\/branchenverzeichnis\/wp-content\/uploads\/2010\/05\/salon-de-jazz-clemens-orth.jpg","type":"image\/jpeg"}],"author":"Mario Friese","twitter_card":"summary_large_image","twitter_creator":"@meinesuedstadt","twitter_site":"@meinesuedstadt","twitter_misc":{"Verfasst von":"Mario Friese","Gesch\u00e4tzte Lesezeit":"3\u00a0Minuten"},"schema":{"@context":"https:\/\/schema.org","@graph":[{"@type":"Article","@id":"https:\/\/www.meinesuedstadt.de\/branchenverzeichnis\/salon-de-jazz\/#article","isPartOf":{"@id":"https:\/\/www.meinesuedstadt.de\/branchenverzeichnis\/salon-de-jazz\/"},"author":{"name":"Mario Friese","@id":"https:\/\/www.meinesuedstadt.de\/branchenverzeichnis\/#\/schema\/person\/4974ccd0047c4bef2ea2271bc1b66e8d"},"headline":"Salon de Jazz \u2013 Musik im Wohnzimmer von Clemens Orth","datePublished":"2010-05-16T09:42:21+00:00","dateModified":"2022-09-10T18:14:57+00:00","mainEntityOfPage":{"@id":"https:\/\/www.meinesuedstadt.de\/branchenverzeichnis\/salon-de-jazz\/"},"wordCount":464,"commentCount":0,"image":{"@id":"https:\/\/www.meinesuedstadt.de\/branchenverzeichnis\/salon-de-jazz\/#primaryimage"},"thumbnailUrl":"https:\/\/www.meinesuedstadt.de\/branchenverzeichnis\/wp-content\/uploads\/2010\/05\/salon-de-jazz-clemens-orth.jpg","articleSection":["Veranstaltungsort"],"inLanguage":"de","potentialAction":[{"@type":"CommentAction","name":"Comment","target":["https:\/\/www.meinesuedstadt.de\/branchenverzeichnis\/salon-de-jazz\/#respond"]}]},{"@type":"WebPage","@id":"https:\/\/www.meinesuedstadt.de\/branchenverzeichnis\/salon-de-jazz\/","url":"https:\/\/www.meinesuedstadt.de\/branchenverzeichnis\/salon-de-jazz\/","name":"Salon de Jazz \u2013 Musik im Wohnzimmer von Clemens Orth - Meine S\u00fcdstadt","isPartOf":{"@id":"https:\/\/www.meinesuedstadt.de\/branchenverzeichnis\/#website"},"primaryImageOfPage":{"@id":"https:\/\/www.meinesuedstadt.de\/branchenverzeichnis\/salon-de-jazz\/#primaryimage"},"image":{"@id":"https:\/\/www.meinesuedstadt.de\/branchenverzeichnis\/salon-de-jazz\/#primaryimage"},"thumbnailUrl":"https:\/\/www.meinesuedstadt.de\/branchenverzeichnis\/wp-content\/uploads\/2010\/05\/salon-de-jazz-clemens-orth.jpg","datePublished":"2010-05-16T09:42:21+00:00","dateModified":"2022-09-10T18:14:57+00:00","author":{"@id":"https:\/\/www.meinesuedstadt.de\/branchenverzeichnis\/#\/schema\/person\/4974ccd0047c4bef2ea2271bc1b66e8d"},"breadcrumb":{"@id":"https:\/\/www.meinesuedstadt.de\/branchenverzeichnis\/salon-de-jazz\/#breadcrumb"},"inLanguage":"de","potentialAction":[{"@type":"ReadAction","target":["https:\/\/www.meinesuedstadt.de\/branchenverzeichnis\/salon-de-jazz\/"]}]},{"@type":"ImageObject","inLanguage":"de","@id":"https:\/\/www.meinesuedstadt.de\/branchenverzeichnis\/salon-de-jazz\/#primaryimage","url":"https:\/\/www.meinesuedstadt.de\/branchenverzeichnis\/wp-content\/uploads\/2010\/05\/salon-de-jazz-clemens-orth.jpg","contentUrl":"https:\/\/www.meinesuedstadt.de\/branchenverzeichnis\/wp-content\/uploads\/2010\/05\/salon-de-jazz-clemens-orth.jpg","width":1200,"height":800},{"@type":"BreadcrumbList","@id":"https:\/\/www.meinesuedstadt.de\/branchenverzeichnis\/salon-de-jazz\/#breadcrumb","itemListElement":[{"@type":"ListItem","position":1,"name":"Startseite","item":"https:\/\/www.meinesuedstadt.de\/branchenverzeichnis\/"},{"@type":"ListItem","position":2,"name":"Salon de Jazz \u2013 Musik im Wohnzimmer von Clemens Orth"}]},{"@type":"WebSite","@id":"https:\/\/www.meinesuedstadt.de\/branchenverzeichnis\/#website","url":"https:\/\/www.meinesuedstadt.de\/branchenverzeichnis\/","name":"Meine S\u00fcdstadt","description":"Branchenverzeichnis aus der S\u00fcdstadt K\u00f6lns","potentialAction":[{"@type":"SearchAction","target":{"@type":"EntryPoint","urlTemplate":"https:\/\/www.meinesuedstadt.de\/branchenverzeichnis\/?s={search_term_string}"},"query-input":{"@type":"PropertyValueSpecification","valueRequired":true,"valueName":"search_term_string"}}],"inLanguage":"de"},{"@type":"Person","@id":"https:\/\/www.meinesuedstadt.de\/branchenverzeichnis\/#\/schema\/person\/4974ccd0047c4bef2ea2271bc1b66e8d","name":"Mario Friese","image":{"@type":"ImageObject","inLanguage":"de","@id":"https:\/\/secure.gravatar.com\/avatar\/38afb5244388eb07856f264e0b17f6d56309e4e5bba4ea1716b6dadd14a2aab0?s=96&d=mm&r=g","url":"https:\/\/secure.gravatar.com\/avatar\/38afb5244388eb07856f264e0b17f6d56309e4e5bba4ea1716b6dadd14a2aab0?s=96&d=mm&r=g","contentUrl":"https:\/\/secure.gravatar.com\/avatar\/38afb5244388eb07856f264e0b17f6d56309e4e5bba4ea1716b6dadd14a2aab0?s=96&d=mm&r=g","caption":"Mario Friese"},"sameAs":["https:\/\/fgrepublik.com"]}]}},"priority":0,"metaAddress":"Severinskloster 3a , 50678 K\u00f6ln","_links":{"self":[{"href":"https:\/\/www.meinesuedstadt.de\/branchenverzeichnis\/wp-json\/wp\/v2\/posts\/1051","targetHints":{"allow":["GET"]}}],"collection":[{"href":"https:\/\/www.meinesuedstadt.de\/branchenverzeichnis\/wp-json\/wp\/v2\/posts"}],"about":[{"href":"https:\/\/www.meinesuedstadt.de\/branchenverzeichnis\/wp-json\/wp\/v2\/types\/post"}],"author":[{"embeddable":true,"href":"https:\/\/www.meinesuedstadt.de\/branchenverzeichnis\/wp-json\/wp\/v2\/users\/2"}],"replies":[{"embeddable":true,"href":"https:\/\/www.meinesuedstadt.de\/branchenverzeichnis\/wp-json\/wp\/v2\/comments?post=1051"}],"version-history":[{"count":19,"href":"https:\/\/www.meinesuedstadt.de\/branchenverzeichnis\/wp-json\/wp\/v2\/posts\/1051\/revisions"}],"predecessor-version":[{"id":5033,"href":"https:\/\/www.meinesuedstadt.de\/branchenverzeichnis\/wp-json\/wp\/v2\/posts\/1051\/revisions\/5033"}],"wp:featuredmedia":[{"embeddable":true,"href":"https:\/\/www.meinesuedstadt.de\/branchenverzeichnis\/wp-json\/wp\/v2\/media\/4395"}],"wp:attachment":[{"href":"https:\/\/www.meinesuedstadt.de\/branchenverzeichnis\/wp-json\/wp\/v2\/media?parent=1051"}],"wp:term":[{"taxonomy":"category","embeddable":true,"href":"https:\/\/www.meinesuedstadt.de\/branchenverzeichnis\/wp-json\/wp\/v2\/categories?post=1051"},{"taxonomy":"post_tag","embeddable":true,"href":"https:\/\/www.meinesuedstadt.de\/branchenverzeichnis\/wp-json\/wp\/v2\/tags?post=1051"}],"curies":[{"name":"wp","href":"https:\/\/api.w.org\/{rel}","templated":true}]}}