{"id":1074,"date":"2010-05-22T08:15:08","date_gmt":"2010-05-22T06:15:08","guid":{"rendered":"http:\/\/www.meinesuedstadt.de\/branchenverzeichnis\/?p=1074"},"modified":"2010-05-22T08:15:08","modified_gmt":"2010-05-22T06:15:08","slug":"gemeinschaftsgrundschule-pfaelzer-strasse","status":"publish","type":"post","link":"https:\/\/www.meinesuedstadt.de\/branchenverzeichnis\/gemeinschaftsgrundschule-pfaelzer-strasse\/","title":{"rendered":"Gemeinschaftsgrundschule Pf\u00e4lzer Stra\u00dfe"},"content":{"rendered":"<p>Die Gemeinschaftsgrundschule Pf\u00e4lzer Stra\u00dfe liegt in der N\u00e4he des Volksgarten und wird von zurzeit 171 Kindern in acht Jahrgangsklassen besucht. Seit dem Schuljahr 2005\/06 ist die GGS Pfl\u00e4lzer Stra\u00dfe eine &#8222;Offene Ganztagsschule&#8220;. Das bedeutet, dass die Kinder auch in den Nachmittagsstunden verl\u00e4sslich von geschultem, p\u00e4dagogischen Personal betreut werden.<\/p>\n<p>Die Schulatmosph\u00e4re ist famili\u00e4r &#8211; nicht zuletzt durch die intensive und vielf\u00e4ltige Zusammenarbeit mit den Eltern. Die Schule verf\u00fcgt \u00fcber ein gro\u00dfes, gr\u00fcnes Au\u00dfengel\u00e4nde mit zahlreichen B\u00e4umen (Klettern erlaubt!). Hier finden die Kinder gen\u00fcgend Platz und Freiraum f\u00fcr Sport und Spiel, zum Toben oder einfach nur zum Entspannen. Gro\u00dfe, helle Klassenr\u00e4ume erm\u00f6glichen ein entspanntes Lernklima. Neben einer Aula mit B\u00fchne und einer gut ausgestatteten Schulb\u00fccherei, steht den Kindern eine Turnhalle mit vielen Ger\u00e4ten zur Verf\u00fcgung.<br \/>&nbsp;<br \/>Die individuelle F\u00f6rderung der Kinder nach ihren jeweiligen Bed\u00fcrfnissen steht auch im Vordergrund. Offene Unterrichtformen wie Wochenplan, Freie Arbeit, Lernen an Stationen, Werkstatt- und Projektunterricht, alleine, mit Partnern oder in der Gruppe erm\u00f6glichen individuelles Lernen. Die Erziehung zum selbstst\u00e4ndigen und eigenverantwortlichem Handeln, zu Toleranz, R\u00fccksichtnahme und Hilfsbereitschaft sind uns wichtig. Projekttage oder -wochen und Erkundungen der n\u00e4heren Umgebung stehen ebenso auf dem Programm wie Klassenfahrten und Schulfeste. Im Rahmen des Religionsunterrichtes haben die Kinder die M\u00f6glichkeit, an evangelischen oder katholischen Gottesdiensten teilzunehmen.<\/p>\n","protected":false},"excerpt":{"rendered":"<p>Die Gemeinschaftsgrundschule Pf\u00e4lzer Stra\u00dfe liegt in der N\u00e4he des Volksgarten und wird von zurzeit 171 Kindern in acht Jahrgangsklassen besucht. Seit dem Schuljahr 2005\/06 ist die GGS Pfl\u00e4lzer Stra\u00dfe eine &#8222;Offene Ganztagsschule&#8220;. Das bedeutet, dass die Kinder auch in den Nachmittagsstunden verl\u00e4sslich von geschultem, p\u00e4dagogischen Personal betreut werden. Die Schulatmosph\u00e4re ist famili\u00e4r &#8211; nicht zuletzt [&hellip;]<\/p>\n","protected":false},"author":2,"featured_media":0,"comment_status":"open","ping_status":"open","sticky":false,"template":"","format":"standard","meta":{"_acf_changed":false,"footnotes":""},"categories":[250],"tags":[],"class_list":["post-1074","post","type-post","status-publish","format-standard","hentry","category-schulen"],"acf":[],"yoast_head":"<!-- This site is optimized with the Yoast SEO plugin v27.4 - https:\/\/yoast.com\/product\/yoast-seo-wordpress\/ -->\n<title>Gemeinschaftsgrundschule Pf\u00e4lzer Stra\u00dfe - Meine S\u00fcdstadt<\/title>\n<meta name=\"robots\" content=\"index, follow, max-snippet:-1, max-image-preview:large, max-video-preview:-1\" \/>\n<link rel=\"canonical\" href=\"https:\/\/www.meinesuedstadt.de\/branchenverzeichnis\/gemeinschaftsgrundschule-pfaelzer-strasse\/\" \/>\n<meta property=\"og:locale\" content=\"de_DE\" \/>\n<meta property=\"og:type\" content=\"article\" \/>\n<meta property=\"og:title\" content=\"Gemeinschaftsgrundschule Pf\u00e4lzer Stra\u00dfe - Meine S\u00fcdstadt\" \/>\n<meta property=\"og:description\" content=\"Die Gemeinschaftsgrundschule Pf\u00e4lzer Stra\u00dfe liegt in der N\u00e4he des Volksgarten und wird von zurzeit 171 Kindern in acht Jahrgangsklassen besucht. Seit dem Schuljahr 2005\/06 ist die GGS Pfl\u00e4lzer Stra\u00dfe eine &#8222;Offene Ganztagsschule&#8220;. Das bedeutet, dass die Kinder auch in den Nachmittagsstunden verl\u00e4sslich von geschultem, p\u00e4dagogischen Personal betreut werden. Die Schulatmosph\u00e4re ist famili\u00e4r &#8211; nicht zuletzt [&hellip;]\" \/>\n<meta property=\"og:url\" content=\"https:\/\/www.meinesuedstadt.de\/branchenverzeichnis\/gemeinschaftsgrundschule-pfaelzer-strasse\/\" \/>\n<meta property=\"og:site_name\" content=\"Meine S\u00fcdstadt\" \/>\n<meta property=\"article:publisher\" content=\"https:\/\/www.facebook.com\/Meinesuedstadt\/\" \/>\n<meta property=\"article:published_time\" content=\"-0001-11-30T00:00:00+00:00\" \/>\n<meta name=\"author\" content=\"Mario Friese\" \/>\n<meta name=\"twitter:card\" content=\"summary_large_image\" \/>\n<meta name=\"twitter:creator\" content=\"@meinesuedstadt\" \/>\n<meta name=\"twitter:site\" content=\"@meinesuedstadt\" \/>\n<meta name=\"twitter:label1\" content=\"Verfasst von\" \/>\n\t<meta name=\"twitter:data1\" content=\"Mario Friese\" \/>\n\t<meta name=\"twitter:label2\" content=\"Gesch\u00e4tzte Lesezeit\" \/>\n\t<meta name=\"twitter:data2\" content=\"1\u00a0Minute\" \/>\n<script type=\"application\/ld+json\" class=\"yoast-schema-graph\">{\"@context\":\"https:\\\/\\\/schema.org\",\"@graph\":[{\"@type\":\"Article\",\"@id\":\"https:\\\/\\\/www.meinesuedstadt.de\\\/branchenverzeichnis\\\/gemeinschaftsgrundschule-pfaelzer-strasse\\\/#article\",\"isPartOf\":{\"@id\":\"https:\\\/\\\/www.meinesuedstadt.de\\\/branchenverzeichnis\\\/gemeinschaftsgrundschule-pfaelzer-strasse\\\/\"},\"author\":{\"name\":\"Mario Friese\",\"@id\":\"https:\\\/\\\/www.meinesuedstadt.de\\\/branchenverzeichnis\\\/#\\\/schema\\\/person\\\/4974ccd0047c4bef2ea2271bc1b66e8d\"},\"headline\":\"Gemeinschaftsgrundschule Pf\u00e4lzer Stra\u00dfe\",\"datePublished\":\"-0001-11-30T00:00:00+00:00\",\"mainEntityOfPage\":{\"@id\":\"https:\\\/\\\/www.meinesuedstadt.de\\\/branchenverzeichnis\\\/gemeinschaftsgrundschule-pfaelzer-strasse\\\/\"},\"wordCount\":241,\"commentCount\":0,\"articleSection\":[\"Schulen\"],\"inLanguage\":\"de\",\"potentialAction\":[{\"@type\":\"CommentAction\",\"name\":\"Comment\",\"target\":[\"https:\\\/\\\/www.meinesuedstadt.de\\\/branchenverzeichnis\\\/gemeinschaftsgrundschule-pfaelzer-strasse\\\/#respond\"]}]},{\"@type\":\"WebPage\",\"@id\":\"https:\\\/\\\/www.meinesuedstadt.de\\\/branchenverzeichnis\\\/gemeinschaftsgrundschule-pfaelzer-strasse\\\/\",\"url\":\"https:\\\/\\\/www.meinesuedstadt.de\\\/branchenverzeichnis\\\/gemeinschaftsgrundschule-pfaelzer-strasse\\\/\",\"name\":\"Gemeinschaftsgrundschule Pf\u00e4lzer Stra\u00dfe - Meine S\u00fcdstadt\",\"isPartOf\":{\"@id\":\"https:\\\/\\\/www.meinesuedstadt.de\\\/branchenverzeichnis\\\/#website\"},\"datePublished\":\"-0001-11-30T00:00:00+00:00\",\"author\":{\"@id\":\"https:\\\/\\\/www.meinesuedstadt.de\\\/branchenverzeichnis\\\/#\\\/schema\\\/person\\\/4974ccd0047c4bef2ea2271bc1b66e8d\"},\"breadcrumb\":{\"@id\":\"https:\\\/\\\/www.meinesuedstadt.de\\\/branchenverzeichnis\\\/gemeinschaftsgrundschule-pfaelzer-strasse\\\/#breadcrumb\"},\"inLanguage\":\"de\",\"potentialAction\":[{\"@type\":\"ReadAction\",\"target\":[\"https:\\\/\\\/www.meinesuedstadt.de\\\/branchenverzeichnis\\\/gemeinschaftsgrundschule-pfaelzer-strasse\\\/\"]}]},{\"@type\":\"BreadcrumbList\",\"@id\":\"https:\\\/\\\/www.meinesuedstadt.de\\\/branchenverzeichnis\\\/gemeinschaftsgrundschule-pfaelzer-strasse\\\/#breadcrumb\",\"itemListElement\":[{\"@type\":\"ListItem\",\"position\":1,\"name\":\"Startseite\",\"item\":\"https:\\\/\\\/www.meinesuedstadt.de\\\/branchenverzeichnis\\\/\"},{\"@type\":\"ListItem\",\"position\":2,\"name\":\"Gemeinschaftsgrundschule Pf\u00e4lzer Stra\u00dfe\"}]},{\"@type\":\"WebSite\",\"@id\":\"https:\\\/\\\/www.meinesuedstadt.de\\\/branchenverzeichnis\\\/#website\",\"url\":\"https:\\\/\\\/www.meinesuedstadt.de\\\/branchenverzeichnis\\\/\",\"name\":\"Meine S\u00fcdstadt\",\"description\":\"Branchenverzeichnis aus der S\u00fcdstadt K\u00f6lns\",\"potentialAction\":[{\"@type\":\"SearchAction\",\"target\":{\"@type\":\"EntryPoint\",\"urlTemplate\":\"https:\\\/\\\/www.meinesuedstadt.de\\\/branchenverzeichnis\\\/?s={search_term_string}\"},\"query-input\":{\"@type\":\"PropertyValueSpecification\",\"valueRequired\":true,\"valueName\":\"search_term_string\"}}],\"inLanguage\":\"de\"},{\"@type\":\"Person\",\"@id\":\"https:\\\/\\\/www.meinesuedstadt.de\\\/branchenverzeichnis\\\/#\\\/schema\\\/person\\\/4974ccd0047c4bef2ea2271bc1b66e8d\",\"name\":\"Mario Friese\",\"image\":{\"@type\":\"ImageObject\",\"inLanguage\":\"de\",\"@id\":\"https:\\\/\\\/secure.gravatar.com\\\/avatar\\\/38afb5244388eb07856f264e0b17f6d56309e4e5bba4ea1716b6dadd14a2aab0?s=96&d=mm&r=g\",\"url\":\"https:\\\/\\\/secure.gravatar.com\\\/avatar\\\/38afb5244388eb07856f264e0b17f6d56309e4e5bba4ea1716b6dadd14a2aab0?s=96&d=mm&r=g\",\"contentUrl\":\"https:\\\/\\\/secure.gravatar.com\\\/avatar\\\/38afb5244388eb07856f264e0b17f6d56309e4e5bba4ea1716b6dadd14a2aab0?s=96&d=mm&r=g\",\"caption\":\"Mario Friese\"},\"sameAs\":[\"https:\\\/\\\/fgrepublik.com\"]}]}<\/script>\n<!-- \/ Yoast SEO plugin. -->","yoast_head_json":{"title":"Gemeinschaftsgrundschule Pf\u00e4lzer Stra\u00dfe - Meine S\u00fcdstadt","robots":{"index":"index","follow":"follow","max-snippet":"max-snippet:-1","max-image-preview":"max-image-preview:large","max-video-preview":"max-video-preview:-1"},"canonical":"https:\/\/www.meinesuedstadt.de\/branchenverzeichnis\/gemeinschaftsgrundschule-pfaelzer-strasse\/","og_locale":"de_DE","og_type":"article","og_title":"Gemeinschaftsgrundschule Pf\u00e4lzer Stra\u00dfe - Meine S\u00fcdstadt","og_description":"Die Gemeinschaftsgrundschule Pf\u00e4lzer Stra\u00dfe liegt in der N\u00e4he des Volksgarten und wird von zurzeit 171 Kindern in acht Jahrgangsklassen besucht. Seit dem Schuljahr 2005\/06 ist die GGS Pfl\u00e4lzer Stra\u00dfe eine &#8222;Offene Ganztagsschule&#8220;. Das bedeutet, dass die Kinder auch in den Nachmittagsstunden verl\u00e4sslich von geschultem, p\u00e4dagogischen Personal betreut werden. Die Schulatmosph\u00e4re ist famili\u00e4r &#8211; nicht zuletzt [&hellip;]","og_url":"https:\/\/www.meinesuedstadt.de\/branchenverzeichnis\/gemeinschaftsgrundschule-pfaelzer-strasse\/","og_site_name":"Meine S\u00fcdstadt","article_publisher":"https:\/\/www.facebook.com\/Meinesuedstadt\/","article_published_time":"-0001-11-30T00:00:00+00:00","author":"Mario Friese","twitter_card":"summary_large_image","twitter_creator":"@meinesuedstadt","twitter_site":"@meinesuedstadt","twitter_misc":{"Verfasst von":"Mario Friese","Gesch\u00e4tzte Lesezeit":"1\u00a0Minute"},"schema":{"@context":"https:\/\/schema.org","@graph":[{"@type":"Article","@id":"https:\/\/www.meinesuedstadt.de\/branchenverzeichnis\/gemeinschaftsgrundschule-pfaelzer-strasse\/#article","isPartOf":{"@id":"https:\/\/www.meinesuedstadt.de\/branchenverzeichnis\/gemeinschaftsgrundschule-pfaelzer-strasse\/"},"author":{"name":"Mario Friese","@id":"https:\/\/www.meinesuedstadt.de\/branchenverzeichnis\/#\/schema\/person\/4974ccd0047c4bef2ea2271bc1b66e8d"},"headline":"Gemeinschaftsgrundschule Pf\u00e4lzer Stra\u00dfe","datePublished":"-0001-11-30T00:00:00+00:00","mainEntityOfPage":{"@id":"https:\/\/www.meinesuedstadt.de\/branchenverzeichnis\/gemeinschaftsgrundschule-pfaelzer-strasse\/"},"wordCount":241,"commentCount":0,"articleSection":["Schulen"],"inLanguage":"de","potentialAction":[{"@type":"CommentAction","name":"Comment","target":["https:\/\/www.meinesuedstadt.de\/branchenverzeichnis\/gemeinschaftsgrundschule-pfaelzer-strasse\/#respond"]}]},{"@type":"WebPage","@id":"https:\/\/www.meinesuedstadt.de\/branchenverzeichnis\/gemeinschaftsgrundschule-pfaelzer-strasse\/","url":"https:\/\/www.meinesuedstadt.de\/branchenverzeichnis\/gemeinschaftsgrundschule-pfaelzer-strasse\/","name":"Gemeinschaftsgrundschule Pf\u00e4lzer Stra\u00dfe - Meine S\u00fcdstadt","isPartOf":{"@id":"https:\/\/www.meinesuedstadt.de\/branchenverzeichnis\/#website"},"datePublished":"-0001-11-30T00:00:00+00:00","author":{"@id":"https:\/\/www.meinesuedstadt.de\/branchenverzeichnis\/#\/schema\/person\/4974ccd0047c4bef2ea2271bc1b66e8d"},"breadcrumb":{"@id":"https:\/\/www.meinesuedstadt.de\/branchenverzeichnis\/gemeinschaftsgrundschule-pfaelzer-strasse\/#breadcrumb"},"inLanguage":"de","potentialAction":[{"@type":"ReadAction","target":["https:\/\/www.meinesuedstadt.de\/branchenverzeichnis\/gemeinschaftsgrundschule-pfaelzer-strasse\/"]}]},{"@type":"BreadcrumbList","@id":"https:\/\/www.meinesuedstadt.de\/branchenverzeichnis\/gemeinschaftsgrundschule-pfaelzer-strasse\/#breadcrumb","itemListElement":[{"@type":"ListItem","position":1,"name":"Startseite","item":"https:\/\/www.meinesuedstadt.de\/branchenverzeichnis\/"},{"@type":"ListItem","position":2,"name":"Gemeinschaftsgrundschule Pf\u00e4lzer Stra\u00dfe"}]},{"@type":"WebSite","@id":"https:\/\/www.meinesuedstadt.de\/branchenverzeichnis\/#website","url":"https:\/\/www.meinesuedstadt.de\/branchenverzeichnis\/","name":"Meine S\u00fcdstadt","description":"Branchenverzeichnis aus der S\u00fcdstadt K\u00f6lns","potentialAction":[{"@type":"SearchAction","target":{"@type":"EntryPoint","urlTemplate":"https:\/\/www.meinesuedstadt.de\/branchenverzeichnis\/?s={search_term_string}"},"query-input":{"@type":"PropertyValueSpecification","valueRequired":true,"valueName":"search_term_string"}}],"inLanguage":"de"},{"@type":"Person","@id":"https:\/\/www.meinesuedstadt.de\/branchenverzeichnis\/#\/schema\/person\/4974ccd0047c4bef2ea2271bc1b66e8d","name":"Mario Friese","image":{"@type":"ImageObject","inLanguage":"de","@id":"https:\/\/secure.gravatar.com\/avatar\/38afb5244388eb07856f264e0b17f6d56309e4e5bba4ea1716b6dadd14a2aab0?s=96&d=mm&r=g","url":"https:\/\/secure.gravatar.com\/avatar\/38afb5244388eb07856f264e0b17f6d56309e4e5bba4ea1716b6dadd14a2aab0?s=96&d=mm&r=g","contentUrl":"https:\/\/secure.gravatar.com\/avatar\/38afb5244388eb07856f264e0b17f6d56309e4e5bba4ea1716b6dadd14a2aab0?s=96&d=mm&r=g","caption":"Mario Friese"},"sameAs":["https:\/\/fgrepublik.com"]}]}},"priority":0,"metaAddress":"Pf\u00e4lzer Stra\u00dfe 30-34 , 50677 K\u00f6ln","_links":{"self":[{"href":"https:\/\/www.meinesuedstadt.de\/branchenverzeichnis\/wp-json\/wp\/v2\/posts\/1074","targetHints":{"allow":["GET"]}}],"collection":[{"href":"https:\/\/www.meinesuedstadt.de\/branchenverzeichnis\/wp-json\/wp\/v2\/posts"}],"about":[{"href":"https:\/\/www.meinesuedstadt.de\/branchenverzeichnis\/wp-json\/wp\/v2\/types\/post"}],"author":[{"embeddable":true,"href":"https:\/\/www.meinesuedstadt.de\/branchenverzeichnis\/wp-json\/wp\/v2\/users\/2"}],"replies":[{"embeddable":true,"href":"https:\/\/www.meinesuedstadt.de\/branchenverzeichnis\/wp-json\/wp\/v2\/comments?post=1074"}],"version-history":[{"count":0,"href":"https:\/\/www.meinesuedstadt.de\/branchenverzeichnis\/wp-json\/wp\/v2\/posts\/1074\/revisions"}],"wp:attachment":[{"href":"https:\/\/www.meinesuedstadt.de\/branchenverzeichnis\/wp-json\/wp\/v2\/media?parent=1074"}],"wp:term":[{"taxonomy":"category","embeddable":true,"href":"https:\/\/www.meinesuedstadt.de\/branchenverzeichnis\/wp-json\/wp\/v2\/categories?post=1074"},{"taxonomy":"post_tag","embeddable":true,"href":"https:\/\/www.meinesuedstadt.de\/branchenverzeichnis\/wp-json\/wp\/v2\/tags?post=1074"}],"curies":[{"name":"wp","href":"https:\/\/api.w.org\/{rel}","templated":true}]}}