{"id":1277,"date":"2011-01-10T11:22:57","date_gmt":"2011-01-10T10:22:57","guid":{"rendered":"http:\/\/www.meinesuedstadt.de\/branchenverzeichnis\/?p=1277"},"modified":"2011-01-10T11:22:57","modified_gmt":"2011-01-10T09:22:57","slug":"kinderladen-papperlapapp-e-v","status":"publish","type":"post","link":"https:\/\/www.meinesuedstadt.de\/branchenverzeichnis\/kinderladen-papperlapapp-e-v\/","title":{"rendered":"Kinderladen Papperlapapp e.V."},"content":{"rendered":"<p>Hinter einem unscheinbaren, grauen Hinterhoftor in der Eifelstra\u00dfe liegt der Kinderladen Papperlapapp. ??Es begann alles im Jahr 1973 in einem kleinen Ladenlokal (&#8222;Kinderladen&#8220;) in Weyertal. Die Gr\u00fcndungsmitglieder formierten sich damals, weil nicht gen\u00fcgend Kindergartenpl\u00e4tze zur Verf\u00fcgung standen. Ziel der Mitglieder des Vereins war und ist es, aktiv an der Erziehung und Betreuung ihrer Kinder im Kindergarten mitzuarbeiten und sich einzubringen. ??Seit Ende der 70\u00b4er Jahre befinden sich die R\u00e4ume gegen\u00fcber vom Rosengarten im Volksgarten. ?Es kann&nbsp; auf die lange Tradition und Vorarbeit vieler Eltern- und Mitarbeitergenerationen aufgebaut weden. Die sich \u00e4ndernden Lebensrealit\u00e4ten und Bed\u00fcrfnisse der Familien sind Grundlage f\u00fcr die st\u00e4ndige Weiterentwicklung unseres Vereins.<\/p>\n<p>&nbsp;<\/p>\n<p>Der Kinderladen bietet den Kindern einen gesch\u00fctzten und \u00fcberschaubaren Raum f\u00fcr ihre oft ersten au\u00dferfamili\u00e4ren Erfahrungen. Der gute Personalschl\u00fcssel erlaubt es, dass wir uns nach den individuellen Bed\u00fcrfnissen und W\u00fcnschen der Kinder richten k\u00f6nnen. Neben strukturierten Angeboten wie Turnen und Experimente, nimmt das Freispiel einen wesentlichen Teil des Tagesablaufs ein. Begleitet vom p\u00e4dagogischen Fachpersonal lernen die Kinder aufeinander R\u00fccksicht zu nehmen, Konflikte selbstst\u00e4ndig zu l\u00f6sen?und sich selbst zu organisieren. Die unmittelbare N\u00e4he zum Volksgarten erlaubt das t\u00e4gliche Spiel auf dem dortigen Spielplatz?und den \u00fcbrigen Freifl\u00e4chen. Bei Wind und Wetter geht&#8217;s raus. Regelm\u00e4\u00dfig wird in Kleingruppen (6-7 Kindern) zum Schwimmen gegangen. ?Ausfl\u00fcge in die Natur, zu \u00f6ffentlichen Einrichtungen (z.B. Feuerwehr) ?oder Museumsbesuche bereichern den Alltag.<\/p>\n<p>&nbsp;<\/p>\n<p>&#8222;Lecker gekocht!&#8220;, so schallt es t\u00e4glich durch der K\u00fcche. Eine gesunde und ausgewogene Ern\u00e4hrung ist sehr wichtig. Die Eltern und das Team kochen im Wechsel, und man schmeckt dem Essen (grunds\u00e4tzlich biologische Lebensmittel) an, dass es mit Liebe zubereitet wird. F\u00fcr die Kinder ist es immer etwas Besonderes mit ihren Eltern gemeinsam (ca. 1x monatlich) als \u0084Kochkind\u0093 f\u00fcr das leibliche Wohl zu sorgen. So lernen die Kinder vielf\u00e4ltige Geschmacksrichtungen aus verschiedenen Kulturen kennen.<\/p>\n<p>&nbsp;<\/p>\n<p>&nbsp;<\/p>\n","protected":false},"excerpt":{"rendered":"<p>Hinter einem unscheinbaren, grauen Hinterhoftor in der Eifelstra\u00dfe liegt der Kinderladen Papperlapapp. ??Es begann alles im Jahr 1973 in einem kleinen Ladenlokal (&#8222;Kinderladen&#8220;) in Weyertal. Die Gr\u00fcndungsmitglieder formierten sich damals, weil nicht gen\u00fcgend Kindergartenpl\u00e4tze zur Verf\u00fcgung standen. Ziel der Mitglieder des Vereins war und ist es, aktiv an der Erziehung und Betreuung ihrer Kinder im [&hellip;]<\/p>\n","protected":false},"author":2,"featured_media":0,"comment_status":"open","ping_status":"open","sticky":false,"template":"","format":"standard","meta":{"_acf_changed":false,"footnotes":""},"categories":[210],"tags":[],"class_list":["post-1277","post","type-post","status-publish","format-standard","hentry","category-kindergaerten"],"acf":[],"yoast_head":"<!-- This site is optimized with the Yoast SEO plugin v27.4 - https:\/\/yoast.com\/product\/yoast-seo-wordpress\/ -->\n<title>Kinderladen Papperlapapp e.V. - Meine S\u00fcdstadt<\/title>\n<meta name=\"robots\" content=\"index, follow, max-snippet:-1, max-image-preview:large, max-video-preview:-1\" \/>\n<link rel=\"canonical\" href=\"https:\/\/www.meinesuedstadt.de\/branchenverzeichnis\/kinderladen-papperlapapp-e-v\/\" \/>\n<meta property=\"og:locale\" content=\"de_DE\" \/>\n<meta property=\"og:type\" content=\"article\" \/>\n<meta property=\"og:title\" content=\"Kinderladen Papperlapapp e.V. - Meine S\u00fcdstadt\" \/>\n<meta property=\"og:description\" content=\"Hinter einem unscheinbaren, grauen Hinterhoftor in der Eifelstra\u00dfe liegt der Kinderladen Papperlapapp. ??Es begann alles im Jahr 1973 in einem kleinen Ladenlokal (&#8222;Kinderladen&#8220;) in Weyertal. Die Gr\u00fcndungsmitglieder formierten sich damals, weil nicht gen\u00fcgend Kindergartenpl\u00e4tze zur Verf\u00fcgung standen. Ziel der Mitglieder des Vereins war und ist es, aktiv an der Erziehung und Betreuung ihrer Kinder im [&hellip;]\" \/>\n<meta property=\"og:url\" content=\"https:\/\/www.meinesuedstadt.de\/branchenverzeichnis\/kinderladen-papperlapapp-e-v\/\" \/>\n<meta property=\"og:site_name\" content=\"Meine S\u00fcdstadt\" \/>\n<meta property=\"article:publisher\" content=\"https:\/\/www.facebook.com\/Meinesuedstadt\/\" \/>\n<meta property=\"article:published_time\" content=\"-0001-11-30T00:00:00+00:00\" \/>\n<meta name=\"author\" content=\"Mario Friese\" \/>\n<meta name=\"twitter:card\" content=\"summary_large_image\" \/>\n<meta name=\"twitter:creator\" content=\"@meinesuedstadt\" \/>\n<meta name=\"twitter:site\" content=\"@meinesuedstadt\" \/>\n<meta name=\"twitter:label1\" content=\"Verfasst von\" \/>\n\t<meta name=\"twitter:data1\" content=\"Mario Friese\" \/>\n\t<meta name=\"twitter:label2\" content=\"Gesch\u00e4tzte Lesezeit\" \/>\n\t<meta name=\"twitter:data2\" content=\"2\u00a0Minuten\" \/>\n<script type=\"application\/ld+json\" class=\"yoast-schema-graph\">{\"@context\":\"https:\\\/\\\/schema.org\",\"@graph\":[{\"@type\":\"Article\",\"@id\":\"https:\\\/\\\/www.meinesuedstadt.de\\\/branchenverzeichnis\\\/kinderladen-papperlapapp-e-v\\\/#article\",\"isPartOf\":{\"@id\":\"https:\\\/\\\/www.meinesuedstadt.de\\\/branchenverzeichnis\\\/kinderladen-papperlapapp-e-v\\\/\"},\"author\":{\"name\":\"Mario Friese\",\"@id\":\"https:\\\/\\\/www.meinesuedstadt.de\\\/branchenverzeichnis\\\/#\\\/schema\\\/person\\\/4974ccd0047c4bef2ea2271bc1b66e8d\"},\"headline\":\"Kinderladen Papperlapapp e.V.\",\"datePublished\":\"-0001-11-30T00:00:00+00:00\",\"mainEntityOfPage\":{\"@id\":\"https:\\\/\\\/www.meinesuedstadt.de\\\/branchenverzeichnis\\\/kinderladen-papperlapapp-e-v\\\/\"},\"wordCount\":338,\"commentCount\":0,\"articleSection\":[\"Kinderg\u00e4rten\"],\"inLanguage\":\"de\",\"potentialAction\":[{\"@type\":\"CommentAction\",\"name\":\"Comment\",\"target\":[\"https:\\\/\\\/www.meinesuedstadt.de\\\/branchenverzeichnis\\\/kinderladen-papperlapapp-e-v\\\/#respond\"]}]},{\"@type\":\"WebPage\",\"@id\":\"https:\\\/\\\/www.meinesuedstadt.de\\\/branchenverzeichnis\\\/kinderladen-papperlapapp-e-v\\\/\",\"url\":\"https:\\\/\\\/www.meinesuedstadt.de\\\/branchenverzeichnis\\\/kinderladen-papperlapapp-e-v\\\/\",\"name\":\"Kinderladen Papperlapapp e.V. - Meine S\u00fcdstadt\",\"isPartOf\":{\"@id\":\"https:\\\/\\\/www.meinesuedstadt.de\\\/branchenverzeichnis\\\/#website\"},\"datePublished\":\"-0001-11-30T00:00:00+00:00\",\"author\":{\"@id\":\"https:\\\/\\\/www.meinesuedstadt.de\\\/branchenverzeichnis\\\/#\\\/schema\\\/person\\\/4974ccd0047c4bef2ea2271bc1b66e8d\"},\"breadcrumb\":{\"@id\":\"https:\\\/\\\/www.meinesuedstadt.de\\\/branchenverzeichnis\\\/kinderladen-papperlapapp-e-v\\\/#breadcrumb\"},\"inLanguage\":\"de\",\"potentialAction\":[{\"@type\":\"ReadAction\",\"target\":[\"https:\\\/\\\/www.meinesuedstadt.de\\\/branchenverzeichnis\\\/kinderladen-papperlapapp-e-v\\\/\"]}]},{\"@type\":\"BreadcrumbList\",\"@id\":\"https:\\\/\\\/www.meinesuedstadt.de\\\/branchenverzeichnis\\\/kinderladen-papperlapapp-e-v\\\/#breadcrumb\",\"itemListElement\":[{\"@type\":\"ListItem\",\"position\":1,\"name\":\"Startseite\",\"item\":\"https:\\\/\\\/www.meinesuedstadt.de\\\/branchenverzeichnis\\\/\"},{\"@type\":\"ListItem\",\"position\":2,\"name\":\"Kinderladen Papperlapapp e.V.\"}]},{\"@type\":\"WebSite\",\"@id\":\"https:\\\/\\\/www.meinesuedstadt.de\\\/branchenverzeichnis\\\/#website\",\"url\":\"https:\\\/\\\/www.meinesuedstadt.de\\\/branchenverzeichnis\\\/\",\"name\":\"Meine S\u00fcdstadt\",\"description\":\"Branchenverzeichnis aus der S\u00fcdstadt K\u00f6lns\",\"potentialAction\":[{\"@type\":\"SearchAction\",\"target\":{\"@type\":\"EntryPoint\",\"urlTemplate\":\"https:\\\/\\\/www.meinesuedstadt.de\\\/branchenverzeichnis\\\/?s={search_term_string}\"},\"query-input\":{\"@type\":\"PropertyValueSpecification\",\"valueRequired\":true,\"valueName\":\"search_term_string\"}}],\"inLanguage\":\"de\"},{\"@type\":\"Person\",\"@id\":\"https:\\\/\\\/www.meinesuedstadt.de\\\/branchenverzeichnis\\\/#\\\/schema\\\/person\\\/4974ccd0047c4bef2ea2271bc1b66e8d\",\"name\":\"Mario Friese\",\"image\":{\"@type\":\"ImageObject\",\"inLanguage\":\"de\",\"@id\":\"https:\\\/\\\/secure.gravatar.com\\\/avatar\\\/38afb5244388eb07856f264e0b17f6d56309e4e5bba4ea1716b6dadd14a2aab0?s=96&d=mm&r=g\",\"url\":\"https:\\\/\\\/secure.gravatar.com\\\/avatar\\\/38afb5244388eb07856f264e0b17f6d56309e4e5bba4ea1716b6dadd14a2aab0?s=96&d=mm&r=g\",\"contentUrl\":\"https:\\\/\\\/secure.gravatar.com\\\/avatar\\\/38afb5244388eb07856f264e0b17f6d56309e4e5bba4ea1716b6dadd14a2aab0?s=96&d=mm&r=g\",\"caption\":\"Mario Friese\"},\"sameAs\":[\"https:\\\/\\\/fgrepublik.com\"]}]}<\/script>\n<!-- \/ Yoast SEO plugin. -->","yoast_head_json":{"title":"Kinderladen Papperlapapp e.V. - Meine S\u00fcdstadt","robots":{"index":"index","follow":"follow","max-snippet":"max-snippet:-1","max-image-preview":"max-image-preview:large","max-video-preview":"max-video-preview:-1"},"canonical":"https:\/\/www.meinesuedstadt.de\/branchenverzeichnis\/kinderladen-papperlapapp-e-v\/","og_locale":"de_DE","og_type":"article","og_title":"Kinderladen Papperlapapp e.V. - Meine S\u00fcdstadt","og_description":"Hinter einem unscheinbaren, grauen Hinterhoftor in der Eifelstra\u00dfe liegt der Kinderladen Papperlapapp. ??Es begann alles im Jahr 1973 in einem kleinen Ladenlokal (&#8222;Kinderladen&#8220;) in Weyertal. Die Gr\u00fcndungsmitglieder formierten sich damals, weil nicht gen\u00fcgend Kindergartenpl\u00e4tze zur Verf\u00fcgung standen. Ziel der Mitglieder des Vereins war und ist es, aktiv an der Erziehung und Betreuung ihrer Kinder im [&hellip;]","og_url":"https:\/\/www.meinesuedstadt.de\/branchenverzeichnis\/kinderladen-papperlapapp-e-v\/","og_site_name":"Meine S\u00fcdstadt","article_publisher":"https:\/\/www.facebook.com\/Meinesuedstadt\/","article_published_time":"-0001-11-30T00:00:00+00:00","author":"Mario Friese","twitter_card":"summary_large_image","twitter_creator":"@meinesuedstadt","twitter_site":"@meinesuedstadt","twitter_misc":{"Verfasst von":"Mario Friese","Gesch\u00e4tzte Lesezeit":"2\u00a0Minuten"},"schema":{"@context":"https:\/\/schema.org","@graph":[{"@type":"Article","@id":"https:\/\/www.meinesuedstadt.de\/branchenverzeichnis\/kinderladen-papperlapapp-e-v\/#article","isPartOf":{"@id":"https:\/\/www.meinesuedstadt.de\/branchenverzeichnis\/kinderladen-papperlapapp-e-v\/"},"author":{"name":"Mario Friese","@id":"https:\/\/www.meinesuedstadt.de\/branchenverzeichnis\/#\/schema\/person\/4974ccd0047c4bef2ea2271bc1b66e8d"},"headline":"Kinderladen Papperlapapp e.V.","datePublished":"-0001-11-30T00:00:00+00:00","mainEntityOfPage":{"@id":"https:\/\/www.meinesuedstadt.de\/branchenverzeichnis\/kinderladen-papperlapapp-e-v\/"},"wordCount":338,"commentCount":0,"articleSection":["Kinderg\u00e4rten"],"inLanguage":"de","potentialAction":[{"@type":"CommentAction","name":"Comment","target":["https:\/\/www.meinesuedstadt.de\/branchenverzeichnis\/kinderladen-papperlapapp-e-v\/#respond"]}]},{"@type":"WebPage","@id":"https:\/\/www.meinesuedstadt.de\/branchenverzeichnis\/kinderladen-papperlapapp-e-v\/","url":"https:\/\/www.meinesuedstadt.de\/branchenverzeichnis\/kinderladen-papperlapapp-e-v\/","name":"Kinderladen Papperlapapp e.V. - Meine S\u00fcdstadt","isPartOf":{"@id":"https:\/\/www.meinesuedstadt.de\/branchenverzeichnis\/#website"},"datePublished":"-0001-11-30T00:00:00+00:00","author":{"@id":"https:\/\/www.meinesuedstadt.de\/branchenverzeichnis\/#\/schema\/person\/4974ccd0047c4bef2ea2271bc1b66e8d"},"breadcrumb":{"@id":"https:\/\/www.meinesuedstadt.de\/branchenverzeichnis\/kinderladen-papperlapapp-e-v\/#breadcrumb"},"inLanguage":"de","potentialAction":[{"@type":"ReadAction","target":["https:\/\/www.meinesuedstadt.de\/branchenverzeichnis\/kinderladen-papperlapapp-e-v\/"]}]},{"@type":"BreadcrumbList","@id":"https:\/\/www.meinesuedstadt.de\/branchenverzeichnis\/kinderladen-papperlapapp-e-v\/#breadcrumb","itemListElement":[{"@type":"ListItem","position":1,"name":"Startseite","item":"https:\/\/www.meinesuedstadt.de\/branchenverzeichnis\/"},{"@type":"ListItem","position":2,"name":"Kinderladen Papperlapapp e.V."}]},{"@type":"WebSite","@id":"https:\/\/www.meinesuedstadt.de\/branchenverzeichnis\/#website","url":"https:\/\/www.meinesuedstadt.de\/branchenverzeichnis\/","name":"Meine S\u00fcdstadt","description":"Branchenverzeichnis aus der S\u00fcdstadt K\u00f6lns","potentialAction":[{"@type":"SearchAction","target":{"@type":"EntryPoint","urlTemplate":"https:\/\/www.meinesuedstadt.de\/branchenverzeichnis\/?s={search_term_string}"},"query-input":{"@type":"PropertyValueSpecification","valueRequired":true,"valueName":"search_term_string"}}],"inLanguage":"de"},{"@type":"Person","@id":"https:\/\/www.meinesuedstadt.de\/branchenverzeichnis\/#\/schema\/person\/4974ccd0047c4bef2ea2271bc1b66e8d","name":"Mario Friese","image":{"@type":"ImageObject","inLanguage":"de","@id":"https:\/\/secure.gravatar.com\/avatar\/38afb5244388eb07856f264e0b17f6d56309e4e5bba4ea1716b6dadd14a2aab0?s=96&d=mm&r=g","url":"https:\/\/secure.gravatar.com\/avatar\/38afb5244388eb07856f264e0b17f6d56309e4e5bba4ea1716b6dadd14a2aab0?s=96&d=mm&r=g","contentUrl":"https:\/\/secure.gravatar.com\/avatar\/38afb5244388eb07856f264e0b17f6d56309e4e5bba4ea1716b6dadd14a2aab0?s=96&d=mm&r=g","caption":"Mario Friese"},"sameAs":["https:\/\/fgrepublik.com"]}]}},"priority":0,"metaAddress":"Eifelstra\u00dfe 66 , 50677 K\u00f6ln","_links":{"self":[{"href":"https:\/\/www.meinesuedstadt.de\/branchenverzeichnis\/wp-json\/wp\/v2\/posts\/1277","targetHints":{"allow":["GET"]}}],"collection":[{"href":"https:\/\/www.meinesuedstadt.de\/branchenverzeichnis\/wp-json\/wp\/v2\/posts"}],"about":[{"href":"https:\/\/www.meinesuedstadt.de\/branchenverzeichnis\/wp-json\/wp\/v2\/types\/post"}],"author":[{"embeddable":true,"href":"https:\/\/www.meinesuedstadt.de\/branchenverzeichnis\/wp-json\/wp\/v2\/users\/2"}],"replies":[{"embeddable":true,"href":"https:\/\/www.meinesuedstadt.de\/branchenverzeichnis\/wp-json\/wp\/v2\/comments?post=1277"}],"version-history":[{"count":0,"href":"https:\/\/www.meinesuedstadt.de\/branchenverzeichnis\/wp-json\/wp\/v2\/posts\/1277\/revisions"}],"wp:attachment":[{"href":"https:\/\/www.meinesuedstadt.de\/branchenverzeichnis\/wp-json\/wp\/v2\/media?parent=1277"}],"wp:term":[{"taxonomy":"category","embeddable":true,"href":"https:\/\/www.meinesuedstadt.de\/branchenverzeichnis\/wp-json\/wp\/v2\/categories?post=1277"},{"taxonomy":"post_tag","embeddable":true,"href":"https:\/\/www.meinesuedstadt.de\/branchenverzeichnis\/wp-json\/wp\/v2\/tags?post=1277"}],"curies":[{"name":"wp","href":"https:\/\/api.w.org\/{rel}","templated":true}]}}