{"id":1347,"date":"2011-02-17T09:22:23","date_gmt":"2011-02-17T08:22:23","guid":{"rendered":"http:\/\/www.meinesuedstadt.de\/branchenverzeichnis\/?p=1347"},"modified":"2011-02-17T09:22:23","modified_gmt":"2011-02-17T07:22:23","slug":"ah-und-oh-gruessen-verpacken-schenken","status":"publish","type":"post","link":"https:\/\/www.meinesuedstadt.de\/branchenverzeichnis\/ah-und-oh-gruessen-verpacken-schenken\/","title":{"rendered":"Ah! und Oh! Gr\u00fc\u00dfen &#8211; Verpacken &#8211; Schenken"},"content":{"rendered":"<p>&nbsp;<br \/>Betritt man den h\u00fcbschen kleinen Laden von Alexandra Ohler, geht einem das Herz auf: Sch\u00f6nes, wohin man blickt! W\u00fcrdig eingefasst in gro\u00dfe Bilderrahmen h\u00e4ngen wundersch\u00f6ne Geschenkpapiere an der Wand, gibt es Gru\u00dfkarten, die einem die Wahl der Richtigen sehr schwer machen, weil sie einfach alle so sch\u00f6n sind und reihen sich Geschenkb\u00e4nder zu einem bunten Mustermix. Dieser Laden auf der Goltsteinstra\u00dfe in Bayenthal ist eine Offenbarung f\u00fcr alle, die von Herzen gerne schenken. Die Verpackung wird hier zum Geschenk! Neben den unz\u00e4hligen h\u00fcbschen und ausgefallenen Papieren, den B\u00e4ndern und Karten, gibt es Kartons in Farben und Formen, die erst Ideen machen auf einen passenden Inhalt!&nbsp;<\/p>\n<p>Damit man f\u00fcr den Inhalt aber nicht gleich wieder raus muss, aus diesem kleinen<br \/>Geschenke-Himmel, findet man hier auch gleich was f\u00fcr rein in die Kartons und Papiere. Und kann sich freuen: \u00fcber Schl\u00fcsselanh\u00e4nger und Fotoalben, Fensterbilder und sch\u00f6ne Stifte, Papierlaternen und so Ausgefallenem, wie dem Stadtplan, den man, da auf Stoff bedruckt, in die Tasche knuddeln kann. Es macht Spa\u00df, sich von den sch\u00f6nen Verpackungsm\u00f6glichkeiten, die Alexandra Ohler anbietet, inspirieren zu lassen und die Freude \u00fcber das Verschenken zu zelebrieren. Es soll jedoch bekanntlich Spezies geben, die zwar gerne schenken, im Verpacken dieser aber nicht die n\u00f6tige Fingerfertigkeit aufweisen, die der Beschenkten w\u00fcrdig w\u00e4re. Alexandra<br \/>Ohler hat auch f\u00fcr diese Menschen ein Herz und die L\u00f6sung: den Verpackungsservice f\u00fcr M\u00e4nner! Und die f\u00fchlen sich endlich mal geh\u00f6rt in ihrer Not und nehmen dieses wundervolle Angebot dankend an!<\/p>\n<p>&nbsp;<\/p>\n<p>Die einen kommen, suchen unter den angebotenen Nettigkeiten etwas aus, dass sie dann gleich h\u00fcbsch verpacken lassen, andere kommen mit dem besonderen Geschenk f\u00fcr die Ausgew\u00e4hlte und bitten darum, es der Frau und dem Anlass entsprechend allein zum Auspacken verpacken zu lassen. Besonders beliebt ist dieser Service zur Weihnachtszeit, aber es soll auch Frauen geben, die unter dem Jahr Geburtstag haben, und auch Hochzeitstage sind meist eher Mitten im Jahr, und so erfreut sich der professionelle Verpackungsdienst das ganze Jahr \u00fcber gro\u00dfer Beliebtheit! Im \u00dcbrigen selbstverst\u00e4ndlich nicht nur f\u00fcr M\u00e4nner, auch Frauen sind herzlich eingeladen, den Service in Anspruch zu nehmen!&nbsp;<\/p>\n<p>&nbsp;<\/p>\n<p>Neben dem Verpackungsservice sind Heliumluftballons der Renner bei &#8222;Ah! und Oh!&#8220; in verschiedener Farb-und Formgebung sind sie als Pr\u00e4sent oder als Dekoration der Blickpunkt eines Festes. Der kleine feine Laden ist in den drei Jahren seines Bestehens in Sortiment und Auswahl die Adresse f\u00fcr alle Balloni-Fans, die sich die Fahrt nach Ehrenfeld sparen wollen. Und auch Kinderherzen schlagen h\u00f6her, gibt`s doch hier alles, was den oft tristen Schulalltag vers\u00fc\u00dft: lustig bedruckte Hefte und Mappen, Radiergummies, Glitzersticker und tolle Stempel, mit deren Hilfe man dank farbiger Stempelkissen Schulutensilien wunderbar aufmotzen kann.<\/p>\n<p>&nbsp;<\/p>\n<p>Und f\u00fcr Kindergeburtstage l\u00e4ngst kein Geheimtipp mehr ist die M\u00f6glichkeit, sich originelle Wundert\u00fcten f\u00fcr die kleinen Geburtstagsg\u00e4ste zusammenstellen zu lassen, oder auch selbst nach Wundersamen zu st\u00f6bern. Doch nicht nur f\u00fcr das perfekte Geburtstagsparty-Equipment \u0096 Einladungskarten, Tischk\u00e4rtchen, passende Servietten und Tischt\u00fccher \u0096 sind die Eltern im K\u00f6lner S\u00fcde Alexandra Ohler sehr dankbar, eines der meist verkauften Artikel ihres ausgesuchten Sortimentes sind die Armb\u00e4nder und Anh\u00e4nger von \u0084Be Safe\u0093. Silberschmuck mit Schutzengelfunktion: eingravierte Telefonnummern sch\u00fctzen kleine Ausrei\u00dfer vorm Verlorengehen.<\/p>\n<p>&nbsp;<\/p>\n<p>Alexandra Ohler legt Wert auf ein aktives Netzwerk und schw\u00f6rt dabei auf lokale Kontakte: so hat die Architektin und Innenarchitektin Elena Navarini aus Bayenthal ihr Ladenlokal entworfen, und ihre Kunden profitieren von der guten Zusammenarbeit mit Majesty Paper, die ganz besondere Karten im Buchdruckverfahren anbieten. Gerne bietet Alexandra Ohler Ihren Kunden aus deren Sortiment individuell gestaltete und gedruckte Karten f\u00fcr Hochzeiten, Geburtstage oder Jubil\u00e4en an. Sprechen Sie sie einfach an!<br \/>&nbsp;<br \/>Sie f\u00fchrt zusammen mit einer Mitarbeiterin ihren kleinen feinen Laden mit Liebe und viel Herzblut. Es sind meist Nischenprodukte, die sie auf unterschiedlichen Messen findet und mit denen sie nicht nur sich selbst, sondern eben auch noch viel lieber ihre Kunden erfreut. Da der Laden klein ist und wenig Stauraum bietet, wechselt das Sortiment regelm\u00e4\u00dfig und ist so immer mal wieder einen Besuch wert!<\/p>\n","protected":false},"excerpt":{"rendered":"<p>&nbsp;Betritt man den h\u00fcbschen kleinen Laden von Alexandra Ohler, geht einem das Herz auf: Sch\u00f6nes, wohin man blickt! W\u00fcrdig eingefasst in gro\u00dfe Bilderrahmen h\u00e4ngen wundersch\u00f6ne Geschenkpapiere an der Wand, gibt es Gru\u00dfkarten, die einem die Wahl der Richtigen sehr schwer machen, weil sie einfach alle so sch\u00f6n sind und reihen sich Geschenkb\u00e4nder zu einem bunten [&hellip;]<\/p>\n","protected":false},"author":2,"featured_media":0,"comment_status":"open","ping_status":"open","sticky":false,"template":"","format":"standard","meta":{"_acf_changed":false,"footnotes":""},"categories":[218,196],"tags":[],"class_list":["post-1347","post","type-post","status-publish","format-standard","hentry","category-dekoration","category-wohnen-dekoration"],"acf":[],"yoast_head":"<!-- This site is optimized with the Yoast SEO plugin v27.4 - https:\/\/yoast.com\/product\/yoast-seo-wordpress\/ -->\n<title>Ah! und Oh! Gr\u00fc\u00dfen - Verpacken - Schenken - Meine S\u00fcdstadt<\/title>\n<meta name=\"robots\" content=\"index, follow, max-snippet:-1, max-image-preview:large, max-video-preview:-1\" \/>\n<link rel=\"canonical\" href=\"https:\/\/www.meinesuedstadt.de\/branchenverzeichnis\/ah-und-oh-gruessen-verpacken-schenken\/\" \/>\n<meta property=\"og:locale\" content=\"de_DE\" \/>\n<meta property=\"og:type\" content=\"article\" \/>\n<meta property=\"og:title\" content=\"Ah! und Oh! Gr\u00fc\u00dfen - Verpacken - Schenken - Meine S\u00fcdstadt\" \/>\n<meta property=\"og:description\" content=\"&nbsp;Betritt man den h\u00fcbschen kleinen Laden von Alexandra Ohler, geht einem das Herz auf: Sch\u00f6nes, wohin man blickt! W\u00fcrdig eingefasst in gro\u00dfe Bilderrahmen h\u00e4ngen wundersch\u00f6ne Geschenkpapiere an der Wand, gibt es Gru\u00dfkarten, die einem die Wahl der Richtigen sehr schwer machen, weil sie einfach alle so sch\u00f6n sind und reihen sich Geschenkb\u00e4nder zu einem bunten [&hellip;]\" \/>\n<meta property=\"og:url\" content=\"https:\/\/www.meinesuedstadt.de\/branchenverzeichnis\/ah-und-oh-gruessen-verpacken-schenken\/\" \/>\n<meta property=\"og:site_name\" content=\"Meine S\u00fcdstadt\" \/>\n<meta property=\"article:publisher\" content=\"https:\/\/www.facebook.com\/Meinesuedstadt\/\" \/>\n<meta property=\"article:published_time\" content=\"-0001-11-30T00:00:00+00:00\" \/>\n<meta name=\"author\" content=\"Mario Friese\" \/>\n<meta name=\"twitter:card\" content=\"summary_large_image\" \/>\n<meta name=\"twitter:creator\" content=\"@meinesuedstadt\" \/>\n<meta name=\"twitter:site\" content=\"@meinesuedstadt\" \/>\n<meta name=\"twitter:label1\" content=\"Verfasst von\" \/>\n\t<meta name=\"twitter:data1\" content=\"Mario Friese\" \/>\n\t<meta name=\"twitter:label2\" content=\"Gesch\u00e4tzte Lesezeit\" \/>\n\t<meta name=\"twitter:data2\" content=\"4\u00a0Minuten\" \/>\n<script type=\"application\/ld+json\" class=\"yoast-schema-graph\">{\"@context\":\"https:\\\/\\\/schema.org\",\"@graph\":[{\"@type\":\"Article\",\"@id\":\"https:\\\/\\\/www.meinesuedstadt.de\\\/branchenverzeichnis\\\/ah-und-oh-gruessen-verpacken-schenken\\\/#article\",\"isPartOf\":{\"@id\":\"https:\\\/\\\/www.meinesuedstadt.de\\\/branchenverzeichnis\\\/ah-und-oh-gruessen-verpacken-schenken\\\/\"},\"author\":{\"name\":\"Mario Friese\",\"@id\":\"https:\\\/\\\/www.meinesuedstadt.de\\\/branchenverzeichnis\\\/#\\\/schema\\\/person\\\/4974ccd0047c4bef2ea2271bc1b66e8d\"},\"headline\":\"Ah! und Oh! Gr\u00fc\u00dfen &#8211; Verpacken &#8211; Schenken\",\"datePublished\":\"-0001-11-30T00:00:00+00:00\",\"mainEntityOfPage\":{\"@id\":\"https:\\\/\\\/www.meinesuedstadt.de\\\/branchenverzeichnis\\\/ah-und-oh-gruessen-verpacken-schenken\\\/\"},\"wordCount\":722,\"commentCount\":0,\"articleSection\":[\"Dekoration\",\"Wohnen &amp; Dekoration\"],\"inLanguage\":\"de\",\"potentialAction\":[{\"@type\":\"CommentAction\",\"name\":\"Comment\",\"target\":[\"https:\\\/\\\/www.meinesuedstadt.de\\\/branchenverzeichnis\\\/ah-und-oh-gruessen-verpacken-schenken\\\/#respond\"]}]},{\"@type\":\"WebPage\",\"@id\":\"https:\\\/\\\/www.meinesuedstadt.de\\\/branchenverzeichnis\\\/ah-und-oh-gruessen-verpacken-schenken\\\/\",\"url\":\"https:\\\/\\\/www.meinesuedstadt.de\\\/branchenverzeichnis\\\/ah-und-oh-gruessen-verpacken-schenken\\\/\",\"name\":\"Ah! und Oh! Gr\u00fc\u00dfen - Verpacken - Schenken - Meine S\u00fcdstadt\",\"isPartOf\":{\"@id\":\"https:\\\/\\\/www.meinesuedstadt.de\\\/branchenverzeichnis\\\/#website\"},\"datePublished\":\"-0001-11-30T00:00:00+00:00\",\"author\":{\"@id\":\"https:\\\/\\\/www.meinesuedstadt.de\\\/branchenverzeichnis\\\/#\\\/schema\\\/person\\\/4974ccd0047c4bef2ea2271bc1b66e8d\"},\"breadcrumb\":{\"@id\":\"https:\\\/\\\/www.meinesuedstadt.de\\\/branchenverzeichnis\\\/ah-und-oh-gruessen-verpacken-schenken\\\/#breadcrumb\"},\"inLanguage\":\"de\",\"potentialAction\":[{\"@type\":\"ReadAction\",\"target\":[\"https:\\\/\\\/www.meinesuedstadt.de\\\/branchenverzeichnis\\\/ah-und-oh-gruessen-verpacken-schenken\\\/\"]}]},{\"@type\":\"BreadcrumbList\",\"@id\":\"https:\\\/\\\/www.meinesuedstadt.de\\\/branchenverzeichnis\\\/ah-und-oh-gruessen-verpacken-schenken\\\/#breadcrumb\",\"itemListElement\":[{\"@type\":\"ListItem\",\"position\":1,\"name\":\"Startseite\",\"item\":\"https:\\\/\\\/www.meinesuedstadt.de\\\/branchenverzeichnis\\\/\"},{\"@type\":\"ListItem\",\"position\":2,\"name\":\"Ah! und Oh! Gr\u00fc\u00dfen &#8211; Verpacken &#8211; Schenken\"}]},{\"@type\":\"WebSite\",\"@id\":\"https:\\\/\\\/www.meinesuedstadt.de\\\/branchenverzeichnis\\\/#website\",\"url\":\"https:\\\/\\\/www.meinesuedstadt.de\\\/branchenverzeichnis\\\/\",\"name\":\"Meine S\u00fcdstadt\",\"description\":\"Branchenverzeichnis aus der S\u00fcdstadt K\u00f6lns\",\"potentialAction\":[{\"@type\":\"SearchAction\",\"target\":{\"@type\":\"EntryPoint\",\"urlTemplate\":\"https:\\\/\\\/www.meinesuedstadt.de\\\/branchenverzeichnis\\\/?s={search_term_string}\"},\"query-input\":{\"@type\":\"PropertyValueSpecification\",\"valueRequired\":true,\"valueName\":\"search_term_string\"}}],\"inLanguage\":\"de\"},{\"@type\":\"Person\",\"@id\":\"https:\\\/\\\/www.meinesuedstadt.de\\\/branchenverzeichnis\\\/#\\\/schema\\\/person\\\/4974ccd0047c4bef2ea2271bc1b66e8d\",\"name\":\"Mario Friese\",\"image\":{\"@type\":\"ImageObject\",\"inLanguage\":\"de\",\"@id\":\"https:\\\/\\\/secure.gravatar.com\\\/avatar\\\/38afb5244388eb07856f264e0b17f6d56309e4e5bba4ea1716b6dadd14a2aab0?s=96&d=mm&r=g\",\"url\":\"https:\\\/\\\/secure.gravatar.com\\\/avatar\\\/38afb5244388eb07856f264e0b17f6d56309e4e5bba4ea1716b6dadd14a2aab0?s=96&d=mm&r=g\",\"contentUrl\":\"https:\\\/\\\/secure.gravatar.com\\\/avatar\\\/38afb5244388eb07856f264e0b17f6d56309e4e5bba4ea1716b6dadd14a2aab0?s=96&d=mm&r=g\",\"caption\":\"Mario Friese\"},\"sameAs\":[\"https:\\\/\\\/fgrepublik.com\"]}]}<\/script>\n<!-- \/ Yoast SEO plugin. -->","yoast_head_json":{"title":"Ah! und Oh! Gr\u00fc\u00dfen - Verpacken - Schenken - Meine S\u00fcdstadt","robots":{"index":"index","follow":"follow","max-snippet":"max-snippet:-1","max-image-preview":"max-image-preview:large","max-video-preview":"max-video-preview:-1"},"canonical":"https:\/\/www.meinesuedstadt.de\/branchenverzeichnis\/ah-und-oh-gruessen-verpacken-schenken\/","og_locale":"de_DE","og_type":"article","og_title":"Ah! und Oh! Gr\u00fc\u00dfen - Verpacken - Schenken - Meine S\u00fcdstadt","og_description":"&nbsp;Betritt man den h\u00fcbschen kleinen Laden von Alexandra Ohler, geht einem das Herz auf: Sch\u00f6nes, wohin man blickt! W\u00fcrdig eingefasst in gro\u00dfe Bilderrahmen h\u00e4ngen wundersch\u00f6ne Geschenkpapiere an der Wand, gibt es Gru\u00dfkarten, die einem die Wahl der Richtigen sehr schwer machen, weil sie einfach alle so sch\u00f6n sind und reihen sich Geschenkb\u00e4nder zu einem bunten [&hellip;]","og_url":"https:\/\/www.meinesuedstadt.de\/branchenverzeichnis\/ah-und-oh-gruessen-verpacken-schenken\/","og_site_name":"Meine S\u00fcdstadt","article_publisher":"https:\/\/www.facebook.com\/Meinesuedstadt\/","article_published_time":"-0001-11-30T00:00:00+00:00","author":"Mario Friese","twitter_card":"summary_large_image","twitter_creator":"@meinesuedstadt","twitter_site":"@meinesuedstadt","twitter_misc":{"Verfasst von":"Mario Friese","Gesch\u00e4tzte Lesezeit":"4\u00a0Minuten"},"schema":{"@context":"https:\/\/schema.org","@graph":[{"@type":"Article","@id":"https:\/\/www.meinesuedstadt.de\/branchenverzeichnis\/ah-und-oh-gruessen-verpacken-schenken\/#article","isPartOf":{"@id":"https:\/\/www.meinesuedstadt.de\/branchenverzeichnis\/ah-und-oh-gruessen-verpacken-schenken\/"},"author":{"name":"Mario Friese","@id":"https:\/\/www.meinesuedstadt.de\/branchenverzeichnis\/#\/schema\/person\/4974ccd0047c4bef2ea2271bc1b66e8d"},"headline":"Ah! und Oh! Gr\u00fc\u00dfen &#8211; Verpacken &#8211; Schenken","datePublished":"-0001-11-30T00:00:00+00:00","mainEntityOfPage":{"@id":"https:\/\/www.meinesuedstadt.de\/branchenverzeichnis\/ah-und-oh-gruessen-verpacken-schenken\/"},"wordCount":722,"commentCount":0,"articleSection":["Dekoration","Wohnen &amp; Dekoration"],"inLanguage":"de","potentialAction":[{"@type":"CommentAction","name":"Comment","target":["https:\/\/www.meinesuedstadt.de\/branchenverzeichnis\/ah-und-oh-gruessen-verpacken-schenken\/#respond"]}]},{"@type":"WebPage","@id":"https:\/\/www.meinesuedstadt.de\/branchenverzeichnis\/ah-und-oh-gruessen-verpacken-schenken\/","url":"https:\/\/www.meinesuedstadt.de\/branchenverzeichnis\/ah-und-oh-gruessen-verpacken-schenken\/","name":"Ah! und Oh! Gr\u00fc\u00dfen - Verpacken - Schenken - Meine S\u00fcdstadt","isPartOf":{"@id":"https:\/\/www.meinesuedstadt.de\/branchenverzeichnis\/#website"},"datePublished":"-0001-11-30T00:00:00+00:00","author":{"@id":"https:\/\/www.meinesuedstadt.de\/branchenverzeichnis\/#\/schema\/person\/4974ccd0047c4bef2ea2271bc1b66e8d"},"breadcrumb":{"@id":"https:\/\/www.meinesuedstadt.de\/branchenverzeichnis\/ah-und-oh-gruessen-verpacken-schenken\/#breadcrumb"},"inLanguage":"de","potentialAction":[{"@type":"ReadAction","target":["https:\/\/www.meinesuedstadt.de\/branchenverzeichnis\/ah-und-oh-gruessen-verpacken-schenken\/"]}]},{"@type":"BreadcrumbList","@id":"https:\/\/www.meinesuedstadt.de\/branchenverzeichnis\/ah-und-oh-gruessen-verpacken-schenken\/#breadcrumb","itemListElement":[{"@type":"ListItem","position":1,"name":"Startseite","item":"https:\/\/www.meinesuedstadt.de\/branchenverzeichnis\/"},{"@type":"ListItem","position":2,"name":"Ah! und Oh! Gr\u00fc\u00dfen &#8211; Verpacken &#8211; Schenken"}]},{"@type":"WebSite","@id":"https:\/\/www.meinesuedstadt.de\/branchenverzeichnis\/#website","url":"https:\/\/www.meinesuedstadt.de\/branchenverzeichnis\/","name":"Meine S\u00fcdstadt","description":"Branchenverzeichnis aus der S\u00fcdstadt K\u00f6lns","potentialAction":[{"@type":"SearchAction","target":{"@type":"EntryPoint","urlTemplate":"https:\/\/www.meinesuedstadt.de\/branchenverzeichnis\/?s={search_term_string}"},"query-input":{"@type":"PropertyValueSpecification","valueRequired":true,"valueName":"search_term_string"}}],"inLanguage":"de"},{"@type":"Person","@id":"https:\/\/www.meinesuedstadt.de\/branchenverzeichnis\/#\/schema\/person\/4974ccd0047c4bef2ea2271bc1b66e8d","name":"Mario Friese","image":{"@type":"ImageObject","inLanguage":"de","@id":"https:\/\/secure.gravatar.com\/avatar\/38afb5244388eb07856f264e0b17f6d56309e4e5bba4ea1716b6dadd14a2aab0?s=96&d=mm&r=g","url":"https:\/\/secure.gravatar.com\/avatar\/38afb5244388eb07856f264e0b17f6d56309e4e5bba4ea1716b6dadd14a2aab0?s=96&d=mm&r=g","contentUrl":"https:\/\/secure.gravatar.com\/avatar\/38afb5244388eb07856f264e0b17f6d56309e4e5bba4ea1716b6dadd14a2aab0?s=96&d=mm&r=g","caption":"Mario Friese"},"sameAs":["https:\/\/fgrepublik.com"]}]}},"priority":0,"metaAddress":"Goltsteinstra\u00dfe 41  - Bayenthal, 50968 K\u00f6ln","_links":{"self":[{"href":"https:\/\/www.meinesuedstadt.de\/branchenverzeichnis\/wp-json\/wp\/v2\/posts\/1347","targetHints":{"allow":["GET"]}}],"collection":[{"href":"https:\/\/www.meinesuedstadt.de\/branchenverzeichnis\/wp-json\/wp\/v2\/posts"}],"about":[{"href":"https:\/\/www.meinesuedstadt.de\/branchenverzeichnis\/wp-json\/wp\/v2\/types\/post"}],"author":[{"embeddable":true,"href":"https:\/\/www.meinesuedstadt.de\/branchenverzeichnis\/wp-json\/wp\/v2\/users\/2"}],"replies":[{"embeddable":true,"href":"https:\/\/www.meinesuedstadt.de\/branchenverzeichnis\/wp-json\/wp\/v2\/comments?post=1347"}],"version-history":[{"count":0,"href":"https:\/\/www.meinesuedstadt.de\/branchenverzeichnis\/wp-json\/wp\/v2\/posts\/1347\/revisions"}],"wp:attachment":[{"href":"https:\/\/www.meinesuedstadt.de\/branchenverzeichnis\/wp-json\/wp\/v2\/media?parent=1347"}],"wp:term":[{"taxonomy":"category","embeddable":true,"href":"https:\/\/www.meinesuedstadt.de\/branchenverzeichnis\/wp-json\/wp\/v2\/categories?post=1347"},{"taxonomy":"post_tag","embeddable":true,"href":"https:\/\/www.meinesuedstadt.de\/branchenverzeichnis\/wp-json\/wp\/v2\/tags?post=1347"}],"curies":[{"name":"wp","href":"https:\/\/api.w.org\/{rel}","templated":true}]}}