{"id":1413,"date":"2011-04-27T18:02:48","date_gmt":"2011-04-27T16:02:48","guid":{"rendered":"http:\/\/www.meinesuedstadt.de\/branchenverzeichnis\/?p=1413"},"modified":"2011-04-27T18:02:48","modified_gmt":"2011-04-27T16:02:48","slug":"nachtigall-lerche-akademie-fuer-gesang","status":"publish","type":"post","link":"https:\/\/www.meinesuedstadt.de\/branchenverzeichnis\/nachtigall-lerche-akademie-fuer-gesang\/","title":{"rendered":"Nachtigall &#038; Lerche &#8211; Akademie f\u00fcr Gesang"},"content":{"rendered":"<p>&nbsp;<\/p>\n<p>\u0084Begeisterung f\u00fcr Musik, Enthusiasmus f\u00fcr Gesang!\u0093 Warum Nicola M\u00fcllers ihre Musikschule in der S\u00fcdstadt betreibt, erschlie\u00dft sich schnell. Die neuen R\u00e4ume im Karth\u00e4userwall sind verspielt eingerichtet. Zwei Fl\u00fcgel, diverse Klaviere, Stoffe, Sitzgelegenheiten, Wohlf\u00fchlatmosph\u00e4re. Der alte Holztisch l\u00e4dt zum Ausruhen ein und die Kronleuchter tauchen den gro\u00dfen Raum in ein angenehmes Licht.<\/p>\n<p>Zwei Prober\u00e4ume sind durch diese gro\u00dfen, beinahe wie ein Wohnzimmer wirkenden Saal verbunden. Der Holzfu\u00dfboden gibt dem Ensemble W\u00e4rme und das Oberlicht l\u00e4sst den Tag hereinfluten. Doch nicht nur die Musik des Tages wird hier hervorgebracht \u0096 die Nachtigall, das klassische Tier des Nachtgesanges, \u00fcbernimmt dann und wann das Ruder. Bei Konzerten oder auch im Unterricht.<br \/>F\u00fcnf Dozenten arbeiten neben der Leiterin in der Akademie f\u00fcr Gesang. Marcellina van der Grinten, Paola Gronau, Martin Schmidt, Dominique Aline Bilitza und Bethany Barber haben allesamt eine klassische Gesangsausbildung genossen, bieten jedoch auch Pop- und Musical-Gesang an. Wer sich in ihre H\u00e4nde und Ohren begibt, muss allerdings darauf gefasst sein, hin und wieder mit anderen Gengres konfrontiert zu werden.<\/p>\n<p>Nicola M\u00fcllers selber kann auf eine fundierte Karriere als Gesangslehrerin zur\u00fcckblicken. Zwanzig Jahre ist sie im Gesch\u00e4ft. Sie singt Opern, arbeitet in freien Produktionen, gibt Konzerte und bringt so einen wahren Schatz an Erfahrungen mit, die sie an ihre Sch\u00fclerInnen weiter gibt. Kein Wunder also, dass die Sch\u00fcler, die den Weg zu ihrer Schule gefunden haben, auch viele Jahre bleiben. So hat sich im Laufe der Jahre eine enge Bindung zu ihren Sch\u00fclern entwickelt.<br \/>Die beiden V\u00f6gel, die das Leitmotiv der Schule abgeben, symbolisieren die beiden Seiten des Lebens in seinen vielen Ausformungen. In diesem Sinne richtet sich das Angebot der Akademie f\u00fcr Gesang an alt und jung, an Profis und Amateure, an Liebhaber der Klassik und des Pop. Tag und Nacht werden zusammengef\u00fchrt und machen die R\u00e4ume zu einem magischen Anziehungspunkt mit kraftvoller Energie.<\/p>\n<p>\u0084Singen ist auch ein Mittel, die Faszination von Musik zu erfahren\u0093, sagt Nicole M\u00fcllers dazu. Sie hat sich nach und nach spezialisiert und konzentriert sich selber immer mehr auf geschulte Musiker. Enthusiasten und Chors\u00e4nger, diejenigen, die schon einige Erfahrung gesammelt haben, trainiert sie. Aber auch die Unerfahrenen, die seit Jahren den Wunsch hegen, endlich wieder zu singen, sind willkommen. \u0084Singen befreit, die Seele darf sich entwickeln und der Mensch kann zu sich finden, indem er seinen K\u00f6rper und seine Seele sp\u00fcrt.\u0093<\/p>\n<p>Der j\u00fcngste Sch\u00fcler bei Nachtigall &amp; Lerche ist gerade einmal f\u00fcnf, der \u00e4lteste kann sich \u00fcber siebzig Jahre freuen. \u0084Auch mit hundert kann man noch anfangen zu singen!\u0093 Singen ist f\u00fcr die gelernte dramatische Sopranistin ein Lebenselixier. Und genau dieses Bewusstsein m\u00f6chte sie ihren Sch\u00fclerinnen vermitteln.<br \/>&nbsp;<br \/>Tradition haben f\u00fcr Nicola M\u00fcllers die Konzertreihen, die sie teilweise seit Jahren organisiert und somit immer wieder Musik in die S\u00fcdstadt bringt. In Kooperation mit der Stiftung der Familie Groote kommt regelm\u00e4\u00dfig Musik in der Elendskirche hinter St. Johann Baptist zur Auff\u00fchrung und gestatten dann einen der seltenen Einblicke in die Kapelle. Die Podiumskonzerte geben den Sch\u00fclern die M\u00f6glichkeit, ihre Fortschritte der \u00d6ffentlichkeit zu Geh\u00f6r zu bringen. Und im Salon Nachtigall treten einmal im Monat befreundete K\u00fcnstler der Akademie f\u00fcr Gesang zu sp\u00e4ter Stunde auf, um die musikalischen Seiten der Nacht zu untermalen.<br \/>Im Rahmen der Musikschule haben sich zudem das Frauenensemble N&amp;L f\u00fcr fortgeschrittenen S\u00e4ngerinnen und ein Quintett f\u00fcr alte Musik gegr\u00fcndet. Weitere Gesangsprojekte sind in Planung und werden die S\u00fcdstadt mit Musik erfreuen.<br \/>&nbsp;<br \/>Erfahrene und Unerfahrene, Erwachsene und Kinder, Klassiker und Musicalverliebte \u0096 den M\u00f6glichkeiten sind in der Akademie f\u00fcr Gesang mit dem wohlklingenden Namen Nachtigall &amp; Lerche keine Grenzen gesetzt.<br \/>&nbsp;<\/p>\n","protected":false},"excerpt":{"rendered":"<p>&nbsp; \u0084Begeisterung f\u00fcr Musik, Enthusiasmus f\u00fcr Gesang!\u0093 Warum Nicola M\u00fcllers ihre Musikschule in der S\u00fcdstadt betreibt, erschlie\u00dft sich schnell. Die neuen R\u00e4ume im Karth\u00e4userwall sind verspielt eingerichtet. Zwei Fl\u00fcgel, diverse Klaviere, Stoffe, Sitzgelegenheiten, Wohlf\u00fchlatmosph\u00e4re. Der alte Holztisch l\u00e4dt zum Ausruhen ein und die Kronleuchter tauchen den gro\u00dfen Raum in ein angenehmes Licht. Zwei Prober\u00e4ume sind [&hellip;]<\/p>\n","protected":false},"author":2,"featured_media":0,"comment_status":"open","ping_status":"open","sticky":false,"template":"","format":"standard","meta":{"_acf_changed":false,"footnotes":""},"categories":[273,250],"tags":[],"class_list":["post-1413","post","type-post","status-publish","format-standard","hentry","category-musiker","category-schulen"],"acf":[],"yoast_head":"<!-- This site is optimized with the Yoast SEO plugin v27.4 - https:\/\/yoast.com\/product\/yoast-seo-wordpress\/ -->\n<title>Nachtigall &amp; Lerche - Akademie f\u00fcr Gesang - Meine S\u00fcdstadt<\/title>\n<meta name=\"robots\" content=\"index, follow, max-snippet:-1, max-image-preview:large, max-video-preview:-1\" \/>\n<link rel=\"canonical\" href=\"https:\/\/www.meinesuedstadt.de\/branchenverzeichnis\/nachtigall-lerche-akademie-fuer-gesang\/\" \/>\n<meta property=\"og:locale\" content=\"de_DE\" \/>\n<meta property=\"og:type\" content=\"article\" \/>\n<meta property=\"og:title\" content=\"Nachtigall &amp; Lerche - Akademie f\u00fcr Gesang - Meine S\u00fcdstadt\" \/>\n<meta property=\"og:description\" content=\"&nbsp; \u0084Begeisterung f\u00fcr Musik, Enthusiasmus f\u00fcr Gesang!\u0093 Warum Nicola M\u00fcllers ihre Musikschule in der S\u00fcdstadt betreibt, erschlie\u00dft sich schnell. Die neuen R\u00e4ume im Karth\u00e4userwall sind verspielt eingerichtet. Zwei Fl\u00fcgel, diverse Klaviere, Stoffe, Sitzgelegenheiten, Wohlf\u00fchlatmosph\u00e4re. Der alte Holztisch l\u00e4dt zum Ausruhen ein und die Kronleuchter tauchen den gro\u00dfen Raum in ein angenehmes Licht. Zwei Prober\u00e4ume sind [&hellip;]\" \/>\n<meta property=\"og:url\" content=\"https:\/\/www.meinesuedstadt.de\/branchenverzeichnis\/nachtigall-lerche-akademie-fuer-gesang\/\" \/>\n<meta property=\"og:site_name\" content=\"Meine S\u00fcdstadt\" \/>\n<meta property=\"article:publisher\" content=\"https:\/\/www.facebook.com\/Meinesuedstadt\/\" \/>\n<meta property=\"article:published_time\" content=\"-0001-11-30T00:00:00+00:00\" \/>\n<meta name=\"author\" content=\"Mario Friese\" \/>\n<meta name=\"twitter:card\" content=\"summary_large_image\" \/>\n<meta name=\"twitter:creator\" content=\"@meinesuedstadt\" \/>\n<meta name=\"twitter:site\" content=\"@meinesuedstadt\" \/>\n<meta name=\"twitter:label1\" content=\"Verfasst von\" \/>\n\t<meta name=\"twitter:data1\" content=\"Mario Friese\" \/>\n\t<meta name=\"twitter:label2\" content=\"Gesch\u00e4tzte Lesezeit\" \/>\n\t<meta name=\"twitter:data2\" content=\"3\u00a0Minuten\" \/>\n<script type=\"application\/ld+json\" class=\"yoast-schema-graph\">{\"@context\":\"https:\\\/\\\/schema.org\",\"@graph\":[{\"@type\":\"Article\",\"@id\":\"https:\\\/\\\/www.meinesuedstadt.de\\\/branchenverzeichnis\\\/nachtigall-lerche-akademie-fuer-gesang\\\/#article\",\"isPartOf\":{\"@id\":\"https:\\\/\\\/www.meinesuedstadt.de\\\/branchenverzeichnis\\\/nachtigall-lerche-akademie-fuer-gesang\\\/\"},\"author\":{\"name\":\"Mario Friese\",\"@id\":\"https:\\\/\\\/www.meinesuedstadt.de\\\/branchenverzeichnis\\\/#\\\/schema\\\/person\\\/4974ccd0047c4bef2ea2271bc1b66e8d\"},\"headline\":\"Nachtigall &#038; Lerche &#8211; Akademie f\u00fcr Gesang\",\"datePublished\":\"-0001-11-30T00:00:00+00:00\",\"mainEntityOfPage\":{\"@id\":\"https:\\\/\\\/www.meinesuedstadt.de\\\/branchenverzeichnis\\\/nachtigall-lerche-akademie-fuer-gesang\\\/\"},\"wordCount\":651,\"commentCount\":0,\"articleSection\":[\"Musiker\",\"Schulen\"],\"inLanguage\":\"de\",\"potentialAction\":[{\"@type\":\"CommentAction\",\"name\":\"Comment\",\"target\":[\"https:\\\/\\\/www.meinesuedstadt.de\\\/branchenverzeichnis\\\/nachtigall-lerche-akademie-fuer-gesang\\\/#respond\"]}]},{\"@type\":\"WebPage\",\"@id\":\"https:\\\/\\\/www.meinesuedstadt.de\\\/branchenverzeichnis\\\/nachtigall-lerche-akademie-fuer-gesang\\\/\",\"url\":\"https:\\\/\\\/www.meinesuedstadt.de\\\/branchenverzeichnis\\\/nachtigall-lerche-akademie-fuer-gesang\\\/\",\"name\":\"Nachtigall & Lerche - Akademie f\u00fcr Gesang - Meine S\u00fcdstadt\",\"isPartOf\":{\"@id\":\"https:\\\/\\\/www.meinesuedstadt.de\\\/branchenverzeichnis\\\/#website\"},\"datePublished\":\"-0001-11-30T00:00:00+00:00\",\"author\":{\"@id\":\"https:\\\/\\\/www.meinesuedstadt.de\\\/branchenverzeichnis\\\/#\\\/schema\\\/person\\\/4974ccd0047c4bef2ea2271bc1b66e8d\"},\"breadcrumb\":{\"@id\":\"https:\\\/\\\/www.meinesuedstadt.de\\\/branchenverzeichnis\\\/nachtigall-lerche-akademie-fuer-gesang\\\/#breadcrumb\"},\"inLanguage\":\"de\",\"potentialAction\":[{\"@type\":\"ReadAction\",\"target\":[\"https:\\\/\\\/www.meinesuedstadt.de\\\/branchenverzeichnis\\\/nachtigall-lerche-akademie-fuer-gesang\\\/\"]}]},{\"@type\":\"BreadcrumbList\",\"@id\":\"https:\\\/\\\/www.meinesuedstadt.de\\\/branchenverzeichnis\\\/nachtigall-lerche-akademie-fuer-gesang\\\/#breadcrumb\",\"itemListElement\":[{\"@type\":\"ListItem\",\"position\":1,\"name\":\"Startseite\",\"item\":\"https:\\\/\\\/www.meinesuedstadt.de\\\/branchenverzeichnis\\\/\"},{\"@type\":\"ListItem\",\"position\":2,\"name\":\"Nachtigall &#038; Lerche &#8211; Akademie f\u00fcr Gesang\"}]},{\"@type\":\"WebSite\",\"@id\":\"https:\\\/\\\/www.meinesuedstadt.de\\\/branchenverzeichnis\\\/#website\",\"url\":\"https:\\\/\\\/www.meinesuedstadt.de\\\/branchenverzeichnis\\\/\",\"name\":\"Meine S\u00fcdstadt\",\"description\":\"Branchenverzeichnis aus der S\u00fcdstadt K\u00f6lns\",\"potentialAction\":[{\"@type\":\"SearchAction\",\"target\":{\"@type\":\"EntryPoint\",\"urlTemplate\":\"https:\\\/\\\/www.meinesuedstadt.de\\\/branchenverzeichnis\\\/?s={search_term_string}\"},\"query-input\":{\"@type\":\"PropertyValueSpecification\",\"valueRequired\":true,\"valueName\":\"search_term_string\"}}],\"inLanguage\":\"de\"},{\"@type\":\"Person\",\"@id\":\"https:\\\/\\\/www.meinesuedstadt.de\\\/branchenverzeichnis\\\/#\\\/schema\\\/person\\\/4974ccd0047c4bef2ea2271bc1b66e8d\",\"name\":\"Mario Friese\",\"image\":{\"@type\":\"ImageObject\",\"inLanguage\":\"de\",\"@id\":\"https:\\\/\\\/secure.gravatar.com\\\/avatar\\\/38afb5244388eb07856f264e0b17f6d56309e4e5bba4ea1716b6dadd14a2aab0?s=96&d=mm&r=g\",\"url\":\"https:\\\/\\\/secure.gravatar.com\\\/avatar\\\/38afb5244388eb07856f264e0b17f6d56309e4e5bba4ea1716b6dadd14a2aab0?s=96&d=mm&r=g\",\"contentUrl\":\"https:\\\/\\\/secure.gravatar.com\\\/avatar\\\/38afb5244388eb07856f264e0b17f6d56309e4e5bba4ea1716b6dadd14a2aab0?s=96&d=mm&r=g\",\"caption\":\"Mario Friese\"},\"sameAs\":[\"https:\\\/\\\/fgrepublik.com\"]}]}<\/script>\n<!-- \/ Yoast SEO plugin. -->","yoast_head_json":{"title":"Nachtigall & Lerche - Akademie f\u00fcr Gesang - Meine S\u00fcdstadt","robots":{"index":"index","follow":"follow","max-snippet":"max-snippet:-1","max-image-preview":"max-image-preview:large","max-video-preview":"max-video-preview:-1"},"canonical":"https:\/\/www.meinesuedstadt.de\/branchenverzeichnis\/nachtigall-lerche-akademie-fuer-gesang\/","og_locale":"de_DE","og_type":"article","og_title":"Nachtigall & Lerche - Akademie f\u00fcr Gesang - Meine S\u00fcdstadt","og_description":"&nbsp; \u0084Begeisterung f\u00fcr Musik, Enthusiasmus f\u00fcr Gesang!\u0093 Warum Nicola M\u00fcllers ihre Musikschule in der S\u00fcdstadt betreibt, erschlie\u00dft sich schnell. Die neuen R\u00e4ume im Karth\u00e4userwall sind verspielt eingerichtet. Zwei Fl\u00fcgel, diverse Klaviere, Stoffe, Sitzgelegenheiten, Wohlf\u00fchlatmosph\u00e4re. Der alte Holztisch l\u00e4dt zum Ausruhen ein und die Kronleuchter tauchen den gro\u00dfen Raum in ein angenehmes Licht. Zwei Prober\u00e4ume sind [&hellip;]","og_url":"https:\/\/www.meinesuedstadt.de\/branchenverzeichnis\/nachtigall-lerche-akademie-fuer-gesang\/","og_site_name":"Meine S\u00fcdstadt","article_publisher":"https:\/\/www.facebook.com\/Meinesuedstadt\/","article_published_time":"-0001-11-30T00:00:00+00:00","author":"Mario Friese","twitter_card":"summary_large_image","twitter_creator":"@meinesuedstadt","twitter_site":"@meinesuedstadt","twitter_misc":{"Verfasst von":"Mario Friese","Gesch\u00e4tzte Lesezeit":"3\u00a0Minuten"},"schema":{"@context":"https:\/\/schema.org","@graph":[{"@type":"Article","@id":"https:\/\/www.meinesuedstadt.de\/branchenverzeichnis\/nachtigall-lerche-akademie-fuer-gesang\/#article","isPartOf":{"@id":"https:\/\/www.meinesuedstadt.de\/branchenverzeichnis\/nachtigall-lerche-akademie-fuer-gesang\/"},"author":{"name":"Mario Friese","@id":"https:\/\/www.meinesuedstadt.de\/branchenverzeichnis\/#\/schema\/person\/4974ccd0047c4bef2ea2271bc1b66e8d"},"headline":"Nachtigall &#038; Lerche &#8211; Akademie f\u00fcr Gesang","datePublished":"-0001-11-30T00:00:00+00:00","mainEntityOfPage":{"@id":"https:\/\/www.meinesuedstadt.de\/branchenverzeichnis\/nachtigall-lerche-akademie-fuer-gesang\/"},"wordCount":651,"commentCount":0,"articleSection":["Musiker","Schulen"],"inLanguage":"de","potentialAction":[{"@type":"CommentAction","name":"Comment","target":["https:\/\/www.meinesuedstadt.de\/branchenverzeichnis\/nachtigall-lerche-akademie-fuer-gesang\/#respond"]}]},{"@type":"WebPage","@id":"https:\/\/www.meinesuedstadt.de\/branchenverzeichnis\/nachtigall-lerche-akademie-fuer-gesang\/","url":"https:\/\/www.meinesuedstadt.de\/branchenverzeichnis\/nachtigall-lerche-akademie-fuer-gesang\/","name":"Nachtigall & Lerche - Akademie f\u00fcr Gesang - Meine S\u00fcdstadt","isPartOf":{"@id":"https:\/\/www.meinesuedstadt.de\/branchenverzeichnis\/#website"},"datePublished":"-0001-11-30T00:00:00+00:00","author":{"@id":"https:\/\/www.meinesuedstadt.de\/branchenverzeichnis\/#\/schema\/person\/4974ccd0047c4bef2ea2271bc1b66e8d"},"breadcrumb":{"@id":"https:\/\/www.meinesuedstadt.de\/branchenverzeichnis\/nachtigall-lerche-akademie-fuer-gesang\/#breadcrumb"},"inLanguage":"de","potentialAction":[{"@type":"ReadAction","target":["https:\/\/www.meinesuedstadt.de\/branchenverzeichnis\/nachtigall-lerche-akademie-fuer-gesang\/"]}]},{"@type":"BreadcrumbList","@id":"https:\/\/www.meinesuedstadt.de\/branchenverzeichnis\/nachtigall-lerche-akademie-fuer-gesang\/#breadcrumb","itemListElement":[{"@type":"ListItem","position":1,"name":"Startseite","item":"https:\/\/www.meinesuedstadt.de\/branchenverzeichnis\/"},{"@type":"ListItem","position":2,"name":"Nachtigall &#038; Lerche &#8211; Akademie f\u00fcr Gesang"}]},{"@type":"WebSite","@id":"https:\/\/www.meinesuedstadt.de\/branchenverzeichnis\/#website","url":"https:\/\/www.meinesuedstadt.de\/branchenverzeichnis\/","name":"Meine S\u00fcdstadt","description":"Branchenverzeichnis aus der S\u00fcdstadt K\u00f6lns","potentialAction":[{"@type":"SearchAction","target":{"@type":"EntryPoint","urlTemplate":"https:\/\/www.meinesuedstadt.de\/branchenverzeichnis\/?s={search_term_string}"},"query-input":{"@type":"PropertyValueSpecification","valueRequired":true,"valueName":"search_term_string"}}],"inLanguage":"de"},{"@type":"Person","@id":"https:\/\/www.meinesuedstadt.de\/branchenverzeichnis\/#\/schema\/person\/4974ccd0047c4bef2ea2271bc1b66e8d","name":"Mario Friese","image":{"@type":"ImageObject","inLanguage":"de","@id":"https:\/\/secure.gravatar.com\/avatar\/38afb5244388eb07856f264e0b17f6d56309e4e5bba4ea1716b6dadd14a2aab0?s=96&d=mm&r=g","url":"https:\/\/secure.gravatar.com\/avatar\/38afb5244388eb07856f264e0b17f6d56309e4e5bba4ea1716b6dadd14a2aab0?s=96&d=mm&r=g","contentUrl":"https:\/\/secure.gravatar.com\/avatar\/38afb5244388eb07856f264e0b17f6d56309e4e5bba4ea1716b6dadd14a2aab0?s=96&d=mm&r=g","caption":"Mario Friese"},"sameAs":["https:\/\/fgrepublik.com"]}]}},"priority":0,"metaAddress":"Kart\u00e4userwall 53 , 50678 K\u00f6ln","_links":{"self":[{"href":"https:\/\/www.meinesuedstadt.de\/branchenverzeichnis\/wp-json\/wp\/v2\/posts\/1413","targetHints":{"allow":["GET"]}}],"collection":[{"href":"https:\/\/www.meinesuedstadt.de\/branchenverzeichnis\/wp-json\/wp\/v2\/posts"}],"about":[{"href":"https:\/\/www.meinesuedstadt.de\/branchenverzeichnis\/wp-json\/wp\/v2\/types\/post"}],"author":[{"embeddable":true,"href":"https:\/\/www.meinesuedstadt.de\/branchenverzeichnis\/wp-json\/wp\/v2\/users\/2"}],"replies":[{"embeddable":true,"href":"https:\/\/www.meinesuedstadt.de\/branchenverzeichnis\/wp-json\/wp\/v2\/comments?post=1413"}],"version-history":[{"count":0,"href":"https:\/\/www.meinesuedstadt.de\/branchenverzeichnis\/wp-json\/wp\/v2\/posts\/1413\/revisions"}],"wp:attachment":[{"href":"https:\/\/www.meinesuedstadt.de\/branchenverzeichnis\/wp-json\/wp\/v2\/media?parent=1413"}],"wp:term":[{"taxonomy":"category","embeddable":true,"href":"https:\/\/www.meinesuedstadt.de\/branchenverzeichnis\/wp-json\/wp\/v2\/categories?post=1413"},{"taxonomy":"post_tag","embeddable":true,"href":"https:\/\/www.meinesuedstadt.de\/branchenverzeichnis\/wp-json\/wp\/v2\/tags?post=1413"}],"curies":[{"name":"wp","href":"https:\/\/api.w.org\/{rel}","templated":true}]}}