{"id":1454,"date":"2011-09-20T07:18:12","date_gmt":"2011-09-20T05:18:12","guid":{"rendered":"http:\/\/www.meinesuedstadt.de\/branchenverzeichnis\/?p=1454"},"modified":"2018-07-11T18:12:47","modified_gmt":"2018-07-11T16:12:47","slug":"tagediebe-kinderbuecher-design","status":"publish","type":"post","link":"https:\/\/www.meinesuedstadt.de\/branchenverzeichnis\/tagediebe-kinderbuecher-design\/","title":{"rendered":"Tagediebe &#8211; Kinderb\u00fccher &#038; Design"},"content":{"rendered":"<p>Von den sch\u00f6nen Sachen l\u00e4sst man sich gerne den Tag stehlen! Denn das, was Claudia Rockel und Corinne Wemmer dort in ihrem h\u00fcbschen Laden im Hirschg\u00e4sschen verkaufen, ist sch\u00f6n, au\u00dfergew\u00f6hnlich und macht Gro\u00dfen wie Kleinen gleicherma\u00dfen Spa\u00df. Die beiden Freundinnen, die \u00fcber zehn Jahre lang gemeinsam in der Verlagsbuchhandlung von Taschen gearbeitet haben, haben sich mit dem kleinen Laden einen gro\u00dfen Traum erf\u00fcllt: ihren eigenen Kaufladen! Den hatten die beiden, die sich bislang mit Designb\u00fcchern befasst haben, schon l\u00e4nger im Kopf. B\u00fccher rund um Design sollte es weiterhin geben, daneben aber noch andere sch\u00f6ne Dinge, die es nicht an jeder Ecke gibt. Ein Concept Store mit dem Thema \u0084Sch\u00f6ne Dinge\u0093.<\/p>\n\n\t\t<style type=\"text\/css\">\n\t\t\t#gallery-1 {\n\t\t\t\tmargin: auto;\n\t\t\t}\n\t\t\t#gallery-1 .gallery-item {\n\t\t\t\tfloat: left;\n\t\t\t\tmargin-top: 10px;\n\t\t\t\ttext-align: center;\n\t\t\t\twidth: 25%;\n\t\t\t}\n\t\t\t#gallery-1 img {\n\t\t\t\tborder: 2px solid #cfcfcf;\n\t\t\t}\n\t\t\t#gallery-1 .gallery-caption {\n\t\t\t\tmargin-left: 0;\n\t\t\t}\n\t\t\t\/* see gallery_shortcode() in wp-includes\/media.php *\/\n\t\t<\/style>\n\t\t<div id='gallery-1' class='gallery galleryid-1454 gallery-columns-4 gallery-size-thumbnail'><dl class='gallery-item'>\n\t\t\t<dt class='gallery-icon landscape'>\n\t\t\t\t<a href='https:\/\/www.meinesuedstadt.de\/branchenverzeichnis\/wp-content\/uploads\/2011\/09\/Tagediebe-Meine-Suedstadt-Koeln-01.jpg' title=\"\" data-rl_title=\"\" class=\"rl-gallery-link\" data-rl_caption=\"\" data-rel=\"lightbox-gallery-1\"><img loading=\"lazy\" decoding=\"async\" width=\"150\" height=\"150\" src=\"https:\/\/www.meinesuedstadt.de\/branchenverzeichnis\/wp-content\/uploads\/2011\/09\/Tagediebe-Meine-Suedstadt-Koeln-01-150x150.jpg\" class=\"attachment-thumbnail size-thumbnail\" alt=\"Tagediebe - Meine S\u00fcdstadt K\u00f6ln\" \/><\/a>\n\t\t\t<\/dt><\/dl><dl class='gallery-item'>\n\t\t\t<dt class='gallery-icon landscape'>\n\t\t\t\t<a href='https:\/\/www.meinesuedstadt.de\/branchenverzeichnis\/wp-content\/uploads\/2011\/09\/Tagediebe-Meine-Suedstadt-Koeln-02.jpg' title=\"\" data-rl_title=\"\" class=\"rl-gallery-link\" data-rl_caption=\"\" data-rel=\"lightbox-gallery-1\"><img loading=\"lazy\" decoding=\"async\" width=\"150\" height=\"150\" src=\"https:\/\/www.meinesuedstadt.de\/branchenverzeichnis\/wp-content\/uploads\/2011\/09\/Tagediebe-Meine-Suedstadt-Koeln-02-150x150.jpg\" class=\"attachment-thumbnail size-thumbnail\" alt=\"Tagediebe - Meine S\u00fcdstadt K\u00f6ln\" \/><\/a>\n\t\t\t<\/dt><\/dl><dl class='gallery-item'>\n\t\t\t<dt class='gallery-icon landscape'>\n\t\t\t\t<a href='https:\/\/www.meinesuedstadt.de\/branchenverzeichnis\/wp-content\/uploads\/2011\/09\/Tagediebe-Meine-Suedstadt-Koeln-03.jpg' title=\"\" data-rl_title=\"\" class=\"rl-gallery-link\" data-rl_caption=\"\" data-rel=\"lightbox-gallery-1\"><img loading=\"lazy\" decoding=\"async\" width=\"150\" height=\"150\" src=\"https:\/\/www.meinesuedstadt.de\/branchenverzeichnis\/wp-content\/uploads\/2011\/09\/Tagediebe-Meine-Suedstadt-Koeln-03-150x150.jpg\" class=\"attachment-thumbnail size-thumbnail\" alt=\"Tagediebe - Meine S\u00fcdstadt K\u00f6ln\" \/><\/a>\n\t\t\t<\/dt><\/dl><dl class='gallery-item'>\n\t\t\t<dt class='gallery-icon landscape'>\n\t\t\t\t<a href='https:\/\/www.meinesuedstadt.de\/branchenverzeichnis\/wp-content\/uploads\/2011\/09\/Tagediebe-Meine-Suedstadt-Koeln-04.jpg' title=\"\" data-rl_title=\"\" class=\"rl-gallery-link\" data-rl_caption=\"\" data-rel=\"lightbox-gallery-1\"><img loading=\"lazy\" decoding=\"async\" width=\"150\" height=\"150\" src=\"https:\/\/www.meinesuedstadt.de\/branchenverzeichnis\/wp-content\/uploads\/2011\/09\/Tagediebe-Meine-Suedstadt-Koeln-04-150x150.jpg\" class=\"attachment-thumbnail size-thumbnail\" alt=\"Tagediebe - Meine S\u00fcdstadt K\u00f6ln\" \/><\/a>\n\t\t\t<\/dt><\/dl><br style=\"clear: both\" \/><dl class='gallery-item'>\n\t\t\t<dt class='gallery-icon landscape'>\n\t\t\t\t<a href='https:\/\/www.meinesuedstadt.de\/branchenverzeichnis\/wp-content\/uploads\/2011\/09\/Tagediebe-Meine-Suedstadt-Koeln-05.jpg' title=\"\" data-rl_title=\"\" class=\"rl-gallery-link\" data-rl_caption=\"\" data-rel=\"lightbox-gallery-1\"><img loading=\"lazy\" decoding=\"async\" width=\"150\" height=\"150\" src=\"https:\/\/www.meinesuedstadt.de\/branchenverzeichnis\/wp-content\/uploads\/2011\/09\/Tagediebe-Meine-Suedstadt-Koeln-05-150x150.jpg\" class=\"attachment-thumbnail size-thumbnail\" alt=\"Tagediebe - Meine S\u00fcdstadt K\u00f6ln\" \/><\/a>\n\t\t\t<\/dt><\/dl><dl class='gallery-item'>\n\t\t\t<dt class='gallery-icon landscape'>\n\t\t\t\t<a href='https:\/\/www.meinesuedstadt.de\/branchenverzeichnis\/wp-content\/uploads\/2011\/09\/Tagediebe-Meine-Suedstadt-Koeln-06.jpg' title=\"\" data-rl_title=\"\" class=\"rl-gallery-link\" data-rl_caption=\"\" data-rel=\"lightbox-gallery-1\"><img loading=\"lazy\" decoding=\"async\" width=\"150\" height=\"150\" src=\"https:\/\/www.meinesuedstadt.de\/branchenverzeichnis\/wp-content\/uploads\/2011\/09\/Tagediebe-Meine-Suedstadt-Koeln-06-150x150.jpg\" class=\"attachment-thumbnail size-thumbnail\" alt=\"Tagediebe - Meine S\u00fcdstadt K\u00f6ln\" \/><\/a>\n\t\t\t<\/dt><\/dl><dl class='gallery-item'>\n\t\t\t<dt class='gallery-icon landscape'>\n\t\t\t\t<a href='https:\/\/www.meinesuedstadt.de\/branchenverzeichnis\/wp-content\/uploads\/2011\/09\/Tagediebe-Meine-Suedstadt-Koeln-07.jpg' title=\"\" data-rl_title=\"\" class=\"rl-gallery-link\" data-rl_caption=\"\" data-rel=\"lightbox-gallery-1\"><img loading=\"lazy\" decoding=\"async\" width=\"150\" height=\"150\" src=\"https:\/\/www.meinesuedstadt.de\/branchenverzeichnis\/wp-content\/uploads\/2011\/09\/Tagediebe-Meine-Suedstadt-Koeln-07-150x150.jpg\" class=\"attachment-thumbnail size-thumbnail\" alt=\"Tagediebe - Meine S\u00fcdstadt K\u00f6ln\" \/><\/a>\n\t\t\t<\/dt><\/dl><dl class='gallery-item'>\n\t\t\t<dt class='gallery-icon portrait'>\n\t\t\t\t<a href='https:\/\/www.meinesuedstadt.de\/branchenverzeichnis\/wp-content\/uploads\/2011\/09\/Tagediebe-Meine-Suedstadt-Koeln-08.jpg' title=\"\" data-rl_title=\"\" class=\"rl-gallery-link\" data-rl_caption=\"\" data-rel=\"lightbox-gallery-1\"><img loading=\"lazy\" decoding=\"async\" width=\"150\" height=\"150\" src=\"https:\/\/www.meinesuedstadt.de\/branchenverzeichnis\/wp-content\/uploads\/2011\/09\/Tagediebe-Meine-Suedstadt-Koeln-08-150x150.jpg\" class=\"attachment-thumbnail size-thumbnail\" alt=\"Tagediebe - Meine S\u00fcdstadt K\u00f6ln\" \/><\/a>\n\t\t\t<\/dt><\/dl><br style=\"clear: both\" \/><dl class='gallery-item'>\n\t\t\t<dt class='gallery-icon landscape'>\n\t\t\t\t<a href='https:\/\/www.meinesuedstadt.de\/branchenverzeichnis\/wp-content\/uploads\/2011\/09\/Tagediebe-Meine-Suedstadt-Koeln-09.jpg' title=\"\" data-rl_title=\"\" class=\"rl-gallery-link\" data-rl_caption=\"\" data-rel=\"lightbox-gallery-1\"><img loading=\"lazy\" decoding=\"async\" width=\"150\" height=\"150\" src=\"https:\/\/www.meinesuedstadt.de\/branchenverzeichnis\/wp-content\/uploads\/2011\/09\/Tagediebe-Meine-Suedstadt-Koeln-09-150x150.jpg\" class=\"attachment-thumbnail size-thumbnail\" alt=\"Tagediebe - Meine S\u00fcdstadt K\u00f6ln\" \/><\/a>\n\t\t\t<\/dt><\/dl><dl class='gallery-item'>\n\t\t\t<dt class='gallery-icon landscape'>\n\t\t\t\t<a href='https:\/\/www.meinesuedstadt.de\/branchenverzeichnis\/wp-content\/uploads\/2011\/09\/Tagediebe-Meine-Suedstadt-Koeln-10.jpg' title=\"\" data-rl_title=\"\" class=\"rl-gallery-link\" data-rl_caption=\"\" data-rel=\"lightbox-gallery-1\"><img loading=\"lazy\" decoding=\"async\" width=\"150\" height=\"150\" src=\"https:\/\/www.meinesuedstadt.de\/branchenverzeichnis\/wp-content\/uploads\/2011\/09\/Tagediebe-Meine-Suedstadt-Koeln-10-150x150.jpg\" class=\"attachment-thumbnail size-thumbnail\" alt=\"Tagediebe - Meine S\u00fcdstadt K\u00f6ln\" \/><\/a>\n\t\t\t<\/dt><\/dl>\n\t\t\t<br style='clear: both' \/>\n\t\t<\/div>\n\n<p>So sind die beiden, die ihren Laden seit dem 8.Oktober 2011 gemeinsam f\u00fchren, permanent auf der Suche nach kleinen, ausgefallenen Labels, die Sch\u00f6nes produzieren. Und da Sch\u00f6nes alterslos ist, findet man bei \u0084Tagediebe\u0093 gutes Design f\u00fcr Gro\u00df und Klein. Angefangen bei der tollen Auswahl an illustrierten Kinderb\u00fcchern, die man garantiert nicht in einer der Rolltreppenbuchhandlungen findet, \u00fcber Grafikdesign und Urban Art-B\u00fccher bis hin zu ausgefallenen Designobjekten f\u00fcr den Alltag wie das Wooden Radio oder die NUD Lampe, einer Designlampe aus Schweden. Bei der Auswahl der Dinge, die es in ihren Kaufladen schaffen, achten die beiden aber nicht nur stilsicher auf gutes Design. Nachhaltigkeit, Fair Trade und &#8222;die gute Idee hinter dem Produkt&#8220; sind ebenfalls Faktoren, die Claudia und Corinne bei ihrer Warenwahl ber\u00fccksichtigen. So sieht das aufs Wesentliche reduzierte Holzradio, das Wooden Radio des indonesischen Designers Singgih Susilo Kartono, nicht nur stylisch aus, es dient zudem einem ganzen Dorf auf der Insel Java als Lebensgrundlage. Ecodesign ist das Stichwort und auch kleine Firmen wie der in Bayern produzierende Formbilderladen, der gute Ideen mit \u00f6kologisch einwandfreien Materialien umsetzt, wie das in Leder gebundene Kuhquartett, genie\u00dfen die Gunst der M\u00e4dels aus dem Hirschg\u00e4sschen. Von der Hack Tasche aus K\u00f6lns Belgischem Viertel, von deren Qualit\u00e4t jetzt auch die New Yorker \u00fcberzeugt sind, \u00fcber die s\u00fc\u00dfen Sachen der Hamburger Ahoi Marie bis hin zum Skandinavischen Design von Sagaform, findet man hier Dinge zum Verschenken und noch lieber Selbstbehalten, und das mit gutem Gewissen.<\/p>\n<p>Mit gutem Gewissen haben Kinder nix am Hut, sie zieht die gr\u00fcne Kunstgraswiese mit den tollen bunten B\u00fcchern magisch an. Hier darf gebl\u00e4ttert, gestaunt und mitgefiebert werden. Und mit den kreativ und sch\u00f6n designten Spielen des franz\u00f6sischen Spieleherstellers Djeco, geht der Spa\u00df dann zu Hause weiter. Gespielt, gepuzzelt, geschaut und gelesen wird hier dank des liebevoll ausgew\u00e4hlten Angebotes an Kindersachen auch f\u00fcr die Eltern mit gro\u00dfer Freude.<\/p>\n<p>Ein Spielzeug f\u00fcr die Gro\u00dfen sind die Lomo Kameras, die Claudia und Corinne dank der Leidenschaft eines Freundes auch f\u00fcr sich entdeckt haben. Spa\u00df machen Schnappsch\u00fcsse damit, wenn gleich mit einem Knopfdruck vier Bilder untereinander entstehen, oder \u00fcbereinander. Zwischen 50 und 90 Euro kann so jeder zum Fotok\u00fcnstler avancieren. Auch hier also: Design f\u00fcr alle!<\/p>\n<p>Neben den sch\u00f6nen Sachen, von denen man einfach nicht genug kriegen kann und von denen man bei jedem Besuch etwas Neues entdeckt, planen die beiden Tagediebe, ihren Kunden mit kleinen feinen Events ganz charmant die Zeit zu stehlen. Schlie\u00dflich sind die Kinderb\u00fccher nicht nur sch\u00f6n, die Geschichten sind spannend und machen sicher mehr Spa\u00df, wenn man sie gemeinsam anh\u00f6rt. Es wird also in Zukunft Kinderbuchlesungen geben im Hirschg\u00e4sschen, aber auch Ausstellungen kleiner besonderer Labels sind geplant, quasi Shop in Shop-Geschichten. Damit erweitern sie geschickt f\u00fcr kurze Zeit die Ladenfl\u00e4che und k\u00f6nnen so Ausgew\u00e4hltes anbieten, wo sonst Regale bersten w\u00fcrden.<\/p>\n<p>Ach ja, und dann gibt es im Hirschg\u00e4sschen Nummer 1 den wohl fixesten Buchbestellservice jenseits \u0096 und diesseits! \u0096 des Rheins. Kleines, Feines, Ausgew\u00e4hltes und Originelles, bei &#8222;Tagediebe&#8220; gibt es viel zu entdecken, entt\u00e4uscht wird nur, wer &#8222;Plastikmist aus China&#8220; sucht, den gibt\u00b4s laut Claudia und Corinne n\u00e4mlich nicht!<\/p>\n","protected":false},"excerpt":{"rendered":"<p>Von den sch\u00f6nen Sachen l\u00e4sst man sich gerne den Tag stehlen! Denn das, was Claudia Rockel und Corinne Wemmer dort in ihrem h\u00fcbschen Laden im Hirschg\u00e4sschen verkaufen, ist sch\u00f6n, au\u00dfergew\u00f6hnlich und macht Gro\u00dfen wie Kleinen gleicherma\u00dfen Spa\u00df. Die beiden Freundinnen, die \u00fcber zehn Jahre lang gemeinsam in der Verlagsbuchhandlung von Taschen gearbeitet haben, haben sich [&hellip;]<\/p>\n","protected":false},"author":2,"featured_media":0,"comment_status":"open","ping_status":"open","sticky":false,"template":"","format":"standard","meta":{"_acf_changed":false,"footnotes":""},"categories":[211,218],"tags":[],"class_list":["post-1454","post","type-post","status-publish","format-standard","hentry","category-buecher","category-dekoration"],"acf":[],"yoast_head":"<!-- This site is optimized with the Yoast SEO plugin v27.4 - https:\/\/yoast.com\/product\/yoast-seo-wordpress\/ -->\n<title>Tagediebe - Kinderb\u00fccher &amp; Design - Meine S\u00fcdstadt<\/title>\n<meta name=\"robots\" content=\"index, follow, max-snippet:-1, max-image-preview:large, max-video-preview:-1\" \/>\n<link rel=\"canonical\" href=\"https:\/\/www.meinesuedstadt.de\/branchenverzeichnis\/tagediebe-kinderbuecher-design\/\" \/>\n<meta property=\"og:locale\" content=\"de_DE\" \/>\n<meta property=\"og:type\" content=\"article\" \/>\n<meta property=\"og:title\" content=\"Tagediebe - Kinderb\u00fccher &amp; Design - Meine S\u00fcdstadt\" \/>\n<meta property=\"og:description\" content=\"Von den sch\u00f6nen Sachen l\u00e4sst man sich gerne den Tag stehlen! Denn das, was Claudia Rockel und Corinne Wemmer dort in ihrem h\u00fcbschen Laden im Hirschg\u00e4sschen verkaufen, ist sch\u00f6n, au\u00dfergew\u00f6hnlich und macht Gro\u00dfen wie Kleinen gleicherma\u00dfen Spa\u00df. Die beiden Freundinnen, die \u00fcber zehn Jahre lang gemeinsam in der Verlagsbuchhandlung von Taschen gearbeitet haben, haben sich [&hellip;]\" \/>\n<meta property=\"og:url\" content=\"https:\/\/www.meinesuedstadt.de\/branchenverzeichnis\/tagediebe-kinderbuecher-design\/\" \/>\n<meta property=\"og:site_name\" content=\"Meine S\u00fcdstadt\" \/>\n<meta property=\"article:publisher\" content=\"https:\/\/www.facebook.com\/Meinesuedstadt\/\" \/>\n<meta property=\"article:published_time\" content=\"2011-09-20T05:18:12+00:00\" \/>\n<meta property=\"article:modified_time\" content=\"2018-07-11T16:12:47+00:00\" \/>\n<meta property=\"og:image\" content=\"https:\/\/www.meinesuedstadt.de\/branchenverzeichnis\/wp-content\/uploads\/2011\/09\/Tagediebe-Meine-Suedstadt-Koeln-01-150x150.jpg\" \/>\n<meta name=\"author\" content=\"Mario Friese\" \/>\n<meta name=\"twitter:card\" content=\"summary_large_image\" \/>\n<meta name=\"twitter:creator\" content=\"@meinesuedstadt\" \/>\n<meta name=\"twitter:site\" content=\"@meinesuedstadt\" \/>\n<meta name=\"twitter:label1\" content=\"Verfasst von\" \/>\n\t<meta name=\"twitter:data1\" content=\"Mario Friese\" \/>\n\t<meta name=\"twitter:label2\" content=\"Gesch\u00e4tzte Lesezeit\" \/>\n\t<meta name=\"twitter:data2\" content=\"3\u00a0Minuten\" \/>\n<script type=\"application\/ld+json\" class=\"yoast-schema-graph\">{\"@context\":\"https:\\\/\\\/schema.org\",\"@graph\":[{\"@type\":\"Article\",\"@id\":\"https:\\\/\\\/www.meinesuedstadt.de\\\/branchenverzeichnis\\\/tagediebe-kinderbuecher-design\\\/#article\",\"isPartOf\":{\"@id\":\"https:\\\/\\\/www.meinesuedstadt.de\\\/branchenverzeichnis\\\/tagediebe-kinderbuecher-design\\\/\"},\"author\":{\"name\":\"Mario Friese\",\"@id\":\"https:\\\/\\\/www.meinesuedstadt.de\\\/branchenverzeichnis\\\/#\\\/schema\\\/person\\\/4974ccd0047c4bef2ea2271bc1b66e8d\"},\"headline\":\"Tagediebe &#8211; Kinderb\u00fccher &#038; Design\",\"datePublished\":\"2011-09-20T05:18:12+00:00\",\"dateModified\":\"2018-07-11T16:12:47+00:00\",\"mainEntityOfPage\":{\"@id\":\"https:\\\/\\\/www.meinesuedstadt.de\\\/branchenverzeichnis\\\/tagediebe-kinderbuecher-design\\\/\"},\"wordCount\":683,\"commentCount\":0,\"articleSection\":[\"B\u00fccher\",\"Dekoration\"],\"inLanguage\":\"de\",\"potentialAction\":[{\"@type\":\"CommentAction\",\"name\":\"Comment\",\"target\":[\"https:\\\/\\\/www.meinesuedstadt.de\\\/branchenverzeichnis\\\/tagediebe-kinderbuecher-design\\\/#respond\"]}]},{\"@type\":\"WebPage\",\"@id\":\"https:\\\/\\\/www.meinesuedstadt.de\\\/branchenverzeichnis\\\/tagediebe-kinderbuecher-design\\\/\",\"url\":\"https:\\\/\\\/www.meinesuedstadt.de\\\/branchenverzeichnis\\\/tagediebe-kinderbuecher-design\\\/\",\"name\":\"Tagediebe - Kinderb\u00fccher & Design - Meine S\u00fcdstadt\",\"isPartOf\":{\"@id\":\"https:\\\/\\\/www.meinesuedstadt.de\\\/branchenverzeichnis\\\/#website\"},\"datePublished\":\"2011-09-20T05:18:12+00:00\",\"dateModified\":\"2018-07-11T16:12:47+00:00\",\"author\":{\"@id\":\"https:\\\/\\\/www.meinesuedstadt.de\\\/branchenverzeichnis\\\/#\\\/schema\\\/person\\\/4974ccd0047c4bef2ea2271bc1b66e8d\"},\"breadcrumb\":{\"@id\":\"https:\\\/\\\/www.meinesuedstadt.de\\\/branchenverzeichnis\\\/tagediebe-kinderbuecher-design\\\/#breadcrumb\"},\"inLanguage\":\"de\",\"potentialAction\":[{\"@type\":\"ReadAction\",\"target\":[\"https:\\\/\\\/www.meinesuedstadt.de\\\/branchenverzeichnis\\\/tagediebe-kinderbuecher-design\\\/\"]}]},{\"@type\":\"BreadcrumbList\",\"@id\":\"https:\\\/\\\/www.meinesuedstadt.de\\\/branchenverzeichnis\\\/tagediebe-kinderbuecher-design\\\/#breadcrumb\",\"itemListElement\":[{\"@type\":\"ListItem\",\"position\":1,\"name\":\"Startseite\",\"item\":\"https:\\\/\\\/www.meinesuedstadt.de\\\/branchenverzeichnis\\\/\"},{\"@type\":\"ListItem\",\"position\":2,\"name\":\"Tagediebe &#8211; Kinderb\u00fccher &#038; Design\"}]},{\"@type\":\"WebSite\",\"@id\":\"https:\\\/\\\/www.meinesuedstadt.de\\\/branchenverzeichnis\\\/#website\",\"url\":\"https:\\\/\\\/www.meinesuedstadt.de\\\/branchenverzeichnis\\\/\",\"name\":\"Meine S\u00fcdstadt\",\"description\":\"Branchenverzeichnis aus der S\u00fcdstadt K\u00f6lns\",\"potentialAction\":[{\"@type\":\"SearchAction\",\"target\":{\"@type\":\"EntryPoint\",\"urlTemplate\":\"https:\\\/\\\/www.meinesuedstadt.de\\\/branchenverzeichnis\\\/?s={search_term_string}\"},\"query-input\":{\"@type\":\"PropertyValueSpecification\",\"valueRequired\":true,\"valueName\":\"search_term_string\"}}],\"inLanguage\":\"de\"},{\"@type\":\"Person\",\"@id\":\"https:\\\/\\\/www.meinesuedstadt.de\\\/branchenverzeichnis\\\/#\\\/schema\\\/person\\\/4974ccd0047c4bef2ea2271bc1b66e8d\",\"name\":\"Mario Friese\",\"image\":{\"@type\":\"ImageObject\",\"inLanguage\":\"de\",\"@id\":\"https:\\\/\\\/secure.gravatar.com\\\/avatar\\\/38afb5244388eb07856f264e0b17f6d56309e4e5bba4ea1716b6dadd14a2aab0?s=96&d=mm&r=g\",\"url\":\"https:\\\/\\\/secure.gravatar.com\\\/avatar\\\/38afb5244388eb07856f264e0b17f6d56309e4e5bba4ea1716b6dadd14a2aab0?s=96&d=mm&r=g\",\"contentUrl\":\"https:\\\/\\\/secure.gravatar.com\\\/avatar\\\/38afb5244388eb07856f264e0b17f6d56309e4e5bba4ea1716b6dadd14a2aab0?s=96&d=mm&r=g\",\"caption\":\"Mario Friese\"},\"sameAs\":[\"https:\\\/\\\/fgrepublik.com\"]}]}<\/script>\n<!-- \/ Yoast SEO plugin. -->","yoast_head_json":{"title":"Tagediebe - Kinderb\u00fccher & Design - Meine S\u00fcdstadt","robots":{"index":"index","follow":"follow","max-snippet":"max-snippet:-1","max-image-preview":"max-image-preview:large","max-video-preview":"max-video-preview:-1"},"canonical":"https:\/\/www.meinesuedstadt.de\/branchenverzeichnis\/tagediebe-kinderbuecher-design\/","og_locale":"de_DE","og_type":"article","og_title":"Tagediebe - Kinderb\u00fccher & Design - Meine S\u00fcdstadt","og_description":"Von den sch\u00f6nen Sachen l\u00e4sst man sich gerne den Tag stehlen! Denn das, was Claudia Rockel und Corinne Wemmer dort in ihrem h\u00fcbschen Laden im Hirschg\u00e4sschen verkaufen, ist sch\u00f6n, au\u00dfergew\u00f6hnlich und macht Gro\u00dfen wie Kleinen gleicherma\u00dfen Spa\u00df. Die beiden Freundinnen, die \u00fcber zehn Jahre lang gemeinsam in der Verlagsbuchhandlung von Taschen gearbeitet haben, haben sich [&hellip;]","og_url":"https:\/\/www.meinesuedstadt.de\/branchenverzeichnis\/tagediebe-kinderbuecher-design\/","og_site_name":"Meine S\u00fcdstadt","article_publisher":"https:\/\/www.facebook.com\/Meinesuedstadt\/","article_published_time":"2011-09-20T05:18:12+00:00","article_modified_time":"2018-07-11T16:12:47+00:00","og_image":[{"url":"https:\/\/www.meinesuedstadt.de\/branchenverzeichnis\/wp-content\/uploads\/2011\/09\/Tagediebe-Meine-Suedstadt-Koeln-01-150x150.jpg","type":"","width":"","height":""}],"author":"Mario Friese","twitter_card":"summary_large_image","twitter_creator":"@meinesuedstadt","twitter_site":"@meinesuedstadt","twitter_misc":{"Verfasst von":"Mario Friese","Gesch\u00e4tzte Lesezeit":"3\u00a0Minuten"},"schema":{"@context":"https:\/\/schema.org","@graph":[{"@type":"Article","@id":"https:\/\/www.meinesuedstadt.de\/branchenverzeichnis\/tagediebe-kinderbuecher-design\/#article","isPartOf":{"@id":"https:\/\/www.meinesuedstadt.de\/branchenverzeichnis\/tagediebe-kinderbuecher-design\/"},"author":{"name":"Mario Friese","@id":"https:\/\/www.meinesuedstadt.de\/branchenverzeichnis\/#\/schema\/person\/4974ccd0047c4bef2ea2271bc1b66e8d"},"headline":"Tagediebe &#8211; Kinderb\u00fccher &#038; Design","datePublished":"2011-09-20T05:18:12+00:00","dateModified":"2018-07-11T16:12:47+00:00","mainEntityOfPage":{"@id":"https:\/\/www.meinesuedstadt.de\/branchenverzeichnis\/tagediebe-kinderbuecher-design\/"},"wordCount":683,"commentCount":0,"articleSection":["B\u00fccher","Dekoration"],"inLanguage":"de","potentialAction":[{"@type":"CommentAction","name":"Comment","target":["https:\/\/www.meinesuedstadt.de\/branchenverzeichnis\/tagediebe-kinderbuecher-design\/#respond"]}]},{"@type":"WebPage","@id":"https:\/\/www.meinesuedstadt.de\/branchenverzeichnis\/tagediebe-kinderbuecher-design\/","url":"https:\/\/www.meinesuedstadt.de\/branchenverzeichnis\/tagediebe-kinderbuecher-design\/","name":"Tagediebe - Kinderb\u00fccher & Design - Meine S\u00fcdstadt","isPartOf":{"@id":"https:\/\/www.meinesuedstadt.de\/branchenverzeichnis\/#website"},"datePublished":"2011-09-20T05:18:12+00:00","dateModified":"2018-07-11T16:12:47+00:00","author":{"@id":"https:\/\/www.meinesuedstadt.de\/branchenverzeichnis\/#\/schema\/person\/4974ccd0047c4bef2ea2271bc1b66e8d"},"breadcrumb":{"@id":"https:\/\/www.meinesuedstadt.de\/branchenverzeichnis\/tagediebe-kinderbuecher-design\/#breadcrumb"},"inLanguage":"de","potentialAction":[{"@type":"ReadAction","target":["https:\/\/www.meinesuedstadt.de\/branchenverzeichnis\/tagediebe-kinderbuecher-design\/"]}]},{"@type":"BreadcrumbList","@id":"https:\/\/www.meinesuedstadt.de\/branchenverzeichnis\/tagediebe-kinderbuecher-design\/#breadcrumb","itemListElement":[{"@type":"ListItem","position":1,"name":"Startseite","item":"https:\/\/www.meinesuedstadt.de\/branchenverzeichnis\/"},{"@type":"ListItem","position":2,"name":"Tagediebe &#8211; Kinderb\u00fccher &#038; Design"}]},{"@type":"WebSite","@id":"https:\/\/www.meinesuedstadt.de\/branchenverzeichnis\/#website","url":"https:\/\/www.meinesuedstadt.de\/branchenverzeichnis\/","name":"Meine S\u00fcdstadt","description":"Branchenverzeichnis aus der S\u00fcdstadt K\u00f6lns","potentialAction":[{"@type":"SearchAction","target":{"@type":"EntryPoint","urlTemplate":"https:\/\/www.meinesuedstadt.de\/branchenverzeichnis\/?s={search_term_string}"},"query-input":{"@type":"PropertyValueSpecification","valueRequired":true,"valueName":"search_term_string"}}],"inLanguage":"de"},{"@type":"Person","@id":"https:\/\/www.meinesuedstadt.de\/branchenverzeichnis\/#\/schema\/person\/4974ccd0047c4bef2ea2271bc1b66e8d","name":"Mario Friese","image":{"@type":"ImageObject","inLanguage":"de","@id":"https:\/\/secure.gravatar.com\/avatar\/38afb5244388eb07856f264e0b17f6d56309e4e5bba4ea1716b6dadd14a2aab0?s=96&d=mm&r=g","url":"https:\/\/secure.gravatar.com\/avatar\/38afb5244388eb07856f264e0b17f6d56309e4e5bba4ea1716b6dadd14a2aab0?s=96&d=mm&r=g","contentUrl":"https:\/\/secure.gravatar.com\/avatar\/38afb5244388eb07856f264e0b17f6d56309e4e5bba4ea1716b6dadd14a2aab0?s=96&d=mm&r=g","caption":"Mario Friese"},"sameAs":["https:\/\/fgrepublik.com"]}]}},"priority":0,"metaAddress":"Hirschg\u00e4sschen 1 , 50678 K\u00f6ln","_links":{"self":[{"href":"https:\/\/www.meinesuedstadt.de\/branchenverzeichnis\/wp-json\/wp\/v2\/posts\/1454","targetHints":{"allow":["GET"]}}],"collection":[{"href":"https:\/\/www.meinesuedstadt.de\/branchenverzeichnis\/wp-json\/wp\/v2\/posts"}],"about":[{"href":"https:\/\/www.meinesuedstadt.de\/branchenverzeichnis\/wp-json\/wp\/v2\/types\/post"}],"author":[{"embeddable":true,"href":"https:\/\/www.meinesuedstadt.de\/branchenverzeichnis\/wp-json\/wp\/v2\/users\/2"}],"replies":[{"embeddable":true,"href":"https:\/\/www.meinesuedstadt.de\/branchenverzeichnis\/wp-json\/wp\/v2\/comments?post=1454"}],"version-history":[{"count":5,"href":"https:\/\/www.meinesuedstadt.de\/branchenverzeichnis\/wp-json\/wp\/v2\/posts\/1454\/revisions"}],"predecessor-version":[{"id":3856,"href":"https:\/\/www.meinesuedstadt.de\/branchenverzeichnis\/wp-json\/wp\/v2\/posts\/1454\/revisions\/3856"}],"wp:attachment":[{"href":"https:\/\/www.meinesuedstadt.de\/branchenverzeichnis\/wp-json\/wp\/v2\/media?parent=1454"}],"wp:term":[{"taxonomy":"category","embeddable":true,"href":"https:\/\/www.meinesuedstadt.de\/branchenverzeichnis\/wp-json\/wp\/v2\/categories?post=1454"},{"taxonomy":"post_tag","embeddable":true,"href":"https:\/\/www.meinesuedstadt.de\/branchenverzeichnis\/wp-json\/wp\/v2\/tags?post=1454"}],"curies":[{"name":"wp","href":"https:\/\/api.w.org\/{rel}","templated":true}]}}