{"id":1465,"date":"2011-11-21T14:44:35","date_gmt":"2011-11-21T13:44:35","guid":{"rendered":"http:\/\/www.meinesuedstadt.de\/branchenverzeichnis\/?p=1465"},"modified":"2011-11-21T14:44:35","modified_gmt":"2011-11-21T12:44:35","slug":"anita-prendl-sprachentrainings-business-yoga-farbberatung","status":"publish","type":"post","link":"https:\/\/www.meinesuedstadt.de\/branchenverzeichnis\/anita-prendl-sprachentrainings-business-yoga-farbberatung\/","title":{"rendered":"Anita Prendl &#8211; Sprachentrainings, Business Yoga, Farbberatung"},"content":{"rendered":"<p>&nbsp;<\/p>\n<p><strong>Sprachentraining<\/strong><br \/>Englisch, Franz\u00f6sisch, Deutsch<br \/>M\u00f6chten auch Sie sich ungezwungen in einer anderen Sprache ausdr\u00fccken k\u00f6nnen? Und sich dabei nicht die ganze Zeit \u00fcberlegen, welchen Fehler Sie eventuell gemacht haben? Freude an der Sprache, die F\u00e4higkeit zu motivieren und spielerisches Lernen sind die Hauptmerkmale meines Sprachtrainings. Sie werden \u00fcberrascht sein, wie schnell Sie Ihre Sprachhemmungen verlieren werden. Ob Englisch, Franz\u00f6sisch oder Deutsch? &#8211; in allen Sprachen trainiere ich Sie auf das gesteckte Ziel hin. Mit meiner Unterst\u00fctzung schaffen Sie den Sprung zur guten Ausdrucksf\u00e4higkeit &#8211; schnell und sicher. Mein Sprachentraining orientiert sich an Ihren individuellen Bed\u00fcrfnissen, Ihren Vorkenntnissen und Ihrem pers\u00f6nlichen Lernstil. Vergessen Sie unerfreuliche Schulerlebnisse und entdecken Sie Ihre Sprachkompetenz bei einer Trainerin, bei der sich Sprachunterricht nicht wie Sprachunterricht anf\u00fchlt.<\/p>\n<p>&nbsp;<\/p>\n<p><strong>Business Yoga \u0096 ein Plus f\u00fcr Ihr Unternehmen<\/strong><br \/>Mein Business Yoga\u0096Training wendet sich an Unternehmen, die in die Gesundheit ihrer Mitarbeiter investieren m\u00f6chten, ohne gro\u00dfe Ausfallzeiten in Kauf nehmen zu m\u00fcssen. Viele Berufst\u00e4tige schaffen es nicht, w\u00e4hrend der Arbeitswoche etwas f\u00fcr ihre Gesundheit zu tun. Langfristig macht sich das in einer anf\u00e4lligen Gesundheit bemerkbar und kann zu einem erheblichen Kostenfaktor f\u00fcr ein Unternehmen werden. Investieren Sie daher in die Gesundheit Ihrer Mitarbeiter und holen Sie sich Business-Yoga in Ihr Unternehmen. Als erfahrene Yogalehrerin unterst\u00fctze ich Sie und Ihre Mitarbeiter dabei, typische B\u00fcrojob-Beschwerden zu beseitigen, Stress abzubauen und das Wohlbefinden zu steigern.<\/p>\n<p>&nbsp;<\/p>\n<p><strong>Ganzheitliche Farbberatung<\/strong><br \/>Ein positives \u00c4u\u00dferes weckt Sympathie und l\u00e4sst Sie vital und kompetent erscheinen. Farben geben Signale und senden Botschaften. Gleichzeitig wirken Farben auf unser Wohlbefinden und haben Einfluss auf unsere innere Balance. Lernen Sie in einer Farbberatung, welche Farben Ihre Ausstrahlung voll zur Geltung kommen lassen und Ihr Wohlbefinden optimal unterst\u00fctzen. Eine Farbberatung ist mehr als eine Ver\u00e4nderung von \u00c4u\u00dferlichkeiten. Sie verhilft Ihnen zu einem harmonischen Gesamtbild. Sie wirken \u0084stimmig&#8220; und f\u00fchlen sich auch so. Das damit verbundene positive Gef\u00fchl wirkt sich wiederum positiv auf Ihre Ausstrahlung aus; eine sich gegenseitig f\u00f6rdernde Wechselwirkung entsteht.<br \/>?<\/p>\n<p>&nbsp;<\/p>\n","protected":false},"excerpt":{"rendered":"<p>&nbsp; SprachentrainingEnglisch, Franz\u00f6sisch, DeutschM\u00f6chten auch Sie sich ungezwungen in einer anderen Sprache ausdr\u00fccken k\u00f6nnen? Und sich dabei nicht die ganze Zeit \u00fcberlegen, welchen Fehler Sie eventuell gemacht haben? Freude an der Sprache, die F\u00e4higkeit zu motivieren und spielerisches Lernen sind die Hauptmerkmale meines Sprachtrainings. Sie werden \u00fcberrascht sein, wie schnell Sie Ihre Sprachhemmungen verlieren werden. [&hellip;]<\/p>\n","protected":false},"author":2,"featured_media":0,"comment_status":"open","ping_status":"open","sticky":false,"template":"","format":"standard","meta":{"_acf_changed":false,"footnotes":""},"categories":[250,277],"tags":[],"class_list":["post-1465","post","type-post","status-publish","format-standard","hentry","category-schulen","category-yoga"],"acf":[],"yoast_head":"<!-- This site is optimized with the Yoast SEO plugin v27.4 - https:\/\/yoast.com\/product\/yoast-seo-wordpress\/ -->\n<title>Anita Prendl - Sprachentrainings, Business Yoga, Farbberatung - Meine S\u00fcdstadt<\/title>\n<meta name=\"robots\" content=\"index, follow, max-snippet:-1, max-image-preview:large, max-video-preview:-1\" \/>\n<link rel=\"canonical\" href=\"https:\/\/www.meinesuedstadt.de\/branchenverzeichnis\/anita-prendl-sprachentrainings-business-yoga-farbberatung\/\" \/>\n<meta property=\"og:locale\" content=\"de_DE\" \/>\n<meta property=\"og:type\" content=\"article\" \/>\n<meta property=\"og:title\" content=\"Anita Prendl - Sprachentrainings, Business Yoga, Farbberatung - Meine S\u00fcdstadt\" \/>\n<meta property=\"og:description\" content=\"&nbsp; SprachentrainingEnglisch, Franz\u00f6sisch, DeutschM\u00f6chten auch Sie sich ungezwungen in einer anderen Sprache ausdr\u00fccken k\u00f6nnen? Und sich dabei nicht die ganze Zeit \u00fcberlegen, welchen Fehler Sie eventuell gemacht haben? Freude an der Sprache, die F\u00e4higkeit zu motivieren und spielerisches Lernen sind die Hauptmerkmale meines Sprachtrainings. Sie werden \u00fcberrascht sein, wie schnell Sie Ihre Sprachhemmungen verlieren werden. [&hellip;]\" \/>\n<meta property=\"og:url\" content=\"https:\/\/www.meinesuedstadt.de\/branchenverzeichnis\/anita-prendl-sprachentrainings-business-yoga-farbberatung\/\" \/>\n<meta property=\"og:site_name\" content=\"Meine S\u00fcdstadt\" \/>\n<meta property=\"article:publisher\" content=\"https:\/\/www.facebook.com\/Meinesuedstadt\/\" \/>\n<meta property=\"article:published_time\" content=\"-0001-11-30T00:00:00+00:00\" \/>\n<meta name=\"author\" content=\"Mario Friese\" \/>\n<meta name=\"twitter:card\" content=\"summary_large_image\" \/>\n<meta name=\"twitter:creator\" content=\"@meinesuedstadt\" \/>\n<meta name=\"twitter:site\" content=\"@meinesuedstadt\" \/>\n<meta name=\"twitter:label1\" content=\"Verfasst von\" \/>\n\t<meta name=\"twitter:data1\" content=\"Mario Friese\" \/>\n\t<meta name=\"twitter:label2\" content=\"Gesch\u00e4tzte Lesezeit\" \/>\n\t<meta name=\"twitter:data2\" content=\"2\u00a0Minuten\" \/>\n<script type=\"application\/ld+json\" class=\"yoast-schema-graph\">{\"@context\":\"https:\\\/\\\/schema.org\",\"@graph\":[{\"@type\":\"Article\",\"@id\":\"https:\\\/\\\/www.meinesuedstadt.de\\\/branchenverzeichnis\\\/anita-prendl-sprachentrainings-business-yoga-farbberatung\\\/#article\",\"isPartOf\":{\"@id\":\"https:\\\/\\\/www.meinesuedstadt.de\\\/branchenverzeichnis\\\/anita-prendl-sprachentrainings-business-yoga-farbberatung\\\/\"},\"author\":{\"name\":\"Mario Friese\",\"@id\":\"https:\\\/\\\/www.meinesuedstadt.de\\\/branchenverzeichnis\\\/#\\\/schema\\\/person\\\/4974ccd0047c4bef2ea2271bc1b66e8d\"},\"headline\":\"Anita Prendl &#8211; Sprachentrainings, Business Yoga, Farbberatung\",\"datePublished\":\"-0001-11-30T00:00:00+00:00\",\"mainEntityOfPage\":{\"@id\":\"https:\\\/\\\/www.meinesuedstadt.de\\\/branchenverzeichnis\\\/anita-prendl-sprachentrainings-business-yoga-farbberatung\\\/\"},\"wordCount\":357,\"commentCount\":0,\"articleSection\":[\"Schulen\",\"Yoga\"],\"inLanguage\":\"de\",\"potentialAction\":[{\"@type\":\"CommentAction\",\"name\":\"Comment\",\"target\":[\"https:\\\/\\\/www.meinesuedstadt.de\\\/branchenverzeichnis\\\/anita-prendl-sprachentrainings-business-yoga-farbberatung\\\/#respond\"]}]},{\"@type\":\"WebPage\",\"@id\":\"https:\\\/\\\/www.meinesuedstadt.de\\\/branchenverzeichnis\\\/anita-prendl-sprachentrainings-business-yoga-farbberatung\\\/\",\"url\":\"https:\\\/\\\/www.meinesuedstadt.de\\\/branchenverzeichnis\\\/anita-prendl-sprachentrainings-business-yoga-farbberatung\\\/\",\"name\":\"Anita Prendl - Sprachentrainings, Business Yoga, Farbberatung - Meine S\u00fcdstadt\",\"isPartOf\":{\"@id\":\"https:\\\/\\\/www.meinesuedstadt.de\\\/branchenverzeichnis\\\/#website\"},\"datePublished\":\"-0001-11-30T00:00:00+00:00\",\"author\":{\"@id\":\"https:\\\/\\\/www.meinesuedstadt.de\\\/branchenverzeichnis\\\/#\\\/schema\\\/person\\\/4974ccd0047c4bef2ea2271bc1b66e8d\"},\"breadcrumb\":{\"@id\":\"https:\\\/\\\/www.meinesuedstadt.de\\\/branchenverzeichnis\\\/anita-prendl-sprachentrainings-business-yoga-farbberatung\\\/#breadcrumb\"},\"inLanguage\":\"de\",\"potentialAction\":[{\"@type\":\"ReadAction\",\"target\":[\"https:\\\/\\\/www.meinesuedstadt.de\\\/branchenverzeichnis\\\/anita-prendl-sprachentrainings-business-yoga-farbberatung\\\/\"]}]},{\"@type\":\"BreadcrumbList\",\"@id\":\"https:\\\/\\\/www.meinesuedstadt.de\\\/branchenverzeichnis\\\/anita-prendl-sprachentrainings-business-yoga-farbberatung\\\/#breadcrumb\",\"itemListElement\":[{\"@type\":\"ListItem\",\"position\":1,\"name\":\"Startseite\",\"item\":\"https:\\\/\\\/www.meinesuedstadt.de\\\/branchenverzeichnis\\\/\"},{\"@type\":\"ListItem\",\"position\":2,\"name\":\"Anita Prendl &#8211; Sprachentrainings, Business Yoga, Farbberatung\"}]},{\"@type\":\"WebSite\",\"@id\":\"https:\\\/\\\/www.meinesuedstadt.de\\\/branchenverzeichnis\\\/#website\",\"url\":\"https:\\\/\\\/www.meinesuedstadt.de\\\/branchenverzeichnis\\\/\",\"name\":\"Meine S\u00fcdstadt\",\"description\":\"Branchenverzeichnis aus der S\u00fcdstadt K\u00f6lns\",\"potentialAction\":[{\"@type\":\"SearchAction\",\"target\":{\"@type\":\"EntryPoint\",\"urlTemplate\":\"https:\\\/\\\/www.meinesuedstadt.de\\\/branchenverzeichnis\\\/?s={search_term_string}\"},\"query-input\":{\"@type\":\"PropertyValueSpecification\",\"valueRequired\":true,\"valueName\":\"search_term_string\"}}],\"inLanguage\":\"de\"},{\"@type\":\"Person\",\"@id\":\"https:\\\/\\\/www.meinesuedstadt.de\\\/branchenverzeichnis\\\/#\\\/schema\\\/person\\\/4974ccd0047c4bef2ea2271bc1b66e8d\",\"name\":\"Mario Friese\",\"image\":{\"@type\":\"ImageObject\",\"inLanguage\":\"de\",\"@id\":\"https:\\\/\\\/secure.gravatar.com\\\/avatar\\\/38afb5244388eb07856f264e0b17f6d56309e4e5bba4ea1716b6dadd14a2aab0?s=96&d=mm&r=g\",\"url\":\"https:\\\/\\\/secure.gravatar.com\\\/avatar\\\/38afb5244388eb07856f264e0b17f6d56309e4e5bba4ea1716b6dadd14a2aab0?s=96&d=mm&r=g\",\"contentUrl\":\"https:\\\/\\\/secure.gravatar.com\\\/avatar\\\/38afb5244388eb07856f264e0b17f6d56309e4e5bba4ea1716b6dadd14a2aab0?s=96&d=mm&r=g\",\"caption\":\"Mario Friese\"},\"sameAs\":[\"https:\\\/\\\/fgrepublik.com\"]}]}<\/script>\n<!-- \/ Yoast SEO plugin. -->","yoast_head_json":{"title":"Anita Prendl - Sprachentrainings, Business Yoga, Farbberatung - Meine S\u00fcdstadt","robots":{"index":"index","follow":"follow","max-snippet":"max-snippet:-1","max-image-preview":"max-image-preview:large","max-video-preview":"max-video-preview:-1"},"canonical":"https:\/\/www.meinesuedstadt.de\/branchenverzeichnis\/anita-prendl-sprachentrainings-business-yoga-farbberatung\/","og_locale":"de_DE","og_type":"article","og_title":"Anita Prendl - Sprachentrainings, Business Yoga, Farbberatung - Meine S\u00fcdstadt","og_description":"&nbsp; SprachentrainingEnglisch, Franz\u00f6sisch, DeutschM\u00f6chten auch Sie sich ungezwungen in einer anderen Sprache ausdr\u00fccken k\u00f6nnen? Und sich dabei nicht die ganze Zeit \u00fcberlegen, welchen Fehler Sie eventuell gemacht haben? Freude an der Sprache, die F\u00e4higkeit zu motivieren und spielerisches Lernen sind die Hauptmerkmale meines Sprachtrainings. Sie werden \u00fcberrascht sein, wie schnell Sie Ihre Sprachhemmungen verlieren werden. [&hellip;]","og_url":"https:\/\/www.meinesuedstadt.de\/branchenverzeichnis\/anita-prendl-sprachentrainings-business-yoga-farbberatung\/","og_site_name":"Meine S\u00fcdstadt","article_publisher":"https:\/\/www.facebook.com\/Meinesuedstadt\/","article_published_time":"-0001-11-30T00:00:00+00:00","author":"Mario Friese","twitter_card":"summary_large_image","twitter_creator":"@meinesuedstadt","twitter_site":"@meinesuedstadt","twitter_misc":{"Verfasst von":"Mario Friese","Gesch\u00e4tzte Lesezeit":"2\u00a0Minuten"},"schema":{"@context":"https:\/\/schema.org","@graph":[{"@type":"Article","@id":"https:\/\/www.meinesuedstadt.de\/branchenverzeichnis\/anita-prendl-sprachentrainings-business-yoga-farbberatung\/#article","isPartOf":{"@id":"https:\/\/www.meinesuedstadt.de\/branchenverzeichnis\/anita-prendl-sprachentrainings-business-yoga-farbberatung\/"},"author":{"name":"Mario Friese","@id":"https:\/\/www.meinesuedstadt.de\/branchenverzeichnis\/#\/schema\/person\/4974ccd0047c4bef2ea2271bc1b66e8d"},"headline":"Anita Prendl &#8211; Sprachentrainings, Business Yoga, Farbberatung","datePublished":"-0001-11-30T00:00:00+00:00","mainEntityOfPage":{"@id":"https:\/\/www.meinesuedstadt.de\/branchenverzeichnis\/anita-prendl-sprachentrainings-business-yoga-farbberatung\/"},"wordCount":357,"commentCount":0,"articleSection":["Schulen","Yoga"],"inLanguage":"de","potentialAction":[{"@type":"CommentAction","name":"Comment","target":["https:\/\/www.meinesuedstadt.de\/branchenverzeichnis\/anita-prendl-sprachentrainings-business-yoga-farbberatung\/#respond"]}]},{"@type":"WebPage","@id":"https:\/\/www.meinesuedstadt.de\/branchenverzeichnis\/anita-prendl-sprachentrainings-business-yoga-farbberatung\/","url":"https:\/\/www.meinesuedstadt.de\/branchenverzeichnis\/anita-prendl-sprachentrainings-business-yoga-farbberatung\/","name":"Anita Prendl - Sprachentrainings, Business Yoga, Farbberatung - Meine S\u00fcdstadt","isPartOf":{"@id":"https:\/\/www.meinesuedstadt.de\/branchenverzeichnis\/#website"},"datePublished":"-0001-11-30T00:00:00+00:00","author":{"@id":"https:\/\/www.meinesuedstadt.de\/branchenverzeichnis\/#\/schema\/person\/4974ccd0047c4bef2ea2271bc1b66e8d"},"breadcrumb":{"@id":"https:\/\/www.meinesuedstadt.de\/branchenverzeichnis\/anita-prendl-sprachentrainings-business-yoga-farbberatung\/#breadcrumb"},"inLanguage":"de","potentialAction":[{"@type":"ReadAction","target":["https:\/\/www.meinesuedstadt.de\/branchenverzeichnis\/anita-prendl-sprachentrainings-business-yoga-farbberatung\/"]}]},{"@type":"BreadcrumbList","@id":"https:\/\/www.meinesuedstadt.de\/branchenverzeichnis\/anita-prendl-sprachentrainings-business-yoga-farbberatung\/#breadcrumb","itemListElement":[{"@type":"ListItem","position":1,"name":"Startseite","item":"https:\/\/www.meinesuedstadt.de\/branchenverzeichnis\/"},{"@type":"ListItem","position":2,"name":"Anita Prendl &#8211; Sprachentrainings, Business Yoga, Farbberatung"}]},{"@type":"WebSite","@id":"https:\/\/www.meinesuedstadt.de\/branchenverzeichnis\/#website","url":"https:\/\/www.meinesuedstadt.de\/branchenverzeichnis\/","name":"Meine S\u00fcdstadt","description":"Branchenverzeichnis aus der S\u00fcdstadt K\u00f6lns","potentialAction":[{"@type":"SearchAction","target":{"@type":"EntryPoint","urlTemplate":"https:\/\/www.meinesuedstadt.de\/branchenverzeichnis\/?s={search_term_string}"},"query-input":{"@type":"PropertyValueSpecification","valueRequired":true,"valueName":"search_term_string"}}],"inLanguage":"de"},{"@type":"Person","@id":"https:\/\/www.meinesuedstadt.de\/branchenverzeichnis\/#\/schema\/person\/4974ccd0047c4bef2ea2271bc1b66e8d","name":"Mario Friese","image":{"@type":"ImageObject","inLanguage":"de","@id":"https:\/\/secure.gravatar.com\/avatar\/38afb5244388eb07856f264e0b17f6d56309e4e5bba4ea1716b6dadd14a2aab0?s=96&d=mm&r=g","url":"https:\/\/secure.gravatar.com\/avatar\/38afb5244388eb07856f264e0b17f6d56309e4e5bba4ea1716b6dadd14a2aab0?s=96&d=mm&r=g","contentUrl":"https:\/\/secure.gravatar.com\/avatar\/38afb5244388eb07856f264e0b17f6d56309e4e5bba4ea1716b6dadd14a2aab0?s=96&d=mm&r=g","caption":"Mario Friese"},"sameAs":["https:\/\/fgrepublik.com"]}]}},"priority":0,"metaAddress":"Ohmstra\u00dfe 36 , 50677 K\u00f6ln","_links":{"self":[{"href":"https:\/\/www.meinesuedstadt.de\/branchenverzeichnis\/wp-json\/wp\/v2\/posts\/1465","targetHints":{"allow":["GET"]}}],"collection":[{"href":"https:\/\/www.meinesuedstadt.de\/branchenverzeichnis\/wp-json\/wp\/v2\/posts"}],"about":[{"href":"https:\/\/www.meinesuedstadt.de\/branchenverzeichnis\/wp-json\/wp\/v2\/types\/post"}],"author":[{"embeddable":true,"href":"https:\/\/www.meinesuedstadt.de\/branchenverzeichnis\/wp-json\/wp\/v2\/users\/2"}],"replies":[{"embeddable":true,"href":"https:\/\/www.meinesuedstadt.de\/branchenverzeichnis\/wp-json\/wp\/v2\/comments?post=1465"}],"version-history":[{"count":0,"href":"https:\/\/www.meinesuedstadt.de\/branchenverzeichnis\/wp-json\/wp\/v2\/posts\/1465\/revisions"}],"wp:attachment":[{"href":"https:\/\/www.meinesuedstadt.de\/branchenverzeichnis\/wp-json\/wp\/v2\/media?parent=1465"}],"wp:term":[{"taxonomy":"category","embeddable":true,"href":"https:\/\/www.meinesuedstadt.de\/branchenverzeichnis\/wp-json\/wp\/v2\/categories?post=1465"},{"taxonomy":"post_tag","embeddable":true,"href":"https:\/\/www.meinesuedstadt.de\/branchenverzeichnis\/wp-json\/wp\/v2\/tags?post=1465"}],"curies":[{"name":"wp","href":"https:\/\/api.w.org\/{rel}","templated":true}]}}