{"id":1513,"date":"2012-04-16T12:32:15","date_gmt":"2012-04-16T10:32:15","guid":{"rendered":"http:\/\/www.meinesuedstadt.de\/branchenverzeichnis\/?p=1513"},"modified":"2018-01-16T18:22:56","modified_gmt":"2018-01-16T17:22:56","slug":"1-24-der-konzeptladen","status":"publish","type":"post","link":"https:\/\/www.meinesuedstadt.de\/branchenverzeichnis\/1-24-der-konzeptladen\/","title":{"rendered":"1-24 der konzeptladen"},"content":{"rendered":"<p>1 bis 24, in diesem Fall sind das nicht die T\u00fcrchen, die zu \u00f6ffnen sind, bis endlich Weihnachten ist. In diesem Fall ist es noch viel besser! Denn bei 1 bis 24 der konzeptladen ist quasi JEDEN Tag Weihnachten! Weil es hier jeden Tag etwas zu entdecken gibt und weil man sich selber eine so gro\u00dfe Freude damit macht! Und dass das so ist, liegt an dem so einfach wie genialen Konzept das Ladens: ausgew\u00e4hlte Designer zeigen 24 Tage lang ihre Kleider, dann wird der Laden geschlossen, um bis zum n\u00e4chsten Ersten wieder Platz zu schaffen f\u00fcr Modelle anderer Designer.<\/p>\n<p>Die Frau, die jeden Monat f\u00fcr neue \u00dcberraschungen sorgt, ist Norma Wright, S\u00fcdstadtfrau, Modemensch und Liebhaberin der Abwechslung. Blo\u00df keine Langeweile aufkommen lassen, das ist Normas Devise. Und damit hat sie es schon immer gehalten: angefangen mit dem Kindermodengesch\u00e4ft in Lindenthal, in dem sie zusammen mit ihrer Freundin Kerstin van Titum neben Neuware immer auch 2nd-Hand-Sachen anbot und damit f\u00fcr einen regelm\u00e4\u00dfigen Sortimentwechsel sorgte, \u00fcber ihre Idee, unter dem Namen \u0084Normas Finest\u0093 leerstehende Ladenlokale oder Galerien anzumieten, um dort die Ware befreundeter Designerinnen zu verkaufen bis hin nun zum eigenen Laden. Der &#8222;Konzeptladen 1 bis 24&#8220; auf der Teutoburger Stra\u00dfe ist dabei die konsequente Erweiterung dieser Idee und hat sich aus dem Wunsch ihrer Kunden und vieler der Designerinnen entwickelt, eine feste Institution f\u00fcr Ihre feine Auswahl zu schaffen.<br \/>Seit M\u00e4rz 2012 belebt diese Institution nun schon \u00e4u\u00dferst lebendig die S\u00fcdstadt. Und dass das so ist, daf\u00fcr sorgen Norma und ihre Gesch\u00e4ftspartnerin und Designerin Elke Cottin. Elke Cottin stellt jeweils ihre aktuellen Kollektionen vor. Norma Wright setzt mit ihrem guten Gef\u00fchl f\u00fcr Raum und Farbe jeden Monat die neuen Kleider in Szene, die sie zuvor aufgetan hat. Und auftun, das kann sie, die Frau mit dem Blick f\u00fcr das modisch Besondere! So hat sie beispielsweise Anja Heidingsfelder entdeckt, an einem Sonntag auf dem Mode- und Designmarkt im Rheinauhafen. Die Designerin hat mit ihren ausgefallen schicken Kreationen mittlerweile eine echte Fangemeinde unter Normas Kundinnen, und ist seit Beginn eine feste Gr\u00f6\u00dfe im Sortiment des Konzeptladens. Denn auch das ist m\u00f6glich bei der flexiblen Norma Wright: kommen die Sachen gut an, bekommt man immer wieder einen Platz an den Stangen im konzeptaden. Am liebsten vergibt sie den raren Platz an Jungdesigner, aber auch f\u00fcr Mode von bereits etablierten Designerinnen wie Gesine Moritz oder Liz Weinmann macht sie die Stange frei.<\/p>\n<p>&nbsp;<\/p>\n<p>Norma und Elke sind mit dem Ziel angetreten, Mode f\u00fcr jede Frau anzubieten, von der Studentin bis zur &#8230;. und das macht der monatliche Wechsel m\u00f6glich: im Konzeptladen kann man Kleider finden, die es nicht \u00fcberall gibt und das zu einer Preisspanne, die es noch viel weniger \u00fcberall gibt. So findet frau Kleider, Jacken, M\u00e4ntel und Schuhe von 10 bis &#8230; Euro.<\/p>\n<p>Das macht das Durchst\u00f6bern besonders spannend und die damit verbunden Mischung an Kundinnen macht wohl auch die besondere Atmosph\u00e4re im Laden aus. Hier wird sich zu einem Kaffee, einem Glas Wasser oder manchmal auch ein Glas Sekt oft untereinander leidenschaftlichst beraten. Norma selbst, die dank ihres Gesch\u00e4ftsmodells ganz entspannt beraten kann ist dabei bestes Beispiel in Sachen Ehrlichkeit und Nichtempfehlung. Und so, wie sie ihren Kundinnen empfiehlt, was sie tragen k\u00f6nnen und was besser nicht, ist sie mit den Designern im Austausch dar\u00fcber, wie lang R\u00f6cke bestenfalls sein sollten und dass ihre Kundinnen ab F\u00fcnfzig Dreiviertelarm bevorzugen.<\/p>\n<p>Sie sieht sich als Sprachrohr und beide Seiten sind dankbar f\u00fcr ihre wertvollen Tipps und Erfahrungen. Designer, die ihre ersten Kollektionen bei ihr zeigen genauso wie alte Hasen im Gesch\u00e4ft. Die erweitern dar\u00fcber hinaus in dem besonderen Konzept aus Mode f\u00fcr jede Frau und jeden Geldbeutel fast nebenbei ihren Kundinnenkreis, gibt es in Normas Konzeptladen ganz zurecht doch keine Schwellenangst. Auch gut f\u00fcr beide Seiten: die Frau, die zwei Stra\u00dfen weiter das recht exklusiv wirkende Ladenlokal der Modedesignerin Karin Breul nicht betreten w\u00fcrde, weil es ihr zu hochpreisig erscheint, h\u00e4lt bei Norma Wright ein Modell von PlanB, eben dieser Designerin, in der Hand und freut sich: \u00fcber die tolle Passform und den absolut bezahlbaren Preis! Wenn Norma Wright so etwas mitbekommt, dann freut sie sich und wei\u00df, dass sie alles richtig gemacht hat! Spa\u00df soll sie schlie\u00dflich machen, die Mode und nicht einschr\u00e4nken!<\/p>\n<p>Neben der monatlich neuen Auswahl an toller Mode, die von Norma gerne unter ein Motto gestellt wird \u0096 im Mai beispielsweise gab es viel Wei\u00dfes unter dem Motto \u0084Die Braut, die sich was traut\u0093 \u0096 gibt es immer wieder neuen, sch\u00f6nen Schnickschnack zum Verschenken oder Selbstbehalten. Von besonderen Plaids, \u00fcber sch\u00f6ne Windlichter bis hin zu M\u00f6beln aus alten \u00d6lf\u00e4ssern, rundet das ausgew\u00e4hlte Sortiment an Sch\u00f6nen Sachen das modische Angebot ab. Mindestens einmal im Monat also einen Besuch wert: Norma Wrights Konzeptladen 1 bis 24!<\/p>\n<p>&nbsp;<\/p>\n<p>\u00d6ffnungszeiten<br \/>Mo \u0096 Fr.: 11.00 \u0096 19.00 Uhr<br \/>Samstag: 11.00 \u0096 16.00 Uhr<\/p>\n<p>&nbsp;<\/p>\n","protected":false},"excerpt":{"rendered":"<p>1 bis 24, in diesem Fall sind das nicht die T\u00fcrchen, die zu \u00f6ffnen sind, bis endlich Weihnachten ist. In diesem Fall ist es noch viel besser! Denn bei 1 bis 24 der konzeptladen ist quasi JEDEN Tag Weihnachten! Weil es hier jeden Tag etwas zu entdecken gibt und weil man sich selber eine so [&hellip;]<\/p>\n","protected":false},"author":2,"featured_media":0,"comment_status":"open","ping_status":"open","sticky":false,"template":"","format":"standard","meta":{"_acf_changed":false,"footnotes":""},"categories":[186],"tags":[],"class_list":["post-1513","post","type-post","status-publish","format-standard","hentry","category-mode"],"acf":[],"yoast_head":"<!-- This site is optimized with the Yoast SEO plugin v27.4 - https:\/\/yoast.com\/product\/yoast-seo-wordpress\/ -->\n<title>1-24 der konzeptladen - Meine S\u00fcdstadt<\/title>\n<meta name=\"robots\" content=\"index, follow, max-snippet:-1, max-image-preview:large, max-video-preview:-1\" \/>\n<link rel=\"canonical\" href=\"https:\/\/www.meinesuedstadt.de\/branchenverzeichnis\/1-24-der-konzeptladen\/\" \/>\n<meta property=\"og:locale\" content=\"de_DE\" \/>\n<meta property=\"og:type\" content=\"article\" \/>\n<meta property=\"og:title\" content=\"1-24 der konzeptladen - Meine S\u00fcdstadt\" \/>\n<meta property=\"og:description\" content=\"1 bis 24, in diesem Fall sind das nicht die T\u00fcrchen, die zu \u00f6ffnen sind, bis endlich Weihnachten ist. In diesem Fall ist es noch viel besser! Denn bei 1 bis 24 der konzeptladen ist quasi JEDEN Tag Weihnachten! Weil es hier jeden Tag etwas zu entdecken gibt und weil man sich selber eine so [&hellip;]\" \/>\n<meta property=\"og:url\" content=\"https:\/\/www.meinesuedstadt.de\/branchenverzeichnis\/1-24-der-konzeptladen\/\" \/>\n<meta property=\"og:site_name\" content=\"Meine S\u00fcdstadt\" \/>\n<meta property=\"article:publisher\" content=\"https:\/\/www.facebook.com\/Meinesuedstadt\/\" \/>\n<meta property=\"article:published_time\" content=\"2012-04-16T10:32:15+00:00\" \/>\n<meta property=\"article:modified_time\" content=\"2018-01-16T17:22:56+00:00\" \/>\n<meta name=\"author\" content=\"Mario Friese\" \/>\n<meta name=\"twitter:card\" content=\"summary_large_image\" \/>\n<meta name=\"twitter:creator\" content=\"@meinesuedstadt\" \/>\n<meta name=\"twitter:site\" content=\"@meinesuedstadt\" \/>\n<meta name=\"twitter:label1\" content=\"Verfasst von\" \/>\n\t<meta name=\"twitter:data1\" content=\"Mario Friese\" \/>\n\t<meta name=\"twitter:label2\" content=\"Gesch\u00e4tzte Lesezeit\" \/>\n\t<meta name=\"twitter:data2\" content=\"4\u00a0Minuten\" \/>\n<script type=\"application\/ld+json\" class=\"yoast-schema-graph\">{\"@context\":\"https:\\\/\\\/schema.org\",\"@graph\":[{\"@type\":\"Article\",\"@id\":\"https:\\\/\\\/www.meinesuedstadt.de\\\/branchenverzeichnis\\\/1-24-der-konzeptladen\\\/#article\",\"isPartOf\":{\"@id\":\"https:\\\/\\\/www.meinesuedstadt.de\\\/branchenverzeichnis\\\/1-24-der-konzeptladen\\\/\"},\"author\":{\"name\":\"Mario Friese\",\"@id\":\"https:\\\/\\\/www.meinesuedstadt.de\\\/branchenverzeichnis\\\/#\\\/schema\\\/person\\\/4974ccd0047c4bef2ea2271bc1b66e8d\"},\"headline\":\"1-24 der konzeptladen\",\"datePublished\":\"2012-04-16T10:32:15+00:00\",\"dateModified\":\"2018-01-16T17:22:56+00:00\",\"mainEntityOfPage\":{\"@id\":\"https:\\\/\\\/www.meinesuedstadt.de\\\/branchenverzeichnis\\\/1-24-der-konzeptladen\\\/\"},\"wordCount\":829,\"commentCount\":0,\"articleSection\":[\"Mode\"],\"inLanguage\":\"de\",\"potentialAction\":[{\"@type\":\"CommentAction\",\"name\":\"Comment\",\"target\":[\"https:\\\/\\\/www.meinesuedstadt.de\\\/branchenverzeichnis\\\/1-24-der-konzeptladen\\\/#respond\"]}]},{\"@type\":\"WebPage\",\"@id\":\"https:\\\/\\\/www.meinesuedstadt.de\\\/branchenverzeichnis\\\/1-24-der-konzeptladen\\\/\",\"url\":\"https:\\\/\\\/www.meinesuedstadt.de\\\/branchenverzeichnis\\\/1-24-der-konzeptladen\\\/\",\"name\":\"1-24 der konzeptladen - Meine S\u00fcdstadt\",\"isPartOf\":{\"@id\":\"https:\\\/\\\/www.meinesuedstadt.de\\\/branchenverzeichnis\\\/#website\"},\"datePublished\":\"2012-04-16T10:32:15+00:00\",\"dateModified\":\"2018-01-16T17:22:56+00:00\",\"author\":{\"@id\":\"https:\\\/\\\/www.meinesuedstadt.de\\\/branchenverzeichnis\\\/#\\\/schema\\\/person\\\/4974ccd0047c4bef2ea2271bc1b66e8d\"},\"breadcrumb\":{\"@id\":\"https:\\\/\\\/www.meinesuedstadt.de\\\/branchenverzeichnis\\\/1-24-der-konzeptladen\\\/#breadcrumb\"},\"inLanguage\":\"de\",\"potentialAction\":[{\"@type\":\"ReadAction\",\"target\":[\"https:\\\/\\\/www.meinesuedstadt.de\\\/branchenverzeichnis\\\/1-24-der-konzeptladen\\\/\"]}]},{\"@type\":\"BreadcrumbList\",\"@id\":\"https:\\\/\\\/www.meinesuedstadt.de\\\/branchenverzeichnis\\\/1-24-der-konzeptladen\\\/#breadcrumb\",\"itemListElement\":[{\"@type\":\"ListItem\",\"position\":1,\"name\":\"Startseite\",\"item\":\"https:\\\/\\\/www.meinesuedstadt.de\\\/branchenverzeichnis\\\/\"},{\"@type\":\"ListItem\",\"position\":2,\"name\":\"1-24 der konzeptladen\"}]},{\"@type\":\"WebSite\",\"@id\":\"https:\\\/\\\/www.meinesuedstadt.de\\\/branchenverzeichnis\\\/#website\",\"url\":\"https:\\\/\\\/www.meinesuedstadt.de\\\/branchenverzeichnis\\\/\",\"name\":\"Meine S\u00fcdstadt\",\"description\":\"Branchenverzeichnis aus der S\u00fcdstadt K\u00f6lns\",\"potentialAction\":[{\"@type\":\"SearchAction\",\"target\":{\"@type\":\"EntryPoint\",\"urlTemplate\":\"https:\\\/\\\/www.meinesuedstadt.de\\\/branchenverzeichnis\\\/?s={search_term_string}\"},\"query-input\":{\"@type\":\"PropertyValueSpecification\",\"valueRequired\":true,\"valueName\":\"search_term_string\"}}],\"inLanguage\":\"de\"},{\"@type\":\"Person\",\"@id\":\"https:\\\/\\\/www.meinesuedstadt.de\\\/branchenverzeichnis\\\/#\\\/schema\\\/person\\\/4974ccd0047c4bef2ea2271bc1b66e8d\",\"name\":\"Mario Friese\",\"image\":{\"@type\":\"ImageObject\",\"inLanguage\":\"de\",\"@id\":\"https:\\\/\\\/secure.gravatar.com\\\/avatar\\\/38afb5244388eb07856f264e0b17f6d56309e4e5bba4ea1716b6dadd14a2aab0?s=96&d=mm&r=g\",\"url\":\"https:\\\/\\\/secure.gravatar.com\\\/avatar\\\/38afb5244388eb07856f264e0b17f6d56309e4e5bba4ea1716b6dadd14a2aab0?s=96&d=mm&r=g\",\"contentUrl\":\"https:\\\/\\\/secure.gravatar.com\\\/avatar\\\/38afb5244388eb07856f264e0b17f6d56309e4e5bba4ea1716b6dadd14a2aab0?s=96&d=mm&r=g\",\"caption\":\"Mario Friese\"},\"sameAs\":[\"https:\\\/\\\/fgrepublik.com\"]}]}<\/script>\n<!-- \/ Yoast SEO plugin. -->","yoast_head_json":{"title":"1-24 der konzeptladen - Meine S\u00fcdstadt","robots":{"index":"index","follow":"follow","max-snippet":"max-snippet:-1","max-image-preview":"max-image-preview:large","max-video-preview":"max-video-preview:-1"},"canonical":"https:\/\/www.meinesuedstadt.de\/branchenverzeichnis\/1-24-der-konzeptladen\/","og_locale":"de_DE","og_type":"article","og_title":"1-24 der konzeptladen - Meine S\u00fcdstadt","og_description":"1 bis 24, in diesem Fall sind das nicht die T\u00fcrchen, die zu \u00f6ffnen sind, bis endlich Weihnachten ist. In diesem Fall ist es noch viel besser! Denn bei 1 bis 24 der konzeptladen ist quasi JEDEN Tag Weihnachten! Weil es hier jeden Tag etwas zu entdecken gibt und weil man sich selber eine so [&hellip;]","og_url":"https:\/\/www.meinesuedstadt.de\/branchenverzeichnis\/1-24-der-konzeptladen\/","og_site_name":"Meine S\u00fcdstadt","article_publisher":"https:\/\/www.facebook.com\/Meinesuedstadt\/","article_published_time":"2012-04-16T10:32:15+00:00","article_modified_time":"2018-01-16T17:22:56+00:00","author":"Mario Friese","twitter_card":"summary_large_image","twitter_creator":"@meinesuedstadt","twitter_site":"@meinesuedstadt","twitter_misc":{"Verfasst von":"Mario Friese","Gesch\u00e4tzte Lesezeit":"4\u00a0Minuten"},"schema":{"@context":"https:\/\/schema.org","@graph":[{"@type":"Article","@id":"https:\/\/www.meinesuedstadt.de\/branchenverzeichnis\/1-24-der-konzeptladen\/#article","isPartOf":{"@id":"https:\/\/www.meinesuedstadt.de\/branchenverzeichnis\/1-24-der-konzeptladen\/"},"author":{"name":"Mario Friese","@id":"https:\/\/www.meinesuedstadt.de\/branchenverzeichnis\/#\/schema\/person\/4974ccd0047c4bef2ea2271bc1b66e8d"},"headline":"1-24 der konzeptladen","datePublished":"2012-04-16T10:32:15+00:00","dateModified":"2018-01-16T17:22:56+00:00","mainEntityOfPage":{"@id":"https:\/\/www.meinesuedstadt.de\/branchenverzeichnis\/1-24-der-konzeptladen\/"},"wordCount":829,"commentCount":0,"articleSection":["Mode"],"inLanguage":"de","potentialAction":[{"@type":"CommentAction","name":"Comment","target":["https:\/\/www.meinesuedstadt.de\/branchenverzeichnis\/1-24-der-konzeptladen\/#respond"]}]},{"@type":"WebPage","@id":"https:\/\/www.meinesuedstadt.de\/branchenverzeichnis\/1-24-der-konzeptladen\/","url":"https:\/\/www.meinesuedstadt.de\/branchenverzeichnis\/1-24-der-konzeptladen\/","name":"1-24 der konzeptladen - Meine S\u00fcdstadt","isPartOf":{"@id":"https:\/\/www.meinesuedstadt.de\/branchenverzeichnis\/#website"},"datePublished":"2012-04-16T10:32:15+00:00","dateModified":"2018-01-16T17:22:56+00:00","author":{"@id":"https:\/\/www.meinesuedstadt.de\/branchenverzeichnis\/#\/schema\/person\/4974ccd0047c4bef2ea2271bc1b66e8d"},"breadcrumb":{"@id":"https:\/\/www.meinesuedstadt.de\/branchenverzeichnis\/1-24-der-konzeptladen\/#breadcrumb"},"inLanguage":"de","potentialAction":[{"@type":"ReadAction","target":["https:\/\/www.meinesuedstadt.de\/branchenverzeichnis\/1-24-der-konzeptladen\/"]}]},{"@type":"BreadcrumbList","@id":"https:\/\/www.meinesuedstadt.de\/branchenverzeichnis\/1-24-der-konzeptladen\/#breadcrumb","itemListElement":[{"@type":"ListItem","position":1,"name":"Startseite","item":"https:\/\/www.meinesuedstadt.de\/branchenverzeichnis\/"},{"@type":"ListItem","position":2,"name":"1-24 der konzeptladen"}]},{"@type":"WebSite","@id":"https:\/\/www.meinesuedstadt.de\/branchenverzeichnis\/#website","url":"https:\/\/www.meinesuedstadt.de\/branchenverzeichnis\/","name":"Meine S\u00fcdstadt","description":"Branchenverzeichnis aus der S\u00fcdstadt K\u00f6lns","potentialAction":[{"@type":"SearchAction","target":{"@type":"EntryPoint","urlTemplate":"https:\/\/www.meinesuedstadt.de\/branchenverzeichnis\/?s={search_term_string}"},"query-input":{"@type":"PropertyValueSpecification","valueRequired":true,"valueName":"search_term_string"}}],"inLanguage":"de"},{"@type":"Person","@id":"https:\/\/www.meinesuedstadt.de\/branchenverzeichnis\/#\/schema\/person\/4974ccd0047c4bef2ea2271bc1b66e8d","name":"Mario Friese","image":{"@type":"ImageObject","inLanguage":"de","@id":"https:\/\/secure.gravatar.com\/avatar\/38afb5244388eb07856f264e0b17f6d56309e4e5bba4ea1716b6dadd14a2aab0?s=96&d=mm&r=g","url":"https:\/\/secure.gravatar.com\/avatar\/38afb5244388eb07856f264e0b17f6d56309e4e5bba4ea1716b6dadd14a2aab0?s=96&d=mm&r=g","contentUrl":"https:\/\/secure.gravatar.com\/avatar\/38afb5244388eb07856f264e0b17f6d56309e4e5bba4ea1716b6dadd14a2aab0?s=96&d=mm&r=g","caption":"Mario Friese"},"sameAs":["https:\/\/fgrepublik.com"]}]}},"priority":0,"metaAddress":"Teutoburger Stra\u00dfe 12 , 50678 K\u00f6ln","_links":{"self":[{"href":"https:\/\/www.meinesuedstadt.de\/branchenverzeichnis\/wp-json\/wp\/v2\/posts\/1513","targetHints":{"allow":["GET"]}}],"collection":[{"href":"https:\/\/www.meinesuedstadt.de\/branchenverzeichnis\/wp-json\/wp\/v2\/posts"}],"about":[{"href":"https:\/\/www.meinesuedstadt.de\/branchenverzeichnis\/wp-json\/wp\/v2\/types\/post"}],"author":[{"embeddable":true,"href":"https:\/\/www.meinesuedstadt.de\/branchenverzeichnis\/wp-json\/wp\/v2\/users\/2"}],"replies":[{"embeddable":true,"href":"https:\/\/www.meinesuedstadt.de\/branchenverzeichnis\/wp-json\/wp\/v2\/comments?post=1513"}],"version-history":[{"count":1,"href":"https:\/\/www.meinesuedstadt.de\/branchenverzeichnis\/wp-json\/wp\/v2\/posts\/1513\/revisions"}],"predecessor-version":[{"id":3030,"href":"https:\/\/www.meinesuedstadt.de\/branchenverzeichnis\/wp-json\/wp\/v2\/posts\/1513\/revisions\/3030"}],"wp:attachment":[{"href":"https:\/\/www.meinesuedstadt.de\/branchenverzeichnis\/wp-json\/wp\/v2\/media?parent=1513"}],"wp:term":[{"taxonomy":"category","embeddable":true,"href":"https:\/\/www.meinesuedstadt.de\/branchenverzeichnis\/wp-json\/wp\/v2\/categories?post=1513"},{"taxonomy":"post_tag","embeddable":true,"href":"https:\/\/www.meinesuedstadt.de\/branchenverzeichnis\/wp-json\/wp\/v2\/tags?post=1513"}],"curies":[{"name":"wp","href":"https:\/\/api.w.org\/{rel}","templated":true}]}}