{"id":1590,"date":"2012-11-28T13:37:04","date_gmt":"2012-11-28T12:37:04","guid":{"rendered":"http:\/\/www.meinesuedstadt.de\/branchenverzeichnis\/?p=1590"},"modified":"2018-07-11T18:15:53","modified_gmt":"2018-07-11T16:15:53","slug":"stadtwaldholz-wilfried-nissing-sabine-roeser","status":"publish","type":"post","link":"https:\/\/www.meinesuedstadt.de\/branchenverzeichnis\/stadtwaldholz-wilfried-nissing-sabine-roeser\/","title":{"rendered":"StadtwaldHolz &#8211; Wilfried Ni\u00dfing &#038; Sabine R\u00f6ser"},"content":{"rendered":"<p>Feines in Holz &#8211; Stadtwaldholz. Koblenzerstra\u00dfe 15 lautet das Ziel. Etwas abenteuerlich sieht es hier jetzt aus, da die Nachbarh\u00e4user fast alle abgerissen sind. Das Schild \u0084Feines in Holz \u0096 M\u00f6bel, K\u00fcchen, Einrichtungen, Zuschnitte \u0096 Tischlerei &#8211; Architektur\u0093 ragt hervor und weist den Weg: Am Ende des kleinen Weges liegt die Schreinerei von Wilfried Nissing und Sabine R\u00f6ser. Mehrere Geb\u00e4ude geh\u00f6ren zur Schreinerei: Links die Werkstatt. In der Mitte das B\u00fcrohaus mit einem Aufenthaltsraum mit K\u00fcche auf der ersten Etage und einem beeindruckenden Terrassenvorbau. Die Holzterrasse ist \u00fcberdacht und l\u00e4dt zum Verweilen ein. Hier lockt eine Holzh\u00e4ngematte zum Ausruhen, eine gem\u00fctliche Bank mit Tisch gleich dahinter. An der Wand stehen unz\u00e4hlige Holzsterne aufeinander und schm\u00fccken den Essbereich. Auch Holzscheiben mit eingebohrten Bienen entdecke ich. Ein Highlight sind die Goldfische und Seerosen, die den Platz unter der Holztreppe bewohnen. Hier f\u00fchlt man sich gleich wohl. In einem gro\u00dfen Holzk\u00fcbel wird Regenwasser f\u00fcr die Pflanzen aufgefangen. Rechts davon sind die verschiedenen Lager- und Trockenr\u00e4ume f\u00fcr die H\u00f6lzer.<\/p>\n\n\t\t<style type=\"text\/css\">\n\t\t\t#gallery-1 {\n\t\t\t\tmargin: auto;\n\t\t\t}\n\t\t\t#gallery-1 .gallery-item {\n\t\t\t\tfloat: left;\n\t\t\t\tmargin-top: 10px;\n\t\t\t\ttext-align: center;\n\t\t\t\twidth: 25%;\n\t\t\t}\n\t\t\t#gallery-1 img {\n\t\t\t\tborder: 2px solid #cfcfcf;\n\t\t\t}\n\t\t\t#gallery-1 .gallery-caption {\n\t\t\t\tmargin-left: 0;\n\t\t\t}\n\t\t\t\/* see gallery_shortcode() in wp-includes\/media.php *\/\n\t\t<\/style>\n\t\t<div id='gallery-1' class='gallery galleryid-1590 gallery-columns-4 gallery-size-thumbnail'><dl class='gallery-item'>\n\t\t\t<dt class='gallery-icon landscape'>\n\t\t\t\t<a href='https:\/\/www.meinesuedstadt.de\/branchenverzeichnis\/wp-content\/uploads\/2012\/11\/StadtwaldHolz-Meine-Suedstadt-Koeln-01.jpg' title=\"\" data-rl_title=\"\" class=\"rl-gallery-link\" data-rl_caption=\"\" data-rel=\"lightbox-gallery-1\"><img loading=\"lazy\" decoding=\"async\" width=\"150\" height=\"150\" src=\"https:\/\/www.meinesuedstadt.de\/branchenverzeichnis\/wp-content\/uploads\/2012\/11\/StadtwaldHolz-Meine-Suedstadt-Koeln-01-150x150.jpg\" class=\"attachment-thumbnail size-thumbnail\" alt=\"StadtwaldHolz - Meine S\u00fcdstadt K\u00f6ln\" \/><\/a>\n\t\t\t<\/dt><\/dl><dl class='gallery-item'>\n\t\t\t<dt class='gallery-icon landscape'>\n\t\t\t\t<a href='https:\/\/www.meinesuedstadt.de\/branchenverzeichnis\/wp-content\/uploads\/2012\/11\/StadtwaldHolz-Meine-Suedstadt-Koeln-02.jpg' title=\"\" data-rl_title=\"\" class=\"rl-gallery-link\" data-rl_caption=\"\" data-rel=\"lightbox-gallery-1\"><img loading=\"lazy\" decoding=\"async\" width=\"150\" height=\"150\" src=\"https:\/\/www.meinesuedstadt.de\/branchenverzeichnis\/wp-content\/uploads\/2012\/11\/StadtwaldHolz-Meine-Suedstadt-Koeln-02-150x150.jpg\" class=\"attachment-thumbnail size-thumbnail\" alt=\"StadtwaldHolz - Meine S\u00fcdstadt K\u00f6ln\" \/><\/a>\n\t\t\t<\/dt><\/dl><dl class='gallery-item'>\n\t\t\t<dt class='gallery-icon landscape'>\n\t\t\t\t<a href='https:\/\/www.meinesuedstadt.de\/branchenverzeichnis\/wp-content\/uploads\/2012\/11\/StadtwaldHolz-Meine-Suedstadt-Koeln-03.jgg_.jpg' title=\"\" data-rl_title=\"\" class=\"rl-gallery-link\" data-rl_caption=\"\" data-rel=\"lightbox-gallery-1\"><img loading=\"lazy\" decoding=\"async\" width=\"150\" height=\"150\" src=\"https:\/\/www.meinesuedstadt.de\/branchenverzeichnis\/wp-content\/uploads\/2012\/11\/StadtwaldHolz-Meine-Suedstadt-Koeln-03.jgg_-150x150.jpg\" class=\"attachment-thumbnail size-thumbnail\" alt=\"StadtwaldHolz - Meine S\u00fcdstadt K\u00f6ln\" \/><\/a>\n\t\t\t<\/dt><\/dl><dl class='gallery-item'>\n\t\t\t<dt class='gallery-icon landscape'>\n\t\t\t\t<a href='https:\/\/www.meinesuedstadt.de\/branchenverzeichnis\/wp-content\/uploads\/2012\/11\/StadtwaldHolz-Meine-Suedstadt-Koeln-04.jpg' title=\"\" data-rl_title=\"\" class=\"rl-gallery-link\" data-rl_caption=\"\" data-rel=\"lightbox-gallery-1\"><img loading=\"lazy\" decoding=\"async\" width=\"150\" height=\"150\" src=\"https:\/\/www.meinesuedstadt.de\/branchenverzeichnis\/wp-content\/uploads\/2012\/11\/StadtwaldHolz-Meine-Suedstadt-Koeln-04-150x150.jpg\" class=\"attachment-thumbnail size-thumbnail\" alt=\"StadtwaldHolz - Meine S\u00fcdstadt K\u00f6ln\" \/><\/a>\n\t\t\t<\/dt><\/dl><br style=\"clear: both\" \/><dl class='gallery-item'>\n\t\t\t<dt class='gallery-icon landscape'>\n\t\t\t\t<a href='https:\/\/www.meinesuedstadt.de\/branchenverzeichnis\/wp-content\/uploads\/2012\/11\/StadtwaldHolz-Meine-Suedstadt-Koeln-05.jpg' title=\"\" data-rl_title=\"\" class=\"rl-gallery-link\" data-rl_caption=\"\" data-rel=\"lightbox-gallery-1\"><img loading=\"lazy\" decoding=\"async\" width=\"150\" height=\"150\" src=\"https:\/\/www.meinesuedstadt.de\/branchenverzeichnis\/wp-content\/uploads\/2012\/11\/StadtwaldHolz-Meine-Suedstadt-Koeln-05-150x150.jpg\" class=\"attachment-thumbnail size-thumbnail\" alt=\"StadtwaldHolz - Meine S\u00fcdstadt K\u00f6ln\" \/><\/a>\n\t\t\t<\/dt><\/dl><dl class='gallery-item'>\n\t\t\t<dt class='gallery-icon portrait'>\n\t\t\t\t<a href='https:\/\/www.meinesuedstadt.de\/branchenverzeichnis\/wp-content\/uploads\/2012\/11\/StadtwaldHolz-Meine-Suedstadt-Koeln-06.jpg' title=\"\" data-rl_title=\"\" class=\"rl-gallery-link\" data-rl_caption=\"\" data-rel=\"lightbox-gallery-1\"><img loading=\"lazy\" decoding=\"async\" width=\"150\" height=\"150\" src=\"https:\/\/www.meinesuedstadt.de\/branchenverzeichnis\/wp-content\/uploads\/2012\/11\/StadtwaldHolz-Meine-Suedstadt-Koeln-06-150x150.jpg\" class=\"attachment-thumbnail size-thumbnail\" alt=\"StadtwaldHolz - Meine S\u00fcdstadt K\u00f6ln\" \/><\/a>\n\t\t\t<\/dt><\/dl><dl class='gallery-item'>\n\t\t\t<dt class='gallery-icon landscape'>\n\t\t\t\t<a href='https:\/\/www.meinesuedstadt.de\/branchenverzeichnis\/wp-content\/uploads\/2012\/11\/StadtwaldHolz-Meine-Suedstadt-Koeln-07.jpg' title=\"\" data-rl_title=\"\" class=\"rl-gallery-link\" data-rl_caption=\"\" data-rel=\"lightbox-gallery-1\"><img loading=\"lazy\" decoding=\"async\" width=\"150\" height=\"150\" src=\"https:\/\/www.meinesuedstadt.de\/branchenverzeichnis\/wp-content\/uploads\/2012\/11\/StadtwaldHolz-Meine-Suedstadt-Koeln-07-150x150.jpg\" class=\"attachment-thumbnail size-thumbnail\" alt=\"StadtwaldHolz - Meine S\u00fcdstadt K\u00f6ln\" \/><\/a>\n\t\t\t<\/dt><\/dl><dl class='gallery-item'>\n\t\t\t<dt class='gallery-icon landscape'>\n\t\t\t\t<a href='https:\/\/www.meinesuedstadt.de\/branchenverzeichnis\/wp-content\/uploads\/2012\/11\/StadtwaldHolz-Meine-Suedstadt-Koeln-08.jpg' title=\"\" data-rl_title=\"\" class=\"rl-gallery-link\" data-rl_caption=\"\" data-rel=\"lightbox-gallery-1\"><img loading=\"lazy\" decoding=\"async\" width=\"150\" height=\"150\" src=\"https:\/\/www.meinesuedstadt.de\/branchenverzeichnis\/wp-content\/uploads\/2012\/11\/StadtwaldHolz-Meine-Suedstadt-Koeln-08-150x150.jpg\" class=\"attachment-thumbnail size-thumbnail\" alt=\"StadtwaldHolz - Meine S\u00fcdstadt K\u00f6ln\" \/><\/a>\n\t\t\t<\/dt><\/dl><br style=\"clear: both\" \/><dl class='gallery-item'>\n\t\t\t<dt class='gallery-icon landscape'>\n\t\t\t\t<a href='https:\/\/www.meinesuedstadt.de\/branchenverzeichnis\/wp-content\/uploads\/2012\/11\/StadtwaldHolz-Meine-Suedstadt-Koeln-09.jpg' title=\"\" data-rl_title=\"\" class=\"rl-gallery-link\" data-rl_caption=\"\" data-rel=\"lightbox-gallery-1\"><img loading=\"lazy\" decoding=\"async\" width=\"150\" height=\"150\" src=\"https:\/\/www.meinesuedstadt.de\/branchenverzeichnis\/wp-content\/uploads\/2012\/11\/StadtwaldHolz-Meine-Suedstadt-Koeln-09-150x150.jpg\" class=\"attachment-thumbnail size-thumbnail\" alt=\"StadtwaldHolz - Meine S\u00fcdstadt K\u00f6ln\" \/><\/a>\n\t\t\t<\/dt><\/dl><dl class='gallery-item'>\n\t\t\t<dt class='gallery-icon landscape'>\n\t\t\t\t<a href='https:\/\/www.meinesuedstadt.de\/branchenverzeichnis\/wp-content\/uploads\/2012\/11\/StadtwaldHolz-Meine-Suedstadt-Koeln-10.jpg' title=\"\" data-rl_title=\"\" class=\"rl-gallery-link\" data-rl_caption=\"\" data-rel=\"lightbox-gallery-1\"><img loading=\"lazy\" decoding=\"async\" width=\"150\" height=\"150\" src=\"https:\/\/www.meinesuedstadt.de\/branchenverzeichnis\/wp-content\/uploads\/2012\/11\/StadtwaldHolz-Meine-Suedstadt-Koeln-10-150x150.jpg\" class=\"attachment-thumbnail size-thumbnail\" alt=\"\" \/><\/a>\n\t\t\t<\/dt><\/dl>\n\t\t\t<br style='clear: both' \/>\n\t\t<\/div>\n\n<p>Vor knapp 12 Jahren sind der Schreiner Wilfried Nissing und die Architektin Sabine R\u00f6ser hier eingezogen und hatten viele innovative Ideen im Gep\u00e4ck. Sie wollten mit Massivh\u00f6lzern arbeiten, langlebige und hochwertige M\u00f6belst\u00fccke herstellen \u0096 weg von der Spanplatte. Die Verbundenheit mit der Natur, Umweltschutz, Klimaschutz und Nachhaltigkeit waren Nissing und seiner Frau R\u00f6ser schon immer ein Anliegen. Beide sind Kinder der Eifel.<\/p>\n<p>Der erste Klimasturm \u0084Wiebke\u0093 vor 20 Jahren hatte sie dazu inspiriert, sich Gedanken \u00fcber die lokalen H\u00f6lzer zu machen. Auf diese Art k\u00f6nnte man auf die langen Transportwege der H\u00f6lzer verzichten und aktiv zum Klimaschutz beitragen. Wilfried Nissing ging damals durch den K\u00f6lner Forst und stellte fest: \u0084Durch den Sturm ist ganz viel Baumbestand umgefallen. Was machen die damit? Da habe ich das K\u00f6lner Forstamt kontaktiert.\u0093 Nach einigen Gespr\u00e4chen sind die beiden Seiten sich einig: \u0084Das Forstamt f\u00e4llt immer wieder B\u00e4ume im K\u00f6lner Forst. Sie schlagen sie ein und ich kaufe die gef\u00e4llten B\u00e4ume ein.\u0093 So entstand eine neue Verkaufsidee, die sich zu der Marke \u0084Stadtwaldholz\u0093 entwickelte. Sabine R\u00f6ser erkl\u00e4rt: \u0084Unsere Schreinerei produziert M\u00f6bel unserer Marke \u0082Stadtwaldholz\u0092. Allerdings hat sich der Name sofort etabliert und durchgesetzt und alle nennen uns nur noch \u0082Stadtwaldholz\u0092 \u0096 obwohl die Schreinerei eigentlich \u0082Feines in Holz\u0092 hei\u00dft.\u0093 Nissing ist begeistert: \u0084Im K\u00f6lner Forst wachsen sehr viele unterschiedliche B\u00e4ume \u0096 Eichen, Buchen, Ahorn, Kirschen, Robinien, Platanen aber auch Exoten wie Mammutb\u00e4ume oder auch der Kuchenbaum. Ein Waldbaum w\u00e4chst auch ganz anders als ein Parkbaum. Die B\u00e4ume im Wald sch\u00fctzen sich gegenseitig. Die im Park stehen immer im Wind und sind etwas nerv\u00f6ser. Inzwischen ruft das Forstamt mich an, wenn sie au\u00dfergew\u00f6hnliche B\u00e4ume f\u00e4llen werden. Die B\u00e4ume werden dann von ihnen in verschiedene G\u00fcteklassen unterteilt. Wenn die B\u00e4ume geliefert werden, s\u00e4ge ich sie auf, lagere und trockne sie. Was aus dem Baum wird, h\u00e4ngt auch davon ab wie astig er ist.\u0093 Sabine R\u00f6ser f\u00fcgt hinzu: \u0084Die K\u00f6lner sind sehr k\u00f6ln-afin. Als wir anfingen, unseren Kunden zu erz\u00e4hlen, dass das Holz aus dem Gr\u00fcng\u00fcrtel, dem Forstbotanischen Garten oder dem Stadtwald stammt, waren sie begeistert!\u0093<\/p>\n<p>Nissing und R\u00f6ser erg\u00e4nzen sich gut. Die Architektin erkl\u00e4rt: \u0084Am Besten kann man das an unserem StubenHocker erkennen. Ich habe ihn entworfen und wollte etwas Stabiles entwickeln. Er kann Beistelltisch, Tritt oder Hocker sein und einen Griffschlitz hat er auch. F\u00fcr die Stabilit\u00e4t des kleinen Hockers wollte ich ein Bein ausstellen. Dann kam Wilfried und hat es m\u00f6glich gemacht.\u00a0 Er wusste, wie er das handwerklich umsetzen konnte.\u0093 Jeder Kunde wird vom Duo R\u00f6ser &amp; Nissing individuell und kompetent beraten. Jedes M\u00f6belst\u00fcck ist mit Liebe entworfen und hergestellt. Au\u00dfergew\u00f6hnliche und praktische Ideen finden hier zueinander. Neue Garderobenformen, die flexibel und platzsparend sind, werden entworfen, eine extravagante Chaiselongue, individuelle K\u00fcchen und noch viel mehr. Besonders popul\u00e4r sind die \u0084Heimatsterne\u0093 erz\u00e4hlt Sabine R\u00f6ser: \u0084Die Sterne werden aus Mammutholz hergestellt. Mammut w\u00e4chst sehr schnell, ist mehrfarbig \u0096 innen rosa und nach au\u00dfen cremefarbig. Sie werden mit der Motors\u00e4ge geschnitten und mit der Stahlb\u00fcrste bearbeitet, damit man die Jahresringe besser sieht. Das ist ein gutes Mitbringsel f\u00fcr K\u00f6lner, die au\u00dferhalb von K\u00f6ln wohnen. Ein Teelicht oder eine Kerze macht sich besonders gut darauf.\u0093\u00a0 Stolz ist der Betrieb auch auf die Zusammenarbeit mit den Sozial-Betrieben-K\u00f6ln (SBK). \u0084Wilfried s\u00e4gt das Holz in Bretter. Mit einer Schablone zeichnet er die sp\u00e4tere Form der Fr\u00fchst\u00fccksbretter vor und schneidet grob zu. Dann hobelt er die Brettchen auf die gew\u00fcnschte Dicke und gibt ihnen das Profil. Nun sind die geduldigen Mitarbeiter des SBK gefragt. Sie schleifen die Bretter fein. Durch eine Schicht Bio-Oliven\u00f6l erhalten die Brettchen ihren Glanz.\u0093 Und dann wird jedes Fr\u00fchst\u00fccksbrettchen, jeder Stern mit dem firmeneigenen Branding versehen, so wie alle Produkte, die aus der Schreinerei stammen. R\u00f6ser hat das Branding designt: \u0084Das Brandzeichen stellt einen Baumstamm dar. Man sieht die Jahresringe, die mit den K\u00f6lner Stadtringen korrespondieren. Der Stamm ist in eine Scheibe aufgeschnitten und man sieht den Rhein, den Dom, alle Ringe bis zum Gr\u00fcng\u00fcrtel. Das ist unser Markenzeichen.\u0093<\/p>\n<p>Stadtwaldholz setzt sich f\u00fcr die Umwelt ein und f\u00fcr einen sozialen Umgang miteinander. Projekte wie NeuLand und \u0084Out of School \u0096 mal woanders lernen\u0093 werden begeistert unterst\u00fctzt. Auch die <a href=\"http:\/\/www.wdrmaus.de\/sachgeschichten\/sachgeschichten\/sachgeschichte.php5?id=2649\">Sendung mit der Maus<\/a> hat Stadtwaldholz schon besucht! Und 2011 ist Stadtwaldholz mit dem Umweltschutzpreis der Stadt K\u00f6ln ausgezeichnet worden. Mit dem Preisgeld haben Sabine R\u00f6ser und Wilfried Nissing ein neues Lastenfahrrad mit Elektromotor f\u00fcr die Firma finanziert: Nun k\u00f6nnen sie bis zu 300 kg mit dem Fahrrad transportieren und der Betrieb ist noch CO2-neutraler. Hier k\u00f6nnen M\u00f6bel nach Ma\u00df mit gutem Gewissen inklusive gekauft werden.<\/p>\n","protected":false},"excerpt":{"rendered":"<p>Feines in Holz &#8211; Stadtwaldholz. Koblenzerstra\u00dfe 15 lautet das Ziel. Etwas abenteuerlich sieht es hier jetzt aus, da die Nachbarh\u00e4user fast alle abgerissen sind. Das Schild \u0084Feines in Holz \u0096 M\u00f6bel, K\u00fcchen, Einrichtungen, Zuschnitte \u0096 Tischlerei &#8211; Architektur\u0093 ragt hervor und weist den Weg: Am Ende des kleinen Weges liegt die Schreinerei von Wilfried Nissing [&hellip;]<\/p>\n","protected":false},"author":2,"featured_media":0,"comment_status":"open","ping_status":"open","sticky":false,"template":"","format":"standard","meta":{"_acf_changed":false,"footnotes":""},"categories":[270,251],"tags":[],"class_list":["post-1590","post","type-post","status-publish","format-standard","hentry","category-holz","category-schreiner"],"acf":[],"yoast_head":"<!-- This site is optimized with the Yoast SEO plugin v27.4 - https:\/\/yoast.com\/product\/yoast-seo-wordpress\/ -->\n<title>StadtwaldHolz - Wilfried Ni\u00dfing &amp; Sabine R\u00f6ser - Meine S\u00fcdstadt<\/title>\n<meta name=\"robots\" content=\"index, follow, max-snippet:-1, max-image-preview:large, max-video-preview:-1\" \/>\n<link rel=\"canonical\" href=\"https:\/\/www.meinesuedstadt.de\/branchenverzeichnis\/stadtwaldholz-wilfried-nissing-sabine-roeser\/\" \/>\n<meta property=\"og:locale\" content=\"de_DE\" \/>\n<meta property=\"og:type\" content=\"article\" \/>\n<meta property=\"og:title\" content=\"StadtwaldHolz - Wilfried Ni\u00dfing &amp; Sabine R\u00f6ser - Meine S\u00fcdstadt\" \/>\n<meta property=\"og:description\" content=\"Feines in Holz &#8211; Stadtwaldholz. Koblenzerstra\u00dfe 15 lautet das Ziel. Etwas abenteuerlich sieht es hier jetzt aus, da die Nachbarh\u00e4user fast alle abgerissen sind. Das Schild \u0084Feines in Holz \u0096 M\u00f6bel, K\u00fcchen, Einrichtungen, Zuschnitte \u0096 Tischlerei &#8211; Architektur\u0093 ragt hervor und weist den Weg: Am Ende des kleinen Weges liegt die Schreinerei von Wilfried Nissing [&hellip;]\" \/>\n<meta property=\"og:url\" content=\"https:\/\/www.meinesuedstadt.de\/branchenverzeichnis\/stadtwaldholz-wilfried-nissing-sabine-roeser\/\" \/>\n<meta property=\"og:site_name\" content=\"Meine S\u00fcdstadt\" \/>\n<meta property=\"article:publisher\" content=\"https:\/\/www.facebook.com\/Meinesuedstadt\/\" \/>\n<meta property=\"article:published_time\" content=\"2012-11-28T12:37:04+00:00\" \/>\n<meta property=\"article:modified_time\" content=\"2018-07-11T16:15:53+00:00\" \/>\n<meta property=\"og:image\" content=\"https:\/\/www.meinesuedstadt.de\/branchenverzeichnis\/wp-content\/uploads\/2012\/11\/StadtwaldHolz-Meine-Suedstadt-Koeln-01-150x150.jpg\" \/>\n<meta name=\"author\" content=\"Mario Friese\" \/>\n<meta name=\"twitter:card\" content=\"summary_large_image\" \/>\n<meta name=\"twitter:creator\" content=\"@meinesuedstadt\" \/>\n<meta name=\"twitter:site\" content=\"@meinesuedstadt\" \/>\n<meta name=\"twitter:label1\" content=\"Verfasst von\" \/>\n\t<meta name=\"twitter:data1\" content=\"Mario Friese\" \/>\n\t<meta name=\"twitter:label2\" content=\"Gesch\u00e4tzte Lesezeit\" \/>\n\t<meta name=\"twitter:data2\" content=\"5\u00a0Minuten\" \/>\n<script type=\"application\/ld+json\" class=\"yoast-schema-graph\">{\"@context\":\"https:\\\/\\\/schema.org\",\"@graph\":[{\"@type\":\"Article\",\"@id\":\"https:\\\/\\\/www.meinesuedstadt.de\\\/branchenverzeichnis\\\/stadtwaldholz-wilfried-nissing-sabine-roeser\\\/#article\",\"isPartOf\":{\"@id\":\"https:\\\/\\\/www.meinesuedstadt.de\\\/branchenverzeichnis\\\/stadtwaldholz-wilfried-nissing-sabine-roeser\\\/\"},\"author\":{\"name\":\"Mario Friese\",\"@id\":\"https:\\\/\\\/www.meinesuedstadt.de\\\/branchenverzeichnis\\\/#\\\/schema\\\/person\\\/4974ccd0047c4bef2ea2271bc1b66e8d\"},\"headline\":\"StadtwaldHolz &#8211; Wilfried Ni\u00dfing &#038; Sabine R\u00f6ser\",\"datePublished\":\"2012-11-28T12:37:04+00:00\",\"dateModified\":\"2018-07-11T16:15:53+00:00\",\"mainEntityOfPage\":{\"@id\":\"https:\\\/\\\/www.meinesuedstadt.de\\\/branchenverzeichnis\\\/stadtwaldholz-wilfried-nissing-sabine-roeser\\\/\"},\"wordCount\":1022,\"commentCount\":0,\"articleSection\":[\"Holz\",\"Schreiner\"],\"inLanguage\":\"de\",\"potentialAction\":[{\"@type\":\"CommentAction\",\"name\":\"Comment\",\"target\":[\"https:\\\/\\\/www.meinesuedstadt.de\\\/branchenverzeichnis\\\/stadtwaldholz-wilfried-nissing-sabine-roeser\\\/#respond\"]}]},{\"@type\":\"WebPage\",\"@id\":\"https:\\\/\\\/www.meinesuedstadt.de\\\/branchenverzeichnis\\\/stadtwaldholz-wilfried-nissing-sabine-roeser\\\/\",\"url\":\"https:\\\/\\\/www.meinesuedstadt.de\\\/branchenverzeichnis\\\/stadtwaldholz-wilfried-nissing-sabine-roeser\\\/\",\"name\":\"StadtwaldHolz - Wilfried Ni\u00dfing & Sabine R\u00f6ser - Meine S\u00fcdstadt\",\"isPartOf\":{\"@id\":\"https:\\\/\\\/www.meinesuedstadt.de\\\/branchenverzeichnis\\\/#website\"},\"datePublished\":\"2012-11-28T12:37:04+00:00\",\"dateModified\":\"2018-07-11T16:15:53+00:00\",\"author\":{\"@id\":\"https:\\\/\\\/www.meinesuedstadt.de\\\/branchenverzeichnis\\\/#\\\/schema\\\/person\\\/4974ccd0047c4bef2ea2271bc1b66e8d\"},\"breadcrumb\":{\"@id\":\"https:\\\/\\\/www.meinesuedstadt.de\\\/branchenverzeichnis\\\/stadtwaldholz-wilfried-nissing-sabine-roeser\\\/#breadcrumb\"},\"inLanguage\":\"de\",\"potentialAction\":[{\"@type\":\"ReadAction\",\"target\":[\"https:\\\/\\\/www.meinesuedstadt.de\\\/branchenverzeichnis\\\/stadtwaldholz-wilfried-nissing-sabine-roeser\\\/\"]}]},{\"@type\":\"BreadcrumbList\",\"@id\":\"https:\\\/\\\/www.meinesuedstadt.de\\\/branchenverzeichnis\\\/stadtwaldholz-wilfried-nissing-sabine-roeser\\\/#breadcrumb\",\"itemListElement\":[{\"@type\":\"ListItem\",\"position\":1,\"name\":\"Startseite\",\"item\":\"https:\\\/\\\/www.meinesuedstadt.de\\\/branchenverzeichnis\\\/\"},{\"@type\":\"ListItem\",\"position\":2,\"name\":\"StadtwaldHolz &#8211; Wilfried Ni\u00dfing &#038; Sabine R\u00f6ser\"}]},{\"@type\":\"WebSite\",\"@id\":\"https:\\\/\\\/www.meinesuedstadt.de\\\/branchenverzeichnis\\\/#website\",\"url\":\"https:\\\/\\\/www.meinesuedstadt.de\\\/branchenverzeichnis\\\/\",\"name\":\"Meine S\u00fcdstadt\",\"description\":\"Branchenverzeichnis aus der S\u00fcdstadt K\u00f6lns\",\"potentialAction\":[{\"@type\":\"SearchAction\",\"target\":{\"@type\":\"EntryPoint\",\"urlTemplate\":\"https:\\\/\\\/www.meinesuedstadt.de\\\/branchenverzeichnis\\\/?s={search_term_string}\"},\"query-input\":{\"@type\":\"PropertyValueSpecification\",\"valueRequired\":true,\"valueName\":\"search_term_string\"}}],\"inLanguage\":\"de\"},{\"@type\":\"Person\",\"@id\":\"https:\\\/\\\/www.meinesuedstadt.de\\\/branchenverzeichnis\\\/#\\\/schema\\\/person\\\/4974ccd0047c4bef2ea2271bc1b66e8d\",\"name\":\"Mario Friese\",\"image\":{\"@type\":\"ImageObject\",\"inLanguage\":\"de\",\"@id\":\"https:\\\/\\\/secure.gravatar.com\\\/avatar\\\/38afb5244388eb07856f264e0b17f6d56309e4e5bba4ea1716b6dadd14a2aab0?s=96&d=mm&r=g\",\"url\":\"https:\\\/\\\/secure.gravatar.com\\\/avatar\\\/38afb5244388eb07856f264e0b17f6d56309e4e5bba4ea1716b6dadd14a2aab0?s=96&d=mm&r=g\",\"contentUrl\":\"https:\\\/\\\/secure.gravatar.com\\\/avatar\\\/38afb5244388eb07856f264e0b17f6d56309e4e5bba4ea1716b6dadd14a2aab0?s=96&d=mm&r=g\",\"caption\":\"Mario Friese\"},\"sameAs\":[\"https:\\\/\\\/fgrepublik.com\"]}]}<\/script>\n<!-- \/ Yoast SEO plugin. -->","yoast_head_json":{"title":"StadtwaldHolz - Wilfried Ni\u00dfing & Sabine R\u00f6ser - Meine S\u00fcdstadt","robots":{"index":"index","follow":"follow","max-snippet":"max-snippet:-1","max-image-preview":"max-image-preview:large","max-video-preview":"max-video-preview:-1"},"canonical":"https:\/\/www.meinesuedstadt.de\/branchenverzeichnis\/stadtwaldholz-wilfried-nissing-sabine-roeser\/","og_locale":"de_DE","og_type":"article","og_title":"StadtwaldHolz - Wilfried Ni\u00dfing & Sabine R\u00f6ser - Meine S\u00fcdstadt","og_description":"Feines in Holz &#8211; Stadtwaldholz. Koblenzerstra\u00dfe 15 lautet das Ziel. Etwas abenteuerlich sieht es hier jetzt aus, da die Nachbarh\u00e4user fast alle abgerissen sind. Das Schild \u0084Feines in Holz \u0096 M\u00f6bel, K\u00fcchen, Einrichtungen, Zuschnitte \u0096 Tischlerei &#8211; Architektur\u0093 ragt hervor und weist den Weg: Am Ende des kleinen Weges liegt die Schreinerei von Wilfried Nissing [&hellip;]","og_url":"https:\/\/www.meinesuedstadt.de\/branchenverzeichnis\/stadtwaldholz-wilfried-nissing-sabine-roeser\/","og_site_name":"Meine S\u00fcdstadt","article_publisher":"https:\/\/www.facebook.com\/Meinesuedstadt\/","article_published_time":"2012-11-28T12:37:04+00:00","article_modified_time":"2018-07-11T16:15:53+00:00","og_image":[{"url":"https:\/\/www.meinesuedstadt.de\/branchenverzeichnis\/wp-content\/uploads\/2012\/11\/StadtwaldHolz-Meine-Suedstadt-Koeln-01-150x150.jpg","type":"","width":"","height":""}],"author":"Mario Friese","twitter_card":"summary_large_image","twitter_creator":"@meinesuedstadt","twitter_site":"@meinesuedstadt","twitter_misc":{"Verfasst von":"Mario Friese","Gesch\u00e4tzte Lesezeit":"5\u00a0Minuten"},"schema":{"@context":"https:\/\/schema.org","@graph":[{"@type":"Article","@id":"https:\/\/www.meinesuedstadt.de\/branchenverzeichnis\/stadtwaldholz-wilfried-nissing-sabine-roeser\/#article","isPartOf":{"@id":"https:\/\/www.meinesuedstadt.de\/branchenverzeichnis\/stadtwaldholz-wilfried-nissing-sabine-roeser\/"},"author":{"name":"Mario Friese","@id":"https:\/\/www.meinesuedstadt.de\/branchenverzeichnis\/#\/schema\/person\/4974ccd0047c4bef2ea2271bc1b66e8d"},"headline":"StadtwaldHolz &#8211; Wilfried Ni\u00dfing &#038; Sabine R\u00f6ser","datePublished":"2012-11-28T12:37:04+00:00","dateModified":"2018-07-11T16:15:53+00:00","mainEntityOfPage":{"@id":"https:\/\/www.meinesuedstadt.de\/branchenverzeichnis\/stadtwaldholz-wilfried-nissing-sabine-roeser\/"},"wordCount":1022,"commentCount":0,"articleSection":["Holz","Schreiner"],"inLanguage":"de","potentialAction":[{"@type":"CommentAction","name":"Comment","target":["https:\/\/www.meinesuedstadt.de\/branchenverzeichnis\/stadtwaldholz-wilfried-nissing-sabine-roeser\/#respond"]}]},{"@type":"WebPage","@id":"https:\/\/www.meinesuedstadt.de\/branchenverzeichnis\/stadtwaldholz-wilfried-nissing-sabine-roeser\/","url":"https:\/\/www.meinesuedstadt.de\/branchenverzeichnis\/stadtwaldholz-wilfried-nissing-sabine-roeser\/","name":"StadtwaldHolz - Wilfried Ni\u00dfing & Sabine R\u00f6ser - Meine S\u00fcdstadt","isPartOf":{"@id":"https:\/\/www.meinesuedstadt.de\/branchenverzeichnis\/#website"},"datePublished":"2012-11-28T12:37:04+00:00","dateModified":"2018-07-11T16:15:53+00:00","author":{"@id":"https:\/\/www.meinesuedstadt.de\/branchenverzeichnis\/#\/schema\/person\/4974ccd0047c4bef2ea2271bc1b66e8d"},"breadcrumb":{"@id":"https:\/\/www.meinesuedstadt.de\/branchenverzeichnis\/stadtwaldholz-wilfried-nissing-sabine-roeser\/#breadcrumb"},"inLanguage":"de","potentialAction":[{"@type":"ReadAction","target":["https:\/\/www.meinesuedstadt.de\/branchenverzeichnis\/stadtwaldholz-wilfried-nissing-sabine-roeser\/"]}]},{"@type":"BreadcrumbList","@id":"https:\/\/www.meinesuedstadt.de\/branchenverzeichnis\/stadtwaldholz-wilfried-nissing-sabine-roeser\/#breadcrumb","itemListElement":[{"@type":"ListItem","position":1,"name":"Startseite","item":"https:\/\/www.meinesuedstadt.de\/branchenverzeichnis\/"},{"@type":"ListItem","position":2,"name":"StadtwaldHolz &#8211; Wilfried Ni\u00dfing &#038; Sabine R\u00f6ser"}]},{"@type":"WebSite","@id":"https:\/\/www.meinesuedstadt.de\/branchenverzeichnis\/#website","url":"https:\/\/www.meinesuedstadt.de\/branchenverzeichnis\/","name":"Meine S\u00fcdstadt","description":"Branchenverzeichnis aus der S\u00fcdstadt K\u00f6lns","potentialAction":[{"@type":"SearchAction","target":{"@type":"EntryPoint","urlTemplate":"https:\/\/www.meinesuedstadt.de\/branchenverzeichnis\/?s={search_term_string}"},"query-input":{"@type":"PropertyValueSpecification","valueRequired":true,"valueName":"search_term_string"}}],"inLanguage":"de"},{"@type":"Person","@id":"https:\/\/www.meinesuedstadt.de\/branchenverzeichnis\/#\/schema\/person\/4974ccd0047c4bef2ea2271bc1b66e8d","name":"Mario Friese","image":{"@type":"ImageObject","inLanguage":"de","@id":"https:\/\/secure.gravatar.com\/avatar\/38afb5244388eb07856f264e0b17f6d56309e4e5bba4ea1716b6dadd14a2aab0?s=96&d=mm&r=g","url":"https:\/\/secure.gravatar.com\/avatar\/38afb5244388eb07856f264e0b17f6d56309e4e5bba4ea1716b6dadd14a2aab0?s=96&d=mm&r=g","contentUrl":"https:\/\/secure.gravatar.com\/avatar\/38afb5244388eb07856f264e0b17f6d56309e4e5bba4ea1716b6dadd14a2aab0?s=96&d=mm&r=g","caption":"Mario Friese"},"sameAs":["https:\/\/fgrepublik.com"]}]}},"priority":"1","metaAddress":"Koblenzer Stra\u00dfe 15 , 50968 K\u00f6ln","_links":{"self":[{"href":"https:\/\/www.meinesuedstadt.de\/branchenverzeichnis\/wp-json\/wp\/v2\/posts\/1590","targetHints":{"allow":["GET"]}}],"collection":[{"href":"https:\/\/www.meinesuedstadt.de\/branchenverzeichnis\/wp-json\/wp\/v2\/posts"}],"about":[{"href":"https:\/\/www.meinesuedstadt.de\/branchenverzeichnis\/wp-json\/wp\/v2\/types\/post"}],"author":[{"embeddable":true,"href":"https:\/\/www.meinesuedstadt.de\/branchenverzeichnis\/wp-json\/wp\/v2\/users\/2"}],"replies":[{"embeddable":true,"href":"https:\/\/www.meinesuedstadt.de\/branchenverzeichnis\/wp-json\/wp\/v2\/comments?post=1590"}],"version-history":[{"count":5,"href":"https:\/\/www.meinesuedstadt.de\/branchenverzeichnis\/wp-json\/wp\/v2\/posts\/1590\/revisions"}],"predecessor-version":[{"id":2598,"href":"https:\/\/www.meinesuedstadt.de\/branchenverzeichnis\/wp-json\/wp\/v2\/posts\/1590\/revisions\/2598"}],"wp:attachment":[{"href":"https:\/\/www.meinesuedstadt.de\/branchenverzeichnis\/wp-json\/wp\/v2\/media?parent=1590"}],"wp:term":[{"taxonomy":"category","embeddable":true,"href":"https:\/\/www.meinesuedstadt.de\/branchenverzeichnis\/wp-json\/wp\/v2\/categories?post=1590"},{"taxonomy":"post_tag","embeddable":true,"href":"https:\/\/www.meinesuedstadt.de\/branchenverzeichnis\/wp-json\/wp\/v2\/tags?post=1590"}],"curies":[{"name":"wp","href":"https:\/\/api.w.org\/{rel}","templated":true}]}}