{"id":1602,"date":"2013-03-17T17:18:55","date_gmt":"2013-03-17T16:18:55","guid":{"rendered":"http:\/\/www.meinesuedstadt.de\/branchenverzeichnis\/?p=1602"},"modified":"2013-03-17T17:18:55","modified_gmt":"2013-03-17T15:18:55","slug":"fom-hochschule-fuer-oekonomie-management","status":"publish","type":"post","link":"https:\/\/www.meinesuedstadt.de\/branchenverzeichnis\/fom-hochschule-fuer-oekonomie-management\/","title":{"rendered":"FOM Hochschule f\u00fcr Oekonomie &#038; Management"},"content":{"rendered":"<p>Die FOM Hochschule er\u00f6ffnet am 3. September in K\u00f6ln ihr neues KompetenzCentrum f\u00fcr Marketing und Medienwirtschaft (KCM). Das KompetenzCentrum versteht sich mit seiner internationalen Ausrichtung als \u0084Denkfabrik\u0093 f\u00fcr Wissenschaftler im Dialog mit Marketing- und Medienexperten sowie F\u00fchrungskr\u00e4ften aus der Praxis. Seinen k\u00fcnftigen Sitz hat das KCM im K\u00f6lner Rheinauhafen. Dort entsteht derzeit auf einer Fl\u00e4che von 2.000 Quadratmetern das neue Studienzentrum der FOM Hochschule K\u00f6ln. Die wissenschaftliche Leitung \u00fcbernehmen Prof. Dr. Julia Naskrent (Marketing) und Prof. Dr. Stefan Strau\u00df (Medienwirtschaft).??<\/p>\n<p>Als wissenschaftlicher Forschungsbereich der FOM Hochschule wird sich das neue KompetenzCentrum auf die Erforschung des K\u00e4ufer- bzw. User- und Rezipientenverhalten aus wirtschaftswissenschaftlicher Perspektive fokussieren. \u0084Im Mittelpunkt unserer Arbeit stehen dabei das Beziehungsmarketing (CRM), Nonprofit-Marketing, Sponsoring und Sportmarketing\u0093, erkl\u00e4rt Prof. Dr. Julia Naskrent. Auch durch die wachsende Bedeutung der Kultur- und Kreativwirtschaft in Deutschland sieht das KCM einen zunehmenden Bedarf an anwendungsorientierter Forschungsarbeit: \u0084Als KompetenzCentrum, das aktuelle Entwicklungen aus allen Bereichen der Kreativwirtschaft konsequent aus der Perspektive des Managements beleuchtet, schlie\u00dfen wir eine L\u00fccke in der Forschungslandschaft.\u0093, betont Prof. Dr. Stefan Strau\u00df.??Neben dem wissenschaftlichen Austausch mit anderen Forschungsinstituten sieht das KCM seine zuk\u00fcnftige Aufgabe im Ausbau des Dialogs mit Experten und Akteuren aus der Praxis. \u0084K\u00f6ln als Standort war im Kontext der Medienwirtschaft bundesweit erste Wahl\u0093, so Strauss. Eine wichtige Rolle kommt dabei auch dem Beirat zu. Seine Mitglieder sind:<br \/>Andre Zalbertus (Inhaber und Gesch\u00e4ftsf\u00fchrer Zalbertus New Media und center.tv Holding AG)<br \/>Dr. Achim Fettig (Executive Vice President GSA | EMI Music Germany GmbH &amp; Co. KG)<br \/>Dr. Arnd Klein-Zirbes (stellv. Gesch\u00e4ftsf\u00fchrer der IHK K\u00f6ln, Pressesprecher<br \/>Prof. Dr. Dr. Peter K\u00fcrble (FOM Hochschule)<br \/>Prof. Dr. Burghard Hermeier (Rektor FOM Hochschule)<br \/>Prof. Dr. Stefan Heinemann (Prorektor Kooperationen FOM Hochschule)<br \/>&nbsp;<\/p>\n","protected":false},"excerpt":{"rendered":"<p>Die FOM Hochschule er\u00f6ffnet am 3. September in K\u00f6ln ihr neues KompetenzCentrum f\u00fcr Marketing und Medienwirtschaft (KCM). Das KompetenzCentrum versteht sich mit seiner internationalen Ausrichtung als \u0084Denkfabrik\u0093 f\u00fcr Wissenschaftler im Dialog mit Marketing- und Medienexperten sowie F\u00fchrungskr\u00e4ften aus der Praxis. Seinen k\u00fcnftigen Sitz hat das KCM im K\u00f6lner Rheinauhafen. Dort entsteht derzeit auf einer Fl\u00e4che [&hellip;]<\/p>\n","protected":false},"author":2,"featured_media":0,"comment_status":"open","ping_status":"open","sticky":false,"template":"","format":"standard","meta":{"_acf_changed":false,"footnotes":""},"categories":[250],"tags":[],"class_list":["post-1602","post","type-post","status-publish","format-standard","hentry","category-schulen"],"acf":[],"yoast_head":"<!-- This site is optimized with the Yoast SEO plugin v27.4 - https:\/\/yoast.com\/product\/yoast-seo-wordpress\/ -->\n<title>FOM Hochschule f\u00fcr Oekonomie &amp; Management - Meine S\u00fcdstadt<\/title>\n<meta name=\"robots\" content=\"index, follow, max-snippet:-1, max-image-preview:large, max-video-preview:-1\" \/>\n<link rel=\"canonical\" href=\"https:\/\/www.meinesuedstadt.de\/branchenverzeichnis\/fom-hochschule-fuer-oekonomie-management\/\" \/>\n<meta property=\"og:locale\" content=\"de_DE\" \/>\n<meta property=\"og:type\" content=\"article\" \/>\n<meta property=\"og:title\" content=\"FOM Hochschule f\u00fcr Oekonomie &amp; Management - Meine S\u00fcdstadt\" \/>\n<meta property=\"og:description\" content=\"Die FOM Hochschule er\u00f6ffnet am 3. September in K\u00f6ln ihr neues KompetenzCentrum f\u00fcr Marketing und Medienwirtschaft (KCM). Das KompetenzCentrum versteht sich mit seiner internationalen Ausrichtung als \u0084Denkfabrik\u0093 f\u00fcr Wissenschaftler im Dialog mit Marketing- und Medienexperten sowie F\u00fchrungskr\u00e4ften aus der Praxis. Seinen k\u00fcnftigen Sitz hat das KCM im K\u00f6lner Rheinauhafen. Dort entsteht derzeit auf einer Fl\u00e4che [&hellip;]\" \/>\n<meta property=\"og:url\" content=\"https:\/\/www.meinesuedstadt.de\/branchenverzeichnis\/fom-hochschule-fuer-oekonomie-management\/\" \/>\n<meta property=\"og:site_name\" content=\"Meine S\u00fcdstadt\" \/>\n<meta property=\"article:publisher\" content=\"https:\/\/www.facebook.com\/Meinesuedstadt\/\" \/>\n<meta property=\"article:published_time\" content=\"-0001-11-30T00:00:00+00:00\" \/>\n<meta name=\"author\" content=\"Mario Friese\" \/>\n<meta name=\"twitter:card\" content=\"summary_large_image\" \/>\n<meta name=\"twitter:creator\" content=\"@meinesuedstadt\" \/>\n<meta name=\"twitter:site\" content=\"@meinesuedstadt\" \/>\n<meta name=\"twitter:label1\" content=\"Verfasst von\" \/>\n\t<meta name=\"twitter:data1\" content=\"Mario Friese\" \/>\n\t<meta name=\"twitter:label2\" content=\"Gesch\u00e4tzte Lesezeit\" \/>\n\t<meta name=\"twitter:data2\" content=\"1\u00a0Minute\" \/>\n<script type=\"application\/ld+json\" class=\"yoast-schema-graph\">{\"@context\":\"https:\\\/\\\/schema.org\",\"@graph\":[{\"@type\":\"Article\",\"@id\":\"https:\\\/\\\/www.meinesuedstadt.de\\\/branchenverzeichnis\\\/fom-hochschule-fuer-oekonomie-management\\\/#article\",\"isPartOf\":{\"@id\":\"https:\\\/\\\/www.meinesuedstadt.de\\\/branchenverzeichnis\\\/fom-hochschule-fuer-oekonomie-management\\\/\"},\"author\":{\"name\":\"Mario Friese\",\"@id\":\"https:\\\/\\\/www.meinesuedstadt.de\\\/branchenverzeichnis\\\/#\\\/schema\\\/person\\\/4974ccd0047c4bef2ea2271bc1b66e8d\"},\"headline\":\"FOM Hochschule f\u00fcr Oekonomie &#038; Management\",\"datePublished\":\"-0001-11-30T00:00:00+00:00\",\"mainEntityOfPage\":{\"@id\":\"https:\\\/\\\/www.meinesuedstadt.de\\\/branchenverzeichnis\\\/fom-hochschule-fuer-oekonomie-management\\\/\"},\"wordCount\":304,\"commentCount\":0,\"articleSection\":[\"Schulen\"],\"inLanguage\":\"de\",\"potentialAction\":[{\"@type\":\"CommentAction\",\"name\":\"Comment\",\"target\":[\"https:\\\/\\\/www.meinesuedstadt.de\\\/branchenverzeichnis\\\/fom-hochschule-fuer-oekonomie-management\\\/#respond\"]}]},{\"@type\":\"WebPage\",\"@id\":\"https:\\\/\\\/www.meinesuedstadt.de\\\/branchenverzeichnis\\\/fom-hochschule-fuer-oekonomie-management\\\/\",\"url\":\"https:\\\/\\\/www.meinesuedstadt.de\\\/branchenverzeichnis\\\/fom-hochschule-fuer-oekonomie-management\\\/\",\"name\":\"FOM Hochschule f\u00fcr Oekonomie & Management - Meine S\u00fcdstadt\",\"isPartOf\":{\"@id\":\"https:\\\/\\\/www.meinesuedstadt.de\\\/branchenverzeichnis\\\/#website\"},\"datePublished\":\"-0001-11-30T00:00:00+00:00\",\"author\":{\"@id\":\"https:\\\/\\\/www.meinesuedstadt.de\\\/branchenverzeichnis\\\/#\\\/schema\\\/person\\\/4974ccd0047c4bef2ea2271bc1b66e8d\"},\"breadcrumb\":{\"@id\":\"https:\\\/\\\/www.meinesuedstadt.de\\\/branchenverzeichnis\\\/fom-hochschule-fuer-oekonomie-management\\\/#breadcrumb\"},\"inLanguage\":\"de\",\"potentialAction\":[{\"@type\":\"ReadAction\",\"target\":[\"https:\\\/\\\/www.meinesuedstadt.de\\\/branchenverzeichnis\\\/fom-hochschule-fuer-oekonomie-management\\\/\"]}]},{\"@type\":\"BreadcrumbList\",\"@id\":\"https:\\\/\\\/www.meinesuedstadt.de\\\/branchenverzeichnis\\\/fom-hochschule-fuer-oekonomie-management\\\/#breadcrumb\",\"itemListElement\":[{\"@type\":\"ListItem\",\"position\":1,\"name\":\"Startseite\",\"item\":\"https:\\\/\\\/www.meinesuedstadt.de\\\/branchenverzeichnis\\\/\"},{\"@type\":\"ListItem\",\"position\":2,\"name\":\"FOM Hochschule f\u00fcr Oekonomie &#038; Management\"}]},{\"@type\":\"WebSite\",\"@id\":\"https:\\\/\\\/www.meinesuedstadt.de\\\/branchenverzeichnis\\\/#website\",\"url\":\"https:\\\/\\\/www.meinesuedstadt.de\\\/branchenverzeichnis\\\/\",\"name\":\"Meine S\u00fcdstadt\",\"description\":\"Branchenverzeichnis aus der S\u00fcdstadt K\u00f6lns\",\"potentialAction\":[{\"@type\":\"SearchAction\",\"target\":{\"@type\":\"EntryPoint\",\"urlTemplate\":\"https:\\\/\\\/www.meinesuedstadt.de\\\/branchenverzeichnis\\\/?s={search_term_string}\"},\"query-input\":{\"@type\":\"PropertyValueSpecification\",\"valueRequired\":true,\"valueName\":\"search_term_string\"}}],\"inLanguage\":\"de\"},{\"@type\":\"Person\",\"@id\":\"https:\\\/\\\/www.meinesuedstadt.de\\\/branchenverzeichnis\\\/#\\\/schema\\\/person\\\/4974ccd0047c4bef2ea2271bc1b66e8d\",\"name\":\"Mario Friese\",\"image\":{\"@type\":\"ImageObject\",\"inLanguage\":\"de\",\"@id\":\"https:\\\/\\\/secure.gravatar.com\\\/avatar\\\/38afb5244388eb07856f264e0b17f6d56309e4e5bba4ea1716b6dadd14a2aab0?s=96&d=mm&r=g\",\"url\":\"https:\\\/\\\/secure.gravatar.com\\\/avatar\\\/38afb5244388eb07856f264e0b17f6d56309e4e5bba4ea1716b6dadd14a2aab0?s=96&d=mm&r=g\",\"contentUrl\":\"https:\\\/\\\/secure.gravatar.com\\\/avatar\\\/38afb5244388eb07856f264e0b17f6d56309e4e5bba4ea1716b6dadd14a2aab0?s=96&d=mm&r=g\",\"caption\":\"Mario Friese\"},\"sameAs\":[\"https:\\\/\\\/fgrepublik.com\"]}]}<\/script>\n<!-- \/ Yoast SEO plugin. -->","yoast_head_json":{"title":"FOM Hochschule f\u00fcr Oekonomie & Management - Meine S\u00fcdstadt","robots":{"index":"index","follow":"follow","max-snippet":"max-snippet:-1","max-image-preview":"max-image-preview:large","max-video-preview":"max-video-preview:-1"},"canonical":"https:\/\/www.meinesuedstadt.de\/branchenverzeichnis\/fom-hochschule-fuer-oekonomie-management\/","og_locale":"de_DE","og_type":"article","og_title":"FOM Hochschule f\u00fcr Oekonomie & Management - Meine S\u00fcdstadt","og_description":"Die FOM Hochschule er\u00f6ffnet am 3. September in K\u00f6ln ihr neues KompetenzCentrum f\u00fcr Marketing und Medienwirtschaft (KCM). Das KompetenzCentrum versteht sich mit seiner internationalen Ausrichtung als \u0084Denkfabrik\u0093 f\u00fcr Wissenschaftler im Dialog mit Marketing- und Medienexperten sowie F\u00fchrungskr\u00e4ften aus der Praxis. Seinen k\u00fcnftigen Sitz hat das KCM im K\u00f6lner Rheinauhafen. Dort entsteht derzeit auf einer Fl\u00e4che [&hellip;]","og_url":"https:\/\/www.meinesuedstadt.de\/branchenverzeichnis\/fom-hochschule-fuer-oekonomie-management\/","og_site_name":"Meine S\u00fcdstadt","article_publisher":"https:\/\/www.facebook.com\/Meinesuedstadt\/","article_published_time":"-0001-11-30T00:00:00+00:00","author":"Mario Friese","twitter_card":"summary_large_image","twitter_creator":"@meinesuedstadt","twitter_site":"@meinesuedstadt","twitter_misc":{"Verfasst von":"Mario Friese","Gesch\u00e4tzte Lesezeit":"1\u00a0Minute"},"schema":{"@context":"https:\/\/schema.org","@graph":[{"@type":"Article","@id":"https:\/\/www.meinesuedstadt.de\/branchenverzeichnis\/fom-hochschule-fuer-oekonomie-management\/#article","isPartOf":{"@id":"https:\/\/www.meinesuedstadt.de\/branchenverzeichnis\/fom-hochschule-fuer-oekonomie-management\/"},"author":{"name":"Mario Friese","@id":"https:\/\/www.meinesuedstadt.de\/branchenverzeichnis\/#\/schema\/person\/4974ccd0047c4bef2ea2271bc1b66e8d"},"headline":"FOM Hochschule f\u00fcr Oekonomie &#038; Management","datePublished":"-0001-11-30T00:00:00+00:00","mainEntityOfPage":{"@id":"https:\/\/www.meinesuedstadt.de\/branchenverzeichnis\/fom-hochschule-fuer-oekonomie-management\/"},"wordCount":304,"commentCount":0,"articleSection":["Schulen"],"inLanguage":"de","potentialAction":[{"@type":"CommentAction","name":"Comment","target":["https:\/\/www.meinesuedstadt.de\/branchenverzeichnis\/fom-hochschule-fuer-oekonomie-management\/#respond"]}]},{"@type":"WebPage","@id":"https:\/\/www.meinesuedstadt.de\/branchenverzeichnis\/fom-hochschule-fuer-oekonomie-management\/","url":"https:\/\/www.meinesuedstadt.de\/branchenverzeichnis\/fom-hochschule-fuer-oekonomie-management\/","name":"FOM Hochschule f\u00fcr Oekonomie & Management - Meine S\u00fcdstadt","isPartOf":{"@id":"https:\/\/www.meinesuedstadt.de\/branchenverzeichnis\/#website"},"datePublished":"-0001-11-30T00:00:00+00:00","author":{"@id":"https:\/\/www.meinesuedstadt.de\/branchenverzeichnis\/#\/schema\/person\/4974ccd0047c4bef2ea2271bc1b66e8d"},"breadcrumb":{"@id":"https:\/\/www.meinesuedstadt.de\/branchenverzeichnis\/fom-hochschule-fuer-oekonomie-management\/#breadcrumb"},"inLanguage":"de","potentialAction":[{"@type":"ReadAction","target":["https:\/\/www.meinesuedstadt.de\/branchenverzeichnis\/fom-hochschule-fuer-oekonomie-management\/"]}]},{"@type":"BreadcrumbList","@id":"https:\/\/www.meinesuedstadt.de\/branchenverzeichnis\/fom-hochschule-fuer-oekonomie-management\/#breadcrumb","itemListElement":[{"@type":"ListItem","position":1,"name":"Startseite","item":"https:\/\/www.meinesuedstadt.de\/branchenverzeichnis\/"},{"@type":"ListItem","position":2,"name":"FOM Hochschule f\u00fcr Oekonomie &#038; Management"}]},{"@type":"WebSite","@id":"https:\/\/www.meinesuedstadt.de\/branchenverzeichnis\/#website","url":"https:\/\/www.meinesuedstadt.de\/branchenverzeichnis\/","name":"Meine S\u00fcdstadt","description":"Branchenverzeichnis aus der S\u00fcdstadt K\u00f6lns","potentialAction":[{"@type":"SearchAction","target":{"@type":"EntryPoint","urlTemplate":"https:\/\/www.meinesuedstadt.de\/branchenverzeichnis\/?s={search_term_string}"},"query-input":{"@type":"PropertyValueSpecification","valueRequired":true,"valueName":"search_term_string"}}],"inLanguage":"de"},{"@type":"Person","@id":"https:\/\/www.meinesuedstadt.de\/branchenverzeichnis\/#\/schema\/person\/4974ccd0047c4bef2ea2271bc1b66e8d","name":"Mario Friese","image":{"@type":"ImageObject","inLanguage":"de","@id":"https:\/\/secure.gravatar.com\/avatar\/38afb5244388eb07856f264e0b17f6d56309e4e5bba4ea1716b6dadd14a2aab0?s=96&d=mm&r=g","url":"https:\/\/secure.gravatar.com\/avatar\/38afb5244388eb07856f264e0b17f6d56309e4e5bba4ea1716b6dadd14a2aab0?s=96&d=mm&r=g","contentUrl":"https:\/\/secure.gravatar.com\/avatar\/38afb5244388eb07856f264e0b17f6d56309e4e5bba4ea1716b6dadd14a2aab0?s=96&d=mm&r=g","caption":"Mario Friese"},"sameAs":["https:\/\/fgrepublik.com"]}]}},"priority":0,"metaAddress":"Agrippinawerft 4  - Rheinauhafen, 50678 K\u00f6ln","_links":{"self":[{"href":"https:\/\/www.meinesuedstadt.de\/branchenverzeichnis\/wp-json\/wp\/v2\/posts\/1602","targetHints":{"allow":["GET"]}}],"collection":[{"href":"https:\/\/www.meinesuedstadt.de\/branchenverzeichnis\/wp-json\/wp\/v2\/posts"}],"about":[{"href":"https:\/\/www.meinesuedstadt.de\/branchenverzeichnis\/wp-json\/wp\/v2\/types\/post"}],"author":[{"embeddable":true,"href":"https:\/\/www.meinesuedstadt.de\/branchenverzeichnis\/wp-json\/wp\/v2\/users\/2"}],"replies":[{"embeddable":true,"href":"https:\/\/www.meinesuedstadt.de\/branchenverzeichnis\/wp-json\/wp\/v2\/comments?post=1602"}],"version-history":[{"count":0,"href":"https:\/\/www.meinesuedstadt.de\/branchenverzeichnis\/wp-json\/wp\/v2\/posts\/1602\/revisions"}],"wp:attachment":[{"href":"https:\/\/www.meinesuedstadt.de\/branchenverzeichnis\/wp-json\/wp\/v2\/media?parent=1602"}],"wp:term":[{"taxonomy":"category","embeddable":true,"href":"https:\/\/www.meinesuedstadt.de\/branchenverzeichnis\/wp-json\/wp\/v2\/categories?post=1602"},{"taxonomy":"post_tag","embeddable":true,"href":"https:\/\/www.meinesuedstadt.de\/branchenverzeichnis\/wp-json\/wp\/v2\/tags?post=1602"}],"curies":[{"name":"wp","href":"https:\/\/api.w.org\/{rel}","templated":true}]}}