{"id":1724,"date":"2017-02-07T09:36:05","date_gmt":"2017-02-07T08:36:05","guid":{"rendered":"http:\/\/www.meinesuedstadt.de\/branchenverzeichnis\/?p=1724"},"modified":"2025-11-09T13:24:39","modified_gmt":"2025-11-09T12:24:39","slug":"freie-gestalterische-republik","status":"publish","type":"post","link":"https:\/\/www.meinesuedstadt.de\/branchenverzeichnis\/freie-gestalterische-republik\/","title":{"rendered":"FGR\/Freie Gestalterische Republik\u00ae"},"content":{"rendered":"<p>&nbsp;<\/p>\n<p>Das Designb\u00fcro \u00bbFGR\/Freie Gestalterische Republik\u00ab entwirft hochwertige Kommunikationskonzepte und Designstrategien f\u00fcr kleine bis mittelst\u00e4ndische\u00a0Unternehmen.<\/p>\n<p>Historiker datieren die Gr\u00fcndung der Freien Gestalterischen Republik auf das Jahr 2011 zur\u00fcck. Ziel der neu aufgestellten Regierung war es seither gute Gestaltung\u00a0zu exportieren. Von der einfachen Visitenkarte f\u00fcr kleine Unternehmen bis hin zu Webseiten mittelst\u00e4ndiger Unternehmen werden hier individuelle und kreative\u00a0L\u00f6sungswege im Bereich Kommunikationsdesign gefunden \u0096 schlie\u00dflich gibt es (fast) nichts, was man nicht gestalten k\u00f6nnte. Die sch\u00f6ne Form ist dabei nicht nur\u00a0Mittel zum Zweck, denn Design muss schlie\u00dflich auch funktionieren.<\/p>\n<p>Bereits einem Jahr nach der Gr\u00fcndung reichte das alte Territorium nicht mehr aus und die FGR w\u00e4hlte die K\u00f6lner S\u00fcdstadt als neuen Amtssitz. Seit 2012 befindet sie\u00a0sich somit in direkter Nachbarschaft und freut sich \u00fcber jeden Besucher.<\/p>\n<p>&nbsp;<\/p>\n<p><strong>Sprechzeiten:<\/strong><br \/>\nMontag bis Donnerstag 10 &#8211; 13 Uhr und 15 &#8211; 19 Uhr?<\/p>\n<p>Freitag 10 &#8211; 13 Uhr und 15 &#8211; 17 Uhr<\/p>\n","protected":false},"excerpt":{"rendered":"<p>&nbsp; Das Designb\u00fcro \u00bbFGR\/Freie Gestalterische Republik\u00ab entwirft hochwertige Kommunikationskonzepte und Designstrategien f\u00fcr kleine bis mittelst\u00e4ndische\u00a0Unternehmen. Historiker datieren die Gr\u00fcndung der Freien Gestalterischen Republik auf das Jahr 2011 zur\u00fcck. Ziel der neu aufgestellten Regierung war es seither gute Gestaltung\u00a0zu exportieren. Von der einfachen Visitenkarte f\u00fcr kleine Unternehmen bis hin zu Webseiten mittelst\u00e4ndiger Unternehmen werden hier individuelle [&hellip;]<\/p>\n","protected":false},"author":2,"featured_media":0,"comment_status":"open","ping_status":"open","sticky":false,"template":"","format":"standard","meta":{"_acf_changed":false,"footnotes":""},"categories":[193,298],"tags":[],"class_list":["post-1724","post","type-post","status-publish","format-standard","hentry","category-designer","category-kommunikationsagenturen"],"acf":[],"yoast_head":"<!-- This site is optimized with the Yoast SEO plugin v27.4 - https:\/\/yoast.com\/product\/yoast-seo-wordpress\/ -->\n<title>FGR\/Freie Gestalterische Republik\u00ae - Meine S\u00fcdstadt<\/title>\n<meta name=\"robots\" content=\"index, follow, max-snippet:-1, max-image-preview:large, max-video-preview:-1\" \/>\n<link rel=\"canonical\" href=\"https:\/\/www.meinesuedstadt.de\/branchenverzeichnis\/freie-gestalterische-republik\/\" \/>\n<meta property=\"og:locale\" content=\"de_DE\" \/>\n<meta property=\"og:type\" content=\"article\" \/>\n<meta property=\"og:title\" content=\"FGR\/Freie Gestalterische Republik\u00ae - Meine S\u00fcdstadt\" \/>\n<meta property=\"og:description\" content=\"&nbsp; Das Designb\u00fcro \u00bbFGR\/Freie Gestalterische Republik\u00ab entwirft hochwertige Kommunikationskonzepte und Designstrategien f\u00fcr kleine bis mittelst\u00e4ndische\u00a0Unternehmen. Historiker datieren die Gr\u00fcndung der Freien Gestalterischen Republik auf das Jahr 2011 zur\u00fcck. Ziel der neu aufgestellten Regierung war es seither gute Gestaltung\u00a0zu exportieren. Von der einfachen Visitenkarte f\u00fcr kleine Unternehmen bis hin zu Webseiten mittelst\u00e4ndiger Unternehmen werden hier individuelle [&hellip;]\" \/>\n<meta property=\"og:url\" content=\"https:\/\/www.meinesuedstadt.de\/branchenverzeichnis\/freie-gestalterische-republik\/\" \/>\n<meta property=\"og:site_name\" content=\"Meine S\u00fcdstadt\" \/>\n<meta property=\"article:publisher\" content=\"https:\/\/www.facebook.com\/Meinesuedstadt\/\" \/>\n<meta property=\"article:published_time\" content=\"2017-02-07T08:36:05+00:00\" \/>\n<meta property=\"article:modified_time\" content=\"2025-11-09T12:24:39+00:00\" \/>\n<meta name=\"author\" content=\"Mario Friese\" \/>\n<meta name=\"twitter:card\" content=\"summary_large_image\" \/>\n<meta name=\"twitter:creator\" content=\"@meinesuedstadt\" \/>\n<meta name=\"twitter:site\" content=\"@meinesuedstadt\" \/>\n<meta name=\"twitter:label1\" content=\"Verfasst von\" \/>\n\t<meta name=\"twitter:data1\" content=\"Mario Friese\" \/>\n\t<meta name=\"twitter:label2\" content=\"Gesch\u00e4tzte Lesezeit\" \/>\n\t<meta name=\"twitter:data2\" content=\"1\u00a0Minute\" \/>\n<script type=\"application\/ld+json\" class=\"yoast-schema-graph\">{\"@context\":\"https:\\\/\\\/schema.org\",\"@graph\":[{\"@type\":\"Article\",\"@id\":\"https:\\\/\\\/www.meinesuedstadt.de\\\/branchenverzeichnis\\\/freie-gestalterische-republik\\\/#article\",\"isPartOf\":{\"@id\":\"https:\\\/\\\/www.meinesuedstadt.de\\\/branchenverzeichnis\\\/freie-gestalterische-republik\\\/\"},\"author\":{\"name\":\"Mario Friese\",\"@id\":\"https:\\\/\\\/www.meinesuedstadt.de\\\/branchenverzeichnis\\\/#\\\/schema\\\/person\\\/4974ccd0047c4bef2ea2271bc1b66e8d\"},\"headline\":\"FGR\\\/Freie Gestalterische Republik\u00ae\",\"datePublished\":\"2017-02-07T08:36:05+00:00\",\"dateModified\":\"2025-11-09T12:24:39+00:00\",\"mainEntityOfPage\":{\"@id\":\"https:\\\/\\\/www.meinesuedstadt.de\\\/branchenverzeichnis\\\/freie-gestalterische-republik\\\/\"},\"wordCount\":163,\"commentCount\":0,\"articleSection\":[\"Designer\",\"Kommunikationsagenturen\"],\"inLanguage\":\"de\",\"potentialAction\":[{\"@type\":\"CommentAction\",\"name\":\"Comment\",\"target\":[\"https:\\\/\\\/www.meinesuedstadt.de\\\/branchenverzeichnis\\\/freie-gestalterische-republik\\\/#respond\"]}]},{\"@type\":\"WebPage\",\"@id\":\"https:\\\/\\\/www.meinesuedstadt.de\\\/branchenverzeichnis\\\/freie-gestalterische-republik\\\/\",\"url\":\"https:\\\/\\\/www.meinesuedstadt.de\\\/branchenverzeichnis\\\/freie-gestalterische-republik\\\/\",\"name\":\"FGR\\\/Freie Gestalterische Republik\u00ae - Meine S\u00fcdstadt\",\"isPartOf\":{\"@id\":\"https:\\\/\\\/www.meinesuedstadt.de\\\/branchenverzeichnis\\\/#website\"},\"datePublished\":\"2017-02-07T08:36:05+00:00\",\"dateModified\":\"2025-11-09T12:24:39+00:00\",\"author\":{\"@id\":\"https:\\\/\\\/www.meinesuedstadt.de\\\/branchenverzeichnis\\\/#\\\/schema\\\/person\\\/4974ccd0047c4bef2ea2271bc1b66e8d\"},\"breadcrumb\":{\"@id\":\"https:\\\/\\\/www.meinesuedstadt.de\\\/branchenverzeichnis\\\/freie-gestalterische-republik\\\/#breadcrumb\"},\"inLanguage\":\"de\",\"potentialAction\":[{\"@type\":\"ReadAction\",\"target\":[\"https:\\\/\\\/www.meinesuedstadt.de\\\/branchenverzeichnis\\\/freie-gestalterische-republik\\\/\"]}]},{\"@type\":\"BreadcrumbList\",\"@id\":\"https:\\\/\\\/www.meinesuedstadt.de\\\/branchenverzeichnis\\\/freie-gestalterische-republik\\\/#breadcrumb\",\"itemListElement\":[{\"@type\":\"ListItem\",\"position\":1,\"name\":\"Startseite\",\"item\":\"https:\\\/\\\/www.meinesuedstadt.de\\\/branchenverzeichnis\\\/\"},{\"@type\":\"ListItem\",\"position\":2,\"name\":\"FGR\\\/Freie Gestalterische Republik\u00ae\"}]},{\"@type\":\"WebSite\",\"@id\":\"https:\\\/\\\/www.meinesuedstadt.de\\\/branchenverzeichnis\\\/#website\",\"url\":\"https:\\\/\\\/www.meinesuedstadt.de\\\/branchenverzeichnis\\\/\",\"name\":\"Meine S\u00fcdstadt\",\"description\":\"Branchenverzeichnis aus der S\u00fcdstadt K\u00f6lns\",\"potentialAction\":[{\"@type\":\"SearchAction\",\"target\":{\"@type\":\"EntryPoint\",\"urlTemplate\":\"https:\\\/\\\/www.meinesuedstadt.de\\\/branchenverzeichnis\\\/?s={search_term_string}\"},\"query-input\":{\"@type\":\"PropertyValueSpecification\",\"valueRequired\":true,\"valueName\":\"search_term_string\"}}],\"inLanguage\":\"de\"},{\"@type\":\"Person\",\"@id\":\"https:\\\/\\\/www.meinesuedstadt.de\\\/branchenverzeichnis\\\/#\\\/schema\\\/person\\\/4974ccd0047c4bef2ea2271bc1b66e8d\",\"name\":\"Mario Friese\",\"image\":{\"@type\":\"ImageObject\",\"inLanguage\":\"de\",\"@id\":\"https:\\\/\\\/secure.gravatar.com\\\/avatar\\\/38afb5244388eb07856f264e0b17f6d56309e4e5bba4ea1716b6dadd14a2aab0?s=96&d=mm&r=g\",\"url\":\"https:\\\/\\\/secure.gravatar.com\\\/avatar\\\/38afb5244388eb07856f264e0b17f6d56309e4e5bba4ea1716b6dadd14a2aab0?s=96&d=mm&r=g\",\"contentUrl\":\"https:\\\/\\\/secure.gravatar.com\\\/avatar\\\/38afb5244388eb07856f264e0b17f6d56309e4e5bba4ea1716b6dadd14a2aab0?s=96&d=mm&r=g\",\"caption\":\"Mario Friese\"},\"sameAs\":[\"https:\\\/\\\/fgrepublik.com\"]}]}<\/script>\n<!-- \/ Yoast SEO plugin. -->","yoast_head_json":{"title":"FGR\/Freie Gestalterische Republik\u00ae - Meine S\u00fcdstadt","robots":{"index":"index","follow":"follow","max-snippet":"max-snippet:-1","max-image-preview":"max-image-preview:large","max-video-preview":"max-video-preview:-1"},"canonical":"https:\/\/www.meinesuedstadt.de\/branchenverzeichnis\/freie-gestalterische-republik\/","og_locale":"de_DE","og_type":"article","og_title":"FGR\/Freie Gestalterische Republik\u00ae - Meine S\u00fcdstadt","og_description":"&nbsp; Das Designb\u00fcro \u00bbFGR\/Freie Gestalterische Republik\u00ab entwirft hochwertige Kommunikationskonzepte und Designstrategien f\u00fcr kleine bis mittelst\u00e4ndische\u00a0Unternehmen. Historiker datieren die Gr\u00fcndung der Freien Gestalterischen Republik auf das Jahr 2011 zur\u00fcck. Ziel der neu aufgestellten Regierung war es seither gute Gestaltung\u00a0zu exportieren. Von der einfachen Visitenkarte f\u00fcr kleine Unternehmen bis hin zu Webseiten mittelst\u00e4ndiger Unternehmen werden hier individuelle [&hellip;]","og_url":"https:\/\/www.meinesuedstadt.de\/branchenverzeichnis\/freie-gestalterische-republik\/","og_site_name":"Meine S\u00fcdstadt","article_publisher":"https:\/\/www.facebook.com\/Meinesuedstadt\/","article_published_time":"2017-02-07T08:36:05+00:00","article_modified_time":"2025-11-09T12:24:39+00:00","author":"Mario Friese","twitter_card":"summary_large_image","twitter_creator":"@meinesuedstadt","twitter_site":"@meinesuedstadt","twitter_misc":{"Verfasst von":"Mario Friese","Gesch\u00e4tzte Lesezeit":"1\u00a0Minute"},"schema":{"@context":"https:\/\/schema.org","@graph":[{"@type":"Article","@id":"https:\/\/www.meinesuedstadt.de\/branchenverzeichnis\/freie-gestalterische-republik\/#article","isPartOf":{"@id":"https:\/\/www.meinesuedstadt.de\/branchenverzeichnis\/freie-gestalterische-republik\/"},"author":{"name":"Mario Friese","@id":"https:\/\/www.meinesuedstadt.de\/branchenverzeichnis\/#\/schema\/person\/4974ccd0047c4bef2ea2271bc1b66e8d"},"headline":"FGR\/Freie Gestalterische Republik\u00ae","datePublished":"2017-02-07T08:36:05+00:00","dateModified":"2025-11-09T12:24:39+00:00","mainEntityOfPage":{"@id":"https:\/\/www.meinesuedstadt.de\/branchenverzeichnis\/freie-gestalterische-republik\/"},"wordCount":163,"commentCount":0,"articleSection":["Designer","Kommunikationsagenturen"],"inLanguage":"de","potentialAction":[{"@type":"CommentAction","name":"Comment","target":["https:\/\/www.meinesuedstadt.de\/branchenverzeichnis\/freie-gestalterische-republik\/#respond"]}]},{"@type":"WebPage","@id":"https:\/\/www.meinesuedstadt.de\/branchenverzeichnis\/freie-gestalterische-republik\/","url":"https:\/\/www.meinesuedstadt.de\/branchenverzeichnis\/freie-gestalterische-republik\/","name":"FGR\/Freie Gestalterische Republik\u00ae - Meine S\u00fcdstadt","isPartOf":{"@id":"https:\/\/www.meinesuedstadt.de\/branchenverzeichnis\/#website"},"datePublished":"2017-02-07T08:36:05+00:00","dateModified":"2025-11-09T12:24:39+00:00","author":{"@id":"https:\/\/www.meinesuedstadt.de\/branchenverzeichnis\/#\/schema\/person\/4974ccd0047c4bef2ea2271bc1b66e8d"},"breadcrumb":{"@id":"https:\/\/www.meinesuedstadt.de\/branchenverzeichnis\/freie-gestalterische-republik\/#breadcrumb"},"inLanguage":"de","potentialAction":[{"@type":"ReadAction","target":["https:\/\/www.meinesuedstadt.de\/branchenverzeichnis\/freie-gestalterische-republik\/"]}]},{"@type":"BreadcrumbList","@id":"https:\/\/www.meinesuedstadt.de\/branchenverzeichnis\/freie-gestalterische-republik\/#breadcrumb","itemListElement":[{"@type":"ListItem","position":1,"name":"Startseite","item":"https:\/\/www.meinesuedstadt.de\/branchenverzeichnis\/"},{"@type":"ListItem","position":2,"name":"FGR\/Freie Gestalterische Republik\u00ae"}]},{"@type":"WebSite","@id":"https:\/\/www.meinesuedstadt.de\/branchenverzeichnis\/#website","url":"https:\/\/www.meinesuedstadt.de\/branchenverzeichnis\/","name":"Meine S\u00fcdstadt","description":"Branchenverzeichnis aus der S\u00fcdstadt K\u00f6lns","potentialAction":[{"@type":"SearchAction","target":{"@type":"EntryPoint","urlTemplate":"https:\/\/www.meinesuedstadt.de\/branchenverzeichnis\/?s={search_term_string}"},"query-input":{"@type":"PropertyValueSpecification","valueRequired":true,"valueName":"search_term_string"}}],"inLanguage":"de"},{"@type":"Person","@id":"https:\/\/www.meinesuedstadt.de\/branchenverzeichnis\/#\/schema\/person\/4974ccd0047c4bef2ea2271bc1b66e8d","name":"Mario Friese","image":{"@type":"ImageObject","inLanguage":"de","@id":"https:\/\/secure.gravatar.com\/avatar\/38afb5244388eb07856f264e0b17f6d56309e4e5bba4ea1716b6dadd14a2aab0?s=96&d=mm&r=g","url":"https:\/\/secure.gravatar.com\/avatar\/38afb5244388eb07856f264e0b17f6d56309e4e5bba4ea1716b6dadd14a2aab0?s=96&d=mm&r=g","contentUrl":"https:\/\/secure.gravatar.com\/avatar\/38afb5244388eb07856f264e0b17f6d56309e4e5bba4ea1716b6dadd14a2aab0?s=96&d=mm&r=g","caption":"Mario Friese"},"sameAs":["https:\/\/fgrepublik.com"]}]}},"priority":0,"metaAddress":"Goltsteinstra\u00dfe 28-30, 50968 K\u00f6ln","_links":{"self":[{"href":"https:\/\/www.meinesuedstadt.de\/branchenverzeichnis\/wp-json\/wp\/v2\/posts\/1724","targetHints":{"allow":["GET"]}}],"collection":[{"href":"https:\/\/www.meinesuedstadt.de\/branchenverzeichnis\/wp-json\/wp\/v2\/posts"}],"about":[{"href":"https:\/\/www.meinesuedstadt.de\/branchenverzeichnis\/wp-json\/wp\/v2\/types\/post"}],"author":[{"embeddable":true,"href":"https:\/\/www.meinesuedstadt.de\/branchenverzeichnis\/wp-json\/wp\/v2\/users\/2"}],"replies":[{"embeddable":true,"href":"https:\/\/www.meinesuedstadt.de\/branchenverzeichnis\/wp-json\/wp\/v2\/comments?post=1724"}],"version-history":[{"count":3,"href":"https:\/\/www.meinesuedstadt.de\/branchenverzeichnis\/wp-json\/wp\/v2\/posts\/1724\/revisions"}],"predecessor-version":[{"id":6003,"href":"https:\/\/www.meinesuedstadt.de\/branchenverzeichnis\/wp-json\/wp\/v2\/posts\/1724\/revisions\/6003"}],"wp:attachment":[{"href":"https:\/\/www.meinesuedstadt.de\/branchenverzeichnis\/wp-json\/wp\/v2\/media?parent=1724"}],"wp:term":[{"taxonomy":"category","embeddable":true,"href":"https:\/\/www.meinesuedstadt.de\/branchenverzeichnis\/wp-json\/wp\/v2\/categories?post=1724"},{"taxonomy":"post_tag","embeddable":true,"href":"https:\/\/www.meinesuedstadt.de\/branchenverzeichnis\/wp-json\/wp\/v2\/tags?post=1724"}],"curies":[{"name":"wp","href":"https:\/\/api.w.org\/{rel}","templated":true}]}}