{"id":1731,"date":"2017-05-26T10:10:51","date_gmt":"2017-05-26T08:10:51","guid":{"rendered":"http:\/\/www.meinesuedstadt.de\/branchenverzeichnis\/?p=1731"},"modified":"2018-01-09T19:33:37","modified_gmt":"2018-01-09T18:33:37","slug":"melflair-deko-design","status":"publish","type":"post","link":"https:\/\/www.meinesuedstadt.de\/branchenverzeichnis\/melflair-deko-design\/","title":{"rendered":"Melflair &#8211; Deko &#038; Design"},"content":{"rendered":"<p>Im April 2017 er\u00f6ffnete Melanie Janeck das Shabby Chic M\u00f6belatelier \u0084Melflair\u0093 auf der Alteburger Stra\u00dfe in der K\u00f6lner S\u00fcdstadt. Hier findet man fertig gestaltete M\u00f6bel, schicke Wohnaccessoires und Designartikel, zum Beispiel vom skandinavischen Label H\u00fcbsch Interior oder der niederl\u00e4ndischen Marke Riverdale.<\/p>\n<p>Aber das ist noch nicht alles: In verschiedenen Workshops zeigt die Inhaberin auch, wie man selbst kreativ wird und alte M\u00f6bel mit Kreidefarben aufbereitet. Die dazu n\u00f6tigen Farben, Wachse und Pinsel aus dem Sortiment von Annie Sloan werden auch in ihrem Laden angeboten. Weit und breit ein Alleinstellungsmerkmal, wie Kenner der Materie wissen, denn Annie Sloan erteilt die Verkaufslizenzen nur an kleine, ausgew\u00e4hlte H\u00e4ndler.<\/p>\n<p>\u0084Die tollste Eigenschaft dieser Kreidefarbe ist es, dass sie nahezu auf jeder Oberfl\u00e4che h\u00e4lt &#8211; ganz ohne Vorbehandlung\u0093, erz\u00e4hlt Melanie Janeck. \u0084Egal ob Holz, Stoff, Metall, Tapete\u00a0 &#8211; laut Annie Sloan kann man mit Chalk Paint nahezu alles streichen. Es gibt wundersch\u00f6ne Farbt\u00f6ne und ein Material ohne viele Chemikalien, das aufwendiges Vorarbeiten und Abschleifen nicht erforderlich macht. Derzeit umfasst die Farbpalette von Annie Sloan 36 Farbnuancen, die jedem Raum mehr Pers\u00f6nlichkeit geben und M\u00f6bel von der Stange in individuellen Designerst\u00fccken verwandeln.\u0093<\/p>\n\n\t\t<style type=\"text\/css\">\n\t\t\t#gallery-1 {\n\t\t\t\tmargin: auto;\n\t\t\t}\n\t\t\t#gallery-1 .gallery-item {\n\t\t\t\tfloat: left;\n\t\t\t\tmargin-top: 10px;\n\t\t\t\ttext-align: center;\n\t\t\t\twidth: 25%;\n\t\t\t}\n\t\t\t#gallery-1 img {\n\t\t\t\tborder: 2px solid #cfcfcf;\n\t\t\t}\n\t\t\t#gallery-1 .gallery-caption {\n\t\t\t\tmargin-left: 0;\n\t\t\t}\n\t\t\t\/* see gallery_shortcode() in wp-includes\/media.php *\/\n\t\t<\/style>\n\t\t<div id='gallery-1' class='gallery galleryid-1731 gallery-columns-4 gallery-size-thumbnail'><dl class='gallery-item'>\n\t\t\t<dt class='gallery-icon landscape'>\n\t\t\t\t<a href='https:\/\/www.meinesuedstadt.de\/branchenverzeichnis\/wp-content\/uploads\/2017\/05\/Melflair-Meine-Suedstadt-Koeln-02.jpg' title=\"\" data-rl_title=\"\" class=\"rl-gallery-link\" data-rl_caption=\"\" data-rel=\"lightbox-gallery-1\"><img loading=\"lazy\" decoding=\"async\" width=\"150\" height=\"150\" src=\"https:\/\/www.meinesuedstadt.de\/branchenverzeichnis\/wp-content\/uploads\/2017\/05\/Melflair-Meine-Suedstadt-Koeln-02-150x150.jpg\" class=\"attachment-thumbnail size-thumbnail\" alt=\"Melflair - Meine S\u00fcdstadt K\u00f6ln\" \/><\/a>\n\t\t\t<\/dt><\/dl><dl class='gallery-item'>\n\t\t\t<dt class='gallery-icon landscape'>\n\t\t\t\t<a href='https:\/\/www.meinesuedstadt.de\/branchenverzeichnis\/wp-content\/uploads\/2017\/05\/Melflair-Meine-Suedstadt-Koeln-03.jpg' title=\"\" data-rl_title=\"\" class=\"rl-gallery-link\" data-rl_caption=\"\" data-rel=\"lightbox-gallery-1\"><img loading=\"lazy\" decoding=\"async\" width=\"150\" height=\"150\" src=\"https:\/\/www.meinesuedstadt.de\/branchenverzeichnis\/wp-content\/uploads\/2017\/05\/Melflair-Meine-Suedstadt-Koeln-03-150x150.jpg\" class=\"attachment-thumbnail size-thumbnail\" alt=\"Melflair - Meine S\u00fcdstadt K\u00f6ln\" srcset=\"https:\/\/www.meinesuedstadt.de\/branchenverzeichnis\/wp-content\/uploads\/2017\/05\/Melflair-Meine-Suedstadt-Koeln-03-150x150.jpg 150w, https:\/\/www.meinesuedstadt.de\/branchenverzeichnis\/wp-content\/uploads\/2017\/05\/Melflair-Meine-Suedstadt-Koeln-03-300x300.jpg 300w, https:\/\/www.meinesuedstadt.de\/branchenverzeichnis\/wp-content\/uploads\/2017\/05\/Melflair-Meine-Suedstadt-Koeln-03.jpg 600w\" sizes=\"auto, (max-width: 150px) 100vw, 150px\" \/><\/a>\n\t\t\t<\/dt><\/dl><dl class='gallery-item'>\n\t\t\t<dt class='gallery-icon landscape'>\n\t\t\t\t<a href='https:\/\/www.meinesuedstadt.de\/branchenverzeichnis\/wp-content\/uploads\/2017\/05\/Melflair-Meine-Suedstadt-Koeln-04.jpg' title=\"\" data-rl_title=\"\" class=\"rl-gallery-link\" data-rl_caption=\"\" data-rel=\"lightbox-gallery-1\"><img loading=\"lazy\" decoding=\"async\" width=\"150\" height=\"150\" src=\"https:\/\/www.meinesuedstadt.de\/branchenverzeichnis\/wp-content\/uploads\/2017\/05\/Melflair-Meine-Suedstadt-Koeln-04-150x150.jpg\" class=\"attachment-thumbnail size-thumbnail\" alt=\"Melflair - Meine S\u00fcdstadt K\u00f6ln\" srcset=\"https:\/\/www.meinesuedstadt.de\/branchenverzeichnis\/wp-content\/uploads\/2017\/05\/Melflair-Meine-Suedstadt-Koeln-04-150x150.jpg 150w, https:\/\/www.meinesuedstadt.de\/branchenverzeichnis\/wp-content\/uploads\/2017\/05\/Melflair-Meine-Suedstadt-Koeln-04-300x300.jpg 300w, https:\/\/www.meinesuedstadt.de\/branchenverzeichnis\/wp-content\/uploads\/2017\/05\/Melflair-Meine-Suedstadt-Koeln-04.jpg 600w\" sizes=\"auto, (max-width: 150px) 100vw, 150px\" \/><\/a>\n\t\t\t<\/dt><\/dl><dl class='gallery-item'>\n\t\t\t<dt class='gallery-icon landscape'>\n\t\t\t\t<a href='https:\/\/www.meinesuedstadt.de\/branchenverzeichnis\/wp-content\/uploads\/2017\/05\/Melflair-Meine-Suedstadt-Koeln-05.jpg' title=\"\" data-rl_title=\"\" class=\"rl-gallery-link\" data-rl_caption=\"\" data-rel=\"lightbox-gallery-1\"><img loading=\"lazy\" decoding=\"async\" width=\"150\" height=\"150\" src=\"https:\/\/www.meinesuedstadt.de\/branchenverzeichnis\/wp-content\/uploads\/2017\/05\/Melflair-Meine-Suedstadt-Koeln-05-150x150.jpg\" class=\"attachment-thumbnail size-thumbnail\" alt=\"Melflair - Meine S\u00fcdstadt K\u00f6ln\" \/><\/a>\n\t\t\t<\/dt><\/dl><br style=\"clear: both\" \/><dl class='gallery-item'>\n\t\t\t<dt class='gallery-icon landscape'>\n\t\t\t\t<a href='https:\/\/www.meinesuedstadt.de\/branchenverzeichnis\/wp-content\/uploads\/2017\/05\/Melflair-Meine-Suedstadt-Koeln-06.jpg' title=\"\" data-rl_title=\"\" class=\"rl-gallery-link\" data-rl_caption=\"\" data-rel=\"lightbox-gallery-1\"><img loading=\"lazy\" decoding=\"async\" width=\"150\" height=\"150\" src=\"https:\/\/www.meinesuedstadt.de\/branchenverzeichnis\/wp-content\/uploads\/2017\/05\/Melflair-Meine-Suedstadt-Koeln-06-150x150.jpg\" class=\"attachment-thumbnail size-thumbnail\" alt=\"Melflair - Meine S\u00fcdstadt K\u00f6ln\" \/><\/a>\n\t\t\t<\/dt><\/dl><dl class='gallery-item'>\n\t\t\t<dt class='gallery-icon landscape'>\n\t\t\t\t<a href='https:\/\/www.meinesuedstadt.de\/branchenverzeichnis\/wp-content\/uploads\/2017\/05\/Melflair-Meine-Suedstadt-Koeln-07.jpg' title=\"\" data-rl_title=\"\" class=\"rl-gallery-link\" data-rl_caption=\"\" data-rel=\"lightbox-gallery-1\"><img loading=\"lazy\" decoding=\"async\" width=\"150\" height=\"150\" src=\"https:\/\/www.meinesuedstadt.de\/branchenverzeichnis\/wp-content\/uploads\/2017\/05\/Melflair-Meine-Suedstadt-Koeln-07-150x150.jpg\" class=\"attachment-thumbnail size-thumbnail\" alt=\"Melflair - Meine S\u00fcdstadt K\u00f6ln\" \/><\/a>\n\t\t\t<\/dt><\/dl><dl class='gallery-item'>\n\t\t\t<dt class='gallery-icon landscape'>\n\t\t\t\t<a href='https:\/\/www.meinesuedstadt.de\/branchenverzeichnis\/wp-content\/uploads\/2017\/05\/Melflair-Meine-Suedstadt-Koeln-08.jpg' title=\"\" data-rl_title=\"\" class=\"rl-gallery-link\" data-rl_caption=\"\" data-rel=\"lightbox-gallery-1\"><img loading=\"lazy\" decoding=\"async\" width=\"150\" height=\"150\" src=\"https:\/\/www.meinesuedstadt.de\/branchenverzeichnis\/wp-content\/uploads\/2017\/05\/Melflair-Meine-Suedstadt-Koeln-08-150x150.jpg\" class=\"attachment-thumbnail size-thumbnail\" alt=\"Melflair - Meine S\u00fcdstadt K\u00f6ln\" \/><\/a>\n\t\t\t<\/dt><\/dl><dl class='gallery-item'>\n\t\t\t<dt class='gallery-icon landscape'>\n\t\t\t\t<a href='https:\/\/www.meinesuedstadt.de\/branchenverzeichnis\/wp-content\/uploads\/2017\/05\/Melflair-Meine-Suedstadt-Koeln-09.jpg' title=\"\" data-rl_title=\"\" class=\"rl-gallery-link\" data-rl_caption=\"\" data-rel=\"lightbox-gallery-1\"><img loading=\"lazy\" decoding=\"async\" width=\"150\" height=\"150\" src=\"https:\/\/www.meinesuedstadt.de\/branchenverzeichnis\/wp-content\/uploads\/2017\/05\/Melflair-Meine-Suedstadt-Koeln-09-150x150.jpg\" class=\"attachment-thumbnail size-thumbnail\" alt=\"Melflair - Meine S\u00fcdstadt K\u00f6ln\" \/><\/a>\n\t\t\t<\/dt><\/dl><br style=\"clear: both\" \/><dl class='gallery-item'>\n\t\t\t<dt class='gallery-icon landscape'>\n\t\t\t\t<a href='https:\/\/www.meinesuedstadt.de\/branchenverzeichnis\/wp-content\/uploads\/2017\/05\/Melflair-Meine-Suedstadt-Koeln-10.jpg' title=\"\" data-rl_title=\"\" class=\"rl-gallery-link\" data-rl_caption=\"\" data-rel=\"lightbox-gallery-1\"><img loading=\"lazy\" decoding=\"async\" width=\"150\" height=\"150\" src=\"https:\/\/www.meinesuedstadt.de\/branchenverzeichnis\/wp-content\/uploads\/2017\/05\/Melflair-Meine-Suedstadt-Koeln-10-150x150.jpg\" class=\"attachment-thumbnail size-thumbnail\" alt=\"Melflair - Meine S\u00fcdstadt K\u00f6ln\" \/><\/a>\n\t\t\t<\/dt><\/dl>\n\t\t\t<br style='clear: both' \/>\n\t\t<\/div>\n\n<p>Melanie Janeck entdeckte ihre Liebe zu Farben und Stoffen schon fr\u00fch. Bereits als Studentin durchpfl\u00fcgte sie Flohm\u00e4rkte und nahm alte Sch\u00e4tze mit nach Hause, die sie dort leidenschaftlich herausputzte, ver\u00e4nderte, aufm\u00f6belte. Bei dem Besuch eines Caf\u00e9s in den Niederlanden 2014 stie\u00df sie auf einen Stuhl, der in einem tiefen, satten Blau gestrichen war. Die Farbe zog sie magisch an, und von der Caf\u00e9besitzerin erfuhr sie, dass es sich um die Kreidefarbe \u0082Napoleonic Blue\u0092 der Marke \u0082Annie Sloan\u0092 handelt.<\/p>\n<p>Alle von Melanie Janeck bearbeiteten M\u00f6bel wurden liebevoll und teils aufwendig mit mehreren Farbschichten bearbeitet um den speziellen Vintage \/ Shabby Chic Look zu erzielen. \u0084Ich habe hier in jedem Fall meine Leidenschaft entdeckt\u0093, erz\u00e4hlt sie \u0084und freue mich besonders, wenn ich in meinen Workshops andere Menschen damit anstecken kann und sie dann sp\u00e4ter begeistert von ihren eigenen Projekten erz\u00e4hlen. Es ist einfach gro\u00dfartig, welch tolle Ergebnisse man schon in kurzer Zeit mit der Technik und der speziellen Kreidefarbe von Annie Sloan erreichen kann. Dazu macht es einfach auch Spa\u00df, selbst kreativ zu werden &#8211; probieren Sie es doch gerne einmal aus.\u0093<br \/>\n&nbsp;<\/p>\n","protected":false},"excerpt":{"rendered":"<p>Im April 2017 er\u00f6ffnete Melanie Janeck das Shabby Chic M\u00f6belatelier \u0084Melflair\u0093 auf der Alteburger Stra\u00dfe in der K\u00f6lner S\u00fcdstadt. Hier findet man fertig gestaltete M\u00f6bel, schicke Wohnaccessoires und Designartikel, zum Beispiel vom skandinavischen Label H\u00fcbsch Interior oder der niederl\u00e4ndischen Marke Riverdale. Aber das ist noch nicht alles: In verschiedenen Workshops zeigt die Inhaberin auch, wie [&hellip;]<\/p>\n","protected":false},"author":2,"featured_media":0,"comment_status":"open","ping_status":"open","sticky":false,"template":"","format":"standard","meta":{"_acf_changed":false,"footnotes":""},"categories":[218,195,206,196],"tags":[],"class_list":["post-1731","post","type-post","status-publish","format-standard","hentry","category-dekoration","category-einrichtung-kuechen","category-onlineshop","category-wohnen-dekoration"],"acf":[],"yoast_head":"<!-- This site is optimized with the Yoast SEO plugin v27.4 - https:\/\/yoast.com\/product\/yoast-seo-wordpress\/ -->\n<title>Melflair - Deko &amp; Design - Meine S\u00fcdstadt<\/title>\n<meta name=\"robots\" content=\"index, follow, max-snippet:-1, max-image-preview:large, max-video-preview:-1\" \/>\n<link rel=\"canonical\" href=\"https:\/\/www.meinesuedstadt.de\/branchenverzeichnis\/melflair-deko-design\/\" \/>\n<meta property=\"og:locale\" content=\"de_DE\" \/>\n<meta property=\"og:type\" content=\"article\" \/>\n<meta property=\"og:title\" content=\"Melflair - Deko &amp; Design - Meine S\u00fcdstadt\" \/>\n<meta property=\"og:description\" content=\"Im April 2017 er\u00f6ffnete Melanie Janeck das Shabby Chic M\u00f6belatelier \u0084Melflair\u0093 auf der Alteburger Stra\u00dfe in der K\u00f6lner S\u00fcdstadt. Hier findet man fertig gestaltete M\u00f6bel, schicke Wohnaccessoires und Designartikel, zum Beispiel vom skandinavischen Label H\u00fcbsch Interior oder der niederl\u00e4ndischen Marke Riverdale. Aber das ist noch nicht alles: In verschiedenen Workshops zeigt die Inhaberin auch, wie [&hellip;]\" \/>\n<meta property=\"og:url\" content=\"https:\/\/www.meinesuedstadt.de\/branchenverzeichnis\/melflair-deko-design\/\" \/>\n<meta property=\"og:site_name\" content=\"Meine S\u00fcdstadt\" \/>\n<meta property=\"article:publisher\" content=\"https:\/\/www.facebook.com\/Meinesuedstadt\/\" \/>\n<meta property=\"article:published_time\" content=\"2017-05-26T08:10:51+00:00\" \/>\n<meta property=\"article:modified_time\" content=\"2018-01-09T18:33:37+00:00\" \/>\n<meta property=\"og:image\" content=\"https:\/\/www.meinesuedstadt.de\/branchenverzeichnis\/wp-content\/uploads\/2017\/05\/Melflair-Meine-Suedstadt-Koeln-02-150x150.jpg\" \/>\n<meta name=\"author\" content=\"Mario Friese\" \/>\n<meta name=\"twitter:card\" content=\"summary_large_image\" \/>\n<meta name=\"twitter:creator\" content=\"@meinesuedstadt\" \/>\n<meta name=\"twitter:site\" content=\"@meinesuedstadt\" \/>\n<meta name=\"twitter:label1\" content=\"Verfasst von\" \/>\n\t<meta name=\"twitter:data1\" content=\"Mario Friese\" \/>\n\t<meta name=\"twitter:label2\" content=\"Gesch\u00e4tzte Lesezeit\" \/>\n\t<meta name=\"twitter:data2\" content=\"2\u00a0Minuten\" \/>\n<script type=\"application\/ld+json\" class=\"yoast-schema-graph\">{\"@context\":\"https:\\\/\\\/schema.org\",\"@graph\":[{\"@type\":\"Article\",\"@id\":\"https:\\\/\\\/www.meinesuedstadt.de\\\/branchenverzeichnis\\\/melflair-deko-design\\\/#article\",\"isPartOf\":{\"@id\":\"https:\\\/\\\/www.meinesuedstadt.de\\\/branchenverzeichnis\\\/melflair-deko-design\\\/\"},\"author\":{\"name\":\"Mario Friese\",\"@id\":\"https:\\\/\\\/www.meinesuedstadt.de\\\/branchenverzeichnis\\\/#\\\/schema\\\/person\\\/4974ccd0047c4bef2ea2271bc1b66e8d\"},\"headline\":\"Melflair &#8211; Deko &#038; Design\",\"datePublished\":\"2017-05-26T08:10:51+00:00\",\"dateModified\":\"2018-01-09T18:33:37+00:00\",\"mainEntityOfPage\":{\"@id\":\"https:\\\/\\\/www.meinesuedstadt.de\\\/branchenverzeichnis\\\/melflair-deko-design\\\/\"},\"wordCount\":405,\"commentCount\":0,\"articleSection\":[\"Dekoration\",\"Einrichtung &amp; K\u00fcchen\",\"Onlineshop\",\"Wohnen &amp; Dekoration\"],\"inLanguage\":\"de\",\"potentialAction\":[{\"@type\":\"CommentAction\",\"name\":\"Comment\",\"target\":[\"https:\\\/\\\/www.meinesuedstadt.de\\\/branchenverzeichnis\\\/melflair-deko-design\\\/#respond\"]}]},{\"@type\":\"WebPage\",\"@id\":\"https:\\\/\\\/www.meinesuedstadt.de\\\/branchenverzeichnis\\\/melflair-deko-design\\\/\",\"url\":\"https:\\\/\\\/www.meinesuedstadt.de\\\/branchenverzeichnis\\\/melflair-deko-design\\\/\",\"name\":\"Melflair - Deko & Design - Meine S\u00fcdstadt\",\"isPartOf\":{\"@id\":\"https:\\\/\\\/www.meinesuedstadt.de\\\/branchenverzeichnis\\\/#website\"},\"datePublished\":\"2017-05-26T08:10:51+00:00\",\"dateModified\":\"2018-01-09T18:33:37+00:00\",\"author\":{\"@id\":\"https:\\\/\\\/www.meinesuedstadt.de\\\/branchenverzeichnis\\\/#\\\/schema\\\/person\\\/4974ccd0047c4bef2ea2271bc1b66e8d\"},\"breadcrumb\":{\"@id\":\"https:\\\/\\\/www.meinesuedstadt.de\\\/branchenverzeichnis\\\/melflair-deko-design\\\/#breadcrumb\"},\"inLanguage\":\"de\",\"potentialAction\":[{\"@type\":\"ReadAction\",\"target\":[\"https:\\\/\\\/www.meinesuedstadt.de\\\/branchenverzeichnis\\\/melflair-deko-design\\\/\"]}]},{\"@type\":\"BreadcrumbList\",\"@id\":\"https:\\\/\\\/www.meinesuedstadt.de\\\/branchenverzeichnis\\\/melflair-deko-design\\\/#breadcrumb\",\"itemListElement\":[{\"@type\":\"ListItem\",\"position\":1,\"name\":\"Startseite\",\"item\":\"https:\\\/\\\/www.meinesuedstadt.de\\\/branchenverzeichnis\\\/\"},{\"@type\":\"ListItem\",\"position\":2,\"name\":\"Melflair &#8211; Deko &#038; Design\"}]},{\"@type\":\"WebSite\",\"@id\":\"https:\\\/\\\/www.meinesuedstadt.de\\\/branchenverzeichnis\\\/#website\",\"url\":\"https:\\\/\\\/www.meinesuedstadt.de\\\/branchenverzeichnis\\\/\",\"name\":\"Meine S\u00fcdstadt\",\"description\":\"Branchenverzeichnis aus der S\u00fcdstadt K\u00f6lns\",\"potentialAction\":[{\"@type\":\"SearchAction\",\"target\":{\"@type\":\"EntryPoint\",\"urlTemplate\":\"https:\\\/\\\/www.meinesuedstadt.de\\\/branchenverzeichnis\\\/?s={search_term_string}\"},\"query-input\":{\"@type\":\"PropertyValueSpecification\",\"valueRequired\":true,\"valueName\":\"search_term_string\"}}],\"inLanguage\":\"de\"},{\"@type\":\"Person\",\"@id\":\"https:\\\/\\\/www.meinesuedstadt.de\\\/branchenverzeichnis\\\/#\\\/schema\\\/person\\\/4974ccd0047c4bef2ea2271bc1b66e8d\",\"name\":\"Mario Friese\",\"image\":{\"@type\":\"ImageObject\",\"inLanguage\":\"de\",\"@id\":\"https:\\\/\\\/secure.gravatar.com\\\/avatar\\\/38afb5244388eb07856f264e0b17f6d56309e4e5bba4ea1716b6dadd14a2aab0?s=96&d=mm&r=g\",\"url\":\"https:\\\/\\\/secure.gravatar.com\\\/avatar\\\/38afb5244388eb07856f264e0b17f6d56309e4e5bba4ea1716b6dadd14a2aab0?s=96&d=mm&r=g\",\"contentUrl\":\"https:\\\/\\\/secure.gravatar.com\\\/avatar\\\/38afb5244388eb07856f264e0b17f6d56309e4e5bba4ea1716b6dadd14a2aab0?s=96&d=mm&r=g\",\"caption\":\"Mario Friese\"},\"sameAs\":[\"https:\\\/\\\/fgrepublik.com\"]}]}<\/script>\n<!-- \/ Yoast SEO plugin. -->","yoast_head_json":{"title":"Melflair - Deko & Design - Meine S\u00fcdstadt","robots":{"index":"index","follow":"follow","max-snippet":"max-snippet:-1","max-image-preview":"max-image-preview:large","max-video-preview":"max-video-preview:-1"},"canonical":"https:\/\/www.meinesuedstadt.de\/branchenverzeichnis\/melflair-deko-design\/","og_locale":"de_DE","og_type":"article","og_title":"Melflair - Deko & Design - Meine S\u00fcdstadt","og_description":"Im April 2017 er\u00f6ffnete Melanie Janeck das Shabby Chic M\u00f6belatelier \u0084Melflair\u0093 auf der Alteburger Stra\u00dfe in der K\u00f6lner S\u00fcdstadt. Hier findet man fertig gestaltete M\u00f6bel, schicke Wohnaccessoires und Designartikel, zum Beispiel vom skandinavischen Label H\u00fcbsch Interior oder der niederl\u00e4ndischen Marke Riverdale. Aber das ist noch nicht alles: In verschiedenen Workshops zeigt die Inhaberin auch, wie [&hellip;]","og_url":"https:\/\/www.meinesuedstadt.de\/branchenverzeichnis\/melflair-deko-design\/","og_site_name":"Meine S\u00fcdstadt","article_publisher":"https:\/\/www.facebook.com\/Meinesuedstadt\/","article_published_time":"2017-05-26T08:10:51+00:00","article_modified_time":"2018-01-09T18:33:37+00:00","og_image":[{"url":"https:\/\/www.meinesuedstadt.de\/branchenverzeichnis\/wp-content\/uploads\/2017\/05\/Melflair-Meine-Suedstadt-Koeln-02-150x150.jpg","type":"","width":"","height":""}],"author":"Mario Friese","twitter_card":"summary_large_image","twitter_creator":"@meinesuedstadt","twitter_site":"@meinesuedstadt","twitter_misc":{"Verfasst von":"Mario Friese","Gesch\u00e4tzte Lesezeit":"2\u00a0Minuten"},"schema":{"@context":"https:\/\/schema.org","@graph":[{"@type":"Article","@id":"https:\/\/www.meinesuedstadt.de\/branchenverzeichnis\/melflair-deko-design\/#article","isPartOf":{"@id":"https:\/\/www.meinesuedstadt.de\/branchenverzeichnis\/melflair-deko-design\/"},"author":{"name":"Mario Friese","@id":"https:\/\/www.meinesuedstadt.de\/branchenverzeichnis\/#\/schema\/person\/4974ccd0047c4bef2ea2271bc1b66e8d"},"headline":"Melflair &#8211; Deko &#038; Design","datePublished":"2017-05-26T08:10:51+00:00","dateModified":"2018-01-09T18:33:37+00:00","mainEntityOfPage":{"@id":"https:\/\/www.meinesuedstadt.de\/branchenverzeichnis\/melflair-deko-design\/"},"wordCount":405,"commentCount":0,"articleSection":["Dekoration","Einrichtung &amp; K\u00fcchen","Onlineshop","Wohnen &amp; Dekoration"],"inLanguage":"de","potentialAction":[{"@type":"CommentAction","name":"Comment","target":["https:\/\/www.meinesuedstadt.de\/branchenverzeichnis\/melflair-deko-design\/#respond"]}]},{"@type":"WebPage","@id":"https:\/\/www.meinesuedstadt.de\/branchenverzeichnis\/melflair-deko-design\/","url":"https:\/\/www.meinesuedstadt.de\/branchenverzeichnis\/melflair-deko-design\/","name":"Melflair - Deko & Design - Meine S\u00fcdstadt","isPartOf":{"@id":"https:\/\/www.meinesuedstadt.de\/branchenverzeichnis\/#website"},"datePublished":"2017-05-26T08:10:51+00:00","dateModified":"2018-01-09T18:33:37+00:00","author":{"@id":"https:\/\/www.meinesuedstadt.de\/branchenverzeichnis\/#\/schema\/person\/4974ccd0047c4bef2ea2271bc1b66e8d"},"breadcrumb":{"@id":"https:\/\/www.meinesuedstadt.de\/branchenverzeichnis\/melflair-deko-design\/#breadcrumb"},"inLanguage":"de","potentialAction":[{"@type":"ReadAction","target":["https:\/\/www.meinesuedstadt.de\/branchenverzeichnis\/melflair-deko-design\/"]}]},{"@type":"BreadcrumbList","@id":"https:\/\/www.meinesuedstadt.de\/branchenverzeichnis\/melflair-deko-design\/#breadcrumb","itemListElement":[{"@type":"ListItem","position":1,"name":"Startseite","item":"https:\/\/www.meinesuedstadt.de\/branchenverzeichnis\/"},{"@type":"ListItem","position":2,"name":"Melflair &#8211; Deko &#038; Design"}]},{"@type":"WebSite","@id":"https:\/\/www.meinesuedstadt.de\/branchenverzeichnis\/#website","url":"https:\/\/www.meinesuedstadt.de\/branchenverzeichnis\/","name":"Meine S\u00fcdstadt","description":"Branchenverzeichnis aus der S\u00fcdstadt K\u00f6lns","potentialAction":[{"@type":"SearchAction","target":{"@type":"EntryPoint","urlTemplate":"https:\/\/www.meinesuedstadt.de\/branchenverzeichnis\/?s={search_term_string}"},"query-input":{"@type":"PropertyValueSpecification","valueRequired":true,"valueName":"search_term_string"}}],"inLanguage":"de"},{"@type":"Person","@id":"https:\/\/www.meinesuedstadt.de\/branchenverzeichnis\/#\/schema\/person\/4974ccd0047c4bef2ea2271bc1b66e8d","name":"Mario Friese","image":{"@type":"ImageObject","inLanguage":"de","@id":"https:\/\/secure.gravatar.com\/avatar\/38afb5244388eb07856f264e0b17f6d56309e4e5bba4ea1716b6dadd14a2aab0?s=96&d=mm&r=g","url":"https:\/\/secure.gravatar.com\/avatar\/38afb5244388eb07856f264e0b17f6d56309e4e5bba4ea1716b6dadd14a2aab0?s=96&d=mm&r=g","contentUrl":"https:\/\/secure.gravatar.com\/avatar\/38afb5244388eb07856f264e0b17f6d56309e4e5bba4ea1716b6dadd14a2aab0?s=96&d=mm&r=g","caption":"Mario Friese"},"sameAs":["https:\/\/fgrepublik.com"]}]}},"priority":0,"metaAddress":"Alteburger Stra\u00dfe 111 , 50678 K\u00f6ln","_links":{"self":[{"href":"https:\/\/www.meinesuedstadt.de\/branchenverzeichnis\/wp-json\/wp\/v2\/posts\/1731","targetHints":{"allow":["GET"]}}],"collection":[{"href":"https:\/\/www.meinesuedstadt.de\/branchenverzeichnis\/wp-json\/wp\/v2\/posts"}],"about":[{"href":"https:\/\/www.meinesuedstadt.de\/branchenverzeichnis\/wp-json\/wp\/v2\/types\/post"}],"author":[{"embeddable":true,"href":"https:\/\/www.meinesuedstadt.de\/branchenverzeichnis\/wp-json\/wp\/v2\/users\/2"}],"replies":[{"embeddable":true,"href":"https:\/\/www.meinesuedstadt.de\/branchenverzeichnis\/wp-json\/wp\/v2\/comments?post=1731"}],"version-history":[{"count":8,"href":"https:\/\/www.meinesuedstadt.de\/branchenverzeichnis\/wp-json\/wp\/v2\/posts\/1731\/revisions"}],"predecessor-version":[{"id":2693,"href":"https:\/\/www.meinesuedstadt.de\/branchenverzeichnis\/wp-json\/wp\/v2\/posts\/1731\/revisions\/2693"}],"wp:attachment":[{"href":"https:\/\/www.meinesuedstadt.de\/branchenverzeichnis\/wp-json\/wp\/v2\/media?parent=1731"}],"wp:term":[{"taxonomy":"category","embeddable":true,"href":"https:\/\/www.meinesuedstadt.de\/branchenverzeichnis\/wp-json\/wp\/v2\/categories?post=1731"},{"taxonomy":"post_tag","embeddable":true,"href":"https:\/\/www.meinesuedstadt.de\/branchenverzeichnis\/wp-json\/wp\/v2\/tags?post=1731"}],"curies":[{"name":"wp","href":"https:\/\/api.w.org\/{rel}","templated":true}]}}