{"id":343,"date":"2010-02-21T11:44:58","date_gmt":"2010-02-21T10:44:58","guid":{"rendered":"http:\/\/www.meinesuedstadt.de\/branchenverzeichnis\/?p=343"},"modified":"2010-02-21T11:44:58","modified_gmt":"2010-02-21T09:44:58","slug":"tobias-brandhofer-augenoptik","status":"publish","type":"post","link":"https:\/\/www.meinesuedstadt.de\/branchenverzeichnis\/tobias-brandhofer-augenoptik\/","title":{"rendered":"Tobias Brandhofer &#8211; Augenoptik"},"content":{"rendered":"<p>&nbsp;<\/p>\n<p><strong>Tobias Brandhofer<\/strong> &#8211; das ist der Laden auf der Merowinger Ecke Elsa\u00dfstra\u00dfe, das ist der Optikermeister Jahrgang 1977, der den Laden betreibt, und das ist ein Lebensgef\u00fchl. Wer in dem minimalistischen Eckgesch\u00e4ft zwischen wei\u00dfen Wandfl\u00e4chen und schwarzen M\u00f6belkuben eine Brille sucht, findet nicht den Mainstream der gro\u00dfen Marken. Freudenhaus, M\u00fcnchen, Jean Lemp\u00e9reur, Paris, Hackett, London \u0096 diese Namen stehen f\u00fcr feinste Gestelle ausgew\u00e4hlter Labels und kleiner Manufakturen.<\/p>\n<p>&nbsp;<\/p>\n<p>Das Design der Brillen beschreibt Tobias Brandhofer als \u0084franz\u00f6sisch\u0093: Schlicht, elegant, ohne Schn\u00f6rkel und mit Mut zum Statement. Typisch S\u00fcdstadt-Style: Auf den meisten Brillen fehlen fette Labelnamen oder Logos. Stattdessen legt man Wert auf beste Materialien und gute Verarbeitung. Diese Klarheit spricht sich rum: Die Klientel reist l\u00e4ngst auch aus anderen Stadtteilen und St\u00e4dten an. Seit seiner Gr\u00fcndung 2007 ist Tobias Brandhofers Brillenladen vom Geheimtipp zum Liebling der Stilbewussten geworden.<\/p>\n<p>&nbsp;<\/p>\n<p>\u0084Brille ist Mode\u0093, verr\u00e4t der Chef, \u0084und wir haben den Anspruch, f\u00fcr jeden Kunden etwas Perfektes zu finden, etwas, das individuell auf ihn zugeschnitten ist\u0093. Im Schaufenster sucht man Brillen deshalb vergeblich\u0096 die sind drinnen in Leuchtk\u00e4sten wie Schmetterlinge im Naturkundemuseum aufgeh\u00e4ngt. Bis das richtige Gestell zu seinem K\u00e4ufer findet, nehmen sich Tobias Brandhofer und sein Kollege Lukas Lange im Durchschnitt 20 bis 30 Minuten Zeit, um im Beratungsgespr\u00e4ch ein Bild von der Pers\u00f6nlichkeit, den Vorlieben, der T\u00e4tigkeit des zuk\u00fcnftigen Brillentr\u00e4gers zu bekommen und ihn dann auf seinem Weg zur neuen Brille zu inspirieren.<\/p>\n<p>&nbsp;<\/p>\n<p>Stilsicher sind Tobias Brandhofer und Lukas Lange selbst \u0096 sie tragen ihre eigenen, markanten Brillen extrem l\u00e4ssig und strahlen sympathische Hipness aus. Brandhofer, der aus dem schw\u00e4bischen Altensteig kommt und nach der K\u00f6lner Meisterschule in der S\u00fcdstadt Fu\u00df gefasst hat, ist dabei nicht nur Stil- und Augenkenner. Der Mann schaut regelm\u00e4\u00dfig \u00fcber den Brillenrand hinaus: Alle vier bis sechs Wochen darf ein anderer K\u00fcnstler aus NRW Bilder oder Skulpturen in seinen Schaufenstern ausstellen.<\/p>\n","protected":false},"excerpt":{"rendered":"<p>&nbsp; Tobias Brandhofer &#8211; das ist der Laden auf der Merowinger Ecke Elsa\u00dfstra\u00dfe, das ist der Optikermeister Jahrgang 1977, der den Laden betreibt, und das ist ein Lebensgef\u00fchl. Wer in dem minimalistischen Eckgesch\u00e4ft zwischen wei\u00dfen Wandfl\u00e4chen und schwarzen M\u00f6belkuben eine Brille sucht, findet nicht den Mainstream der gro\u00dfen Marken. Freudenhaus, M\u00fcnchen, Jean Lemp\u00e9reur, Paris, Hackett, [&hellip;]<\/p>\n","protected":false},"author":2,"featured_media":0,"comment_status":"open","ping_status":"open","sticky":false,"template":"","format":"standard","meta":{"_acf_changed":false,"footnotes":""},"categories":[155],"tags":[],"class_list":["post-343","post","type-post","status-publish","format-standard","hentry","category-optiker"],"acf":[],"yoast_head":"<!-- This site is optimized with the Yoast SEO plugin v27.4 - https:\/\/yoast.com\/product\/yoast-seo-wordpress\/ -->\n<title>Tobias Brandhofer - Augenoptik - Meine S\u00fcdstadt<\/title>\n<meta name=\"robots\" content=\"index, follow, max-snippet:-1, max-image-preview:large, max-video-preview:-1\" \/>\n<link rel=\"canonical\" href=\"https:\/\/www.meinesuedstadt.de\/branchenverzeichnis\/tobias-brandhofer-augenoptik\/\" \/>\n<meta property=\"og:locale\" content=\"de_DE\" \/>\n<meta property=\"og:type\" content=\"article\" \/>\n<meta property=\"og:title\" content=\"Tobias Brandhofer - Augenoptik - Meine S\u00fcdstadt\" \/>\n<meta property=\"og:description\" content=\"&nbsp; Tobias Brandhofer &#8211; das ist der Laden auf der Merowinger Ecke Elsa\u00dfstra\u00dfe, das ist der Optikermeister Jahrgang 1977, der den Laden betreibt, und das ist ein Lebensgef\u00fchl. Wer in dem minimalistischen Eckgesch\u00e4ft zwischen wei\u00dfen Wandfl\u00e4chen und schwarzen M\u00f6belkuben eine Brille sucht, findet nicht den Mainstream der gro\u00dfen Marken. Freudenhaus, M\u00fcnchen, Jean Lemp\u00e9reur, Paris, Hackett, [&hellip;]\" \/>\n<meta property=\"og:url\" content=\"https:\/\/www.meinesuedstadt.de\/branchenverzeichnis\/tobias-brandhofer-augenoptik\/\" \/>\n<meta property=\"og:site_name\" content=\"Meine S\u00fcdstadt\" \/>\n<meta property=\"article:publisher\" content=\"https:\/\/www.facebook.com\/Meinesuedstadt\/\" \/>\n<meta property=\"article:published_time\" content=\"-0001-11-30T00:00:00+00:00\" \/>\n<meta name=\"author\" content=\"Mario Friese\" \/>\n<meta name=\"twitter:card\" content=\"summary_large_image\" \/>\n<meta name=\"twitter:creator\" content=\"@meinesuedstadt\" \/>\n<meta name=\"twitter:site\" content=\"@meinesuedstadt\" \/>\n<meta name=\"twitter:label1\" content=\"Verfasst von\" \/>\n\t<meta name=\"twitter:data1\" content=\"Mario Friese\" \/>\n\t<meta name=\"twitter:label2\" content=\"Gesch\u00e4tzte Lesezeit\" \/>\n\t<meta name=\"twitter:data2\" content=\"2\u00a0Minuten\" \/>\n<script type=\"application\/ld+json\" class=\"yoast-schema-graph\">{\"@context\":\"https:\\\/\\\/schema.org\",\"@graph\":[{\"@type\":\"Article\",\"@id\":\"https:\\\/\\\/www.meinesuedstadt.de\\\/branchenverzeichnis\\\/tobias-brandhofer-augenoptik\\\/#article\",\"isPartOf\":{\"@id\":\"https:\\\/\\\/www.meinesuedstadt.de\\\/branchenverzeichnis\\\/tobias-brandhofer-augenoptik\\\/\"},\"author\":{\"name\":\"Mario Friese\",\"@id\":\"https:\\\/\\\/www.meinesuedstadt.de\\\/branchenverzeichnis\\\/#\\\/schema\\\/person\\\/4974ccd0047c4bef2ea2271bc1b66e8d\"},\"headline\":\"Tobias Brandhofer &#8211; Augenoptik\",\"datePublished\":\"-0001-11-30T00:00:00+00:00\",\"mainEntityOfPage\":{\"@id\":\"https:\\\/\\\/www.meinesuedstadt.de\\\/branchenverzeichnis\\\/tobias-brandhofer-augenoptik\\\/\"},\"wordCount\":340,\"commentCount\":0,\"articleSection\":[\"Optiker\"],\"inLanguage\":\"de\",\"potentialAction\":[{\"@type\":\"CommentAction\",\"name\":\"Comment\",\"target\":[\"https:\\\/\\\/www.meinesuedstadt.de\\\/branchenverzeichnis\\\/tobias-brandhofer-augenoptik\\\/#respond\"]}]},{\"@type\":\"WebPage\",\"@id\":\"https:\\\/\\\/www.meinesuedstadt.de\\\/branchenverzeichnis\\\/tobias-brandhofer-augenoptik\\\/\",\"url\":\"https:\\\/\\\/www.meinesuedstadt.de\\\/branchenverzeichnis\\\/tobias-brandhofer-augenoptik\\\/\",\"name\":\"Tobias Brandhofer - Augenoptik - Meine S\u00fcdstadt\",\"isPartOf\":{\"@id\":\"https:\\\/\\\/www.meinesuedstadt.de\\\/branchenverzeichnis\\\/#website\"},\"datePublished\":\"-0001-11-30T00:00:00+00:00\",\"author\":{\"@id\":\"https:\\\/\\\/www.meinesuedstadt.de\\\/branchenverzeichnis\\\/#\\\/schema\\\/person\\\/4974ccd0047c4bef2ea2271bc1b66e8d\"},\"breadcrumb\":{\"@id\":\"https:\\\/\\\/www.meinesuedstadt.de\\\/branchenverzeichnis\\\/tobias-brandhofer-augenoptik\\\/#breadcrumb\"},\"inLanguage\":\"de\",\"potentialAction\":[{\"@type\":\"ReadAction\",\"target\":[\"https:\\\/\\\/www.meinesuedstadt.de\\\/branchenverzeichnis\\\/tobias-brandhofer-augenoptik\\\/\"]}]},{\"@type\":\"BreadcrumbList\",\"@id\":\"https:\\\/\\\/www.meinesuedstadt.de\\\/branchenverzeichnis\\\/tobias-brandhofer-augenoptik\\\/#breadcrumb\",\"itemListElement\":[{\"@type\":\"ListItem\",\"position\":1,\"name\":\"Startseite\",\"item\":\"https:\\\/\\\/www.meinesuedstadt.de\\\/branchenverzeichnis\\\/\"},{\"@type\":\"ListItem\",\"position\":2,\"name\":\"Tobias Brandhofer &#8211; Augenoptik\"}]},{\"@type\":\"WebSite\",\"@id\":\"https:\\\/\\\/www.meinesuedstadt.de\\\/branchenverzeichnis\\\/#website\",\"url\":\"https:\\\/\\\/www.meinesuedstadt.de\\\/branchenverzeichnis\\\/\",\"name\":\"Meine S\u00fcdstadt\",\"description\":\"Branchenverzeichnis aus der S\u00fcdstadt K\u00f6lns\",\"potentialAction\":[{\"@type\":\"SearchAction\",\"target\":{\"@type\":\"EntryPoint\",\"urlTemplate\":\"https:\\\/\\\/www.meinesuedstadt.de\\\/branchenverzeichnis\\\/?s={search_term_string}\"},\"query-input\":{\"@type\":\"PropertyValueSpecification\",\"valueRequired\":true,\"valueName\":\"search_term_string\"}}],\"inLanguage\":\"de\"},{\"@type\":\"Person\",\"@id\":\"https:\\\/\\\/www.meinesuedstadt.de\\\/branchenverzeichnis\\\/#\\\/schema\\\/person\\\/4974ccd0047c4bef2ea2271bc1b66e8d\",\"name\":\"Mario Friese\",\"image\":{\"@type\":\"ImageObject\",\"inLanguage\":\"de\",\"@id\":\"https:\\\/\\\/secure.gravatar.com\\\/avatar\\\/38afb5244388eb07856f264e0b17f6d56309e4e5bba4ea1716b6dadd14a2aab0?s=96&d=mm&r=g\",\"url\":\"https:\\\/\\\/secure.gravatar.com\\\/avatar\\\/38afb5244388eb07856f264e0b17f6d56309e4e5bba4ea1716b6dadd14a2aab0?s=96&d=mm&r=g\",\"contentUrl\":\"https:\\\/\\\/secure.gravatar.com\\\/avatar\\\/38afb5244388eb07856f264e0b17f6d56309e4e5bba4ea1716b6dadd14a2aab0?s=96&d=mm&r=g\",\"caption\":\"Mario Friese\"},\"sameAs\":[\"https:\\\/\\\/fgrepublik.com\"]}]}<\/script>\n<!-- \/ Yoast SEO plugin. -->","yoast_head_json":{"title":"Tobias Brandhofer - Augenoptik - Meine S\u00fcdstadt","robots":{"index":"index","follow":"follow","max-snippet":"max-snippet:-1","max-image-preview":"max-image-preview:large","max-video-preview":"max-video-preview:-1"},"canonical":"https:\/\/www.meinesuedstadt.de\/branchenverzeichnis\/tobias-brandhofer-augenoptik\/","og_locale":"de_DE","og_type":"article","og_title":"Tobias Brandhofer - Augenoptik - Meine S\u00fcdstadt","og_description":"&nbsp; Tobias Brandhofer &#8211; das ist der Laden auf der Merowinger Ecke Elsa\u00dfstra\u00dfe, das ist der Optikermeister Jahrgang 1977, der den Laden betreibt, und das ist ein Lebensgef\u00fchl. Wer in dem minimalistischen Eckgesch\u00e4ft zwischen wei\u00dfen Wandfl\u00e4chen und schwarzen M\u00f6belkuben eine Brille sucht, findet nicht den Mainstream der gro\u00dfen Marken. Freudenhaus, M\u00fcnchen, Jean Lemp\u00e9reur, Paris, Hackett, [&hellip;]","og_url":"https:\/\/www.meinesuedstadt.de\/branchenverzeichnis\/tobias-brandhofer-augenoptik\/","og_site_name":"Meine S\u00fcdstadt","article_publisher":"https:\/\/www.facebook.com\/Meinesuedstadt\/","article_published_time":"-0001-11-30T00:00:00+00:00","author":"Mario Friese","twitter_card":"summary_large_image","twitter_creator":"@meinesuedstadt","twitter_site":"@meinesuedstadt","twitter_misc":{"Verfasst von":"Mario Friese","Gesch\u00e4tzte Lesezeit":"2\u00a0Minuten"},"schema":{"@context":"https:\/\/schema.org","@graph":[{"@type":"Article","@id":"https:\/\/www.meinesuedstadt.de\/branchenverzeichnis\/tobias-brandhofer-augenoptik\/#article","isPartOf":{"@id":"https:\/\/www.meinesuedstadt.de\/branchenverzeichnis\/tobias-brandhofer-augenoptik\/"},"author":{"name":"Mario Friese","@id":"https:\/\/www.meinesuedstadt.de\/branchenverzeichnis\/#\/schema\/person\/4974ccd0047c4bef2ea2271bc1b66e8d"},"headline":"Tobias Brandhofer &#8211; Augenoptik","datePublished":"-0001-11-30T00:00:00+00:00","mainEntityOfPage":{"@id":"https:\/\/www.meinesuedstadt.de\/branchenverzeichnis\/tobias-brandhofer-augenoptik\/"},"wordCount":340,"commentCount":0,"articleSection":["Optiker"],"inLanguage":"de","potentialAction":[{"@type":"CommentAction","name":"Comment","target":["https:\/\/www.meinesuedstadt.de\/branchenverzeichnis\/tobias-brandhofer-augenoptik\/#respond"]}]},{"@type":"WebPage","@id":"https:\/\/www.meinesuedstadt.de\/branchenverzeichnis\/tobias-brandhofer-augenoptik\/","url":"https:\/\/www.meinesuedstadt.de\/branchenverzeichnis\/tobias-brandhofer-augenoptik\/","name":"Tobias Brandhofer - Augenoptik - Meine S\u00fcdstadt","isPartOf":{"@id":"https:\/\/www.meinesuedstadt.de\/branchenverzeichnis\/#website"},"datePublished":"-0001-11-30T00:00:00+00:00","author":{"@id":"https:\/\/www.meinesuedstadt.de\/branchenverzeichnis\/#\/schema\/person\/4974ccd0047c4bef2ea2271bc1b66e8d"},"breadcrumb":{"@id":"https:\/\/www.meinesuedstadt.de\/branchenverzeichnis\/tobias-brandhofer-augenoptik\/#breadcrumb"},"inLanguage":"de","potentialAction":[{"@type":"ReadAction","target":["https:\/\/www.meinesuedstadt.de\/branchenverzeichnis\/tobias-brandhofer-augenoptik\/"]}]},{"@type":"BreadcrumbList","@id":"https:\/\/www.meinesuedstadt.de\/branchenverzeichnis\/tobias-brandhofer-augenoptik\/#breadcrumb","itemListElement":[{"@type":"ListItem","position":1,"name":"Startseite","item":"https:\/\/www.meinesuedstadt.de\/branchenverzeichnis\/"},{"@type":"ListItem","position":2,"name":"Tobias Brandhofer &#8211; Augenoptik"}]},{"@type":"WebSite","@id":"https:\/\/www.meinesuedstadt.de\/branchenverzeichnis\/#website","url":"https:\/\/www.meinesuedstadt.de\/branchenverzeichnis\/","name":"Meine S\u00fcdstadt","description":"Branchenverzeichnis aus der S\u00fcdstadt K\u00f6lns","potentialAction":[{"@type":"SearchAction","target":{"@type":"EntryPoint","urlTemplate":"https:\/\/www.meinesuedstadt.de\/branchenverzeichnis\/?s={search_term_string}"},"query-input":{"@type":"PropertyValueSpecification","valueRequired":true,"valueName":"search_term_string"}}],"inLanguage":"de"},{"@type":"Person","@id":"https:\/\/www.meinesuedstadt.de\/branchenverzeichnis\/#\/schema\/person\/4974ccd0047c4bef2ea2271bc1b66e8d","name":"Mario Friese","image":{"@type":"ImageObject","inLanguage":"de","@id":"https:\/\/secure.gravatar.com\/avatar\/38afb5244388eb07856f264e0b17f6d56309e4e5bba4ea1716b6dadd14a2aab0?s=96&d=mm&r=g","url":"https:\/\/secure.gravatar.com\/avatar\/38afb5244388eb07856f264e0b17f6d56309e4e5bba4ea1716b6dadd14a2aab0?s=96&d=mm&r=g","contentUrl":"https:\/\/secure.gravatar.com\/avatar\/38afb5244388eb07856f264e0b17f6d56309e4e5bba4ea1716b6dadd14a2aab0?s=96&d=mm&r=g","caption":"Mario Friese"},"sameAs":["https:\/\/fgrepublik.com"]}]}},"priority":0,"metaAddress":"Merowingerstra\u00dfe 16 , 50677 K\u00f6ln","_links":{"self":[{"href":"https:\/\/www.meinesuedstadt.de\/branchenverzeichnis\/wp-json\/wp\/v2\/posts\/343","targetHints":{"allow":["GET"]}}],"collection":[{"href":"https:\/\/www.meinesuedstadt.de\/branchenverzeichnis\/wp-json\/wp\/v2\/posts"}],"about":[{"href":"https:\/\/www.meinesuedstadt.de\/branchenverzeichnis\/wp-json\/wp\/v2\/types\/post"}],"author":[{"embeddable":true,"href":"https:\/\/www.meinesuedstadt.de\/branchenverzeichnis\/wp-json\/wp\/v2\/users\/2"}],"replies":[{"embeddable":true,"href":"https:\/\/www.meinesuedstadt.de\/branchenverzeichnis\/wp-json\/wp\/v2\/comments?post=343"}],"version-history":[{"count":0,"href":"https:\/\/www.meinesuedstadt.de\/branchenverzeichnis\/wp-json\/wp\/v2\/posts\/343\/revisions"}],"wp:attachment":[{"href":"https:\/\/www.meinesuedstadt.de\/branchenverzeichnis\/wp-json\/wp\/v2\/media?parent=343"}],"wp:term":[{"taxonomy":"category","embeddable":true,"href":"https:\/\/www.meinesuedstadt.de\/branchenverzeichnis\/wp-json\/wp\/v2\/categories?post=343"},{"taxonomy":"post_tag","embeddable":true,"href":"https:\/\/www.meinesuedstadt.de\/branchenverzeichnis\/wp-json\/wp\/v2\/tags?post=343"}],"curies":[{"name":"wp","href":"https:\/\/api.w.org\/{rel}","templated":true}]}}