{"id":345,"date":"2016-11-17T10:23:22","date_gmt":"2016-11-17T09:23:22","guid":{"rendered":"http:\/\/www.meinesuedstadt.de\/branchenverzeichnis\/?p=345"},"modified":"2023-04-20T17:41:20","modified_gmt":"2023-04-20T15:41:20","slug":"haus-mueller","status":"publish","type":"post","link":"https:\/\/www.meinesuedstadt.de\/branchenverzeichnis\/haus-mueller\/","title":{"rendered":"Haus M\u00fcller"},"content":{"rendered":"<p>&#8222;So soll es sein&#8220; erwiderte damals der Kellner die Bestellung beim ersten Besuch des Restaurants im Herzen des Vringsveedels &#8211; und damit hatte er nur zu recht.<\/p>\n<p>Am Platz an der Eiche, an dem fr\u00fcher einmal das Eichamt lag, einem der sch\u00f6nsten Pl\u00e4tze der S\u00fcdstadt, liegt &#8222;Haus M\u00fcller&#8220;, Restaurant, Veedelskneipe, Platanen-ums\u00e4umter Biergarten und Karnevalshochburg zugleich.<\/p>\n<p>1996 hatte Inhaber J\u00f6rg Holtwick die alte Gastst\u00e4tte \u00fcbernommen und ihren Namen dabei beibehalten. Die Ausstattung aber wurde unter der Regie von Simone Wyler, Holtwicks Frau, stilsicher renoviert.<br \/>\nIm Innern finden alte M\u00f6bel und modernes Ambiente vortrefflich zusammen. Der eine Teil des Ladens beherbergt die Bar mit massiver Holztheke und einigen kleinen Tischen, in der sich bei einem frisch gezapften K\u00f6lsch der Tag wunderbar ausklingen l\u00e4sst.<\/p>\n<p>Im anderen, gr\u00f6\u00dferen, Teil findet sich das Restaurant. 2013 wurde der Gastraum um eine ganze Rauml\u00e4nge vergr\u00f6\u00dfert &#8211; der Lagerraum musste weichen und gab damit Platz f\u00fcr mehr Tische und einen gro\u00dfz\u00fcgigeren Hauptraum. Eine gute Entscheidung, denn das Haus erfreut sich ungebrochen bester Beliebtheit. Und das ist auch kein Wunder, denn der Chef inspiziert nach wie vor t\u00e4glich selbst das Angebot des Gro\u00dfmarktes und kauft so ein, dass die saison-entsprechende Karte so ist, wie sie eben sein soll &#8211; und das zu angemessenen Preisen.<br \/>\nDas Koch-Duo Dirk und Thierry tischen eine abwechslungsreiche deutsch-franz\u00f6sische K\u00fcche auf.<\/p>\n<p>Die Wochen-Tafel-Karte bietet eine Vielzahl kleinerer und gr\u00f6\u00dferer Gerichte der Saison. Zu den nahezu immer vorhandenen Evergreens unter den Hauptgerichten, in der Preisspanne zwischen 14,50 \u0080 und 24,00 \u0080 geh\u00f6ren die &#8222;Haxe an Malzbiersauce mit getr\u00fcffeltem Kartoffelp\u00fcree und Wirsing&#8220;, der &#8222;Loup de Mer, im Ganzen in Kr\u00e4utern gebraten, mit Basmatireis und Gem\u00fcse&#8220; und das &#8222;Rumpsteak mit Pfeffersauce oder an Kr\u00e4uterbutter mit Kartoffelgratin und cr\u00e9miertem Wirsing&#8220;.<\/p>\n\n\t\t<style type=\"text\/css\">\n\t\t\t#gallery-1 {\n\t\t\t\tmargin: auto;\n\t\t\t}\n\t\t\t#gallery-1 .gallery-item {\n\t\t\t\tfloat: left;\n\t\t\t\tmargin-top: 10px;\n\t\t\t\ttext-align: center;\n\t\t\t\twidth: 25%;\n\t\t\t}\n\t\t\t#gallery-1 img {\n\t\t\t\tborder: 2px solid #cfcfcf;\n\t\t\t}\n\t\t\t#gallery-1 .gallery-caption {\n\t\t\t\tmargin-left: 0;\n\t\t\t}\n\t\t\t\/* see gallery_shortcode() in wp-includes\/media.php *\/\n\t\t<\/style>\n\t\t<div id='gallery-1' class='gallery galleryid-345 gallery-columns-4 gallery-size-thumbnail'><dl class='gallery-item'>\n\t\t\t<dt class='gallery-icon landscape'>\n\t\t\t\t<a href='https:\/\/www.meinesuedstadt.de\/branchenverzeichnis\/wp-content\/uploads\/2016\/11\/haus-mueller-meine-suedstadt-koeln2.jpg' title=\"\" data-rl_title=\"\" class=\"rl-gallery-link\" data-rl_caption=\"\" data-rel=\"lightbox-gallery-1\"><img loading=\"lazy\" decoding=\"async\" width=\"150\" height=\"150\" src=\"https:\/\/www.meinesuedstadt.de\/branchenverzeichnis\/wp-content\/uploads\/2016\/11\/haus-mueller-meine-suedstadt-koeln2-150x150.jpg\" class=\"attachment-thumbnail size-thumbnail\" alt=\"Haus M\u00fcller - Meine S\u00fcdstadt K\u00f6ln\" \/><\/a>\n\t\t\t<\/dt><\/dl><dl class='gallery-item'>\n\t\t\t<dt class='gallery-icon landscape'>\n\t\t\t\t<a href='https:\/\/www.meinesuedstadt.de\/branchenverzeichnis\/wp-content\/uploads\/2016\/11\/haus-mueller-meine-suedstadt-koeln3.jpg' title=\"\" data-rl_title=\"\" class=\"rl-gallery-link\" data-rl_caption=\"\" data-rel=\"lightbox-gallery-1\"><img loading=\"lazy\" decoding=\"async\" width=\"150\" height=\"150\" src=\"https:\/\/www.meinesuedstadt.de\/branchenverzeichnis\/wp-content\/uploads\/2016\/11\/haus-mueller-meine-suedstadt-koeln3-150x150.jpg\" class=\"attachment-thumbnail size-thumbnail\" alt=\"Haus M\u00fcller - Meine S\u00fcdstadt K\u00f6ln\" \/><\/a>\n\t\t\t<\/dt><\/dl><dl class='gallery-item'>\n\t\t\t<dt class='gallery-icon landscape'>\n\t\t\t\t<a href='https:\/\/www.meinesuedstadt.de\/branchenverzeichnis\/wp-content\/uploads\/2016\/11\/haus-mueller-meine-suedstadt-koeln4.jpg' title=\"\" data-rl_title=\"\" class=\"rl-gallery-link\" data-rl_caption=\"\" data-rel=\"lightbox-gallery-1\"><img loading=\"lazy\" decoding=\"async\" width=\"150\" height=\"150\" src=\"https:\/\/www.meinesuedstadt.de\/branchenverzeichnis\/wp-content\/uploads\/2016\/11\/haus-mueller-meine-suedstadt-koeln4-150x150.jpg\" class=\"attachment-thumbnail size-thumbnail\" alt=\"Haus M\u00fcller - Meine S\u00fcdstadt K\u00f6ln\" \/><\/a>\n\t\t\t<\/dt><\/dl><dl class='gallery-item'>\n\t\t\t<dt class='gallery-icon landscape'>\n\t\t\t\t<a href='https:\/\/www.meinesuedstadt.de\/branchenverzeichnis\/wp-content\/uploads\/2016\/11\/haus-mueller-meine-suedstadt-koeln5.jpg' title=\"\" data-rl_title=\"\" class=\"rl-gallery-link\" data-rl_caption=\"\" data-rel=\"lightbox-gallery-1\"><img loading=\"lazy\" decoding=\"async\" width=\"150\" height=\"150\" src=\"https:\/\/www.meinesuedstadt.de\/branchenverzeichnis\/wp-content\/uploads\/2016\/11\/haus-mueller-meine-suedstadt-koeln5-150x150.jpg\" class=\"attachment-thumbnail size-thumbnail\" alt=\"Haus M\u00fcller - Meine S\u00fcdstadt K\u00f6ln\" \/><\/a>\n\t\t\t<\/dt><\/dl><br style=\"clear: both\" \/><dl class='gallery-item'>\n\t\t\t<dt class='gallery-icon landscape'>\n\t\t\t\t<a href='https:\/\/www.meinesuedstadt.de\/branchenverzeichnis\/wp-content\/uploads\/2016\/11\/haus-mueller-meine-suedstadt-koeln6.jpg' title=\"\" data-rl_title=\"\" class=\"rl-gallery-link\" data-rl_caption=\"\" data-rel=\"lightbox-gallery-1\"><img loading=\"lazy\" decoding=\"async\" width=\"150\" height=\"150\" src=\"https:\/\/www.meinesuedstadt.de\/branchenverzeichnis\/wp-content\/uploads\/2016\/11\/haus-mueller-meine-suedstadt-koeln6-150x150.jpg\" class=\"attachment-thumbnail size-thumbnail\" alt=\"Haus M\u00fcller - Meine S\u00fcdstadt K\u00f6ln\" \/><\/a>\n\t\t\t<\/dt><\/dl><dl class='gallery-item'>\n\t\t\t<dt class='gallery-icon landscape'>\n\t\t\t\t<a href='https:\/\/www.meinesuedstadt.de\/branchenverzeichnis\/wp-content\/uploads\/2016\/11\/haus-mueller-meine-suedstadt-koeln7.jpg' title=\"\" data-rl_title=\"\" class=\"rl-gallery-link\" data-rl_caption=\"\" data-rel=\"lightbox-gallery-1\"><img loading=\"lazy\" decoding=\"async\" width=\"150\" height=\"150\" src=\"https:\/\/www.meinesuedstadt.de\/branchenverzeichnis\/wp-content\/uploads\/2016\/11\/haus-mueller-meine-suedstadt-koeln7-150x150.jpg\" class=\"attachment-thumbnail size-thumbnail\" alt=\"Haus M\u00fcller - Meine S\u00fcdstadt K\u00f6ln\" \/><\/a>\n\t\t\t<\/dt><\/dl><dl class='gallery-item'>\n\t\t\t<dt class='gallery-icon landscape'>\n\t\t\t\t<a href='https:\/\/www.meinesuedstadt.de\/branchenverzeichnis\/wp-content\/uploads\/2016\/11\/haus-mueller-meine-suedstadt-koeln8.jpg' title=\"\" data-rl_title=\"\" class=\"rl-gallery-link\" data-rl_caption=\"\" data-rel=\"lightbox-gallery-1\"><img loading=\"lazy\" decoding=\"async\" width=\"150\" height=\"150\" src=\"https:\/\/www.meinesuedstadt.de\/branchenverzeichnis\/wp-content\/uploads\/2016\/11\/haus-mueller-meine-suedstadt-koeln8-150x150.jpg\" class=\"attachment-thumbnail size-thumbnail\" alt=\"Haus M\u00fcller - Meine S\u00fcdstadt K\u00f6ln\" \/><\/a>\n\t\t\t<\/dt><\/dl><dl class='gallery-item'>\n\t\t\t<dt class='gallery-icon landscape'>\n\t\t\t\t<a href='https:\/\/www.meinesuedstadt.de\/branchenverzeichnis\/wp-content\/uploads\/2016\/11\/haus-mueller-meine-suedstadt-koeln9.jpg' title=\"\" data-rl_title=\"\" class=\"rl-gallery-link\" data-rl_caption=\"\" data-rel=\"lightbox-gallery-1\"><img loading=\"lazy\" decoding=\"async\" width=\"150\" height=\"150\" src=\"https:\/\/www.meinesuedstadt.de\/branchenverzeichnis\/wp-content\/uploads\/2016\/11\/haus-mueller-meine-suedstadt-koeln9-150x150.jpg\" class=\"attachment-thumbnail size-thumbnail\" alt=\"Haus M\u00fcller - Meine S\u00fcdstadt K\u00f6ln\" \/><\/a>\n\t\t\t<\/dt><\/dl><br style=\"clear: both\" \/><dl class='gallery-item'>\n\t\t\t<dt class='gallery-icon landscape'>\n\t\t\t\t<a href='https:\/\/www.meinesuedstadt.de\/branchenverzeichnis\/wp-content\/uploads\/2016\/11\/haus-mueller-meine-suedstadt-koeln10.jpg' title=\"\" data-rl_title=\"\" class=\"rl-gallery-link\" data-rl_caption=\"\" data-rel=\"lightbox-gallery-1\"><img loading=\"lazy\" decoding=\"async\" width=\"150\" height=\"150\" src=\"https:\/\/www.meinesuedstadt.de\/branchenverzeichnis\/wp-content\/uploads\/2016\/11\/haus-mueller-meine-suedstadt-koeln10-150x150.jpg\" class=\"attachment-thumbnail size-thumbnail\" alt=\"\" \/><\/a>\n\t\t\t<\/dt><\/dl>\n\t\t\t<br style='clear: both' \/>\n\t\t<\/div>\n\n<p>Zur Jahreszeit passend sto\u00dfen zu den Klassikern und wechselnden Gerichten die Ostermen\u00fc- und Spargelkarte im Fr\u00fchling, die Wildwochen-Karte im Herbst und die G\u00e4nse-Karte im November dazu.<\/p>\n<p>Aber auch f\u00fcr den kleinen Hunger &#8211; oder wahlweise zum Warmlaufen &#8211; wird man f\u00fcndig: Entweder mit der &#8222;franz\u00f6sischen Fischsuppe mit Aioli, Emmentaler und Croutons&#8220;, einem Blattsalat mit gebratenen Putenbruststreifen, Champignons und Kirschtomaten&#8220; oder einem der &#8222;M\u00fcllerchen&#8220;, wie &#8222;gebratene Datteln im Speckmantel&#8220;, &#8222;Bruschetta mit Tomaten und Basilikum&#8220; oder &#8222;Schafsk\u00e4se mit Kr\u00e4utern und Oliven&#8220;.<br \/>\nUnd Familien kommen mit einer Kinderportion Nudeln und einer Apfelschorle zum kleinen Preis auf ihre Kosten.<\/p>\n<p>Im Karneval allerdings wird alles, was nicht niet- und nagelfest ist, aus den Gastr\u00e4umen gebracht &#8211; aus gutem Grund, denn der wird hier auf&#8217;s Wildeste gefeiert. Anschlie\u00dfend wird neu gestrichen, der Raum wieder hergerichtet und wie gewohnt ausgesucht weitergetafelt.<\/p>\n","protected":false},"excerpt":{"rendered":"<p>&#8222;So soll es sein&#8220; erwiderte damals der Kellner die Bestellung beim ersten Besuch des Restaurants im Herzen des Vringsveedels &#8211; und damit hatte er nur zu recht. Am Platz an der Eiche, an dem fr\u00fcher einmal das Eichamt lag, einem der sch\u00f6nsten Pl\u00e4tze der S\u00fcdstadt, liegt &#8222;Haus M\u00fcller&#8220;, Restaurant, Veedelskneipe, Platanen-ums\u00e4umter Biergarten und Karnevalshochburg zugleich. [&hellip;]<\/p>\n","protected":false},"author":2,"featured_media":2363,"comment_status":"open","ping_status":"open","sticky":false,"template":"","format":"standard","meta":{"_acf_changed":false,"footnotes":""},"categories":[173,174,175],"tags":[],"class_list":["post-345","post","type-post","status-publish","format-standard","has-post-thumbnail","hentry","category-kneipen","category-lunch","category-restaurants"],"acf":[],"yoast_head":"<!-- This site is optimized with the Yoast SEO plugin v27.4 - https:\/\/yoast.com\/product\/yoast-seo-wordpress\/ -->\n<title>Haus M\u00fcller - Meine S\u00fcdstadt<\/title>\n<meta name=\"robots\" content=\"index, follow, max-snippet:-1, max-image-preview:large, max-video-preview:-1\" \/>\n<link rel=\"canonical\" href=\"https:\/\/www.meinesuedstadt.de\/branchenverzeichnis\/haus-mueller\/\" \/>\n<meta property=\"og:locale\" content=\"de_DE\" \/>\n<meta property=\"og:type\" content=\"article\" \/>\n<meta property=\"og:title\" content=\"Haus M\u00fcller - Meine S\u00fcdstadt\" \/>\n<meta property=\"og:description\" content=\"&#8222;So soll es sein&#8220; erwiderte damals der Kellner die Bestellung beim ersten Besuch des Restaurants im Herzen des Vringsveedels &#8211; und damit hatte er nur zu recht. Am Platz an der Eiche, an dem fr\u00fcher einmal das Eichamt lag, einem der sch\u00f6nsten Pl\u00e4tze der S\u00fcdstadt, liegt &#8222;Haus M\u00fcller&#8220;, Restaurant, Veedelskneipe, Platanen-ums\u00e4umter Biergarten und Karnevalshochburg zugleich. [&hellip;]\" \/>\n<meta property=\"og:url\" content=\"https:\/\/www.meinesuedstadt.de\/branchenverzeichnis\/haus-mueller\/\" \/>\n<meta property=\"og:site_name\" content=\"Meine S\u00fcdstadt\" \/>\n<meta property=\"article:publisher\" content=\"https:\/\/www.facebook.com\/Meinesuedstadt\/\" \/>\n<meta property=\"article:published_time\" content=\"2016-11-17T09:23:22+00:00\" \/>\n<meta property=\"article:modified_time\" content=\"2023-04-20T15:41:20+00:00\" \/>\n<meta property=\"og:image\" content=\"https:\/\/www.meinesuedstadt.de\/branchenverzeichnis\/wp-content\/uploads\/2016\/11\/haus-mueller-meine-suedstadt-koeln1.jpg\" \/>\n\t<meta property=\"og:image:width\" content=\"1000\" \/>\n\t<meta property=\"og:image:height\" content=\"667\" \/>\n\t<meta property=\"og:image:type\" content=\"image\/jpeg\" \/>\n<meta name=\"author\" content=\"Mario Friese\" \/>\n<meta name=\"twitter:card\" content=\"summary_large_image\" \/>\n<meta name=\"twitter:creator\" content=\"@meinesuedstadt\" \/>\n<meta name=\"twitter:site\" content=\"@meinesuedstadt\" \/>\n<meta name=\"twitter:label1\" content=\"Verfasst von\" \/>\n\t<meta name=\"twitter:data1\" content=\"Mario Friese\" \/>\n\t<meta name=\"twitter:label2\" content=\"Gesch\u00e4tzte Lesezeit\" \/>\n\t<meta name=\"twitter:data2\" content=\"3\u00a0Minuten\" \/>\n<script type=\"application\/ld+json\" class=\"yoast-schema-graph\">{\"@context\":\"https:\\\/\\\/schema.org\",\"@graph\":[{\"@type\":\"Article\",\"@id\":\"https:\\\/\\\/www.meinesuedstadt.de\\\/branchenverzeichnis\\\/haus-mueller\\\/#article\",\"isPartOf\":{\"@id\":\"https:\\\/\\\/www.meinesuedstadt.de\\\/branchenverzeichnis\\\/haus-mueller\\\/\"},\"author\":{\"name\":\"Mario Friese\",\"@id\":\"https:\\\/\\\/www.meinesuedstadt.de\\\/branchenverzeichnis\\\/#\\\/schema\\\/person\\\/4974ccd0047c4bef2ea2271bc1b66e8d\"},\"headline\":\"Haus M\u00fcller\",\"datePublished\":\"2016-11-17T09:23:22+00:00\",\"dateModified\":\"2023-04-20T15:41:20+00:00\",\"mainEntityOfPage\":{\"@id\":\"https:\\\/\\\/www.meinesuedstadt.de\\\/branchenverzeichnis\\\/haus-mueller\\\/\"},\"wordCount\":459,\"commentCount\":0,\"image\":{\"@id\":\"https:\\\/\\\/www.meinesuedstadt.de\\\/branchenverzeichnis\\\/haus-mueller\\\/#primaryimage\"},\"thumbnailUrl\":\"https:\\\/\\\/www.meinesuedstadt.de\\\/branchenverzeichnis\\\/wp-content\\\/uploads\\\/2016\\\/11\\\/haus-mueller-meine-suedstadt-koeln1.jpg\",\"articleSection\":[\"Kneipen\",\"Lunch\",\"Restaurants\"],\"inLanguage\":\"de\",\"potentialAction\":[{\"@type\":\"CommentAction\",\"name\":\"Comment\",\"target\":[\"https:\\\/\\\/www.meinesuedstadt.de\\\/branchenverzeichnis\\\/haus-mueller\\\/#respond\"]}]},{\"@type\":\"WebPage\",\"@id\":\"https:\\\/\\\/www.meinesuedstadt.de\\\/branchenverzeichnis\\\/haus-mueller\\\/\",\"url\":\"https:\\\/\\\/www.meinesuedstadt.de\\\/branchenverzeichnis\\\/haus-mueller\\\/\",\"name\":\"Haus M\u00fcller - Meine S\u00fcdstadt\",\"isPartOf\":{\"@id\":\"https:\\\/\\\/www.meinesuedstadt.de\\\/branchenverzeichnis\\\/#website\"},\"primaryImageOfPage\":{\"@id\":\"https:\\\/\\\/www.meinesuedstadt.de\\\/branchenverzeichnis\\\/haus-mueller\\\/#primaryimage\"},\"image\":{\"@id\":\"https:\\\/\\\/www.meinesuedstadt.de\\\/branchenverzeichnis\\\/haus-mueller\\\/#primaryimage\"},\"thumbnailUrl\":\"https:\\\/\\\/www.meinesuedstadt.de\\\/branchenverzeichnis\\\/wp-content\\\/uploads\\\/2016\\\/11\\\/haus-mueller-meine-suedstadt-koeln1.jpg\",\"datePublished\":\"2016-11-17T09:23:22+00:00\",\"dateModified\":\"2023-04-20T15:41:20+00:00\",\"author\":{\"@id\":\"https:\\\/\\\/www.meinesuedstadt.de\\\/branchenverzeichnis\\\/#\\\/schema\\\/person\\\/4974ccd0047c4bef2ea2271bc1b66e8d\"},\"breadcrumb\":{\"@id\":\"https:\\\/\\\/www.meinesuedstadt.de\\\/branchenverzeichnis\\\/haus-mueller\\\/#breadcrumb\"},\"inLanguage\":\"de\",\"potentialAction\":[{\"@type\":\"ReadAction\",\"target\":[\"https:\\\/\\\/www.meinesuedstadt.de\\\/branchenverzeichnis\\\/haus-mueller\\\/\"]}]},{\"@type\":\"ImageObject\",\"inLanguage\":\"de\",\"@id\":\"https:\\\/\\\/www.meinesuedstadt.de\\\/branchenverzeichnis\\\/haus-mueller\\\/#primaryimage\",\"url\":\"https:\\\/\\\/www.meinesuedstadt.de\\\/branchenverzeichnis\\\/wp-content\\\/uploads\\\/2016\\\/11\\\/haus-mueller-meine-suedstadt-koeln1.jpg\",\"contentUrl\":\"https:\\\/\\\/www.meinesuedstadt.de\\\/branchenverzeichnis\\\/wp-content\\\/uploads\\\/2016\\\/11\\\/haus-mueller-meine-suedstadt-koeln1.jpg\",\"width\":1000,\"height\":667,\"caption\":\"Haus M\u00fcller - Meine S\u00fcdstadt K\u00f6ln\"},{\"@type\":\"BreadcrumbList\",\"@id\":\"https:\\\/\\\/www.meinesuedstadt.de\\\/branchenverzeichnis\\\/haus-mueller\\\/#breadcrumb\",\"itemListElement\":[{\"@type\":\"ListItem\",\"position\":1,\"name\":\"Startseite\",\"item\":\"https:\\\/\\\/www.meinesuedstadt.de\\\/branchenverzeichnis\\\/\"},{\"@type\":\"ListItem\",\"position\":2,\"name\":\"Haus M\u00fcller\"}]},{\"@type\":\"WebSite\",\"@id\":\"https:\\\/\\\/www.meinesuedstadt.de\\\/branchenverzeichnis\\\/#website\",\"url\":\"https:\\\/\\\/www.meinesuedstadt.de\\\/branchenverzeichnis\\\/\",\"name\":\"Meine S\u00fcdstadt\",\"description\":\"Branchenverzeichnis aus der S\u00fcdstadt K\u00f6lns\",\"potentialAction\":[{\"@type\":\"SearchAction\",\"target\":{\"@type\":\"EntryPoint\",\"urlTemplate\":\"https:\\\/\\\/www.meinesuedstadt.de\\\/branchenverzeichnis\\\/?s={search_term_string}\"},\"query-input\":{\"@type\":\"PropertyValueSpecification\",\"valueRequired\":true,\"valueName\":\"search_term_string\"}}],\"inLanguage\":\"de\"},{\"@type\":\"Person\",\"@id\":\"https:\\\/\\\/www.meinesuedstadt.de\\\/branchenverzeichnis\\\/#\\\/schema\\\/person\\\/4974ccd0047c4bef2ea2271bc1b66e8d\",\"name\":\"Mario Friese\",\"image\":{\"@type\":\"ImageObject\",\"inLanguage\":\"de\",\"@id\":\"https:\\\/\\\/secure.gravatar.com\\\/avatar\\\/38afb5244388eb07856f264e0b17f6d56309e4e5bba4ea1716b6dadd14a2aab0?s=96&d=mm&r=g\",\"url\":\"https:\\\/\\\/secure.gravatar.com\\\/avatar\\\/38afb5244388eb07856f264e0b17f6d56309e4e5bba4ea1716b6dadd14a2aab0?s=96&d=mm&r=g\",\"contentUrl\":\"https:\\\/\\\/secure.gravatar.com\\\/avatar\\\/38afb5244388eb07856f264e0b17f6d56309e4e5bba4ea1716b6dadd14a2aab0?s=96&d=mm&r=g\",\"caption\":\"Mario Friese\"},\"sameAs\":[\"https:\\\/\\\/fgrepublik.com\"]}]}<\/script>\n<!-- \/ Yoast SEO plugin. -->","yoast_head_json":{"title":"Haus M\u00fcller - Meine S\u00fcdstadt","robots":{"index":"index","follow":"follow","max-snippet":"max-snippet:-1","max-image-preview":"max-image-preview:large","max-video-preview":"max-video-preview:-1"},"canonical":"https:\/\/www.meinesuedstadt.de\/branchenverzeichnis\/haus-mueller\/","og_locale":"de_DE","og_type":"article","og_title":"Haus M\u00fcller - Meine S\u00fcdstadt","og_description":"&#8222;So soll es sein&#8220; erwiderte damals der Kellner die Bestellung beim ersten Besuch des Restaurants im Herzen des Vringsveedels &#8211; und damit hatte er nur zu recht. Am Platz an der Eiche, an dem fr\u00fcher einmal das Eichamt lag, einem der sch\u00f6nsten Pl\u00e4tze der S\u00fcdstadt, liegt &#8222;Haus M\u00fcller&#8220;, Restaurant, Veedelskneipe, Platanen-ums\u00e4umter Biergarten und Karnevalshochburg zugleich. [&hellip;]","og_url":"https:\/\/www.meinesuedstadt.de\/branchenverzeichnis\/haus-mueller\/","og_site_name":"Meine S\u00fcdstadt","article_publisher":"https:\/\/www.facebook.com\/Meinesuedstadt\/","article_published_time":"2016-11-17T09:23:22+00:00","article_modified_time":"2023-04-20T15:41:20+00:00","og_image":[{"width":1000,"height":667,"url":"https:\/\/www.meinesuedstadt.de\/branchenverzeichnis\/wp-content\/uploads\/2016\/11\/haus-mueller-meine-suedstadt-koeln1.jpg","type":"image\/jpeg"}],"author":"Mario Friese","twitter_card":"summary_large_image","twitter_creator":"@meinesuedstadt","twitter_site":"@meinesuedstadt","twitter_misc":{"Verfasst von":"Mario Friese","Gesch\u00e4tzte Lesezeit":"3\u00a0Minuten"},"schema":{"@context":"https:\/\/schema.org","@graph":[{"@type":"Article","@id":"https:\/\/www.meinesuedstadt.de\/branchenverzeichnis\/haus-mueller\/#article","isPartOf":{"@id":"https:\/\/www.meinesuedstadt.de\/branchenverzeichnis\/haus-mueller\/"},"author":{"name":"Mario Friese","@id":"https:\/\/www.meinesuedstadt.de\/branchenverzeichnis\/#\/schema\/person\/4974ccd0047c4bef2ea2271bc1b66e8d"},"headline":"Haus M\u00fcller","datePublished":"2016-11-17T09:23:22+00:00","dateModified":"2023-04-20T15:41:20+00:00","mainEntityOfPage":{"@id":"https:\/\/www.meinesuedstadt.de\/branchenverzeichnis\/haus-mueller\/"},"wordCount":459,"commentCount":0,"image":{"@id":"https:\/\/www.meinesuedstadt.de\/branchenverzeichnis\/haus-mueller\/#primaryimage"},"thumbnailUrl":"https:\/\/www.meinesuedstadt.de\/branchenverzeichnis\/wp-content\/uploads\/2016\/11\/haus-mueller-meine-suedstadt-koeln1.jpg","articleSection":["Kneipen","Lunch","Restaurants"],"inLanguage":"de","potentialAction":[{"@type":"CommentAction","name":"Comment","target":["https:\/\/www.meinesuedstadt.de\/branchenverzeichnis\/haus-mueller\/#respond"]}]},{"@type":"WebPage","@id":"https:\/\/www.meinesuedstadt.de\/branchenverzeichnis\/haus-mueller\/","url":"https:\/\/www.meinesuedstadt.de\/branchenverzeichnis\/haus-mueller\/","name":"Haus M\u00fcller - Meine S\u00fcdstadt","isPartOf":{"@id":"https:\/\/www.meinesuedstadt.de\/branchenverzeichnis\/#website"},"primaryImageOfPage":{"@id":"https:\/\/www.meinesuedstadt.de\/branchenverzeichnis\/haus-mueller\/#primaryimage"},"image":{"@id":"https:\/\/www.meinesuedstadt.de\/branchenverzeichnis\/haus-mueller\/#primaryimage"},"thumbnailUrl":"https:\/\/www.meinesuedstadt.de\/branchenverzeichnis\/wp-content\/uploads\/2016\/11\/haus-mueller-meine-suedstadt-koeln1.jpg","datePublished":"2016-11-17T09:23:22+00:00","dateModified":"2023-04-20T15:41:20+00:00","author":{"@id":"https:\/\/www.meinesuedstadt.de\/branchenverzeichnis\/#\/schema\/person\/4974ccd0047c4bef2ea2271bc1b66e8d"},"breadcrumb":{"@id":"https:\/\/www.meinesuedstadt.de\/branchenverzeichnis\/haus-mueller\/#breadcrumb"},"inLanguage":"de","potentialAction":[{"@type":"ReadAction","target":["https:\/\/www.meinesuedstadt.de\/branchenverzeichnis\/haus-mueller\/"]}]},{"@type":"ImageObject","inLanguage":"de","@id":"https:\/\/www.meinesuedstadt.de\/branchenverzeichnis\/haus-mueller\/#primaryimage","url":"https:\/\/www.meinesuedstadt.de\/branchenverzeichnis\/wp-content\/uploads\/2016\/11\/haus-mueller-meine-suedstadt-koeln1.jpg","contentUrl":"https:\/\/www.meinesuedstadt.de\/branchenverzeichnis\/wp-content\/uploads\/2016\/11\/haus-mueller-meine-suedstadt-koeln1.jpg","width":1000,"height":667,"caption":"Haus M\u00fcller - Meine S\u00fcdstadt K\u00f6ln"},{"@type":"BreadcrumbList","@id":"https:\/\/www.meinesuedstadt.de\/branchenverzeichnis\/haus-mueller\/#breadcrumb","itemListElement":[{"@type":"ListItem","position":1,"name":"Startseite","item":"https:\/\/www.meinesuedstadt.de\/branchenverzeichnis\/"},{"@type":"ListItem","position":2,"name":"Haus M\u00fcller"}]},{"@type":"WebSite","@id":"https:\/\/www.meinesuedstadt.de\/branchenverzeichnis\/#website","url":"https:\/\/www.meinesuedstadt.de\/branchenverzeichnis\/","name":"Meine S\u00fcdstadt","description":"Branchenverzeichnis aus der S\u00fcdstadt K\u00f6lns","potentialAction":[{"@type":"SearchAction","target":{"@type":"EntryPoint","urlTemplate":"https:\/\/www.meinesuedstadt.de\/branchenverzeichnis\/?s={search_term_string}"},"query-input":{"@type":"PropertyValueSpecification","valueRequired":true,"valueName":"search_term_string"}}],"inLanguage":"de"},{"@type":"Person","@id":"https:\/\/www.meinesuedstadt.de\/branchenverzeichnis\/#\/schema\/person\/4974ccd0047c4bef2ea2271bc1b66e8d","name":"Mario Friese","image":{"@type":"ImageObject","inLanguage":"de","@id":"https:\/\/secure.gravatar.com\/avatar\/38afb5244388eb07856f264e0b17f6d56309e4e5bba4ea1716b6dadd14a2aab0?s=96&d=mm&r=g","url":"https:\/\/secure.gravatar.com\/avatar\/38afb5244388eb07856f264e0b17f6d56309e4e5bba4ea1716b6dadd14a2aab0?s=96&d=mm&r=g","contentUrl":"https:\/\/secure.gravatar.com\/avatar\/38afb5244388eb07856f264e0b17f6d56309e4e5bba4ea1716b6dadd14a2aab0?s=96&d=mm&r=g","caption":"Mario Friese"},"sameAs":["https:\/\/fgrepublik.com"]}]}},"priority":0,"metaAddress":"Achterstra\u00dfe 2  - An der Eiche, 50678 K\u00f6ln","_links":{"self":[{"href":"https:\/\/www.meinesuedstadt.de\/branchenverzeichnis\/wp-json\/wp\/v2\/posts\/345","targetHints":{"allow":["GET"]}}],"collection":[{"href":"https:\/\/www.meinesuedstadt.de\/branchenverzeichnis\/wp-json\/wp\/v2\/posts"}],"about":[{"href":"https:\/\/www.meinesuedstadt.de\/branchenverzeichnis\/wp-json\/wp\/v2\/types\/post"}],"author":[{"embeddable":true,"href":"https:\/\/www.meinesuedstadt.de\/branchenverzeichnis\/wp-json\/wp\/v2\/users\/2"}],"replies":[{"embeddable":true,"href":"https:\/\/www.meinesuedstadt.de\/branchenverzeichnis\/wp-json\/wp\/v2\/comments?post=345"}],"version-history":[{"count":8,"href":"https:\/\/www.meinesuedstadt.de\/branchenverzeichnis\/wp-json\/wp\/v2\/posts\/345\/revisions"}],"predecessor-version":[{"id":5185,"href":"https:\/\/www.meinesuedstadt.de\/branchenverzeichnis\/wp-json\/wp\/v2\/posts\/345\/revisions\/5185"}],"wp:featuredmedia":[{"embeddable":true,"href":"https:\/\/www.meinesuedstadt.de\/branchenverzeichnis\/wp-json\/wp\/v2\/media\/2363"}],"wp:attachment":[{"href":"https:\/\/www.meinesuedstadt.de\/branchenverzeichnis\/wp-json\/wp\/v2\/media?parent=345"}],"wp:term":[{"taxonomy":"category","embeddable":true,"href":"https:\/\/www.meinesuedstadt.de\/branchenverzeichnis\/wp-json\/wp\/v2\/categories?post=345"},{"taxonomy":"post_tag","embeddable":true,"href":"https:\/\/www.meinesuedstadt.de\/branchenverzeichnis\/wp-json\/wp\/v2\/tags?post=345"}],"curies":[{"name":"wp","href":"https:\/\/api.w.org\/{rel}","templated":true}]}}