{"id":429,"date":"2010-03-03T11:41:32","date_gmt":"2010-03-03T10:41:32","guid":{"rendered":"http:\/\/www.meinesuedstadt.de\/branchenverzeichnis\/?p=429"},"modified":"2024-04-29T10:34:30","modified_gmt":"2024-04-29T08:34:30","slug":"chlodwig-eck","status":"publish","type":"post","link":"https:\/\/www.meinesuedstadt.de\/branchenverzeichnis\/chlodwig-eck\/","title":{"rendered":"Chlodwig Eck"},"content":{"rendered":"<p>Jetzt k\u00f6nnte man denken: \u0084Wer will mir denn \u00fcber das Chlodwig Eck noch was erz\u00e4hlen?\u0093 Tats\u00e4chlich verbindet wohl fast jeder S\u00fcdst\u00e4dter seine ganz eigene Geschichte mit dem \u0084Eck\u0093, einer der geschichtstr\u00e4chtigsten Kneipen rund um den Chlodwigplatz. Und trotzdem oder gerade deshalb und f\u00fcr alle, die es so noch nicht kennen, gestatten: Trinken. Feiern. XXL. Das Chlodwig Eck.<\/p>\n<p>\u00dcber 30 Jahre alt mit nur einem Umzug in dieser Zeit (was f\u00fcr einen S\u00fcdst\u00e4dter echt ein guter Schnitt ist) und mit einer \u00e4u\u00dferst bewegten Geschichte war das \u0084Eck\u0093, wie es von allen nur liebevoll genannt wird, Treffpunkt, Ort des politischen Austauschs, Zentrale unterschiedlichster Gruppierungen und in jedem Fall eines immer: eine Kneipe, in der das K\u00f6lsch frisch gezapft und reichlich \u00fcber die Theke geht. Viele haben Geschichten zu erz\u00e4hlen von der Zeit, in der Linus B\u00fcttgen das Eck als erste Cocktailbar K\u00f6lns er\u00f6ffnete und damit m\u00e4chtig floppte. Oder von der legend\u00e4ren \u0084Bonner Zeit\u0093, in der sich unter Heinrich B\u00f6lls Neffen und damaligen Besitzer Clemens B\u00f6ll die Bonner Politprominenz im Eck die Klinke in die Hand gab. Oder von den Treffen der Stollwerck-Aktivisten, die dort abgehalten wurden und deren Auswirkungen bis heute Gesicht und Image der S\u00fcdstadt pr\u00e4gen.<\/p>\n\n\t\t<style type=\"text\/css\">\n\t\t\t#gallery-1 {\n\t\t\t\tmargin: auto;\n\t\t\t}\n\t\t\t#gallery-1 .gallery-item {\n\t\t\t\tfloat: left;\n\t\t\t\tmargin-top: 10px;\n\t\t\t\ttext-align: center;\n\t\t\t\twidth: 25%;\n\t\t\t}\n\t\t\t#gallery-1 img {\n\t\t\t\tborder: 2px solid #cfcfcf;\n\t\t\t}\n\t\t\t#gallery-1 .gallery-caption {\n\t\t\t\tmargin-left: 0;\n\t\t\t}\n\t\t\t\/* see gallery_shortcode() in wp-includes\/media.php *\/\n\t\t<\/style>\n\t\t<div id='gallery-1' class='gallery galleryid-429 gallery-columns-4 gallery-size-thumbnail'><dl class='gallery-item'>\n\t\t\t<dt class='gallery-icon landscape'>\n\t\t\t\t<a href='https:\/\/www.meinesuedstadt.de\/branchenverzeichnis\/wp-content\/uploads\/2010\/03\/chlodwig-eck-meine-suedstadt-koeln3.jpg' title=\"\" data-rl_title=\"\" class=\"rl-gallery-link\" data-rl_caption=\"\" data-rel=\"lightbox-gallery-1\"><img loading=\"lazy\" decoding=\"async\" width=\"150\" height=\"150\" src=\"https:\/\/www.meinesuedstadt.de\/branchenverzeichnis\/wp-content\/uploads\/2010\/03\/chlodwig-eck-meine-suedstadt-koeln3-150x150.jpg\" class=\"attachment-thumbnail size-thumbnail\" alt=\"Chlodwig Eck - Meine S\u00fcdstadt K\u00f6ln\" \/><\/a>\n\t\t\t<\/dt><\/dl><dl class='gallery-item'>\n\t\t\t<dt class='gallery-icon landscape'>\n\t\t\t\t<a href='https:\/\/www.meinesuedstadt.de\/branchenverzeichnis\/wp-content\/uploads\/2010\/03\/chlodwig-eck-meine-suedstadt-koeln2.jpg' title=\"\" data-rl_title=\"\" class=\"rl-gallery-link\" data-rl_caption=\"\" data-rel=\"lightbox-gallery-1\"><img loading=\"lazy\" decoding=\"async\" width=\"150\" height=\"150\" src=\"https:\/\/www.meinesuedstadt.de\/branchenverzeichnis\/wp-content\/uploads\/2010\/03\/chlodwig-eck-meine-suedstadt-koeln2-150x150.jpg\" class=\"attachment-thumbnail size-thumbnail\" alt=\"Chlodwig Eck - Meine S\u00fcdstadt K\u00f6ln\" \/><\/a>\n\t\t\t<\/dt><\/dl><dl class='gallery-item'>\n\t\t\t<dt class='gallery-icon landscape'>\n\t\t\t\t<a href='https:\/\/www.meinesuedstadt.de\/branchenverzeichnis\/wp-content\/uploads\/2010\/03\/chlodwig-eck-meine-suedstadt-koeln8.jpg' title=\"\" data-rl_title=\"\" class=\"rl-gallery-link\" data-rl_caption=\"\" data-rel=\"lightbox-gallery-1\"><img loading=\"lazy\" decoding=\"async\" width=\"150\" height=\"150\" src=\"https:\/\/www.meinesuedstadt.de\/branchenverzeichnis\/wp-content\/uploads\/2010\/03\/chlodwig-eck-meine-suedstadt-koeln8-150x150.jpg\" class=\"attachment-thumbnail size-thumbnail\" alt=\"Chlodwig Eck - Meine S\u00fcdstadt K\u00f6ln\" \/><\/a>\n\t\t\t<\/dt><\/dl><dl class='gallery-item'>\n\t\t\t<dt class='gallery-icon landscape'>\n\t\t\t\t<a href='https:\/\/www.meinesuedstadt.de\/branchenverzeichnis\/wp-content\/uploads\/2010\/03\/chlodwig-eck-meine-suedstadt-koeln7.jpg' title=\"\" data-rl_title=\"\" class=\"rl-gallery-link\" data-rl_caption=\"\" data-rel=\"lightbox-gallery-1\"><img loading=\"lazy\" decoding=\"async\" width=\"150\" height=\"150\" src=\"https:\/\/www.meinesuedstadt.de\/branchenverzeichnis\/wp-content\/uploads\/2010\/03\/chlodwig-eck-meine-suedstadt-koeln7-150x150.jpg\" class=\"attachment-thumbnail size-thumbnail\" alt=\"Chlodwig Eck - Meine S\u00fcdstadt K\u00f6ln\" \/><\/a>\n\t\t\t<\/dt><\/dl><br style=\"clear: both\" \/><dl class='gallery-item'>\n\t\t\t<dt class='gallery-icon landscape'>\n\t\t\t\t<a href='https:\/\/www.meinesuedstadt.de\/branchenverzeichnis\/wp-content\/uploads\/2010\/03\/chlodwig-eck-meine-suedstadt-koeln6.jpg' title=\"\" data-rl_title=\"\" class=\"rl-gallery-link\" data-rl_caption=\"\" data-rel=\"lightbox-gallery-1\"><img loading=\"lazy\" decoding=\"async\" width=\"150\" height=\"150\" src=\"https:\/\/www.meinesuedstadt.de\/branchenverzeichnis\/wp-content\/uploads\/2010\/03\/chlodwig-eck-meine-suedstadt-koeln6-150x150.jpg\" class=\"attachment-thumbnail size-thumbnail\" alt=\"Chlodwig Eck - Meine S\u00fcdstadt K\u00f6ln\" \/><\/a>\n\t\t\t<\/dt><\/dl><dl class='gallery-item'>\n\t\t\t<dt class='gallery-icon landscape'>\n\t\t\t\t<a href='https:\/\/www.meinesuedstadt.de\/branchenverzeichnis\/wp-content\/uploads\/2010\/03\/chlodwig-eck-meine-suedstadt-koeln5.jpg' title=\"\" data-rl_title=\"\" class=\"rl-gallery-link\" data-rl_caption=\"\" data-rel=\"lightbox-gallery-1\"><img loading=\"lazy\" decoding=\"async\" width=\"150\" height=\"150\" src=\"https:\/\/www.meinesuedstadt.de\/branchenverzeichnis\/wp-content\/uploads\/2010\/03\/chlodwig-eck-meine-suedstadt-koeln5-150x150.jpg\" class=\"attachment-thumbnail size-thumbnail\" alt=\"Chlodwig Eck - Meine S\u00fcdstadt K\u00f6ln\" \/><\/a>\n\t\t\t<\/dt><\/dl><dl class='gallery-item'>\n\t\t\t<dt class='gallery-icon landscape'>\n\t\t\t\t<a href='https:\/\/www.meinesuedstadt.de\/branchenverzeichnis\/wp-content\/uploads\/2010\/03\/chlodwig-eck-meine-suedstadt-koeln4.jpg' title=\"\" data-rl_title=\"\" class=\"rl-gallery-link\" data-rl_caption=\"\" data-rel=\"lightbox-gallery-1\"><img loading=\"lazy\" decoding=\"async\" width=\"150\" height=\"150\" src=\"https:\/\/www.meinesuedstadt.de\/branchenverzeichnis\/wp-content\/uploads\/2010\/03\/chlodwig-eck-meine-suedstadt-koeln4-150x150.jpg\" class=\"attachment-thumbnail size-thumbnail\" alt=\"Chlodwig Eck - Meine S\u00fcdstadt K\u00f6ln\" \/><\/a>\n\t\t\t<\/dt><\/dl><dl class='gallery-item'>\n\t\t\t<dt class='gallery-icon landscape'>\n\t\t\t\t<a href='https:\/\/www.meinesuedstadt.de\/branchenverzeichnis\/wp-content\/uploads\/2010\/03\/chlodwig-eck-meine-suedstadt-koeln9.jpg' title=\"\" data-rl_title=\"\" class=\"rl-gallery-link\" data-rl_caption=\"\" data-rel=\"lightbox-gallery-1\"><img loading=\"lazy\" decoding=\"async\" width=\"150\" height=\"150\" src=\"https:\/\/www.meinesuedstadt.de\/branchenverzeichnis\/wp-content\/uploads\/2010\/03\/chlodwig-eck-meine-suedstadt-koeln9-150x150.jpg\" class=\"attachment-thumbnail size-thumbnail\" alt=\"Chlodwig Eck - Meine S\u00fcdstadt K\u00f6ln\" \/><\/a>\n\t\t\t<\/dt><\/dl><br style=\"clear: both\" \/>\n\t\t<\/div>\n\n<p>Ja, viele k\u00f6nnen was erz\u00e4hlen, am meisten Spa\u00df aber macht es, h\u00f6rt man Robert Hilbers zu, P\u00e4chter und unbestrittener \u0084Kopp\u0093 des Ecks. Wenn der geb\u00fcrtige Westfale \u00fcber die ziemlich entspannte Atmosph\u00e4re im Eck erz\u00e4hlt und dar\u00fcber, dass man als Lady reinkommen kann und nicht bel\u00e4stigt wird, weil die Jungs da schon aufpassen, m\u00f6chte man sie am liebsten gleich alle pers\u00f6nlich kennenlernen. All diese \u0084Alten K\u00f6ppe\u0093, die so sehr das Gesicht der Eckkneipe pr\u00e4gen. Der liebevoll, ruppige Ton, mit dem seine Stammkunden bedacht werden, lassen erahnen, mit wie viel Herz und Einsatz Robert Hilbers seine Kneipe seit 1989 f\u00fchrt. So h\u00e4ngen seine \u0084K\u00f6ppe\u0093 zum Beispiel vom K\u00f6lner K\u00fcnstler Markus Sch\u00f6ne verewigt nach einer mehrj\u00e4hrigen Pause sehr prominent an der Wand, weil die W\u00e4nde \u0084nach einem 11.11. mal so schei\u00dfe aussahen\u0093 und er keine Lust hatte, den Laden zuzumachen. Da hat er eben einfach die gro\u00dfformatigen Bilder mit den Portraits illustrer Chlodwigeck-G\u00e4nger wieder aufgehangen, und dort h\u00e4ngen sie bis heute und geben damit dem Eck, \u0084an dem nix Sch\u00f6nes dran ist, weder von innen noch von au\u00dfen\u0093, wie Hilbers nicht ohne Zuneigung in der Stimme sagt, sein Gesicht.<\/p>\n<p>So pragmatisch P\u00e4chter Robert mit schmutzigen W\u00e4nden umgeht, so leidenschaftlich ist er im G\u00e4stebewirten. Zum Studium der Wirtschaftswissenschaften einst von Paderborn nach K\u00f6ln gekommen, jobbte er als Kellner im Filos, als ihm \u0084das Eck dazwischen kam\u0093.\u00a0 Bei Wirtschaft ist er geblieben, die Wissenschaften allerdings mussten dran glauben und dar\u00fcber ist er ganz froh. Bis heute hat er gro\u00dfen Spa\u00df daran, t\u00e4glich aus Porz zu kommen und seine Leute zu bewirten. Unterst\u00fctzt wird er dabei von seinem Thekenteam, von dem die Neueste seit acht Jahren dabei ist. Best\u00e4ndigkeit ist also gro\u00dfes Thema im Eck, was auch seine wohl prominentesten Stammg\u00e4ste sehr zu sch\u00e4tzen wissen. Die Geschichte von BAP ist untrennbar verbunden mit der Kneipe auf der Ecke Alteburger-\/Annostra\u00dfe, die ihren Namen noch aus der Zeit hat, als sie am Chlodwigplatz das K\u00f6lsch ausschank. Vom M\u00fcnzfernsprecher in der Ecke bei den Toiletten aus organisierten Wolfgang Niedecken und seine Jungs ihre ersten Gigs, hier schrieben sie ihre legend\u00e4ren Texte und gaben damit den Stollwerck-Aktivisten eine Stimme, feierten sie ihre neuen Platten und Platin-Verleihungen und hier hin kommen sie bis heute, um intime Fan-Konzerte zu geben. Auch wenn Wolfgang Niedecken privat wohl nicht in Ruhe sein K\u00f6lsch trinken k\u00f6nnte, als Band ist und bleibt das Eck bis heute das &#8222;Wohnzimmer&#8220; von BAP (Lest auch den Artikel \u00fcber deren <a href=\"\/kultur\/konzert\/geheimes-wohnzimmerkonzert-bap-im-chlodwig-eck\">geheimen Wohnzimmerkonzert im Eck<\/a>).<\/p>\n<p>Doch nicht nur BAP, seit ein paar Jahren geben K\u00fcnstler im Eck in unregelm\u00e4\u00dfigen Abst\u00e4nden Akustikkonzerte, Termine, die Gastgeber Robert besonders am Herzen liegen, sp\u00fcrt man doch beim Live-Erlebnis die Seele des Chlodwig Ecks. Doch die Seele wurde etwas mitgenommen: als die Raucher aus Lokalen verbannt wurden, sah es kurzzeitig schlecht aus f\u00fcr die Zukunft der Eckkneipe, die neben einer umfangreichen Getr\u00e4nkekarte immer auch ein Auswahl an Speisen im Angebot hatte. Ihre Zigarette lie\u00dfen sich die K\u00f6lschtrinker des Chlodwig Eck nicht verbieten und so blieben sie zwangsl\u00e4ufig weg. Gerettet hat das Eck am Ende Robert Hilbers Entscheidung, die K\u00fcche zu schlie\u00dfen, die Kneipe als \u0084Rauchergastst\u00e4tte\u0093 zu deklarieren und mitgebrachte Speisen, ob nun von zu Hause oder den benachbarten Restaurants, ausdr\u00fccklich willkommen zu hei\u00dfen.? Und so hat das unverw\u00fcstliche Eck auch diese schwere Zeit \u00fcberstanden und ist und bleibt bis heute Tresen der S\u00fcdstadt, Treffpunkt, Ort f\u00fcr krachende Feste und Bundesliga-Live-Wohnzimmer.<\/p>\n","protected":false},"excerpt":{"rendered":"<p>Jetzt k\u00f6nnte man denken: \u0084Wer will mir denn \u00fcber das Chlodwig Eck noch was erz\u00e4hlen?\u0093 Tats\u00e4chlich verbindet wohl fast jeder S\u00fcdst\u00e4dter seine ganz eigene Geschichte mit dem \u0084Eck\u0093, einer der geschichtstr\u00e4chtigsten Kneipen rund um den Chlodwigplatz. Und trotzdem oder gerade deshalb und f\u00fcr alle, die es so noch nicht kennen, gestatten: Trinken. Feiern. XXL. Das [&hellip;]<\/p>\n","protected":false},"author":2,"featured_media":2223,"comment_status":"open","ping_status":"open","sticky":false,"template":"","format":"standard","meta":{"_acf_changed":false,"footnotes":""},"categories":[173],"tags":[],"class_list":["post-429","post","type-post","status-publish","format-standard","has-post-thumbnail","hentry","category-kneipen"],"acf":[],"yoast_head":"<!-- This site is optimized with the Yoast SEO plugin v27.4 - https:\/\/yoast.com\/product\/yoast-seo-wordpress\/ -->\n<title>Chlodwig Eck - Meine S\u00fcdstadt<\/title>\n<meta name=\"robots\" content=\"index, follow, max-snippet:-1, max-image-preview:large, max-video-preview:-1\" \/>\n<link rel=\"canonical\" href=\"https:\/\/www.meinesuedstadt.de\/branchenverzeichnis\/chlodwig-eck\/\" \/>\n<meta property=\"og:locale\" content=\"de_DE\" \/>\n<meta property=\"og:type\" content=\"article\" \/>\n<meta property=\"og:title\" content=\"Chlodwig Eck - Meine S\u00fcdstadt\" \/>\n<meta property=\"og:description\" content=\"Jetzt k\u00f6nnte man denken: \u0084Wer will mir denn \u00fcber das Chlodwig Eck noch was erz\u00e4hlen?\u0093 Tats\u00e4chlich verbindet wohl fast jeder S\u00fcdst\u00e4dter seine ganz eigene Geschichte mit dem \u0084Eck\u0093, einer der geschichtstr\u00e4chtigsten Kneipen rund um den Chlodwigplatz. Und trotzdem oder gerade deshalb und f\u00fcr alle, die es so noch nicht kennen, gestatten: Trinken. Feiern. XXL. Das [&hellip;]\" \/>\n<meta property=\"og:url\" content=\"https:\/\/www.meinesuedstadt.de\/branchenverzeichnis\/chlodwig-eck\/\" \/>\n<meta property=\"og:site_name\" content=\"Meine S\u00fcdstadt\" \/>\n<meta property=\"article:publisher\" content=\"https:\/\/www.facebook.com\/Meinesuedstadt\/\" \/>\n<meta property=\"article:published_time\" content=\"2010-03-03T10:41:32+00:00\" \/>\n<meta property=\"article:modified_time\" content=\"2024-04-29T08:34:30+00:00\" \/>\n<meta property=\"og:image\" content=\"https:\/\/www.meinesuedstadt.de\/branchenverzeichnis\/wp-content\/uploads\/2010\/03\/chlodwig-eck-meine-suedstadt-koeln1.jpg\" \/>\n\t<meta property=\"og:image:width\" content=\"640\" \/>\n\t<meta property=\"og:image:height\" content=\"426\" \/>\n\t<meta property=\"og:image:type\" content=\"image\/jpeg\" \/>\n<meta name=\"author\" content=\"Mario Friese\" \/>\n<meta name=\"twitter:card\" content=\"summary_large_image\" \/>\n<meta name=\"twitter:creator\" content=\"@meinesuedstadt\" \/>\n<meta name=\"twitter:site\" content=\"@meinesuedstadt\" \/>\n<meta name=\"twitter:label1\" content=\"Verfasst von\" \/>\n\t<meta name=\"twitter:data1\" content=\"Mario Friese\" \/>\n\t<meta name=\"twitter:label2\" content=\"Gesch\u00e4tzte Lesezeit\" \/>\n\t<meta name=\"twitter:data2\" content=\"5\u00a0Minuten\" \/>\n<script type=\"application\/ld+json\" class=\"yoast-schema-graph\">{\"@context\":\"https:\\\/\\\/schema.org\",\"@graph\":[{\"@type\":\"Article\",\"@id\":\"https:\\\/\\\/www.meinesuedstadt.de\\\/branchenverzeichnis\\\/chlodwig-eck\\\/#article\",\"isPartOf\":{\"@id\":\"https:\\\/\\\/www.meinesuedstadt.de\\\/branchenverzeichnis\\\/chlodwig-eck\\\/\"},\"author\":{\"name\":\"Mario Friese\",\"@id\":\"https:\\\/\\\/www.meinesuedstadt.de\\\/branchenverzeichnis\\\/#\\\/schema\\\/person\\\/4974ccd0047c4bef2ea2271bc1b66e8d\"},\"headline\":\"Chlodwig Eck\",\"datePublished\":\"2010-03-03T10:41:32+00:00\",\"dateModified\":\"2024-04-29T08:34:30+00:00\",\"mainEntityOfPage\":{\"@id\":\"https:\\\/\\\/www.meinesuedstadt.de\\\/branchenverzeichnis\\\/chlodwig-eck\\\/\"},\"wordCount\":838,\"commentCount\":0,\"image\":{\"@id\":\"https:\\\/\\\/www.meinesuedstadt.de\\\/branchenverzeichnis\\\/chlodwig-eck\\\/#primaryimage\"},\"thumbnailUrl\":\"https:\\\/\\\/www.meinesuedstadt.de\\\/branchenverzeichnis\\\/wp-content\\\/uploads\\\/2010\\\/03\\\/chlodwig-eck-meine-suedstadt-koeln1.jpg\",\"articleSection\":[\"Kneipen\"],\"inLanguage\":\"de\",\"potentialAction\":[{\"@type\":\"CommentAction\",\"name\":\"Comment\",\"target\":[\"https:\\\/\\\/www.meinesuedstadt.de\\\/branchenverzeichnis\\\/chlodwig-eck\\\/#respond\"]}]},{\"@type\":\"WebPage\",\"@id\":\"https:\\\/\\\/www.meinesuedstadt.de\\\/branchenverzeichnis\\\/chlodwig-eck\\\/\",\"url\":\"https:\\\/\\\/www.meinesuedstadt.de\\\/branchenverzeichnis\\\/chlodwig-eck\\\/\",\"name\":\"Chlodwig Eck - Meine S\u00fcdstadt\",\"isPartOf\":{\"@id\":\"https:\\\/\\\/www.meinesuedstadt.de\\\/branchenverzeichnis\\\/#website\"},\"primaryImageOfPage\":{\"@id\":\"https:\\\/\\\/www.meinesuedstadt.de\\\/branchenverzeichnis\\\/chlodwig-eck\\\/#primaryimage\"},\"image\":{\"@id\":\"https:\\\/\\\/www.meinesuedstadt.de\\\/branchenverzeichnis\\\/chlodwig-eck\\\/#primaryimage\"},\"thumbnailUrl\":\"https:\\\/\\\/www.meinesuedstadt.de\\\/branchenverzeichnis\\\/wp-content\\\/uploads\\\/2010\\\/03\\\/chlodwig-eck-meine-suedstadt-koeln1.jpg\",\"datePublished\":\"2010-03-03T10:41:32+00:00\",\"dateModified\":\"2024-04-29T08:34:30+00:00\",\"author\":{\"@id\":\"https:\\\/\\\/www.meinesuedstadt.de\\\/branchenverzeichnis\\\/#\\\/schema\\\/person\\\/4974ccd0047c4bef2ea2271bc1b66e8d\"},\"breadcrumb\":{\"@id\":\"https:\\\/\\\/www.meinesuedstadt.de\\\/branchenverzeichnis\\\/chlodwig-eck\\\/#breadcrumb\"},\"inLanguage\":\"de\",\"potentialAction\":[{\"@type\":\"ReadAction\",\"target\":[\"https:\\\/\\\/www.meinesuedstadt.de\\\/branchenverzeichnis\\\/chlodwig-eck\\\/\"]}]},{\"@type\":\"ImageObject\",\"inLanguage\":\"de\",\"@id\":\"https:\\\/\\\/www.meinesuedstadt.de\\\/branchenverzeichnis\\\/chlodwig-eck\\\/#primaryimage\",\"url\":\"https:\\\/\\\/www.meinesuedstadt.de\\\/branchenverzeichnis\\\/wp-content\\\/uploads\\\/2010\\\/03\\\/chlodwig-eck-meine-suedstadt-koeln1.jpg\",\"contentUrl\":\"https:\\\/\\\/www.meinesuedstadt.de\\\/branchenverzeichnis\\\/wp-content\\\/uploads\\\/2010\\\/03\\\/chlodwig-eck-meine-suedstadt-koeln1.jpg\",\"width\":640,\"height\":426,\"caption\":\"Chlodwig Eck - Meine S\u00fcdstadt K\u00f6ln\"},{\"@type\":\"BreadcrumbList\",\"@id\":\"https:\\\/\\\/www.meinesuedstadt.de\\\/branchenverzeichnis\\\/chlodwig-eck\\\/#breadcrumb\",\"itemListElement\":[{\"@type\":\"ListItem\",\"position\":1,\"name\":\"Startseite\",\"item\":\"https:\\\/\\\/www.meinesuedstadt.de\\\/branchenverzeichnis\\\/\"},{\"@type\":\"ListItem\",\"position\":2,\"name\":\"Chlodwig Eck\"}]},{\"@type\":\"WebSite\",\"@id\":\"https:\\\/\\\/www.meinesuedstadt.de\\\/branchenverzeichnis\\\/#website\",\"url\":\"https:\\\/\\\/www.meinesuedstadt.de\\\/branchenverzeichnis\\\/\",\"name\":\"Meine S\u00fcdstadt\",\"description\":\"Branchenverzeichnis aus der S\u00fcdstadt K\u00f6lns\",\"potentialAction\":[{\"@type\":\"SearchAction\",\"target\":{\"@type\":\"EntryPoint\",\"urlTemplate\":\"https:\\\/\\\/www.meinesuedstadt.de\\\/branchenverzeichnis\\\/?s={search_term_string}\"},\"query-input\":{\"@type\":\"PropertyValueSpecification\",\"valueRequired\":true,\"valueName\":\"search_term_string\"}}],\"inLanguage\":\"de\"},{\"@type\":\"Person\",\"@id\":\"https:\\\/\\\/www.meinesuedstadt.de\\\/branchenverzeichnis\\\/#\\\/schema\\\/person\\\/4974ccd0047c4bef2ea2271bc1b66e8d\",\"name\":\"Mario Friese\",\"image\":{\"@type\":\"ImageObject\",\"inLanguage\":\"de\",\"@id\":\"https:\\\/\\\/secure.gravatar.com\\\/avatar\\\/38afb5244388eb07856f264e0b17f6d56309e4e5bba4ea1716b6dadd14a2aab0?s=96&d=mm&r=g\",\"url\":\"https:\\\/\\\/secure.gravatar.com\\\/avatar\\\/38afb5244388eb07856f264e0b17f6d56309e4e5bba4ea1716b6dadd14a2aab0?s=96&d=mm&r=g\",\"contentUrl\":\"https:\\\/\\\/secure.gravatar.com\\\/avatar\\\/38afb5244388eb07856f264e0b17f6d56309e4e5bba4ea1716b6dadd14a2aab0?s=96&d=mm&r=g\",\"caption\":\"Mario Friese\"},\"sameAs\":[\"https:\\\/\\\/fgrepublik.com\"]}]}<\/script>\n<!-- \/ Yoast SEO plugin. -->","yoast_head_json":{"title":"Chlodwig Eck - Meine S\u00fcdstadt","robots":{"index":"index","follow":"follow","max-snippet":"max-snippet:-1","max-image-preview":"max-image-preview:large","max-video-preview":"max-video-preview:-1"},"canonical":"https:\/\/www.meinesuedstadt.de\/branchenverzeichnis\/chlodwig-eck\/","og_locale":"de_DE","og_type":"article","og_title":"Chlodwig Eck - Meine S\u00fcdstadt","og_description":"Jetzt k\u00f6nnte man denken: \u0084Wer will mir denn \u00fcber das Chlodwig Eck noch was erz\u00e4hlen?\u0093 Tats\u00e4chlich verbindet wohl fast jeder S\u00fcdst\u00e4dter seine ganz eigene Geschichte mit dem \u0084Eck\u0093, einer der geschichtstr\u00e4chtigsten Kneipen rund um den Chlodwigplatz. Und trotzdem oder gerade deshalb und f\u00fcr alle, die es so noch nicht kennen, gestatten: Trinken. Feiern. XXL. Das [&hellip;]","og_url":"https:\/\/www.meinesuedstadt.de\/branchenverzeichnis\/chlodwig-eck\/","og_site_name":"Meine S\u00fcdstadt","article_publisher":"https:\/\/www.facebook.com\/Meinesuedstadt\/","article_published_time":"2010-03-03T10:41:32+00:00","article_modified_time":"2024-04-29T08:34:30+00:00","og_image":[{"width":640,"height":426,"url":"https:\/\/www.meinesuedstadt.de\/branchenverzeichnis\/wp-content\/uploads\/2010\/03\/chlodwig-eck-meine-suedstadt-koeln1.jpg","type":"image\/jpeg"}],"author":"Mario Friese","twitter_card":"summary_large_image","twitter_creator":"@meinesuedstadt","twitter_site":"@meinesuedstadt","twitter_misc":{"Verfasst von":"Mario Friese","Gesch\u00e4tzte Lesezeit":"5\u00a0Minuten"},"schema":{"@context":"https:\/\/schema.org","@graph":[{"@type":"Article","@id":"https:\/\/www.meinesuedstadt.de\/branchenverzeichnis\/chlodwig-eck\/#article","isPartOf":{"@id":"https:\/\/www.meinesuedstadt.de\/branchenverzeichnis\/chlodwig-eck\/"},"author":{"name":"Mario Friese","@id":"https:\/\/www.meinesuedstadt.de\/branchenverzeichnis\/#\/schema\/person\/4974ccd0047c4bef2ea2271bc1b66e8d"},"headline":"Chlodwig Eck","datePublished":"2010-03-03T10:41:32+00:00","dateModified":"2024-04-29T08:34:30+00:00","mainEntityOfPage":{"@id":"https:\/\/www.meinesuedstadt.de\/branchenverzeichnis\/chlodwig-eck\/"},"wordCount":838,"commentCount":0,"image":{"@id":"https:\/\/www.meinesuedstadt.de\/branchenverzeichnis\/chlodwig-eck\/#primaryimage"},"thumbnailUrl":"https:\/\/www.meinesuedstadt.de\/branchenverzeichnis\/wp-content\/uploads\/2010\/03\/chlodwig-eck-meine-suedstadt-koeln1.jpg","articleSection":["Kneipen"],"inLanguage":"de","potentialAction":[{"@type":"CommentAction","name":"Comment","target":["https:\/\/www.meinesuedstadt.de\/branchenverzeichnis\/chlodwig-eck\/#respond"]}]},{"@type":"WebPage","@id":"https:\/\/www.meinesuedstadt.de\/branchenverzeichnis\/chlodwig-eck\/","url":"https:\/\/www.meinesuedstadt.de\/branchenverzeichnis\/chlodwig-eck\/","name":"Chlodwig Eck - Meine S\u00fcdstadt","isPartOf":{"@id":"https:\/\/www.meinesuedstadt.de\/branchenverzeichnis\/#website"},"primaryImageOfPage":{"@id":"https:\/\/www.meinesuedstadt.de\/branchenverzeichnis\/chlodwig-eck\/#primaryimage"},"image":{"@id":"https:\/\/www.meinesuedstadt.de\/branchenverzeichnis\/chlodwig-eck\/#primaryimage"},"thumbnailUrl":"https:\/\/www.meinesuedstadt.de\/branchenverzeichnis\/wp-content\/uploads\/2010\/03\/chlodwig-eck-meine-suedstadt-koeln1.jpg","datePublished":"2010-03-03T10:41:32+00:00","dateModified":"2024-04-29T08:34:30+00:00","author":{"@id":"https:\/\/www.meinesuedstadt.de\/branchenverzeichnis\/#\/schema\/person\/4974ccd0047c4bef2ea2271bc1b66e8d"},"breadcrumb":{"@id":"https:\/\/www.meinesuedstadt.de\/branchenverzeichnis\/chlodwig-eck\/#breadcrumb"},"inLanguage":"de","potentialAction":[{"@type":"ReadAction","target":["https:\/\/www.meinesuedstadt.de\/branchenverzeichnis\/chlodwig-eck\/"]}]},{"@type":"ImageObject","inLanguage":"de","@id":"https:\/\/www.meinesuedstadt.de\/branchenverzeichnis\/chlodwig-eck\/#primaryimage","url":"https:\/\/www.meinesuedstadt.de\/branchenverzeichnis\/wp-content\/uploads\/2010\/03\/chlodwig-eck-meine-suedstadt-koeln1.jpg","contentUrl":"https:\/\/www.meinesuedstadt.de\/branchenverzeichnis\/wp-content\/uploads\/2010\/03\/chlodwig-eck-meine-suedstadt-koeln1.jpg","width":640,"height":426,"caption":"Chlodwig Eck - Meine S\u00fcdstadt K\u00f6ln"},{"@type":"BreadcrumbList","@id":"https:\/\/www.meinesuedstadt.de\/branchenverzeichnis\/chlodwig-eck\/#breadcrumb","itemListElement":[{"@type":"ListItem","position":1,"name":"Startseite","item":"https:\/\/www.meinesuedstadt.de\/branchenverzeichnis\/"},{"@type":"ListItem","position":2,"name":"Chlodwig Eck"}]},{"@type":"WebSite","@id":"https:\/\/www.meinesuedstadt.de\/branchenverzeichnis\/#website","url":"https:\/\/www.meinesuedstadt.de\/branchenverzeichnis\/","name":"Meine S\u00fcdstadt","description":"Branchenverzeichnis aus der S\u00fcdstadt K\u00f6lns","potentialAction":[{"@type":"SearchAction","target":{"@type":"EntryPoint","urlTemplate":"https:\/\/www.meinesuedstadt.de\/branchenverzeichnis\/?s={search_term_string}"},"query-input":{"@type":"PropertyValueSpecification","valueRequired":true,"valueName":"search_term_string"}}],"inLanguage":"de"},{"@type":"Person","@id":"https:\/\/www.meinesuedstadt.de\/branchenverzeichnis\/#\/schema\/person\/4974ccd0047c4bef2ea2271bc1b66e8d","name":"Mario Friese","image":{"@type":"ImageObject","inLanguage":"de","@id":"https:\/\/secure.gravatar.com\/avatar\/38afb5244388eb07856f264e0b17f6d56309e4e5bba4ea1716b6dadd14a2aab0?s=96&d=mm&r=g","url":"https:\/\/secure.gravatar.com\/avatar\/38afb5244388eb07856f264e0b17f6d56309e4e5bba4ea1716b6dadd14a2aab0?s=96&d=mm&r=g","contentUrl":"https:\/\/secure.gravatar.com\/avatar\/38afb5244388eb07856f264e0b17f6d56309e4e5bba4ea1716b6dadd14a2aab0?s=96&d=mm&r=g","caption":"Mario Friese"},"sameAs":["https:\/\/fgrepublik.com"]}]}},"priority":0,"metaAddress":"Annostra\u00dfe 1-3 , 50678 K\u00f6ln","_links":{"self":[{"href":"https:\/\/www.meinesuedstadt.de\/branchenverzeichnis\/wp-json\/wp\/v2\/posts\/429","targetHints":{"allow":["GET"]}}],"collection":[{"href":"https:\/\/www.meinesuedstadt.de\/branchenverzeichnis\/wp-json\/wp\/v2\/posts"}],"about":[{"href":"https:\/\/www.meinesuedstadt.de\/branchenverzeichnis\/wp-json\/wp\/v2\/types\/post"}],"author":[{"embeddable":true,"href":"https:\/\/www.meinesuedstadt.de\/branchenverzeichnis\/wp-json\/wp\/v2\/users\/2"}],"replies":[{"embeddable":true,"href":"https:\/\/www.meinesuedstadt.de\/branchenverzeichnis\/wp-json\/wp\/v2\/comments?post=429"}],"version-history":[{"count":5,"href":"https:\/\/www.meinesuedstadt.de\/branchenverzeichnis\/wp-json\/wp\/v2\/posts\/429\/revisions"}],"predecessor-version":[{"id":5547,"href":"https:\/\/www.meinesuedstadt.de\/branchenverzeichnis\/wp-json\/wp\/v2\/posts\/429\/revisions\/5547"}],"wp:featuredmedia":[{"embeddable":true,"href":"https:\/\/www.meinesuedstadt.de\/branchenverzeichnis\/wp-json\/wp\/v2\/media\/2223"}],"wp:attachment":[{"href":"https:\/\/www.meinesuedstadt.de\/branchenverzeichnis\/wp-json\/wp\/v2\/media?parent=429"}],"wp:term":[{"taxonomy":"category","embeddable":true,"href":"https:\/\/www.meinesuedstadt.de\/branchenverzeichnis\/wp-json\/wp\/v2\/categories?post=429"},{"taxonomy":"post_tag","embeddable":true,"href":"https:\/\/www.meinesuedstadt.de\/branchenverzeichnis\/wp-json\/wp\/v2\/tags?post=429"}],"curies":[{"name":"wp","href":"https:\/\/api.w.org\/{rel}","templated":true}]}}