{"id":461,"date":"2010-03-14T15:30:30","date_gmt":"2010-03-14T14:30:30","guid":{"rendered":"http:\/\/www.meinesuedstadt.de\/branchenverzeichnis\/?p=461"},"modified":"2022-06-11T18:51:36","modified_gmt":"2022-06-11T16:51:36","slug":"stadtrad-service-fahrrad","status":"publish","type":"post","link":"https:\/\/www.meinesuedstadt.de\/branchenverzeichnis\/stadtrad-service-fahrrad\/","title":{"rendered":"Stadtrad &#8211; Service, Fahrrad"},"content":{"rendered":"<p>Als 1994 in einem kleinen L\u00e4dchen auf der Teutoburger Stra\u00dfe &#8222;Stadtrad&#8220; er\u00f6ffnete, ahnte niemand, welch rasante Entwicklung dieses Gesch\u00e4ft nehmen w\u00fcrde. Im hinteren Bereich des gerade einmal 60 qm messenden Verkaufsraumes gab es eine kleine Werkstatt und zwei charmante Mitarbeiter, die unerm\u00fcdlich schraubten und reparierten, was ihnen unter die H\u00e4nde kam.<\/p>\n<p>Der sehr pers\u00f6nliche Service f\u00fcr gutes Geld sprach sich schnell herum. Und bald stand das Fahrrad fahrende Volk bis auf die Stra\u00dfe Schlange, um die Wehwehchen seiner Drahtesel behandeln zu lassen. Die r\u00e4umlichen Kapazit\u00e4ten waren bald ausgereizt.<\/p>\n<p>2006 zog Inhaber Peter Dedenbach die Konsequenz und mit seinem &#8222;Stadtrad&#8220;\u0093 schlie\u00dflich auf die Bonner Stra\u00dfe, Ecke Veledastra\u00dfe. Dieser Standort hat sich mittlerweile zum pochenden Zentrum der s\u00fcdst\u00e4dtischen Fahrradwelt entwickelt. Der Service ist wunderbar geblieben. Egal ob durchgerissenes Lichtkabel, kaputtes Tretlager oder Platten: ein gut aufeinander eingespieltes Team sorgt im offenen Werkstattbereich f\u00fcr kurze Wartezeiten und gute Stimmung.<\/p>\n\n\t\t<style type=\"text\/css\">\n\t\t\t#gallery-1 {\n\t\t\t\tmargin: auto;\n\t\t\t}\n\t\t\t#gallery-1 .gallery-item {\n\t\t\t\tfloat: left;\n\t\t\t\tmargin-top: 10px;\n\t\t\t\ttext-align: center;\n\t\t\t\twidth: 25%;\n\t\t\t}\n\t\t\t#gallery-1 img {\n\t\t\t\tborder: 2px solid #cfcfcf;\n\t\t\t}\n\t\t\t#gallery-1 .gallery-caption {\n\t\t\t\tmargin-left: 0;\n\t\t\t}\n\t\t\t\/* see gallery_shortcode() in wp-includes\/media.php *\/\n\t\t<\/style>\n\t\t<div id='gallery-1' class='gallery galleryid-461 gallery-columns-4 gallery-size-thumbnail'><dl class='gallery-item'>\n\t\t\t<dt class='gallery-icon landscape'>\n\t\t\t\t<a href='https:\/\/www.meinesuedstadt.de\/branchenverzeichnis\/wp-content\/uploads\/2010\/03\/Stadtrad-Meine-Suedstadt-Koeln-01.jpg' title=\"\" data-rl_title=\"\" class=\"rl-gallery-link\" data-rl_caption=\"\" data-rel=\"lightbox-gallery-1\"><img loading=\"lazy\" decoding=\"async\" width=\"150\" height=\"150\" src=\"https:\/\/www.meinesuedstadt.de\/branchenverzeichnis\/wp-content\/uploads\/2010\/03\/Stadtrad-Meine-Suedstadt-Koeln-01-150x150.jpg\" class=\"attachment-thumbnail size-thumbnail\" alt=\"Stadtrad - Meine S\u00fcdstadt K\u00f6ln\" \/><\/a>\n\t\t\t<\/dt><\/dl><dl class='gallery-item'>\n\t\t\t<dt class='gallery-icon landscape'>\n\t\t\t\t<a href='https:\/\/www.meinesuedstadt.de\/branchenverzeichnis\/wp-content\/uploads\/2010\/03\/Stadtrad-Meine-Suedstadt-Koeln-02.jpg' title=\"\" data-rl_title=\"\" class=\"rl-gallery-link\" data-rl_caption=\"\" data-rel=\"lightbox-gallery-1\"><img loading=\"lazy\" decoding=\"async\" width=\"150\" height=\"150\" src=\"https:\/\/www.meinesuedstadt.de\/branchenverzeichnis\/wp-content\/uploads\/2010\/03\/Stadtrad-Meine-Suedstadt-Koeln-02-150x150.jpg\" class=\"attachment-thumbnail size-thumbnail\" alt=\"Stadtrad - Meine S\u00fcdstadt K\u00f6ln\" \/><\/a>\n\t\t\t<\/dt><\/dl><dl class='gallery-item'>\n\t\t\t<dt class='gallery-icon landscape'>\n\t\t\t\t<a href='https:\/\/www.meinesuedstadt.de\/branchenverzeichnis\/wp-content\/uploads\/2010\/03\/Stadtrad-Meine-Suedstadt-Koeln-03.jpg' title=\"\" data-rl_title=\"\" class=\"rl-gallery-link\" data-rl_caption=\"\" data-rel=\"lightbox-gallery-1\"><img loading=\"lazy\" decoding=\"async\" width=\"150\" height=\"150\" src=\"https:\/\/www.meinesuedstadt.de\/branchenverzeichnis\/wp-content\/uploads\/2010\/03\/Stadtrad-Meine-Suedstadt-Koeln-03-150x150.jpg\" class=\"attachment-thumbnail size-thumbnail\" alt=\"Stadtrad - Meine S\u00fcdstadt K\u00f6ln\" \/><\/a>\n\t\t\t<\/dt><\/dl><dl class='gallery-item'>\n\t\t\t<dt class='gallery-icon landscape'>\n\t\t\t\t<a href='https:\/\/www.meinesuedstadt.de\/branchenverzeichnis\/wp-content\/uploads\/2010\/03\/Stadtrad-Meine-Suedstadt-Koeln-04.jpg' title=\"\" data-rl_title=\"\" class=\"rl-gallery-link\" data-rl_caption=\"\" data-rel=\"lightbox-gallery-1\"><img loading=\"lazy\" decoding=\"async\" width=\"150\" height=\"150\" src=\"https:\/\/www.meinesuedstadt.de\/branchenverzeichnis\/wp-content\/uploads\/2010\/03\/Stadtrad-Meine-Suedstadt-Koeln-04-150x150.jpg\" class=\"attachment-thumbnail size-thumbnail\" alt=\"Stadtrad - Meine S\u00fcdstadt K\u00f6ln\" \/><\/a>\n\t\t\t<\/dt><\/dl><br style=\"clear: both\" \/><dl class='gallery-item'>\n\t\t\t<dt class='gallery-icon landscape'>\n\t\t\t\t<a href='https:\/\/www.meinesuedstadt.de\/branchenverzeichnis\/wp-content\/uploads\/2010\/03\/Stadtrad-Meine-Suedstadt-Koeln-09.jpg' title=\"\" data-rl_title=\"\" class=\"rl-gallery-link\" data-rl_caption=\"\" data-rel=\"lightbox-gallery-1\"><img loading=\"lazy\" decoding=\"async\" width=\"150\" height=\"150\" src=\"https:\/\/www.meinesuedstadt.de\/branchenverzeichnis\/wp-content\/uploads\/2010\/03\/Stadtrad-Meine-Suedstadt-Koeln-09-150x150.jpg\" class=\"attachment-thumbnail size-thumbnail\" alt=\"Stadtrad - Meine S\u00fcdstadt K\u00f6ln\" \/><\/a>\n\t\t\t<\/dt><\/dl><dl class='gallery-item'>\n\t\t\t<dt class='gallery-icon landscape'>\n\t\t\t\t<a href='https:\/\/www.meinesuedstadt.de\/branchenverzeichnis\/wp-content\/uploads\/2010\/03\/Stadtrad-Meine-Suedstadt-Koeln-07.jpg' title=\"\" data-rl_title=\"\" class=\"rl-gallery-link\" data-rl_caption=\"\" data-rel=\"lightbox-gallery-1\"><img loading=\"lazy\" decoding=\"async\" width=\"150\" height=\"150\" src=\"https:\/\/www.meinesuedstadt.de\/branchenverzeichnis\/wp-content\/uploads\/2010\/03\/Stadtrad-Meine-Suedstadt-Koeln-07-150x150.jpg\" class=\"attachment-thumbnail size-thumbnail\" alt=\"Stadtrad - Meine S\u00fcdstadt K\u00f6ln\" \/><\/a>\n\t\t\t<\/dt><\/dl><dl class='gallery-item'>\n\t\t\t<dt class='gallery-icon landscape'>\n\t\t\t\t<a href='https:\/\/www.meinesuedstadt.de\/branchenverzeichnis\/wp-content\/uploads\/2010\/03\/Stadtrad-Meine-Suedstadt-Koeln-06.jpg' title=\"\" data-rl_title=\"\" class=\"rl-gallery-link\" data-rl_caption=\"\" data-rel=\"lightbox-gallery-1\"><img loading=\"lazy\" decoding=\"async\" width=\"150\" height=\"150\" src=\"https:\/\/www.meinesuedstadt.de\/branchenverzeichnis\/wp-content\/uploads\/2010\/03\/Stadtrad-Meine-Suedstadt-Koeln-06-150x150.jpg\" class=\"attachment-thumbnail size-thumbnail\" alt=\"Stadtrad - Meine S\u00fcdstadt K\u00f6ln\" \/><\/a>\n\t\t\t<\/dt><\/dl><dl class='gallery-item'>\n\t\t\t<dt class='gallery-icon landscape'>\n\t\t\t\t<a href='https:\/\/www.meinesuedstadt.de\/branchenverzeichnis\/wp-content\/uploads\/2010\/03\/Stadtrad-Meine-Suedstadt-Koeln-05.jpg' title=\"\" data-rl_title=\"\" class=\"rl-gallery-link\" data-rl_caption=\"\" data-rel=\"lightbox-gallery-1\"><img loading=\"lazy\" decoding=\"async\" width=\"150\" height=\"150\" src=\"https:\/\/www.meinesuedstadt.de\/branchenverzeichnis\/wp-content\/uploads\/2010\/03\/Stadtrad-Meine-Suedstadt-Koeln-05-150x150.jpg\" class=\"attachment-thumbnail size-thumbnail\" alt=\"Stadtrad - Meine S\u00fcdstadt K\u00f6ln\" \/><\/a>\n\t\t\t<\/dt><\/dl><br style=\"clear: both\" \/>\n\t\t<\/div>\n\n<p>Vorne im Laden h\u00e4ngt eine Kopie von Fernand L\u00e9gers Gem\u00e4lde \u0084Hommage \u00e0 Louis David\u0093. \u0084Genau das sind wir\u0093, sagt Peter Dedenbach, \u0084ne Menge Leute sortiert mit Fahrr\u00e4dern\u0093. Man k\u00f6nnte auch sagen: Ne Menge Fahrr\u00e4der sortiert mit Leuten. Denn neben dem Reparaturservice bietet &#8222;Stadtrad&#8220; eine breite Auswahl an Fahrr\u00e4dern zum Verkauf. Schwerpunkt sind qualitativ hochwertige Stadt- und Reiser\u00e4der ab 500 Euro, doch hier lassen sich auch variable Tandems, Faltfahrr\u00e4der, elektrounterst\u00fctzte R\u00e4der, ultrabequeme Trikes (Dreir\u00e4der), Kinderfahrzeuge und Laufr\u00e4der erstehen. Daneben gibt es jede Menge Zubeh\u00f6r vom Fahrradanh\u00e4nger \u00fcber Helme, Lampen und Packtaschen bis hin zu \u00fcberaus diebstahlresistenten Schl\u00f6ssern aus Spezialstahl.<\/p>\n<p>Das &#8222;Stadtrad&#8220;-Team legt Wert auf individuelle Beratung, denn \u0084jedes Fahrrad muss angepasst sein an die Bed\u00fcrfnisse des Fahrers\u0093, sagt der Chef. Die engere Auswahl des Kunden darf und soll deshalb ausgiebig probegefahren werden. Erkl\u00e4rtes Ziel der gesamten Stadtrad-Belegschaft: Der netteste Fahrradh\u00e4ndler K\u00f6lns zu werden.<\/p>\n<p>Peter Dedenbach ist \u00fcbrigens auch umweltpolitisch aktiv. Er ist Mitorganisator der K\u00f6lner Fahrradsternfahrt, setzt sich f\u00fcr die Nutzung von \u00d6kostrom ein, unterst\u00fctzt mehrere alternative Handelszusammenschl\u00fcsse und Verkehrsclubs. Und wer nachweislich vom Auto aufs Fahrrad umsteigt, bekommt bei Fahrradneukauf von Stadtrad eine symbolische \u008450 Euro-Umstiegspr\u00e4mie\u0093.<\/p>\n","protected":false},"excerpt":{"rendered":"<p>Als 1994 in einem kleinen L\u00e4dchen auf der Teutoburger Stra\u00dfe &#8222;Stadtrad&#8220; er\u00f6ffnete, ahnte niemand, welch rasante Entwicklung dieses Gesch\u00e4ft nehmen w\u00fcrde. Im hinteren Bereich des gerade einmal 60 qm messenden Verkaufsraumes gab es eine kleine Werkstatt und zwei charmante Mitarbeiter, die unerm\u00fcdlich schraubten und reparierten, was ihnen unter die H\u00e4nde kam. Der sehr pers\u00f6nliche Service [&hellip;]<\/p>\n","protected":false},"author":2,"featured_media":2600,"comment_status":"open","ping_status":"open","sticky":false,"template":"single-partner.php","format":"standard","meta":{"_acf_changed":false,"footnotes":""},"categories":[226,319],"tags":[],"class_list":["post-461","post","type-post","status-publish","format-standard","has-post-thumbnail","hentry","category-fahrraeder","category-partner"],"acf":[],"yoast_head":"<!-- This site is optimized with the Yoast SEO plugin v27.4 - https:\/\/yoast.com\/product\/yoast-seo-wordpress\/ -->\n<title>Stadtrad - Service, Fahrrad - Meine S\u00fcdstadt<\/title>\n<meta name=\"robots\" content=\"index, follow, max-snippet:-1, max-image-preview:large, max-video-preview:-1\" \/>\n<link rel=\"canonical\" href=\"https:\/\/www.meinesuedstadt.de\/branchenverzeichnis\/stadtrad-service-fahrrad\/\" \/>\n<meta property=\"og:locale\" content=\"de_DE\" \/>\n<meta property=\"og:type\" content=\"article\" \/>\n<meta property=\"og:title\" content=\"Stadtrad - Service, Fahrrad - Meine S\u00fcdstadt\" \/>\n<meta property=\"og:description\" content=\"Als 1994 in einem kleinen L\u00e4dchen auf der Teutoburger Stra\u00dfe &#8222;Stadtrad&#8220; er\u00f6ffnete, ahnte niemand, welch rasante Entwicklung dieses Gesch\u00e4ft nehmen w\u00fcrde. Im hinteren Bereich des gerade einmal 60 qm messenden Verkaufsraumes gab es eine kleine Werkstatt und zwei charmante Mitarbeiter, die unerm\u00fcdlich schraubten und reparierten, was ihnen unter die H\u00e4nde kam. Der sehr pers\u00f6nliche Service [&hellip;]\" \/>\n<meta property=\"og:url\" content=\"https:\/\/www.meinesuedstadt.de\/branchenverzeichnis\/stadtrad-service-fahrrad\/\" \/>\n<meta property=\"og:site_name\" content=\"Meine S\u00fcdstadt\" \/>\n<meta property=\"article:publisher\" content=\"https:\/\/www.facebook.com\/Meinesuedstadt\/\" \/>\n<meta property=\"article:published_time\" content=\"2010-03-14T14:30:30+00:00\" \/>\n<meta property=\"article:modified_time\" content=\"2022-06-11T16:51:36+00:00\" \/>\n<meta property=\"og:image\" content=\"https:\/\/www.meinesuedstadt.de\/branchenverzeichnis\/wp-content\/uploads\/2010\/03\/Stadtrad-Meine-Suedstadt-Koeln-01.jpg\" \/>\n\t<meta property=\"og:image:width\" content=\"615\" \/>\n\t<meta property=\"og:image:height\" content=\"410\" \/>\n\t<meta property=\"og:image:type\" content=\"image\/jpeg\" \/>\n<meta name=\"author\" content=\"Mario Friese\" \/>\n<meta name=\"twitter:card\" content=\"summary_large_image\" \/>\n<meta name=\"twitter:creator\" content=\"@meinesuedstadt\" \/>\n<meta name=\"twitter:site\" content=\"@meinesuedstadt\" \/>\n<meta name=\"twitter:label1\" content=\"Verfasst von\" \/>\n\t<meta name=\"twitter:data1\" content=\"Mario Friese\" \/>\n\t<meta name=\"twitter:label2\" content=\"Gesch\u00e4tzte Lesezeit\" \/>\n\t<meta name=\"twitter:data2\" content=\"2\u00a0Minuten\" \/>\n<script type=\"application\/ld+json\" class=\"yoast-schema-graph\">{\"@context\":\"https:\\\/\\\/schema.org\",\"@graph\":[{\"@type\":\"Article\",\"@id\":\"https:\\\/\\\/www.meinesuedstadt.de\\\/branchenverzeichnis\\\/stadtrad-service-fahrrad\\\/#article\",\"isPartOf\":{\"@id\":\"https:\\\/\\\/www.meinesuedstadt.de\\\/branchenverzeichnis\\\/stadtrad-service-fahrrad\\\/\"},\"author\":{\"name\":\"Mario Friese\",\"@id\":\"https:\\\/\\\/www.meinesuedstadt.de\\\/branchenverzeichnis\\\/#\\\/schema\\\/person\\\/4974ccd0047c4bef2ea2271bc1b66e8d\"},\"headline\":\"Stadtrad &#8211; Service, Fahrrad\",\"datePublished\":\"2010-03-14T14:30:30+00:00\",\"dateModified\":\"2022-06-11T16:51:36+00:00\",\"mainEntityOfPage\":{\"@id\":\"https:\\\/\\\/www.meinesuedstadt.de\\\/branchenverzeichnis\\\/stadtrad-service-fahrrad\\\/\"},\"wordCount\":379,\"commentCount\":0,\"image\":{\"@id\":\"https:\\\/\\\/www.meinesuedstadt.de\\\/branchenverzeichnis\\\/stadtrad-service-fahrrad\\\/#primaryimage\"},\"thumbnailUrl\":\"https:\\\/\\\/www.meinesuedstadt.de\\\/branchenverzeichnis\\\/wp-content\\\/uploads\\\/2010\\\/03\\\/Stadtrad-Meine-Suedstadt-Koeln-01.jpg\",\"articleSection\":[\"Fahrr\u00e4der\",\"Partner\"],\"inLanguage\":\"de\",\"potentialAction\":[{\"@type\":\"CommentAction\",\"name\":\"Comment\",\"target\":[\"https:\\\/\\\/www.meinesuedstadt.de\\\/branchenverzeichnis\\\/stadtrad-service-fahrrad\\\/#respond\"]}]},{\"@type\":\"WebPage\",\"@id\":\"https:\\\/\\\/www.meinesuedstadt.de\\\/branchenverzeichnis\\\/stadtrad-service-fahrrad\\\/\",\"url\":\"https:\\\/\\\/www.meinesuedstadt.de\\\/branchenverzeichnis\\\/stadtrad-service-fahrrad\\\/\",\"name\":\"Stadtrad - Service, Fahrrad - Meine S\u00fcdstadt\",\"isPartOf\":{\"@id\":\"https:\\\/\\\/www.meinesuedstadt.de\\\/branchenverzeichnis\\\/#website\"},\"primaryImageOfPage\":{\"@id\":\"https:\\\/\\\/www.meinesuedstadt.de\\\/branchenverzeichnis\\\/stadtrad-service-fahrrad\\\/#primaryimage\"},\"image\":{\"@id\":\"https:\\\/\\\/www.meinesuedstadt.de\\\/branchenverzeichnis\\\/stadtrad-service-fahrrad\\\/#primaryimage\"},\"thumbnailUrl\":\"https:\\\/\\\/www.meinesuedstadt.de\\\/branchenverzeichnis\\\/wp-content\\\/uploads\\\/2010\\\/03\\\/Stadtrad-Meine-Suedstadt-Koeln-01.jpg\",\"datePublished\":\"2010-03-14T14:30:30+00:00\",\"dateModified\":\"2022-06-11T16:51:36+00:00\",\"author\":{\"@id\":\"https:\\\/\\\/www.meinesuedstadt.de\\\/branchenverzeichnis\\\/#\\\/schema\\\/person\\\/4974ccd0047c4bef2ea2271bc1b66e8d\"},\"breadcrumb\":{\"@id\":\"https:\\\/\\\/www.meinesuedstadt.de\\\/branchenverzeichnis\\\/stadtrad-service-fahrrad\\\/#breadcrumb\"},\"inLanguage\":\"de\",\"potentialAction\":[{\"@type\":\"ReadAction\",\"target\":[\"https:\\\/\\\/www.meinesuedstadt.de\\\/branchenverzeichnis\\\/stadtrad-service-fahrrad\\\/\"]}]},{\"@type\":\"ImageObject\",\"inLanguage\":\"de\",\"@id\":\"https:\\\/\\\/www.meinesuedstadt.de\\\/branchenverzeichnis\\\/stadtrad-service-fahrrad\\\/#primaryimage\",\"url\":\"https:\\\/\\\/www.meinesuedstadt.de\\\/branchenverzeichnis\\\/wp-content\\\/uploads\\\/2010\\\/03\\\/Stadtrad-Meine-Suedstadt-Koeln-01.jpg\",\"contentUrl\":\"https:\\\/\\\/www.meinesuedstadt.de\\\/branchenverzeichnis\\\/wp-content\\\/uploads\\\/2010\\\/03\\\/Stadtrad-Meine-Suedstadt-Koeln-01.jpg\",\"width\":615,\"height\":410,\"caption\":\"Stadtrad - Meine S\u00fcdstadt K\u00f6ln\"},{\"@type\":\"BreadcrumbList\",\"@id\":\"https:\\\/\\\/www.meinesuedstadt.de\\\/branchenverzeichnis\\\/stadtrad-service-fahrrad\\\/#breadcrumb\",\"itemListElement\":[{\"@type\":\"ListItem\",\"position\":1,\"name\":\"Startseite\",\"item\":\"https:\\\/\\\/www.meinesuedstadt.de\\\/branchenverzeichnis\\\/\"},{\"@type\":\"ListItem\",\"position\":2,\"name\":\"Stadtrad &#8211; Service, Fahrrad\"}]},{\"@type\":\"WebSite\",\"@id\":\"https:\\\/\\\/www.meinesuedstadt.de\\\/branchenverzeichnis\\\/#website\",\"url\":\"https:\\\/\\\/www.meinesuedstadt.de\\\/branchenverzeichnis\\\/\",\"name\":\"Meine S\u00fcdstadt\",\"description\":\"Branchenverzeichnis aus der S\u00fcdstadt K\u00f6lns\",\"potentialAction\":[{\"@type\":\"SearchAction\",\"target\":{\"@type\":\"EntryPoint\",\"urlTemplate\":\"https:\\\/\\\/www.meinesuedstadt.de\\\/branchenverzeichnis\\\/?s={search_term_string}\"},\"query-input\":{\"@type\":\"PropertyValueSpecification\",\"valueRequired\":true,\"valueName\":\"search_term_string\"}}],\"inLanguage\":\"de\"},{\"@type\":\"Person\",\"@id\":\"https:\\\/\\\/www.meinesuedstadt.de\\\/branchenverzeichnis\\\/#\\\/schema\\\/person\\\/4974ccd0047c4bef2ea2271bc1b66e8d\",\"name\":\"Mario Friese\",\"image\":{\"@type\":\"ImageObject\",\"inLanguage\":\"de\",\"@id\":\"https:\\\/\\\/secure.gravatar.com\\\/avatar\\\/38afb5244388eb07856f264e0b17f6d56309e4e5bba4ea1716b6dadd14a2aab0?s=96&d=mm&r=g\",\"url\":\"https:\\\/\\\/secure.gravatar.com\\\/avatar\\\/38afb5244388eb07856f264e0b17f6d56309e4e5bba4ea1716b6dadd14a2aab0?s=96&d=mm&r=g\",\"contentUrl\":\"https:\\\/\\\/secure.gravatar.com\\\/avatar\\\/38afb5244388eb07856f264e0b17f6d56309e4e5bba4ea1716b6dadd14a2aab0?s=96&d=mm&r=g\",\"caption\":\"Mario Friese\"},\"sameAs\":[\"https:\\\/\\\/fgrepublik.com\"]}]}<\/script>\n<!-- \/ Yoast SEO plugin. -->","yoast_head_json":{"title":"Stadtrad - Service, Fahrrad - Meine S\u00fcdstadt","robots":{"index":"index","follow":"follow","max-snippet":"max-snippet:-1","max-image-preview":"max-image-preview:large","max-video-preview":"max-video-preview:-1"},"canonical":"https:\/\/www.meinesuedstadt.de\/branchenverzeichnis\/stadtrad-service-fahrrad\/","og_locale":"de_DE","og_type":"article","og_title":"Stadtrad - Service, Fahrrad - Meine S\u00fcdstadt","og_description":"Als 1994 in einem kleinen L\u00e4dchen auf der Teutoburger Stra\u00dfe &#8222;Stadtrad&#8220; er\u00f6ffnete, ahnte niemand, welch rasante Entwicklung dieses Gesch\u00e4ft nehmen w\u00fcrde. Im hinteren Bereich des gerade einmal 60 qm messenden Verkaufsraumes gab es eine kleine Werkstatt und zwei charmante Mitarbeiter, die unerm\u00fcdlich schraubten und reparierten, was ihnen unter die H\u00e4nde kam. Der sehr pers\u00f6nliche Service [&hellip;]","og_url":"https:\/\/www.meinesuedstadt.de\/branchenverzeichnis\/stadtrad-service-fahrrad\/","og_site_name":"Meine S\u00fcdstadt","article_publisher":"https:\/\/www.facebook.com\/Meinesuedstadt\/","article_published_time":"2010-03-14T14:30:30+00:00","article_modified_time":"2022-06-11T16:51:36+00:00","og_image":[{"width":615,"height":410,"url":"https:\/\/www.meinesuedstadt.de\/branchenverzeichnis\/wp-content\/uploads\/2010\/03\/Stadtrad-Meine-Suedstadt-Koeln-01.jpg","type":"image\/jpeg"}],"author":"Mario Friese","twitter_card":"summary_large_image","twitter_creator":"@meinesuedstadt","twitter_site":"@meinesuedstadt","twitter_misc":{"Verfasst von":"Mario Friese","Gesch\u00e4tzte Lesezeit":"2\u00a0Minuten"},"schema":{"@context":"https:\/\/schema.org","@graph":[{"@type":"Article","@id":"https:\/\/www.meinesuedstadt.de\/branchenverzeichnis\/stadtrad-service-fahrrad\/#article","isPartOf":{"@id":"https:\/\/www.meinesuedstadt.de\/branchenverzeichnis\/stadtrad-service-fahrrad\/"},"author":{"name":"Mario Friese","@id":"https:\/\/www.meinesuedstadt.de\/branchenverzeichnis\/#\/schema\/person\/4974ccd0047c4bef2ea2271bc1b66e8d"},"headline":"Stadtrad &#8211; Service, Fahrrad","datePublished":"2010-03-14T14:30:30+00:00","dateModified":"2022-06-11T16:51:36+00:00","mainEntityOfPage":{"@id":"https:\/\/www.meinesuedstadt.de\/branchenverzeichnis\/stadtrad-service-fahrrad\/"},"wordCount":379,"commentCount":0,"image":{"@id":"https:\/\/www.meinesuedstadt.de\/branchenverzeichnis\/stadtrad-service-fahrrad\/#primaryimage"},"thumbnailUrl":"https:\/\/www.meinesuedstadt.de\/branchenverzeichnis\/wp-content\/uploads\/2010\/03\/Stadtrad-Meine-Suedstadt-Koeln-01.jpg","articleSection":["Fahrr\u00e4der","Partner"],"inLanguage":"de","potentialAction":[{"@type":"CommentAction","name":"Comment","target":["https:\/\/www.meinesuedstadt.de\/branchenverzeichnis\/stadtrad-service-fahrrad\/#respond"]}]},{"@type":"WebPage","@id":"https:\/\/www.meinesuedstadt.de\/branchenverzeichnis\/stadtrad-service-fahrrad\/","url":"https:\/\/www.meinesuedstadt.de\/branchenverzeichnis\/stadtrad-service-fahrrad\/","name":"Stadtrad - Service, Fahrrad - Meine S\u00fcdstadt","isPartOf":{"@id":"https:\/\/www.meinesuedstadt.de\/branchenverzeichnis\/#website"},"primaryImageOfPage":{"@id":"https:\/\/www.meinesuedstadt.de\/branchenverzeichnis\/stadtrad-service-fahrrad\/#primaryimage"},"image":{"@id":"https:\/\/www.meinesuedstadt.de\/branchenverzeichnis\/stadtrad-service-fahrrad\/#primaryimage"},"thumbnailUrl":"https:\/\/www.meinesuedstadt.de\/branchenverzeichnis\/wp-content\/uploads\/2010\/03\/Stadtrad-Meine-Suedstadt-Koeln-01.jpg","datePublished":"2010-03-14T14:30:30+00:00","dateModified":"2022-06-11T16:51:36+00:00","author":{"@id":"https:\/\/www.meinesuedstadt.de\/branchenverzeichnis\/#\/schema\/person\/4974ccd0047c4bef2ea2271bc1b66e8d"},"breadcrumb":{"@id":"https:\/\/www.meinesuedstadt.de\/branchenverzeichnis\/stadtrad-service-fahrrad\/#breadcrumb"},"inLanguage":"de","potentialAction":[{"@type":"ReadAction","target":["https:\/\/www.meinesuedstadt.de\/branchenverzeichnis\/stadtrad-service-fahrrad\/"]}]},{"@type":"ImageObject","inLanguage":"de","@id":"https:\/\/www.meinesuedstadt.de\/branchenverzeichnis\/stadtrad-service-fahrrad\/#primaryimage","url":"https:\/\/www.meinesuedstadt.de\/branchenverzeichnis\/wp-content\/uploads\/2010\/03\/Stadtrad-Meine-Suedstadt-Koeln-01.jpg","contentUrl":"https:\/\/www.meinesuedstadt.de\/branchenverzeichnis\/wp-content\/uploads\/2010\/03\/Stadtrad-Meine-Suedstadt-Koeln-01.jpg","width":615,"height":410,"caption":"Stadtrad - Meine S\u00fcdstadt K\u00f6ln"},{"@type":"BreadcrumbList","@id":"https:\/\/www.meinesuedstadt.de\/branchenverzeichnis\/stadtrad-service-fahrrad\/#breadcrumb","itemListElement":[{"@type":"ListItem","position":1,"name":"Startseite","item":"https:\/\/www.meinesuedstadt.de\/branchenverzeichnis\/"},{"@type":"ListItem","position":2,"name":"Stadtrad &#8211; Service, Fahrrad"}]},{"@type":"WebSite","@id":"https:\/\/www.meinesuedstadt.de\/branchenverzeichnis\/#website","url":"https:\/\/www.meinesuedstadt.de\/branchenverzeichnis\/","name":"Meine S\u00fcdstadt","description":"Branchenverzeichnis aus der S\u00fcdstadt K\u00f6lns","potentialAction":[{"@type":"SearchAction","target":{"@type":"EntryPoint","urlTemplate":"https:\/\/www.meinesuedstadt.de\/branchenverzeichnis\/?s={search_term_string}"},"query-input":{"@type":"PropertyValueSpecification","valueRequired":true,"valueName":"search_term_string"}}],"inLanguage":"de"},{"@type":"Person","@id":"https:\/\/www.meinesuedstadt.de\/branchenverzeichnis\/#\/schema\/person\/4974ccd0047c4bef2ea2271bc1b66e8d","name":"Mario Friese","image":{"@type":"ImageObject","inLanguage":"de","@id":"https:\/\/secure.gravatar.com\/avatar\/38afb5244388eb07856f264e0b17f6d56309e4e5bba4ea1716b6dadd14a2aab0?s=96&d=mm&r=g","url":"https:\/\/secure.gravatar.com\/avatar\/38afb5244388eb07856f264e0b17f6d56309e4e5bba4ea1716b6dadd14a2aab0?s=96&d=mm&r=g","contentUrl":"https:\/\/secure.gravatar.com\/avatar\/38afb5244388eb07856f264e0b17f6d56309e4e5bba4ea1716b6dadd14a2aab0?s=96&d=mm&r=g","caption":"Mario Friese"},"sameAs":["https:\/\/fgrepublik.com"]}]}},"priority":"1","metaAddress":"Bonner Stra\u00dfe 53-63 , 50677 K\u00f6ln","_links":{"self":[{"href":"https:\/\/www.meinesuedstadt.de\/branchenverzeichnis\/wp-json\/wp\/v2\/posts\/461","targetHints":{"allow":["GET"]}}],"collection":[{"href":"https:\/\/www.meinesuedstadt.de\/branchenverzeichnis\/wp-json\/wp\/v2\/posts"}],"about":[{"href":"https:\/\/www.meinesuedstadt.de\/branchenverzeichnis\/wp-json\/wp\/v2\/types\/post"}],"author":[{"embeddable":true,"href":"https:\/\/www.meinesuedstadt.de\/branchenverzeichnis\/wp-json\/wp\/v2\/users\/2"}],"replies":[{"embeddable":true,"href":"https:\/\/www.meinesuedstadt.de\/branchenverzeichnis\/wp-json\/wp\/v2\/comments?post=461"}],"version-history":[{"count":13,"href":"https:\/\/www.meinesuedstadt.de\/branchenverzeichnis\/wp-json\/wp\/v2\/posts\/461\/revisions"}],"predecessor-version":[{"id":4979,"href":"https:\/\/www.meinesuedstadt.de\/branchenverzeichnis\/wp-json\/wp\/v2\/posts\/461\/revisions\/4979"}],"wp:featuredmedia":[{"embeddable":true,"href":"https:\/\/www.meinesuedstadt.de\/branchenverzeichnis\/wp-json\/wp\/v2\/media\/2600"}],"wp:attachment":[{"href":"https:\/\/www.meinesuedstadt.de\/branchenverzeichnis\/wp-json\/wp\/v2\/media?parent=461"}],"wp:term":[{"taxonomy":"category","embeddable":true,"href":"https:\/\/www.meinesuedstadt.de\/branchenverzeichnis\/wp-json\/wp\/v2\/categories?post=461"},{"taxonomy":"post_tag","embeddable":true,"href":"https:\/\/www.meinesuedstadt.de\/branchenverzeichnis\/wp-json\/wp\/v2\/tags?post=461"}],"curies":[{"name":"wp","href":"https:\/\/api.w.org\/{rel}","templated":true}]}}