{"id":4613,"date":"2020-11-09T19:53:14","date_gmt":"2020-11-09T18:53:14","guid":{"rendered":"https:\/\/www.meinesuedstadt.de\/branchenverzeichnis\/?p=4613"},"modified":"2025-04-13T21:15:12","modified_gmt":"2025-04-13T19:15:12","slug":"stadtgeschichten-koeln-besondere-stadtteilfuehrungen","status":"publish","type":"post","link":"https:\/\/www.meinesuedstadt.de\/branchenverzeichnis\/stadtgeschichten-koeln-besondere-stadtteilfuehrungen\/","title":{"rendered":"Stadtgeschichten K\u00f6ln &#8211; Besondere Stadtteilf\u00fchrungen"},"content":{"rendered":"<h2>Kulinarische Stadtf\u00fchrungen durch die S\u00fcdstadt mit Jev\u00f6hl und k\u00f6lsche H\u00e4tz<\/h2>\n<p>Ihr wollt die S\u00fcdstadt mal aus einem anderen Blickwinkel erkunden und dabei noch viele besondere, spannende oder witzige Geschichten h\u00f6ren? Schon immer habt Ihr Euch gefragt, welche Bedeutung die l\u00e4chelnde Bronze-Frau auf dem Severinskirchplatz hat oder was fr\u00fcher im Kart\u00e4userkloster passierte? Und wer war eigentlich Karl Berbuer, und warum wurde nach ihm ein Platz benannt? Antworten bekommt Ihr von Christine Schauerte und ihren geschulten und zertifizierten Guides, alles Vollblut-K\u00f6lner, von Stadtgeschichten K\u00f6ln.<\/p>\n<h3>Faszination f\u00fcr Geschichte<\/h3>\n<p><img loading=\"lazy\" decoding=\"async\" class=\"size-full wp-image-5871 alignleft\" src=\"https:\/\/www.meinesuedstadt.de\/branchenverzeichnis\/wp-content\/uploads\/2024\/08\/easter-nest-2164824_1280-2.jpg\" alt=\"\" width=\"300\" height=\"230\" \/>Christine Schauerte ist leidenschaftliche Stadtf\u00fchrerin und bringt inzwischen seit 18 Jahren Einheimischen und K\u00f6lnbesucher:innen die Geschichte(n) unserer Stadt und K\u00f6lsches Lebensgef\u00fchl mit Humor und k\u00f6lsche H\u00e4tz n\u00e4her. Die studierte und begeisterte Historikerin war bereits als kleines Kind von der K\u00f6lner Geschichte fasziniert und wollte schon fr\u00fch erkunden, wie die Menschen in der Vergangenheit in K\u00f6ln lebten, liebten und dachten. Ihre Passion machte sie zu ihrem Beruf, sie lebt die Geschichte ihrer Heimatstadt. Schon w\u00e4hrend ihres Studiums der Alten Geschichte, des Mittelalters, der Neuzeit &amp; der Italienischen Philologie kreierte sie die ersten K\u00f6lner Stadtf\u00fchrungen, die die Basis f\u00fcr inzwischen fast 60 verschiedene Touren in fast allen Stadtteilen bildeten.<\/p>\n<h3>K\u00f6lsche Lebensart und Frohsinn des Rheinl\u00e4nders bilden Fundament f\u00fcr eine\u00a0gelungene Stadtf\u00fchrung<\/h3>\n<p>Ob zu T\u00fcnnes und Sch\u00e4l, dem von vielen geliebten K\u00f6lsch, dem weltweit bekannten K\u00f6lner Karneval, Kl\u00fcngel oder FC- in den Stadtf\u00fchrungen von Christine Schauerte bekommt Ihr Insider-Wissen, das in keinem Buch steht.<\/p>\n<h3>Stadtgeschichten K\u00f6ln &#8211; die S\u00fcdstadt mit Genuss erkunden<\/h3>\n<p>Was gibt es Sch\u00f6neres, den Nachmittag mitten im Samstags-Gewusel der S\u00fcdstadt zu verleben und dabei fesselnden und erstaunlich tollen Geschichten \u00fcber unser Veedel zu lauschen? Nach einem Begr\u00fc\u00dfungs-Prosecco am Treffpunkt am St. Katharinen (Weberschiffchenbrunnen) f\u00fchrt Euch die Cologne Food Tour durch die sch\u00f6nen G\u00e4sschen des Vringsveedel bis zum wundersch\u00f6nen Kart\u00e4userkloster. Unterwegs kostet Ihr bei f\u00fcnf sogenannten Food-Partnern verschiedene Gen\u00fcsse, die von Tour zu Tour wechseln k\u00f6nnen. Hier k\u00f6nnt Ihr Euch mit kleinen Leckereien und\/oder erfrischenden Getr\u00e4nken st\u00e4rken und gleichzeitig Pers\u00f6nlichkeiten &amp; Kuriosit\u00e4ten aus K\u00f6lner Traditionsbetrieben kennenlernen. Ein gem\u00fctliches Ende findet die spannende Tour in der Elsa, wo Ihr Euch \u00fcber das Erlebte und Neu-Gelernte austauschen k\u00f6nnt. Wissbegierige Nimmersatts werden hier noch ihre letzten Fragen los.<\/p>\n<h3>Weintour durchs Veedel: Kulinarisch-kultureller Mix<\/h3>\n<p>Weinliebhabern und Fans des Rebensaftes sei die Weintour mit 4 Wein-Stopps und einem Winzerimbiss ans Herz gelegt. Denn schon Goethe, Voltaire oder Shakespeare waren dem Wein verfallen. Die Weintour durch die S\u00fcdstadt ist gespickt mit am\u00fcsanten &amp; vollmundigen Geschichten. W\u00e4hrenddessen k\u00f6nnt Ihr mindestens vier verschiedene Weine probieren. Dabei werdet Ihr von der echt k\u00f6lschen Weinkennerin, Stadtf\u00fchrerin und Sommeliere Brigitte Jankevicz begleitet und in die Welt des Rebensaftes entf\u00fchrt. Die Tour startet am Bayenturm, dauert ca. 2 Stunden und endet mit einer gem\u00fctlichen Einkehr mit Tapas im Turista an der Severinstorburg.\u2028Hier\u00a0kommt Ihr zur Buchung!<\/p>\n<h3>Nippes statt Napoli \u2013 Ehrenfeld statt Amazonas<\/h3>\n<p>W\u00e4hrend der Corona-Pandemie, als unser allseits beliebtes Reisen sehr eingeschr\u00e4nkt war, hat Christine Schauerte neue Stadtteiltouren kreiert, die Euch auch ein Urlaubsfeeling in der eigenen Stadt vermitteln sollen. So lernt Ihr zum Beispiel die besondere Exotik Ehrenfelds kennen, die einer einzigartigen Mischung aus Industrie-Flair, Street Art und suburbanem Chic entspringt.\u00a0Die Stadtteiltour durch das lebhafte Nippes mit seinen vielen kleinen Gesch\u00e4ften, einer sch\u00f6nen Einkaufsmeile und dem wuseligen Wochenmarkt bringt Euch das mediterrane Flair n\u00e4her. Also, wozu in die Ferne schweifen?<\/p>\n<h3>Findet die ideale und passende Stadtf\u00fchrung<\/h3>\n<p>Auf der Internetseite findet Ihr eine gro\u00dfe Zahl an \u00f6ffentlichen Stadtf\u00fchrungen, an denen Ihr nach vorheriger Anmeldung als Einzelperson bzw. Paar oder Kleingruppen teilnehmen k\u00f6nnt. Christine bietet aber auch individuelle Gruppenf\u00fchrungen mit Wunschtermin quer durch die K\u00f6lner Veedel an. So k\u00f6nnt Ihr nach Herzenslust f\u00fcr Euch und Eure G\u00e4ste ein besonderes Event planen. Das Team von Stadtgeschichten K\u00f6ln schn\u00fcrt Euch gerne f\u00fcr Euren besonderen Anlass wie Geburtstag, Jubil\u00e4um, Weihnachtsfeier, Tauffeier o.\u00e4. ein ganz individuelles und spannendes K\u00f6ln-Paket. Angeboten werden unter anderem besondere Touren wie die K\u00f6lner F\u00fchrung Tod und Teufel nach dem Roman von S\u00fcdstadtb\u00fcrger Frank Sch\u00e4tzing, Sex and Crime, das K\u00f6lner Kneipenquiz, die Technik der Antike, die Delikatessen Tour sowie K\u00f6lner Kaffeeklatsch. Christiene organisiert auch spezielle Stadtrallyes oder aufregende F\u00fchrungen durch das n\u00e4chtliche K\u00f6ln f\u00fcr Euch.<\/p>\n","protected":false},"excerpt":{"rendered":"<p>Kulinarische Stadtf\u00fchrungen durch die S\u00fcdstadt mit Jev\u00f6hl und k\u00f6lsche H\u00e4tz Ihr wollt die S\u00fcdstadt mal aus einem anderen Blickwinkel erkunden und dabei noch viele besondere, spannende oder witzige Geschichten h\u00f6ren? Schon immer habt Ihr Euch gefragt, welche Bedeutung die l\u00e4chelnde Bronze-Frau auf dem Severinskirchplatz hat oder was fr\u00fcher im Kart\u00e4userkloster passierte? Und wer war eigentlich [&hellip;]<\/p>\n","protected":false},"author":1,"featured_media":4619,"comment_status":"open","ping_status":"open","sticky":false,"template":"single-partner.php","format":"standard","meta":{"_acf_changed":false,"footnotes":""},"categories":[319,363],"tags":[364,365],"class_list":["post-4613","post","type-post","status-publish","format-standard","has-post-thumbnail","hentry","category-partner","category-touren","tag-koeln","tag-stadtgeschichte"],"acf":[],"yoast_head":"<!-- This site is optimized with the Yoast SEO plugin v27.4 - https:\/\/yoast.com\/product\/yoast-seo-wordpress\/ -->\n<title>Stadtgeschichten K\u00f6ln - Besondere Stadtteilf\u00fchrungen - Meine S\u00fcdstadt<\/title>\n<meta name=\"robots\" content=\"index, follow, max-snippet:-1, max-image-preview:large, max-video-preview:-1\" \/>\n<link rel=\"canonical\" href=\"https:\/\/www.meinesuedstadt.de\/branchenverzeichnis\/stadtgeschichten-koeln-besondere-stadtteilfuehrungen\/\" \/>\n<meta property=\"og:locale\" content=\"de_DE\" \/>\n<meta property=\"og:type\" content=\"article\" \/>\n<meta property=\"og:title\" content=\"Stadtgeschichten K\u00f6ln - Besondere Stadtteilf\u00fchrungen - Meine S\u00fcdstadt\" \/>\n<meta property=\"og:description\" content=\"Kulinarische Stadtf\u00fchrungen durch die S\u00fcdstadt mit Jev\u00f6hl und k\u00f6lsche H\u00e4tz Ihr wollt die S\u00fcdstadt mal aus einem anderen Blickwinkel erkunden und dabei noch viele besondere, spannende oder witzige Geschichten h\u00f6ren? Schon immer habt Ihr Euch gefragt, welche Bedeutung die l\u00e4chelnde Bronze-Frau auf dem Severinskirchplatz hat oder was fr\u00fcher im Kart\u00e4userkloster passierte? Und wer war eigentlich [&hellip;]\" \/>\n<meta property=\"og:url\" content=\"https:\/\/www.meinesuedstadt.de\/branchenverzeichnis\/stadtgeschichten-koeln-besondere-stadtteilfuehrungen\/\" \/>\n<meta property=\"og:site_name\" content=\"Meine S\u00fcdstadt\" \/>\n<meta property=\"article:publisher\" content=\"https:\/\/www.facebook.com\/Meinesuedstadt\/\" \/>\n<meta property=\"article:published_time\" content=\"2020-11-09T18:53:14+00:00\" \/>\n<meta property=\"article:modified_time\" content=\"2025-04-13T19:15:12+00:00\" \/>\n<meta property=\"og:image\" content=\"https:\/\/www.meinesuedstadt.de\/branchenverzeichnis\/wp-content\/uploads\/2020\/11\/StSeverin.jpg\" \/>\n\t<meta property=\"og:image:width\" content=\"1200\" \/>\n\t<meta property=\"og:image:height\" content=\"800\" \/>\n\t<meta property=\"og:image:type\" content=\"image\/jpeg\" \/>\n<meta name=\"author\" content=\"Marc\" \/>\n<meta name=\"twitter:card\" content=\"summary_large_image\" \/>\n<meta name=\"twitter:creator\" content=\"@meinesuedstadt\" \/>\n<meta name=\"twitter:site\" content=\"@meinesuedstadt\" \/>\n<meta name=\"twitter:label1\" content=\"Verfasst von\" \/>\n\t<meta name=\"twitter:data1\" content=\"Marc\" \/>\n\t<meta name=\"twitter:label2\" content=\"Gesch\u00e4tzte Lesezeit\" \/>\n\t<meta name=\"twitter:data2\" content=\"5\u00a0Minuten\" \/>\n<script type=\"application\/ld+json\" class=\"yoast-schema-graph\">{\"@context\":\"https:\\\/\\\/schema.org\",\"@graph\":[{\"@type\":\"Article\",\"@id\":\"https:\\\/\\\/www.meinesuedstadt.de\\\/branchenverzeichnis\\\/stadtgeschichten-koeln-besondere-stadtteilfuehrungen\\\/#article\",\"isPartOf\":{\"@id\":\"https:\\\/\\\/www.meinesuedstadt.de\\\/branchenverzeichnis\\\/stadtgeschichten-koeln-besondere-stadtteilfuehrungen\\\/\"},\"author\":{\"name\":\"Marc\",\"@id\":\"https:\\\/\\\/www.meinesuedstadt.de\\\/branchenverzeichnis\\\/#\\\/schema\\\/person\\\/df73e08894e3203e649ce887c53879e6\"},\"headline\":\"Stadtgeschichten K\u00f6ln &#8211; Besondere Stadtteilf\u00fchrungen\",\"datePublished\":\"2020-11-09T18:53:14+00:00\",\"dateModified\":\"2025-04-13T19:15:12+00:00\",\"mainEntityOfPage\":{\"@id\":\"https:\\\/\\\/www.meinesuedstadt.de\\\/branchenverzeichnis\\\/stadtgeschichten-koeln-besondere-stadtteilfuehrungen\\\/\"},\"wordCount\":780,\"commentCount\":0,\"image\":{\"@id\":\"https:\\\/\\\/www.meinesuedstadt.de\\\/branchenverzeichnis\\\/stadtgeschichten-koeln-besondere-stadtteilfuehrungen\\\/#primaryimage\"},\"thumbnailUrl\":\"https:\\\/\\\/www.meinesuedstadt.de\\\/branchenverzeichnis\\\/wp-content\\\/uploads\\\/2020\\\/11\\\/StSeverin.jpg\",\"keywords\":[\"K\u00f6ln\",\"Stadtgeschichte\"],\"articleSection\":[\"Partner\",\"Touren\"],\"inLanguage\":\"de\",\"potentialAction\":[{\"@type\":\"CommentAction\",\"name\":\"Comment\",\"target\":[\"https:\\\/\\\/www.meinesuedstadt.de\\\/branchenverzeichnis\\\/stadtgeschichten-koeln-besondere-stadtteilfuehrungen\\\/#respond\"]}]},{\"@type\":\"WebPage\",\"@id\":\"https:\\\/\\\/www.meinesuedstadt.de\\\/branchenverzeichnis\\\/stadtgeschichten-koeln-besondere-stadtteilfuehrungen\\\/\",\"url\":\"https:\\\/\\\/www.meinesuedstadt.de\\\/branchenverzeichnis\\\/stadtgeschichten-koeln-besondere-stadtteilfuehrungen\\\/\",\"name\":\"Stadtgeschichten K\u00f6ln - Besondere Stadtteilf\u00fchrungen - Meine S\u00fcdstadt\",\"isPartOf\":{\"@id\":\"https:\\\/\\\/www.meinesuedstadt.de\\\/branchenverzeichnis\\\/#website\"},\"primaryImageOfPage\":{\"@id\":\"https:\\\/\\\/www.meinesuedstadt.de\\\/branchenverzeichnis\\\/stadtgeschichten-koeln-besondere-stadtteilfuehrungen\\\/#primaryimage\"},\"image\":{\"@id\":\"https:\\\/\\\/www.meinesuedstadt.de\\\/branchenverzeichnis\\\/stadtgeschichten-koeln-besondere-stadtteilfuehrungen\\\/#primaryimage\"},\"thumbnailUrl\":\"https:\\\/\\\/www.meinesuedstadt.de\\\/branchenverzeichnis\\\/wp-content\\\/uploads\\\/2020\\\/11\\\/StSeverin.jpg\",\"datePublished\":\"2020-11-09T18:53:14+00:00\",\"dateModified\":\"2025-04-13T19:15:12+00:00\",\"author\":{\"@id\":\"https:\\\/\\\/www.meinesuedstadt.de\\\/branchenverzeichnis\\\/#\\\/schema\\\/person\\\/df73e08894e3203e649ce887c53879e6\"},\"breadcrumb\":{\"@id\":\"https:\\\/\\\/www.meinesuedstadt.de\\\/branchenverzeichnis\\\/stadtgeschichten-koeln-besondere-stadtteilfuehrungen\\\/#breadcrumb\"},\"inLanguage\":\"de\",\"potentialAction\":[{\"@type\":\"ReadAction\",\"target\":[\"https:\\\/\\\/www.meinesuedstadt.de\\\/branchenverzeichnis\\\/stadtgeschichten-koeln-besondere-stadtteilfuehrungen\\\/\"]}]},{\"@type\":\"ImageObject\",\"inLanguage\":\"de\",\"@id\":\"https:\\\/\\\/www.meinesuedstadt.de\\\/branchenverzeichnis\\\/stadtgeschichten-koeln-besondere-stadtteilfuehrungen\\\/#primaryimage\",\"url\":\"https:\\\/\\\/www.meinesuedstadt.de\\\/branchenverzeichnis\\\/wp-content\\\/uploads\\\/2020\\\/11\\\/StSeverin.jpg\",\"contentUrl\":\"https:\\\/\\\/www.meinesuedstadt.de\\\/branchenverzeichnis\\\/wp-content\\\/uploads\\\/2020\\\/11\\\/StSeverin.jpg\",\"width\":1200,\"height\":800},{\"@type\":\"BreadcrumbList\",\"@id\":\"https:\\\/\\\/www.meinesuedstadt.de\\\/branchenverzeichnis\\\/stadtgeschichten-koeln-besondere-stadtteilfuehrungen\\\/#breadcrumb\",\"itemListElement\":[{\"@type\":\"ListItem\",\"position\":1,\"name\":\"Startseite\",\"item\":\"https:\\\/\\\/www.meinesuedstadt.de\\\/branchenverzeichnis\\\/\"},{\"@type\":\"ListItem\",\"position\":2,\"name\":\"Stadtgeschichten K\u00f6ln &#8211; Besondere Stadtteilf\u00fchrungen\"}]},{\"@type\":\"WebSite\",\"@id\":\"https:\\\/\\\/www.meinesuedstadt.de\\\/branchenverzeichnis\\\/#website\",\"url\":\"https:\\\/\\\/www.meinesuedstadt.de\\\/branchenverzeichnis\\\/\",\"name\":\"Meine S\u00fcdstadt\",\"description\":\"Branchenverzeichnis aus der S\u00fcdstadt K\u00f6lns\",\"potentialAction\":[{\"@type\":\"SearchAction\",\"target\":{\"@type\":\"EntryPoint\",\"urlTemplate\":\"https:\\\/\\\/www.meinesuedstadt.de\\\/branchenverzeichnis\\\/?s={search_term_string}\"},\"query-input\":{\"@type\":\"PropertyValueSpecification\",\"valueRequired\":true,\"valueName\":\"search_term_string\"}}],\"inLanguage\":\"de\"},{\"@type\":\"Person\",\"@id\":\"https:\\\/\\\/www.meinesuedstadt.de\\\/branchenverzeichnis\\\/#\\\/schema\\\/person\\\/df73e08894e3203e649ce887c53879e6\",\"name\":\"Marc\",\"image\":{\"@type\":\"ImageObject\",\"inLanguage\":\"de\",\"@id\":\"https:\\\/\\\/secure.gravatar.com\\\/avatar\\\/52a7b1af8c6bec0c7610caeb3f07524158e91860385b47de97035252c88fb0ba?s=96&d=mm&r=g\",\"url\":\"https:\\\/\\\/secure.gravatar.com\\\/avatar\\\/52a7b1af8c6bec0c7610caeb3f07524158e91860385b47de97035252c88fb0ba?s=96&d=mm&r=g\",\"contentUrl\":\"https:\\\/\\\/secure.gravatar.com\\\/avatar\\\/52a7b1af8c6bec0c7610caeb3f07524158e91860385b47de97035252c88fb0ba?s=96&d=mm&r=g\",\"caption\":\"Marc\"}}]}<\/script>\n<!-- \/ Yoast SEO plugin. -->","yoast_head_json":{"title":"Stadtgeschichten K\u00f6ln - Besondere Stadtteilf\u00fchrungen - Meine S\u00fcdstadt","robots":{"index":"index","follow":"follow","max-snippet":"max-snippet:-1","max-image-preview":"max-image-preview:large","max-video-preview":"max-video-preview:-1"},"canonical":"https:\/\/www.meinesuedstadt.de\/branchenverzeichnis\/stadtgeschichten-koeln-besondere-stadtteilfuehrungen\/","og_locale":"de_DE","og_type":"article","og_title":"Stadtgeschichten K\u00f6ln - Besondere Stadtteilf\u00fchrungen - Meine S\u00fcdstadt","og_description":"Kulinarische Stadtf\u00fchrungen durch die S\u00fcdstadt mit Jev\u00f6hl und k\u00f6lsche H\u00e4tz Ihr wollt die S\u00fcdstadt mal aus einem anderen Blickwinkel erkunden und dabei noch viele besondere, spannende oder witzige Geschichten h\u00f6ren? Schon immer habt Ihr Euch gefragt, welche Bedeutung die l\u00e4chelnde Bronze-Frau auf dem Severinskirchplatz hat oder was fr\u00fcher im Kart\u00e4userkloster passierte? Und wer war eigentlich [&hellip;]","og_url":"https:\/\/www.meinesuedstadt.de\/branchenverzeichnis\/stadtgeschichten-koeln-besondere-stadtteilfuehrungen\/","og_site_name":"Meine S\u00fcdstadt","article_publisher":"https:\/\/www.facebook.com\/Meinesuedstadt\/","article_published_time":"2020-11-09T18:53:14+00:00","article_modified_time":"2025-04-13T19:15:12+00:00","og_image":[{"width":1200,"height":800,"url":"https:\/\/www.meinesuedstadt.de\/branchenverzeichnis\/wp-content\/uploads\/2020\/11\/StSeverin.jpg","type":"image\/jpeg"}],"author":"Marc","twitter_card":"summary_large_image","twitter_creator":"@meinesuedstadt","twitter_site":"@meinesuedstadt","twitter_misc":{"Verfasst von":"Marc","Gesch\u00e4tzte Lesezeit":"5\u00a0Minuten"},"schema":{"@context":"https:\/\/schema.org","@graph":[{"@type":"Article","@id":"https:\/\/www.meinesuedstadt.de\/branchenverzeichnis\/stadtgeschichten-koeln-besondere-stadtteilfuehrungen\/#article","isPartOf":{"@id":"https:\/\/www.meinesuedstadt.de\/branchenverzeichnis\/stadtgeschichten-koeln-besondere-stadtteilfuehrungen\/"},"author":{"name":"Marc","@id":"https:\/\/www.meinesuedstadt.de\/branchenverzeichnis\/#\/schema\/person\/df73e08894e3203e649ce887c53879e6"},"headline":"Stadtgeschichten K\u00f6ln &#8211; Besondere Stadtteilf\u00fchrungen","datePublished":"2020-11-09T18:53:14+00:00","dateModified":"2025-04-13T19:15:12+00:00","mainEntityOfPage":{"@id":"https:\/\/www.meinesuedstadt.de\/branchenverzeichnis\/stadtgeschichten-koeln-besondere-stadtteilfuehrungen\/"},"wordCount":780,"commentCount":0,"image":{"@id":"https:\/\/www.meinesuedstadt.de\/branchenverzeichnis\/stadtgeschichten-koeln-besondere-stadtteilfuehrungen\/#primaryimage"},"thumbnailUrl":"https:\/\/www.meinesuedstadt.de\/branchenverzeichnis\/wp-content\/uploads\/2020\/11\/StSeverin.jpg","keywords":["K\u00f6ln","Stadtgeschichte"],"articleSection":["Partner","Touren"],"inLanguage":"de","potentialAction":[{"@type":"CommentAction","name":"Comment","target":["https:\/\/www.meinesuedstadt.de\/branchenverzeichnis\/stadtgeschichten-koeln-besondere-stadtteilfuehrungen\/#respond"]}]},{"@type":"WebPage","@id":"https:\/\/www.meinesuedstadt.de\/branchenverzeichnis\/stadtgeschichten-koeln-besondere-stadtteilfuehrungen\/","url":"https:\/\/www.meinesuedstadt.de\/branchenverzeichnis\/stadtgeschichten-koeln-besondere-stadtteilfuehrungen\/","name":"Stadtgeschichten K\u00f6ln - Besondere Stadtteilf\u00fchrungen - Meine S\u00fcdstadt","isPartOf":{"@id":"https:\/\/www.meinesuedstadt.de\/branchenverzeichnis\/#website"},"primaryImageOfPage":{"@id":"https:\/\/www.meinesuedstadt.de\/branchenverzeichnis\/stadtgeschichten-koeln-besondere-stadtteilfuehrungen\/#primaryimage"},"image":{"@id":"https:\/\/www.meinesuedstadt.de\/branchenverzeichnis\/stadtgeschichten-koeln-besondere-stadtteilfuehrungen\/#primaryimage"},"thumbnailUrl":"https:\/\/www.meinesuedstadt.de\/branchenverzeichnis\/wp-content\/uploads\/2020\/11\/StSeverin.jpg","datePublished":"2020-11-09T18:53:14+00:00","dateModified":"2025-04-13T19:15:12+00:00","author":{"@id":"https:\/\/www.meinesuedstadt.de\/branchenverzeichnis\/#\/schema\/person\/df73e08894e3203e649ce887c53879e6"},"breadcrumb":{"@id":"https:\/\/www.meinesuedstadt.de\/branchenverzeichnis\/stadtgeschichten-koeln-besondere-stadtteilfuehrungen\/#breadcrumb"},"inLanguage":"de","potentialAction":[{"@type":"ReadAction","target":["https:\/\/www.meinesuedstadt.de\/branchenverzeichnis\/stadtgeschichten-koeln-besondere-stadtteilfuehrungen\/"]}]},{"@type":"ImageObject","inLanguage":"de","@id":"https:\/\/www.meinesuedstadt.de\/branchenverzeichnis\/stadtgeschichten-koeln-besondere-stadtteilfuehrungen\/#primaryimage","url":"https:\/\/www.meinesuedstadt.de\/branchenverzeichnis\/wp-content\/uploads\/2020\/11\/StSeverin.jpg","contentUrl":"https:\/\/www.meinesuedstadt.de\/branchenverzeichnis\/wp-content\/uploads\/2020\/11\/StSeverin.jpg","width":1200,"height":800},{"@type":"BreadcrumbList","@id":"https:\/\/www.meinesuedstadt.de\/branchenverzeichnis\/stadtgeschichten-koeln-besondere-stadtteilfuehrungen\/#breadcrumb","itemListElement":[{"@type":"ListItem","position":1,"name":"Startseite","item":"https:\/\/www.meinesuedstadt.de\/branchenverzeichnis\/"},{"@type":"ListItem","position":2,"name":"Stadtgeschichten K\u00f6ln &#8211; Besondere Stadtteilf\u00fchrungen"}]},{"@type":"WebSite","@id":"https:\/\/www.meinesuedstadt.de\/branchenverzeichnis\/#website","url":"https:\/\/www.meinesuedstadt.de\/branchenverzeichnis\/","name":"Meine S\u00fcdstadt","description":"Branchenverzeichnis aus der S\u00fcdstadt K\u00f6lns","potentialAction":[{"@type":"SearchAction","target":{"@type":"EntryPoint","urlTemplate":"https:\/\/www.meinesuedstadt.de\/branchenverzeichnis\/?s={search_term_string}"},"query-input":{"@type":"PropertyValueSpecification","valueRequired":true,"valueName":"search_term_string"}}],"inLanguage":"de"},{"@type":"Person","@id":"https:\/\/www.meinesuedstadt.de\/branchenverzeichnis\/#\/schema\/person\/df73e08894e3203e649ce887c53879e6","name":"Marc","image":{"@type":"ImageObject","inLanguage":"de","@id":"https:\/\/secure.gravatar.com\/avatar\/52a7b1af8c6bec0c7610caeb3f07524158e91860385b47de97035252c88fb0ba?s=96&d=mm&r=g","url":"https:\/\/secure.gravatar.com\/avatar\/52a7b1af8c6bec0c7610caeb3f07524158e91860385b47de97035252c88fb0ba?s=96&d=mm&r=g","contentUrl":"https:\/\/secure.gravatar.com\/avatar\/52a7b1af8c6bec0c7610caeb3f07524158e91860385b47de97035252c88fb0ba?s=96&d=mm&r=g","caption":"Marc"}}]}},"priority":"1","metaAddress":"Von-Sparr-Stra\u00dfe 50, 51063 K\u00f6ln","_links":{"self":[{"href":"https:\/\/www.meinesuedstadt.de\/branchenverzeichnis\/wp-json\/wp\/v2\/posts\/4613","targetHints":{"allow":["GET"]}}],"collection":[{"href":"https:\/\/www.meinesuedstadt.de\/branchenverzeichnis\/wp-json\/wp\/v2\/posts"}],"about":[{"href":"https:\/\/www.meinesuedstadt.de\/branchenverzeichnis\/wp-json\/wp\/v2\/types\/post"}],"author":[{"embeddable":true,"href":"https:\/\/www.meinesuedstadt.de\/branchenverzeichnis\/wp-json\/wp\/v2\/users\/1"}],"replies":[{"embeddable":true,"href":"https:\/\/www.meinesuedstadt.de\/branchenverzeichnis\/wp-json\/wp\/v2\/comments?post=4613"}],"version-history":[{"count":9,"href":"https:\/\/www.meinesuedstadt.de\/branchenverzeichnis\/wp-json\/wp\/v2\/posts\/4613\/revisions"}],"predecessor-version":[{"id":5889,"href":"https:\/\/www.meinesuedstadt.de\/branchenverzeichnis\/wp-json\/wp\/v2\/posts\/4613\/revisions\/5889"}],"wp:featuredmedia":[{"embeddable":true,"href":"https:\/\/www.meinesuedstadt.de\/branchenverzeichnis\/wp-json\/wp\/v2\/media\/4619"}],"wp:attachment":[{"href":"https:\/\/www.meinesuedstadt.de\/branchenverzeichnis\/wp-json\/wp\/v2\/media?parent=4613"}],"wp:term":[{"taxonomy":"category","embeddable":true,"href":"https:\/\/www.meinesuedstadt.de\/branchenverzeichnis\/wp-json\/wp\/v2\/categories?post=4613"},{"taxonomy":"post_tag","embeddable":true,"href":"https:\/\/www.meinesuedstadt.de\/branchenverzeichnis\/wp-json\/wp\/v2\/tags?post=4613"}],"curies":[{"name":"wp","href":"https:\/\/api.w.org\/{rel}","templated":true}]}}