{"id":468,"date":"2010-03-14T16:24:11","date_gmt":"2010-03-14T15:24:11","guid":{"rendered":"http:\/\/www.meinesuedstadt.de\/branchenverzeichnis\/?p=468"},"modified":"2021-11-02T16:07:59","modified_gmt":"2021-11-02T15:07:59","slug":"mainzer-hof","status":"publish","type":"post","link":"https:\/\/www.meinesuedstadt.de\/branchenverzeichnis\/mainzer-hof\/","title":{"rendered":"Mainzer Hof \u2013 Traditionskneipe f\u00fcr Jung &#038; Alt"},"content":{"rendered":"<p>Der Mainzer Hof ist Restaurant, Bar &#038; Karnevalshotspot, aber auch die Veedelskneipe an der Ecke. Bereits seit \u00fcber 35 Jahren zieht die Ur-Kneipe mit ihrer Mischung aus Braushausstil, Shabby Chic und Carribean Flair Jung &#038; Alt, VeedelsbewohnerInnen &#038; BesucherInnen aus anderen Ecken in ihren Bann. Neben den bis zu 70 Sitzpl\u00e4tzen im Innenraum sind auch die Tische auf der Terrasse nicht nur in den w\u00e4rmeren Monaten sehr beliebt. F\u00fcr Frischluftfanatiker gibt es im Herbst &#038; Winter sogar W\u00e4rmflaschen und Decken.<\/p>\n\n\t\t<style type=\"text\/css\">\n\t\t\t#gallery-1 {\n\t\t\t\tmargin: auto;\n\t\t\t}\n\t\t\t#gallery-1 .gallery-item {\n\t\t\t\tfloat: left;\n\t\t\t\tmargin-top: 10px;\n\t\t\t\ttext-align: center;\n\t\t\t\twidth: 25%;\n\t\t\t}\n\t\t\t#gallery-1 img {\n\t\t\t\tborder: 2px solid #cfcfcf;\n\t\t\t}\n\t\t\t#gallery-1 .gallery-caption {\n\t\t\t\tmargin-left: 0;\n\t\t\t}\n\t\t\t\/* see gallery_shortcode() in wp-includes\/media.php *\/\n\t\t<\/style>\n\t\t<div id='gallery-1' class='gallery galleryid-468 gallery-columns-4 gallery-size-thumbnail'><dl class='gallery-item'>\n\t\t\t<dt class='gallery-icon landscape'>\n\t\t\t\t<a href='https:\/\/www.meinesuedstadt.de\/branchenverzeichnis\/wp-content\/uploads\/2010\/03\/MainzerHof-Koeln-01.jpg' title=\"\" data-rl_title=\"\" class=\"rl-gallery-link\" data-rl_caption=\"\" data-rel=\"lightbox-gallery-1\"><img loading=\"lazy\" decoding=\"async\" width=\"150\" height=\"150\" src=\"https:\/\/www.meinesuedstadt.de\/branchenverzeichnis\/wp-content\/uploads\/2010\/03\/MainzerHof-Koeln-01-150x150.jpg\" class=\"attachment-thumbnail size-thumbnail\" alt=\"\" \/><\/a>\n\t\t\t<\/dt><\/dl><dl class='gallery-item'>\n\t\t\t<dt class='gallery-icon landscape'>\n\t\t\t\t<a href='https:\/\/www.meinesuedstadt.de\/branchenverzeichnis\/wp-content\/uploads\/2010\/03\/MainzerHof-Koeln-06.jpg' title=\"\" data-rl_title=\"\" class=\"rl-gallery-link\" data-rl_caption=\"\" data-rel=\"lightbox-gallery-1\"><img loading=\"lazy\" decoding=\"async\" width=\"150\" height=\"150\" src=\"https:\/\/www.meinesuedstadt.de\/branchenverzeichnis\/wp-content\/uploads\/2010\/03\/MainzerHof-Koeln-06-150x150.jpg\" class=\"attachment-thumbnail size-thumbnail\" alt=\"\" \/><\/a>\n\t\t\t<\/dt><\/dl><dl class='gallery-item'>\n\t\t\t<dt class='gallery-icon landscape'>\n\t\t\t\t<a href='https:\/\/www.meinesuedstadt.de\/branchenverzeichnis\/wp-content\/uploads\/2010\/03\/MainzerHof-Koeln-07.jpg' title=\"\" data-rl_title=\"\" class=\"rl-gallery-link\" data-rl_caption=\"\" data-rel=\"lightbox-gallery-1\"><img loading=\"lazy\" decoding=\"async\" width=\"150\" height=\"150\" src=\"https:\/\/www.meinesuedstadt.de\/branchenverzeichnis\/wp-content\/uploads\/2010\/03\/MainzerHof-Koeln-07-150x150.jpg\" class=\"attachment-thumbnail size-thumbnail\" alt=\"\" \/><\/a>\n\t\t\t<\/dt><\/dl><dl class='gallery-item'>\n\t\t\t<dt class='gallery-icon landscape'>\n\t\t\t\t<a href='https:\/\/www.meinesuedstadt.de\/branchenverzeichnis\/wp-content\/uploads\/2010\/03\/MainzerHof-Koeln-04.jpg' title=\"\" data-rl_title=\"\" class=\"rl-gallery-link\" data-rl_caption=\"\" data-rel=\"lightbox-gallery-1\"><img loading=\"lazy\" decoding=\"async\" width=\"150\" height=\"150\" src=\"https:\/\/www.meinesuedstadt.de\/branchenverzeichnis\/wp-content\/uploads\/2010\/03\/MainzerHof-Koeln-04-150x150.jpg\" class=\"attachment-thumbnail size-thumbnail\" alt=\"\" \/><\/a>\n\t\t\t<\/dt><\/dl><br style=\"clear: both\" \/>\n\t\t<\/div>\n\n<h2>Mainzer Hof mit neuer F\u00fchrung<\/h2>\n<p>Gudrun Goerke, die fast 17 Jahre lang die Herrin \u00fcber den Mainzer Hof war, hat das Zepter am 1. Juli offiziell an Yannik Butze weitergegeben. Der neue Gesch\u00e4ftsinhaber &#038; gelernte Hotelfachmann geh\u00f6rt schon seit Jahren zum festen Inventar der beliebten Veedelskneipe. Die Entscheidung, den Mainzer Hof zu \u00fcbernehmen, fiel Yannik leicht, auch wenn \u00c4ngste und Unsicherheit wegen der Coronalage immer mitschwimmen. \u201eCorona war hart!\u201c, erkl\u00e4rt der neue Chef von insgesamt 13 Mitarbeitenden. Nach den ersten kleineren Privatfeiern hoffen aber sowohl Mitarbeitende als auch G\u00e4ste auf einen weiteren Weg in Richtung Normalit\u00e4t. Yanniks erkl\u00e4rtes Ziel ist es, den Spagat zwischen Restaurant und Kneipe weiterhin zu schaffen und die gewohnte Mischung aus Jung &#038; Alt beizubehalten. Denn genau das machte den Mainzer Hof bisher besonders. \u201eSpeziellen G\u00e4stew\u00fcnschen und Trends werden wir gerne folgen, aber trotzdem wollen wir unserer bisherigen Linie treu bleiben\u201c, beschreibt der neue Inhaber seine zuk\u00fcnftigen Pl\u00e4ne.<\/p>\n\n\t\t<style type=\"text\/css\">\n\t\t\t#gallery-2 {\n\t\t\t\tmargin: auto;\n\t\t\t}\n\t\t\t#gallery-2 .gallery-item {\n\t\t\t\tfloat: left;\n\t\t\t\tmargin-top: 10px;\n\t\t\t\ttext-align: center;\n\t\t\t\twidth: 25%;\n\t\t\t}\n\t\t\t#gallery-2 img {\n\t\t\t\tborder: 2px solid #cfcfcf;\n\t\t\t}\n\t\t\t#gallery-2 .gallery-caption {\n\t\t\t\tmargin-left: 0;\n\t\t\t}\n\t\t\t\/* see gallery_shortcode() in wp-includes\/media.php *\/\n\t\t<\/style>\n\t\t<div id='gallery-2' class='gallery galleryid-468 gallery-columns-4 gallery-size-thumbnail'><dl class='gallery-item'>\n\t\t\t<dt class='gallery-icon landscape'>\n\t\t\t\t<a href='https:\/\/www.meinesuedstadt.de\/branchenverzeichnis\/wp-content\/uploads\/2010\/03\/MainzerHof-Koeln-05.jpg' title=\"\" data-rl_title=\"\" class=\"rl-gallery-link\" data-rl_caption=\"\" data-rel=\"lightbox-gallery-2\"><img loading=\"lazy\" decoding=\"async\" width=\"150\" height=\"150\" src=\"https:\/\/www.meinesuedstadt.de\/branchenverzeichnis\/wp-content\/uploads\/2010\/03\/MainzerHof-Koeln-05-150x150.jpg\" class=\"attachment-thumbnail size-thumbnail\" alt=\"\" \/><\/a>\n\t\t\t<\/dt><\/dl><dl class='gallery-item'>\n\t\t\t<dt class='gallery-icon landscape'>\n\t\t\t\t<a href='https:\/\/www.meinesuedstadt.de\/branchenverzeichnis\/wp-content\/uploads\/2010\/03\/MainzerHof-Koeln-12.jpg' title=\"\" data-rl_title=\"\" class=\"rl-gallery-link\" data-rl_caption=\"\" data-rel=\"lightbox-gallery-2\"><img loading=\"lazy\" decoding=\"async\" width=\"150\" height=\"150\" src=\"https:\/\/www.meinesuedstadt.de\/branchenverzeichnis\/wp-content\/uploads\/2010\/03\/MainzerHof-Koeln-12-150x150.jpg\" class=\"attachment-thumbnail size-thumbnail\" alt=\"\" \/><\/a>\n\t\t\t<\/dt><\/dl><dl class='gallery-item'>\n\t\t\t<dt class='gallery-icon landscape'>\n\t\t\t\t<a href='https:\/\/www.meinesuedstadt.de\/branchenverzeichnis\/wp-content\/uploads\/2010\/03\/MainzerHof-Koeln-02.jpg' title=\"\" data-rl_title=\"\" class=\"rl-gallery-link\" data-rl_caption=\"\" data-rel=\"lightbox-gallery-2\"><img loading=\"lazy\" decoding=\"async\" width=\"150\" height=\"150\" src=\"https:\/\/www.meinesuedstadt.de\/branchenverzeichnis\/wp-content\/uploads\/2010\/03\/MainzerHof-Koeln-02-150x150.jpg\" class=\"attachment-thumbnail size-thumbnail\" alt=\"\" \/><\/a>\n\t\t\t<\/dt><\/dl><dl class='gallery-item'>\n\t\t\t<dt class='gallery-icon landscape'>\n\t\t\t\t<a href='https:\/\/www.meinesuedstadt.de\/branchenverzeichnis\/wp-content\/uploads\/2010\/03\/MainzerHof-Koeln-10.jpg' title=\"\" data-rl_title=\"\" class=\"rl-gallery-link\" data-rl_caption=\"\" data-rel=\"lightbox-gallery-2\"><img loading=\"lazy\" decoding=\"async\" width=\"150\" height=\"150\" src=\"https:\/\/www.meinesuedstadt.de\/branchenverzeichnis\/wp-content\/uploads\/2010\/03\/MainzerHof-Koeln-10-150x150.jpg\" class=\"attachment-thumbnail size-thumbnail\" alt=\"\" \/><\/a>\n\t\t\t<\/dt><\/dl><br style=\"clear: both\" \/>\n\t\t<\/div>\n\n<h2>Cross-Over-K\u00fcche mit mehr vegetarischen Gerichten<\/h2>\n<p>\u00dcber die Stadtgrenzen bekannt ist der Mainzer Hof f\u00fcr seine Schnitzel. Die gut-b\u00fcrgerliche, regional-saisonale Cross-Over-K\u00fcche unter der F\u00fchrung von Langzeit-Chefkoch Michael Schnabel serviert weiterhin neben saisonalen Gerichten mit Spargel, Pfifferlingen, Muscheln &#038; Gans auch ausgefallene vegetarische und vegane Gerichte. So k\u00f6nnen sich die BesucherInnen beispielsweise auf Tajines, Currys und ausgefallene Pastagerichte freuen. Neu ist auch, dass sich die G\u00e4ste ihr Schnitzelgericht mittels eines Baukastensystems selber zusammenstellen k\u00f6nnen, wie Chef Yannik erkl\u00e4rt, der von den unfassbar guten Bratkartoffeln ins Schw\u00e4rmen kommt. <\/p>\n<h2>Feiern im Mainzer Hof<\/h2>\n<p>Wie auch die bew\u00e4hrten Partyh\u00f6hepunkte Silvester, Karneval und Tanz in den Mai, wird nat\u00fcrlich auch der 11.11. ausgiebig gefeiert. Mit Frikadellen, K\u00e4sebroten &#038; K\u00f6lsch geht\u00b4s an dem Tag ab 10 Uhr (nach dem 2G-Prinzip) in die n\u00e4chste Karnevalssaison. <\/p>\n<p>Kleinere Gesellschaften sind immer gerne willkommen. Gerade in Betracht der nahenden Vorweihnachtszeit und der wieder stattfindenden Weihnachtsfeiern solltet Ihr jedoch Eure private Feier rechtzeitig planen und Pl\u00e4tze reservieren. Eure Reservierungsw\u00fcnsche werden t\u00e4glich ab 16 Uhr telefonisch entgegengenommen.<\/p>\n","protected":false},"excerpt":{"rendered":"<p>Der Mainzer Hof ist Restaurant, Bar &#038; Karnevalshotspot, aber auch die Veedelskneipe an der Ecke. Bereits seit \u00fcber 35 Jahren zieht die Ur-Kneipe mit ihrer Mischung aus Braushausstil, Shabby Chic und Carribean Flair Jung &#038; Alt, VeedelsbewohnerInnen &#038; BesucherInnen aus anderen Ecken in ihren Bann. Neben den bis zu 70 Sitzpl\u00e4tzen im Innenraum sind auch [&hellip;]<\/p>\n","protected":false},"author":2,"featured_media":4713,"comment_status":"open","ping_status":"open","sticky":false,"template":"single-partner.php","format":"standard","meta":{"_acf_changed":false,"footnotes":""},"categories":[173,319,175],"tags":[],"class_list":["post-468","post","type-post","status-publish","format-standard","has-post-thumbnail","hentry","category-kneipen","category-partner","category-restaurants"],"acf":[],"yoast_head":"<!-- This site is optimized with the Yoast SEO plugin v27.4 - https:\/\/yoast.com\/product\/yoast-seo-wordpress\/ -->\n<title>Mainzer Hof \u2013 Traditionskneipe f\u00fcr Jung &amp; Alt - Meine S\u00fcdstadt<\/title>\n<meta name=\"robots\" content=\"index, follow, max-snippet:-1, max-image-preview:large, max-video-preview:-1\" \/>\n<link rel=\"canonical\" href=\"https:\/\/www.meinesuedstadt.de\/branchenverzeichnis\/mainzer-hof\/\" \/>\n<meta property=\"og:locale\" content=\"de_DE\" \/>\n<meta property=\"og:type\" content=\"article\" \/>\n<meta property=\"og:title\" content=\"Mainzer Hof \u2013 Traditionskneipe f\u00fcr Jung &amp; Alt - Meine S\u00fcdstadt\" \/>\n<meta property=\"og:description\" content=\"Der Mainzer Hof ist Restaurant, Bar &#038; Karnevalshotspot, aber auch die Veedelskneipe an der Ecke. Bereits seit \u00fcber 35 Jahren zieht die Ur-Kneipe mit ihrer Mischung aus Braushausstil, Shabby Chic und Carribean Flair Jung &#038; Alt, VeedelsbewohnerInnen &#038; BesucherInnen aus anderen Ecken in ihren Bann. Neben den bis zu 70 Sitzpl\u00e4tzen im Innenraum sind auch [&hellip;]\" \/>\n<meta property=\"og:url\" content=\"https:\/\/www.meinesuedstadt.de\/branchenverzeichnis\/mainzer-hof\/\" \/>\n<meta property=\"og:site_name\" content=\"Meine S\u00fcdstadt\" \/>\n<meta property=\"article:publisher\" content=\"https:\/\/www.facebook.com\/Meinesuedstadt\/\" \/>\n<meta property=\"article:published_time\" content=\"2010-03-14T15:24:11+00:00\" \/>\n<meta property=\"article:modified_time\" content=\"2021-11-02T15:07:59+00:00\" \/>\n<meta property=\"og:image\" content=\"https:\/\/www.meinesuedstadt.de\/branchenverzeichnis\/wp-content\/uploads\/2010\/03\/MainzerHof-Koeln-05.jpg\" \/>\n\t<meta property=\"og:image:width\" content=\"1200\" \/>\n\t<meta property=\"og:image:height\" content=\"800\" \/>\n\t<meta property=\"og:image:type\" content=\"image\/jpeg\" \/>\n<meta name=\"author\" content=\"Mario Friese\" \/>\n<meta name=\"twitter:card\" content=\"summary_large_image\" \/>\n<meta name=\"twitter:creator\" content=\"@meinesuedstadt\" \/>\n<meta name=\"twitter:site\" content=\"@meinesuedstadt\" \/>\n<meta name=\"twitter:label1\" content=\"Verfasst von\" \/>\n\t<meta name=\"twitter:data1\" content=\"Mario Friese\" \/>\n\t<meta name=\"twitter:label2\" content=\"Gesch\u00e4tzte Lesezeit\" \/>\n\t<meta name=\"twitter:data2\" content=\"2\u00a0Minuten\" \/>\n<script type=\"application\/ld+json\" class=\"yoast-schema-graph\">{\"@context\":\"https:\\\/\\\/schema.org\",\"@graph\":[{\"@type\":\"Article\",\"@id\":\"https:\\\/\\\/www.meinesuedstadt.de\\\/branchenverzeichnis\\\/mainzer-hof\\\/#article\",\"isPartOf\":{\"@id\":\"https:\\\/\\\/www.meinesuedstadt.de\\\/branchenverzeichnis\\\/mainzer-hof\\\/\"},\"author\":{\"name\":\"Mario Friese\",\"@id\":\"https:\\\/\\\/www.meinesuedstadt.de\\\/branchenverzeichnis\\\/#\\\/schema\\\/person\\\/4974ccd0047c4bef2ea2271bc1b66e8d\"},\"headline\":\"Mainzer Hof \u2013 Traditionskneipe f\u00fcr Jung &#038; Alt\",\"datePublished\":\"2010-03-14T15:24:11+00:00\",\"dateModified\":\"2021-11-02T15:07:59+00:00\",\"mainEntityOfPage\":{\"@id\":\"https:\\\/\\\/www.meinesuedstadt.de\\\/branchenverzeichnis\\\/mainzer-hof\\\/\"},\"wordCount\":432,\"commentCount\":0,\"image\":{\"@id\":\"https:\\\/\\\/www.meinesuedstadt.de\\\/branchenverzeichnis\\\/mainzer-hof\\\/#primaryimage\"},\"thumbnailUrl\":\"https:\\\/\\\/www.meinesuedstadt.de\\\/branchenverzeichnis\\\/wp-content\\\/uploads\\\/2010\\\/03\\\/MainzerHof-Koeln-05.jpg\",\"articleSection\":[\"Kneipen\",\"Partner\",\"Restaurants\"],\"inLanguage\":\"de\",\"potentialAction\":[{\"@type\":\"CommentAction\",\"name\":\"Comment\",\"target\":[\"https:\\\/\\\/www.meinesuedstadt.de\\\/branchenverzeichnis\\\/mainzer-hof\\\/#respond\"]}]},{\"@type\":\"WebPage\",\"@id\":\"https:\\\/\\\/www.meinesuedstadt.de\\\/branchenverzeichnis\\\/mainzer-hof\\\/\",\"url\":\"https:\\\/\\\/www.meinesuedstadt.de\\\/branchenverzeichnis\\\/mainzer-hof\\\/\",\"name\":\"Mainzer Hof \u2013 Traditionskneipe f\u00fcr Jung & Alt - Meine S\u00fcdstadt\",\"isPartOf\":{\"@id\":\"https:\\\/\\\/www.meinesuedstadt.de\\\/branchenverzeichnis\\\/#website\"},\"primaryImageOfPage\":{\"@id\":\"https:\\\/\\\/www.meinesuedstadt.de\\\/branchenverzeichnis\\\/mainzer-hof\\\/#primaryimage\"},\"image\":{\"@id\":\"https:\\\/\\\/www.meinesuedstadt.de\\\/branchenverzeichnis\\\/mainzer-hof\\\/#primaryimage\"},\"thumbnailUrl\":\"https:\\\/\\\/www.meinesuedstadt.de\\\/branchenverzeichnis\\\/wp-content\\\/uploads\\\/2010\\\/03\\\/MainzerHof-Koeln-05.jpg\",\"datePublished\":\"2010-03-14T15:24:11+00:00\",\"dateModified\":\"2021-11-02T15:07:59+00:00\",\"author\":{\"@id\":\"https:\\\/\\\/www.meinesuedstadt.de\\\/branchenverzeichnis\\\/#\\\/schema\\\/person\\\/4974ccd0047c4bef2ea2271bc1b66e8d\"},\"breadcrumb\":{\"@id\":\"https:\\\/\\\/www.meinesuedstadt.de\\\/branchenverzeichnis\\\/mainzer-hof\\\/#breadcrumb\"},\"inLanguage\":\"de\",\"potentialAction\":[{\"@type\":\"ReadAction\",\"target\":[\"https:\\\/\\\/www.meinesuedstadt.de\\\/branchenverzeichnis\\\/mainzer-hof\\\/\"]}]},{\"@type\":\"ImageObject\",\"inLanguage\":\"de\",\"@id\":\"https:\\\/\\\/www.meinesuedstadt.de\\\/branchenverzeichnis\\\/mainzer-hof\\\/#primaryimage\",\"url\":\"https:\\\/\\\/www.meinesuedstadt.de\\\/branchenverzeichnis\\\/wp-content\\\/uploads\\\/2010\\\/03\\\/MainzerHof-Koeln-05.jpg\",\"contentUrl\":\"https:\\\/\\\/www.meinesuedstadt.de\\\/branchenverzeichnis\\\/wp-content\\\/uploads\\\/2010\\\/03\\\/MainzerHof-Koeln-05.jpg\",\"width\":1200,\"height\":800},{\"@type\":\"BreadcrumbList\",\"@id\":\"https:\\\/\\\/www.meinesuedstadt.de\\\/branchenverzeichnis\\\/mainzer-hof\\\/#breadcrumb\",\"itemListElement\":[{\"@type\":\"ListItem\",\"position\":1,\"name\":\"Startseite\",\"item\":\"https:\\\/\\\/www.meinesuedstadt.de\\\/branchenverzeichnis\\\/\"},{\"@type\":\"ListItem\",\"position\":2,\"name\":\"Mainzer Hof \u2013 Traditionskneipe f\u00fcr Jung &#038; Alt\"}]},{\"@type\":\"WebSite\",\"@id\":\"https:\\\/\\\/www.meinesuedstadt.de\\\/branchenverzeichnis\\\/#website\",\"url\":\"https:\\\/\\\/www.meinesuedstadt.de\\\/branchenverzeichnis\\\/\",\"name\":\"Meine S\u00fcdstadt\",\"description\":\"Branchenverzeichnis aus der S\u00fcdstadt K\u00f6lns\",\"potentialAction\":[{\"@type\":\"SearchAction\",\"target\":{\"@type\":\"EntryPoint\",\"urlTemplate\":\"https:\\\/\\\/www.meinesuedstadt.de\\\/branchenverzeichnis\\\/?s={search_term_string}\"},\"query-input\":{\"@type\":\"PropertyValueSpecification\",\"valueRequired\":true,\"valueName\":\"search_term_string\"}}],\"inLanguage\":\"de\"},{\"@type\":\"Person\",\"@id\":\"https:\\\/\\\/www.meinesuedstadt.de\\\/branchenverzeichnis\\\/#\\\/schema\\\/person\\\/4974ccd0047c4bef2ea2271bc1b66e8d\",\"name\":\"Mario Friese\",\"image\":{\"@type\":\"ImageObject\",\"inLanguage\":\"de\",\"@id\":\"https:\\\/\\\/secure.gravatar.com\\\/avatar\\\/38afb5244388eb07856f264e0b17f6d56309e4e5bba4ea1716b6dadd14a2aab0?s=96&d=mm&r=g\",\"url\":\"https:\\\/\\\/secure.gravatar.com\\\/avatar\\\/38afb5244388eb07856f264e0b17f6d56309e4e5bba4ea1716b6dadd14a2aab0?s=96&d=mm&r=g\",\"contentUrl\":\"https:\\\/\\\/secure.gravatar.com\\\/avatar\\\/38afb5244388eb07856f264e0b17f6d56309e4e5bba4ea1716b6dadd14a2aab0?s=96&d=mm&r=g\",\"caption\":\"Mario Friese\"},\"sameAs\":[\"https:\\\/\\\/fgrepublik.com\"]}]}<\/script>\n<!-- \/ Yoast SEO plugin. -->","yoast_head_json":{"title":"Mainzer Hof \u2013 Traditionskneipe f\u00fcr Jung & Alt - Meine S\u00fcdstadt","robots":{"index":"index","follow":"follow","max-snippet":"max-snippet:-1","max-image-preview":"max-image-preview:large","max-video-preview":"max-video-preview:-1"},"canonical":"https:\/\/www.meinesuedstadt.de\/branchenverzeichnis\/mainzer-hof\/","og_locale":"de_DE","og_type":"article","og_title":"Mainzer Hof \u2013 Traditionskneipe f\u00fcr Jung & Alt - Meine S\u00fcdstadt","og_description":"Der Mainzer Hof ist Restaurant, Bar &#038; Karnevalshotspot, aber auch die Veedelskneipe an der Ecke. Bereits seit \u00fcber 35 Jahren zieht die Ur-Kneipe mit ihrer Mischung aus Braushausstil, Shabby Chic und Carribean Flair Jung &#038; Alt, VeedelsbewohnerInnen &#038; BesucherInnen aus anderen Ecken in ihren Bann. Neben den bis zu 70 Sitzpl\u00e4tzen im Innenraum sind auch [&hellip;]","og_url":"https:\/\/www.meinesuedstadt.de\/branchenverzeichnis\/mainzer-hof\/","og_site_name":"Meine S\u00fcdstadt","article_publisher":"https:\/\/www.facebook.com\/Meinesuedstadt\/","article_published_time":"2010-03-14T15:24:11+00:00","article_modified_time":"2021-11-02T15:07:59+00:00","og_image":[{"width":1200,"height":800,"url":"https:\/\/www.meinesuedstadt.de\/branchenverzeichnis\/wp-content\/uploads\/2010\/03\/MainzerHof-Koeln-05.jpg","type":"image\/jpeg"}],"author":"Mario Friese","twitter_card":"summary_large_image","twitter_creator":"@meinesuedstadt","twitter_site":"@meinesuedstadt","twitter_misc":{"Verfasst von":"Mario Friese","Gesch\u00e4tzte Lesezeit":"2\u00a0Minuten"},"schema":{"@context":"https:\/\/schema.org","@graph":[{"@type":"Article","@id":"https:\/\/www.meinesuedstadt.de\/branchenverzeichnis\/mainzer-hof\/#article","isPartOf":{"@id":"https:\/\/www.meinesuedstadt.de\/branchenverzeichnis\/mainzer-hof\/"},"author":{"name":"Mario Friese","@id":"https:\/\/www.meinesuedstadt.de\/branchenverzeichnis\/#\/schema\/person\/4974ccd0047c4bef2ea2271bc1b66e8d"},"headline":"Mainzer Hof \u2013 Traditionskneipe f\u00fcr Jung &#038; Alt","datePublished":"2010-03-14T15:24:11+00:00","dateModified":"2021-11-02T15:07:59+00:00","mainEntityOfPage":{"@id":"https:\/\/www.meinesuedstadt.de\/branchenverzeichnis\/mainzer-hof\/"},"wordCount":432,"commentCount":0,"image":{"@id":"https:\/\/www.meinesuedstadt.de\/branchenverzeichnis\/mainzer-hof\/#primaryimage"},"thumbnailUrl":"https:\/\/www.meinesuedstadt.de\/branchenverzeichnis\/wp-content\/uploads\/2010\/03\/MainzerHof-Koeln-05.jpg","articleSection":["Kneipen","Partner","Restaurants"],"inLanguage":"de","potentialAction":[{"@type":"CommentAction","name":"Comment","target":["https:\/\/www.meinesuedstadt.de\/branchenverzeichnis\/mainzer-hof\/#respond"]}]},{"@type":"WebPage","@id":"https:\/\/www.meinesuedstadt.de\/branchenverzeichnis\/mainzer-hof\/","url":"https:\/\/www.meinesuedstadt.de\/branchenverzeichnis\/mainzer-hof\/","name":"Mainzer Hof \u2013 Traditionskneipe f\u00fcr Jung & Alt - Meine S\u00fcdstadt","isPartOf":{"@id":"https:\/\/www.meinesuedstadt.de\/branchenverzeichnis\/#website"},"primaryImageOfPage":{"@id":"https:\/\/www.meinesuedstadt.de\/branchenverzeichnis\/mainzer-hof\/#primaryimage"},"image":{"@id":"https:\/\/www.meinesuedstadt.de\/branchenverzeichnis\/mainzer-hof\/#primaryimage"},"thumbnailUrl":"https:\/\/www.meinesuedstadt.de\/branchenverzeichnis\/wp-content\/uploads\/2010\/03\/MainzerHof-Koeln-05.jpg","datePublished":"2010-03-14T15:24:11+00:00","dateModified":"2021-11-02T15:07:59+00:00","author":{"@id":"https:\/\/www.meinesuedstadt.de\/branchenverzeichnis\/#\/schema\/person\/4974ccd0047c4bef2ea2271bc1b66e8d"},"breadcrumb":{"@id":"https:\/\/www.meinesuedstadt.de\/branchenverzeichnis\/mainzer-hof\/#breadcrumb"},"inLanguage":"de","potentialAction":[{"@type":"ReadAction","target":["https:\/\/www.meinesuedstadt.de\/branchenverzeichnis\/mainzer-hof\/"]}]},{"@type":"ImageObject","inLanguage":"de","@id":"https:\/\/www.meinesuedstadt.de\/branchenverzeichnis\/mainzer-hof\/#primaryimage","url":"https:\/\/www.meinesuedstadt.de\/branchenverzeichnis\/wp-content\/uploads\/2010\/03\/MainzerHof-Koeln-05.jpg","contentUrl":"https:\/\/www.meinesuedstadt.de\/branchenverzeichnis\/wp-content\/uploads\/2010\/03\/MainzerHof-Koeln-05.jpg","width":1200,"height":800},{"@type":"BreadcrumbList","@id":"https:\/\/www.meinesuedstadt.de\/branchenverzeichnis\/mainzer-hof\/#breadcrumb","itemListElement":[{"@type":"ListItem","position":1,"name":"Startseite","item":"https:\/\/www.meinesuedstadt.de\/branchenverzeichnis\/"},{"@type":"ListItem","position":2,"name":"Mainzer Hof \u2013 Traditionskneipe f\u00fcr Jung &#038; Alt"}]},{"@type":"WebSite","@id":"https:\/\/www.meinesuedstadt.de\/branchenverzeichnis\/#website","url":"https:\/\/www.meinesuedstadt.de\/branchenverzeichnis\/","name":"Meine S\u00fcdstadt","description":"Branchenverzeichnis aus der S\u00fcdstadt K\u00f6lns","potentialAction":[{"@type":"SearchAction","target":{"@type":"EntryPoint","urlTemplate":"https:\/\/www.meinesuedstadt.de\/branchenverzeichnis\/?s={search_term_string}"},"query-input":{"@type":"PropertyValueSpecification","valueRequired":true,"valueName":"search_term_string"}}],"inLanguage":"de"},{"@type":"Person","@id":"https:\/\/www.meinesuedstadt.de\/branchenverzeichnis\/#\/schema\/person\/4974ccd0047c4bef2ea2271bc1b66e8d","name":"Mario Friese","image":{"@type":"ImageObject","inLanguage":"de","@id":"https:\/\/secure.gravatar.com\/avatar\/38afb5244388eb07856f264e0b17f6d56309e4e5bba4ea1716b6dadd14a2aab0?s=96&d=mm&r=g","url":"https:\/\/secure.gravatar.com\/avatar\/38afb5244388eb07856f264e0b17f6d56309e4e5bba4ea1716b6dadd14a2aab0?s=96&d=mm&r=g","contentUrl":"https:\/\/secure.gravatar.com\/avatar\/38afb5244388eb07856f264e0b17f6d56309e4e5bba4ea1716b6dadd14a2aab0?s=96&d=mm&r=g","caption":"Mario Friese"},"sameAs":["https:\/\/fgrepublik.com"]}]}},"priority":"1","metaAddress":"Maternusstra\u00dfe 18 , 50678 K\u00f6ln","_links":{"self":[{"href":"https:\/\/www.meinesuedstadt.de\/branchenverzeichnis\/wp-json\/wp\/v2\/posts\/468","targetHints":{"allow":["GET"]}}],"collection":[{"href":"https:\/\/www.meinesuedstadt.de\/branchenverzeichnis\/wp-json\/wp\/v2\/posts"}],"about":[{"href":"https:\/\/www.meinesuedstadt.de\/branchenverzeichnis\/wp-json\/wp\/v2\/types\/post"}],"author":[{"embeddable":true,"href":"https:\/\/www.meinesuedstadt.de\/branchenverzeichnis\/wp-json\/wp\/v2\/users\/2"}],"replies":[{"embeddable":true,"href":"https:\/\/www.meinesuedstadt.de\/branchenverzeichnis\/wp-json\/wp\/v2\/comments?post=468"}],"version-history":[{"count":14,"href":"https:\/\/www.meinesuedstadt.de\/branchenverzeichnis\/wp-json\/wp\/v2\/posts\/468\/revisions"}],"predecessor-version":[{"id":4728,"href":"https:\/\/www.meinesuedstadt.de\/branchenverzeichnis\/wp-json\/wp\/v2\/posts\/468\/revisions\/4728"}],"wp:featuredmedia":[{"embeddable":true,"href":"https:\/\/www.meinesuedstadt.de\/branchenverzeichnis\/wp-json\/wp\/v2\/media\/4713"}],"wp:attachment":[{"href":"https:\/\/www.meinesuedstadt.de\/branchenverzeichnis\/wp-json\/wp\/v2\/media?parent=468"}],"wp:term":[{"taxonomy":"category","embeddable":true,"href":"https:\/\/www.meinesuedstadt.de\/branchenverzeichnis\/wp-json\/wp\/v2\/categories?post=468"},{"taxonomy":"post_tag","embeddable":true,"href":"https:\/\/www.meinesuedstadt.de\/branchenverzeichnis\/wp-json\/wp\/v2\/tags?post=468"}],"curies":[{"name":"wp","href":"https:\/\/api.w.org\/{rel}","templated":true}]}}