{"id":4902,"date":"2022-04-16T12:09:10","date_gmt":"2022-04-16T10:09:10","guid":{"rendered":"https:\/\/www.meinesuedstadt.de\/branchenverzeichnis\/?p=4902"},"modified":"2025-04-13T18:15:14","modified_gmt":"2025-04-13T16:15:14","slug":"klemmer-roth-bestattungen-und-trauerbegleitung-in-der-suedstadt","status":"publish","type":"post","link":"https:\/\/www.meinesuedstadt.de\/branchenverzeichnis\/klemmer-roth-bestattungen-und-trauerbegleitung-in-der-suedstadt\/","title":{"rendered":"Klemmer-Roth: Bestattungen und Trauerbegleitung in der S\u00fcdstadt"},"content":{"rendered":"<p><img loading=\"lazy\" decoding=\"async\" class=\"size-full wp-image-5871 alignleft\" src=\"https:\/\/www.meinesuedstadt.de\/branchenverzeichnis\/wp-content\/uploads\/2024\/08\/easter-nest-2164824_1280-2.jpg\" alt=\"\" width=\"300\" height=\"230\" \/>Dass ein Bestattungshaus nicht grau, muffig und dunkel sein muss, beweist Klemmer-Roth am Karolingerring. Das bereits vor 80 Jahren gegr\u00fcndete Beerdigungsunternehmen pr\u00e4sentiert sich modern und hell. Das gro\u00dfe, geschmackvoll dekorierte Schaufenster zieht immer wieder Blicke auf sich. Seit einigen Monaten f\u00fchrt Phillipp Harnisch mit gro\u00dfem Engagement, Offenheit und Einf\u00fchlungsverm\u00f6gen das Bestattungshaus.<\/p>\n<p>Warum w\u00e4hlt ein junger Mann diesen ungew\u00f6hnlichen Beruf? Ein Besuch mit seiner Konfirmandengruppe in seinem sp\u00e4teren Ausbildungsbetrieb weckte Phillipps Interesse. Die Themen Sterben und Tod, aber auch S\u00e4rge und Urnengestaltung fesselten den heute 30-j\u00e4hrigen sofort. \u201eLeben und Tod geh\u00f6ren einfach zusammen\u201c, sagt Phillipp.<\/p>\n\n\t\t<style type=\"text\/css\">\n\t\t\t#gallery-1 {\n\t\t\t\tmargin: auto;\n\t\t\t}\n\t\t\t#gallery-1 .gallery-item {\n\t\t\t\tfloat: left;\n\t\t\t\tmargin-top: 10px;\n\t\t\t\ttext-align: center;\n\t\t\t\twidth: 25%;\n\t\t\t}\n\t\t\t#gallery-1 img {\n\t\t\t\tborder: 2px solid #cfcfcf;\n\t\t\t}\n\t\t\t#gallery-1 .gallery-caption {\n\t\t\t\tmargin-left: 0;\n\t\t\t}\n\t\t\t\/* see gallery_shortcode() in wp-includes\/media.php *\/\n\t\t<\/style>\n\t\t<div id='gallery-1' class='gallery galleryid-4902 gallery-columns-4 gallery-size-thumbnail'><dl class='gallery-item'>\n\t\t\t<dt class='gallery-icon landscape'>\n\t\t\t\t<a href='https:\/\/www.meinesuedstadt.de\/branchenverzeichnis\/wp-content\/uploads\/2022\/04\/KR_Bild-1.jpg' title=\"\" data-rl_title=\"\" class=\"rl-gallery-link\" data-rl_caption=\"\" data-rel=\"lightbox-gallery-1\"><img loading=\"lazy\" decoding=\"async\" width=\"150\" height=\"150\" src=\"https:\/\/www.meinesuedstadt.de\/branchenverzeichnis\/wp-content\/uploads\/2022\/04\/KR_Bild-1-150x150.jpg\" class=\"attachment-thumbnail size-thumbnail\" alt=\"\" \/><\/a>\n\t\t\t<\/dt><\/dl><dl class='gallery-item'>\n\t\t\t<dt class='gallery-icon landscape'>\n\t\t\t\t<a href='https:\/\/www.meinesuedstadt.de\/branchenverzeichnis\/wp-content\/uploads\/2022\/04\/KR_Bild-4.jpg' title=\"\" data-rl_title=\"\" class=\"rl-gallery-link\" data-rl_caption=\"\" data-rel=\"lightbox-gallery-1\"><img loading=\"lazy\" decoding=\"async\" width=\"150\" height=\"150\" src=\"https:\/\/www.meinesuedstadt.de\/branchenverzeichnis\/wp-content\/uploads\/2022\/04\/KR_Bild-4-150x150.jpg\" class=\"attachment-thumbnail size-thumbnail\" alt=\"\" \/><\/a>\n\t\t\t<\/dt><\/dl><dl class='gallery-item'>\n\t\t\t<dt class='gallery-icon landscape'>\n\t\t\t\t<a href='https:\/\/www.meinesuedstadt.de\/branchenverzeichnis\/wp-content\/uploads\/2022\/04\/KR_Bild-2.jpg' title=\"\" data-rl_title=\"\" class=\"rl-gallery-link\" data-rl_caption=\"\" data-rel=\"lightbox-gallery-1\"><img loading=\"lazy\" decoding=\"async\" width=\"150\" height=\"150\" src=\"https:\/\/www.meinesuedstadt.de\/branchenverzeichnis\/wp-content\/uploads\/2022\/04\/KR_Bild-2-150x150.jpg\" class=\"attachment-thumbnail size-thumbnail\" alt=\"\" \/><\/a>\n\t\t\t<\/dt><\/dl><dl class='gallery-item'>\n\t\t\t<dt class='gallery-icon landscape'>\n\t\t\t\t<a href='https:\/\/www.meinesuedstadt.de\/branchenverzeichnis\/wp-content\/uploads\/2022\/04\/IMG_3787.jpg' title=\"\" data-rl_title=\"\" class=\"rl-gallery-link\" data-rl_caption=\"\" data-rel=\"lightbox-gallery-1\"><img loading=\"lazy\" decoding=\"async\" width=\"150\" height=\"150\" src=\"https:\/\/www.meinesuedstadt.de\/branchenverzeichnis\/wp-content\/uploads\/2022\/04\/IMG_3787-150x150.jpg\" class=\"attachment-thumbnail size-thumbnail\" alt=\"\" \/><\/a>\n\t\t\t<\/dt><\/dl><br style=\"clear: both\" \/>\n\t\t<\/div>\n\n<p>Wenn ein geliebter Mensch stirbt, sind Lebenspartner, Kinder, Verwandte und Freunde oft verunsichert. Wer wei\u00df schon, was genau passiert, wenn jemand den letzten Atemzug getan hat. In solch einer sensiblen Situation ist Vertrauen wichtig. Dieses Vertrauen baut Phillipp Harnisch in Gespr\u00e4chen behutsam auf. Im Mittelpunkt seiner Arbeit stehen die Hinterbliebenen und ihre Trauer. Im Hause Klemmer-Roth sollen sie sich, ganz nach ihren Bed\u00fcrfnissen, auf die Trauer einlassen k\u00f6nnen und sich in dieser schweren Lebenssituation angenommen und gut aufgehoben f\u00fchlen.<\/p>\n<h2>Der gute Abschied<\/h2>\n<p>Bei der Gestaltung der Trauerfeier gibt es bei Klemmer-Roth nichts, was unm\u00f6glich ist. Die Erf\u00fcllung pers\u00f6nlicher W\u00fcnsche des Verstorbenen und der Verwandten stehen im Vordergrund. Der Abschied soll bei den Hinterbliebenen in guter Erinnerung bleiben. \u201eJe kreativer, desto besser\u201c, sagt der Bestattungsmeister. \u201eOb ein Oldtimer auf dem Friedhof neben dem Grab oder eine mit Sand, Schilf und Muscheln dekorierte Trauerhalle \u2013 alles ist m\u00f6glich.\u201c<\/p>\n<p>Phillipp begleitet die Angeh\u00f6rigen einf\u00fchlsam vom Tag des Todes bis zur Beerdigung. Besonderen Wert legt er darauf, dass kein Zeitdruck entsteht, die Menschen Raum und Zeit haben, sich auf die Trauerfeier vorzubereiten und ohne Eile in Ruhe Abschied zu nehmen.<\/p>\n<h3>Gestorben wird auch am Wochenende<\/h3>\n<p>Die Mitarbeiter von Klemmer-Roth sind sieben Tage die Woche rund um die Uhr f\u00fcr Euch da, auch am Wochenende. Der Verstorbene ist in liebevollen H\u00e4nden. Die Bestatter versorgen und kleiden den Toten ein, k\u00fcmmern sich um den Sarg und den Transport. Alle Kosten werden transparent offengelegt.<\/p>\n<h3>Den eigenen Tod, den stirbt man nur<\/h3>\n<p>Dass Tod und Trauer zum Leben geh\u00f6ren, macht den Umgang damit nicht leichter. Bei Klemmer-Roth ist man \u00fcberzeugt davon, dass Trauer ebenso wenig verdr\u00e4ngt werden sollte, wie sie einer Therapie bedarf. Das Bestattungshaus bietet Begleitung, Gemeinschaft, Zeit, Raum und Erlaubnis an, in der Trauerphase genau das zu tun, was nach dem eigenen Gef\u00fchl diese schwere Lebenssituation erleichtert. Einf\u00fchlsame, sehr gut ausgebildete Trauerbegleiter sind f\u00fcr die Hinterbliebenen da.<\/p>\n\n\t\t<style type=\"text\/css\">\n\t\t\t#gallery-2 {\n\t\t\t\tmargin: auto;\n\t\t\t}\n\t\t\t#gallery-2 .gallery-item {\n\t\t\t\tfloat: left;\n\t\t\t\tmargin-top: 10px;\n\t\t\t\ttext-align: center;\n\t\t\t\twidth: 25%;\n\t\t\t}\n\t\t\t#gallery-2 img {\n\t\t\t\tborder: 2px solid #cfcfcf;\n\t\t\t}\n\t\t\t#gallery-2 .gallery-caption {\n\t\t\t\tmargin-left: 0;\n\t\t\t}\n\t\t\t\/* see gallery_shortcode() in wp-includes\/media.php *\/\n\t\t<\/style>\n\t\t<div id='gallery-2' class='gallery galleryid-4902 gallery-columns-4 gallery-size-thumbnail'><dl class='gallery-item'>\n\t\t\t<dt class='gallery-icon portrait'>\n\t\t\t\t<a href='https:\/\/www.meinesuedstadt.de\/branchenverzeichnis\/wp-content\/uploads\/2022\/04\/KR_Bild5.jpg' title=\"\" data-rl_title=\"\" class=\"rl-gallery-link\" data-rl_caption=\"\" data-rel=\"lightbox-gallery-2\"><img loading=\"lazy\" decoding=\"async\" width=\"150\" height=\"150\" src=\"https:\/\/www.meinesuedstadt.de\/branchenverzeichnis\/wp-content\/uploads\/2022\/04\/KR_Bild5-150x150.jpg\" class=\"attachment-thumbnail size-thumbnail\" alt=\"\" \/><\/a>\n\t\t\t<\/dt><\/dl><dl class='gallery-item'>\n\t\t\t<dt class='gallery-icon portrait'>\n\t\t\t\t<a href='https:\/\/www.meinesuedstadt.de\/branchenverzeichnis\/wp-content\/uploads\/2022\/04\/KR_Bild6.jpg' title=\"\" data-rl_title=\"\" class=\"rl-gallery-link\" data-rl_caption=\"\" data-rel=\"lightbox-gallery-2\"><img loading=\"lazy\" decoding=\"async\" width=\"150\" height=\"150\" src=\"https:\/\/www.meinesuedstadt.de\/branchenverzeichnis\/wp-content\/uploads\/2022\/04\/KR_Bild6-150x150.jpg\" class=\"attachment-thumbnail size-thumbnail\" alt=\"\" \/><\/a>\n\t\t\t<\/dt><\/dl><dl class='gallery-item'>\n\t\t\t<dt class='gallery-icon portrait'>\n\t\t\t\t<a href='https:\/\/www.meinesuedstadt.de\/branchenverzeichnis\/wp-content\/uploads\/2022\/04\/KR_Bild7.jpg' title=\"\" data-rl_title=\"\" class=\"rl-gallery-link\" data-rl_caption=\"\" data-rel=\"lightbox-gallery-2\"><img loading=\"lazy\" decoding=\"async\" width=\"150\" height=\"150\" src=\"https:\/\/www.meinesuedstadt.de\/branchenverzeichnis\/wp-content\/uploads\/2022\/04\/KR_Bild7-150x150.jpg\" class=\"attachment-thumbnail size-thumbnail\" alt=\"\" \/><\/a>\n\t\t\t<\/dt><\/dl><dl class='gallery-item'>\n\t\t\t<dt class='gallery-icon portrait'>\n\t\t\t\t<a href='https:\/\/www.meinesuedstadt.de\/branchenverzeichnis\/wp-content\/uploads\/2022\/04\/IMG_3782.jpg' title=\"\" data-rl_title=\"\" class=\"rl-gallery-link\" data-rl_caption=\"\" data-rel=\"lightbox-gallery-2\"><img loading=\"lazy\" decoding=\"async\" width=\"150\" height=\"150\" src=\"https:\/\/www.meinesuedstadt.de\/branchenverzeichnis\/wp-content\/uploads\/2022\/04\/IMG_3782-150x150.jpg\" class=\"attachment-thumbnail size-thumbnail\" alt=\"\" \/><\/a>\n\t\t\t<\/dt><\/dl><br style=\"clear: both\" \/>\n\t\t<\/div>\n\n<p>Von der Dichterin Masha Kaleko stammt folgendes Zitat: \u201aDen eigenen Tod, den stirbt man nur. Doch mit dem Tod der anderen muss\u00a0man leben\u2019. Treffender kann man nicht ausdr\u00fccken, warum man sich bei Klemmer-Roth so intensiv um die Begleitung und Beratung Trauernder bem\u00fcht.<\/p>\n<h3>Geschnatter beim Bestatter<\/h3>\n<p>Phillipp Harnisch l\u00e4dt regelm\u00e4\u00dfig dazu ein, hinter die Kulissen des Bestattungshauses zu blicken. In den R\u00e4umen am Karolingerring organisiert er Kunstausstellungen und Lesungen.<\/p>\n<p>Auch die neue Veranstaltung \u201eGeschnatter beim Bestatter\u201c soll dazu beitragen, Ber\u00fchrungs- und Schwellen\u00e4ngste zu \u00fcberwinden. Bei einem Glas Wein oder Bier beantwortet Philipp Fragen zu den Themen Tod und Abschied.<\/p>\n<p>\u00dcber aktuelle Termine informiert der\u00a0<a href=\"https:\/\/www.meinesuedstadt.de\/termine\/\" target=\"_blank\" rel=\"noopener\">Terminkalender<\/a>\u00a0von MeineS\u00fcdstadt.de bzw. die <a href=\"https:\/\/www.klemmer-roth.de\/de\/\" target=\"_blank\" rel=\"noopener\">Homepage<\/a> von Klemmer-Roth.<\/p>\n","protected":false},"excerpt":{"rendered":"<p>Dass ein Bestattungshaus nicht grau, muffig und dunkel sein muss, beweist Klemmer-Roth am Karolingerring. Das bereits vor 80 Jahren gegr\u00fcndete Beerdigungsunternehmen pr\u00e4sentiert sich modern und hell. Das gro\u00dfe, geschmackvoll dekorierte Schaufenster zieht immer wieder Blicke auf sich. Seit einigen Monaten f\u00fchrt Phillipp Harnisch mit gro\u00dfem Engagement, Offenheit und Einf\u00fchlungsverm\u00f6gen das Bestattungshaus. Warum w\u00e4hlt ein junger [&hellip;]<\/p>\n","protected":false},"author":8,"featured_media":4940,"comment_status":"open","ping_status":"open","sticky":false,"template":"single-partner.php","format":"standard","meta":{"_acf_changed":false,"footnotes":""},"categories":[267,319,380],"tags":[383,381,384,385,386,382,387],"class_list":["post-4902","post","type-post","status-publish","format-standard","has-post-thumbnail","hentry","category-bestattunsinstitute","category-partner","category-trauerbegleitung","tag-beerdigung","tag-bestattung","tag-erdbestattung","tag-feuerbestattung","tag-sarg","tag-trauerbegleitung","tag-urne"],"acf":[],"yoast_head":"<!-- This site is optimized with the Yoast SEO plugin v27.4 - https:\/\/yoast.com\/product\/yoast-seo-wordpress\/ -->\n<title>Klemmer-Roth: Bestattungen und Trauerbegleitung in der S\u00fcdstadt - Meine S\u00fcdstadt<\/title>\n<meta name=\"description\" content=\"Dass ein Bestattungshaus nicht grau, muffig und dunkel sein muss, beweist Klemmer-Roth. Es pr\u00e4sentiert sich modern und hell.\" \/>\n<meta name=\"robots\" content=\"index, follow, max-snippet:-1, max-image-preview:large, max-video-preview:-1\" \/>\n<link rel=\"canonical\" href=\"https:\/\/www.meinesuedstadt.de\/branchenverzeichnis\/klemmer-roth-bestattungen-und-trauerbegleitung-in-der-suedstadt\/\" \/>\n<meta property=\"og:locale\" content=\"de_DE\" \/>\n<meta property=\"og:type\" content=\"article\" \/>\n<meta property=\"og:title\" content=\"Klemmer-Roth: Bestattungen und Trauerbegleitung in der S\u00fcdstadt - Meine S\u00fcdstadt\" \/>\n<meta property=\"og:description\" content=\"Dass ein Bestattungshaus nicht grau, muffig und dunkel sein muss, beweist Klemmer-Roth. Es pr\u00e4sentiert sich modern und hell.\" \/>\n<meta property=\"og:url\" content=\"https:\/\/www.meinesuedstadt.de\/branchenverzeichnis\/klemmer-roth-bestattungen-und-trauerbegleitung-in-der-suedstadt\/\" \/>\n<meta property=\"og:site_name\" content=\"Meine S\u00fcdstadt\" \/>\n<meta property=\"article:publisher\" content=\"https:\/\/www.facebook.com\/Meinesuedstadt\/\" \/>\n<meta property=\"article:published_time\" content=\"2022-04-16T10:09:10+00:00\" \/>\n<meta property=\"article:modified_time\" content=\"2025-04-13T16:15:14+00:00\" \/>\n<meta property=\"og:image\" content=\"https:\/\/www.meinesuedstadt.de\/branchenverzeichnis\/wp-content\/uploads\/2022\/04\/IMG_5121-2.jpg\" \/>\n\t<meta property=\"og:image:width\" content=\"1200\" \/>\n\t<meta property=\"og:image:height\" content=\"822\" \/>\n\t<meta property=\"og:image:type\" content=\"image\/jpeg\" \/>\n<meta name=\"author\" content=\"Gaby DeMuirier\" \/>\n<meta name=\"twitter:card\" content=\"summary_large_image\" \/>\n<meta name=\"twitter:creator\" content=\"@meinesuedstadt\" \/>\n<meta name=\"twitter:site\" content=\"@meinesuedstadt\" \/>\n<meta name=\"twitter:label1\" content=\"Verfasst von\" \/>\n\t<meta name=\"twitter:data1\" content=\"Gaby DeMuirier\" \/>\n\t<meta name=\"twitter:label2\" content=\"Gesch\u00e4tzte Lesezeit\" \/>\n\t<meta name=\"twitter:data2\" content=\"4\u00a0Minuten\" \/>\n<script type=\"application\/ld+json\" class=\"yoast-schema-graph\">{\"@context\":\"https:\\\/\\\/schema.org\",\"@graph\":[{\"@type\":\"Article\",\"@id\":\"https:\\\/\\\/www.meinesuedstadt.de\\\/branchenverzeichnis\\\/klemmer-roth-bestattungen-und-trauerbegleitung-in-der-suedstadt\\\/#article\",\"isPartOf\":{\"@id\":\"https:\\\/\\\/www.meinesuedstadt.de\\\/branchenverzeichnis\\\/klemmer-roth-bestattungen-und-trauerbegleitung-in-der-suedstadt\\\/\"},\"author\":{\"name\":\"Gaby DeMuirier\",\"@id\":\"https:\\\/\\\/www.meinesuedstadt.de\\\/branchenverzeichnis\\\/#\\\/schema\\\/person\\\/377f8fd43825f067d14416c974a4d50e\"},\"headline\":\"Klemmer-Roth: Bestattungen und Trauerbegleitung in der S\u00fcdstadt\",\"datePublished\":\"2022-04-16T10:09:10+00:00\",\"dateModified\":\"2025-04-13T16:15:14+00:00\",\"mainEntityOfPage\":{\"@id\":\"https:\\\/\\\/www.meinesuedstadt.de\\\/branchenverzeichnis\\\/klemmer-roth-bestattungen-und-trauerbegleitung-in-der-suedstadt\\\/\"},\"wordCount\":576,\"commentCount\":0,\"image\":{\"@id\":\"https:\\\/\\\/www.meinesuedstadt.de\\\/branchenverzeichnis\\\/klemmer-roth-bestattungen-und-trauerbegleitung-in-der-suedstadt\\\/#primaryimage\"},\"thumbnailUrl\":\"https:\\\/\\\/www.meinesuedstadt.de\\\/branchenverzeichnis\\\/wp-content\\\/uploads\\\/2022\\\/04\\\/IMG_5121-2.jpg\",\"keywords\":[\"Beerdigung\",\"Bestattung\",\"Erdbestattung\",\"Feuerbestattung\",\"Sarg\",\"Trauerbegleitung\",\"Urne\"],\"articleSection\":[\"Bestattunsinstitute\",\"Partner\",\"Trauerbegleitung\"],\"inLanguage\":\"de\",\"potentialAction\":[{\"@type\":\"CommentAction\",\"name\":\"Comment\",\"target\":[\"https:\\\/\\\/www.meinesuedstadt.de\\\/branchenverzeichnis\\\/klemmer-roth-bestattungen-und-trauerbegleitung-in-der-suedstadt\\\/#respond\"]}]},{\"@type\":\"WebPage\",\"@id\":\"https:\\\/\\\/www.meinesuedstadt.de\\\/branchenverzeichnis\\\/klemmer-roth-bestattungen-und-trauerbegleitung-in-der-suedstadt\\\/\",\"url\":\"https:\\\/\\\/www.meinesuedstadt.de\\\/branchenverzeichnis\\\/klemmer-roth-bestattungen-und-trauerbegleitung-in-der-suedstadt\\\/\",\"name\":\"Klemmer-Roth: Bestattungen und Trauerbegleitung in der S\u00fcdstadt - Meine S\u00fcdstadt\",\"isPartOf\":{\"@id\":\"https:\\\/\\\/www.meinesuedstadt.de\\\/branchenverzeichnis\\\/#website\"},\"primaryImageOfPage\":{\"@id\":\"https:\\\/\\\/www.meinesuedstadt.de\\\/branchenverzeichnis\\\/klemmer-roth-bestattungen-und-trauerbegleitung-in-der-suedstadt\\\/#primaryimage\"},\"image\":{\"@id\":\"https:\\\/\\\/www.meinesuedstadt.de\\\/branchenverzeichnis\\\/klemmer-roth-bestattungen-und-trauerbegleitung-in-der-suedstadt\\\/#primaryimage\"},\"thumbnailUrl\":\"https:\\\/\\\/www.meinesuedstadt.de\\\/branchenverzeichnis\\\/wp-content\\\/uploads\\\/2022\\\/04\\\/IMG_5121-2.jpg\",\"datePublished\":\"2022-04-16T10:09:10+00:00\",\"dateModified\":\"2025-04-13T16:15:14+00:00\",\"author\":{\"@id\":\"https:\\\/\\\/www.meinesuedstadt.de\\\/branchenverzeichnis\\\/#\\\/schema\\\/person\\\/377f8fd43825f067d14416c974a4d50e\"},\"description\":\"Dass ein Bestattungshaus nicht grau, muffig und dunkel sein muss, beweist Klemmer-Roth. Es pr\u00e4sentiert sich modern und hell.\",\"breadcrumb\":{\"@id\":\"https:\\\/\\\/www.meinesuedstadt.de\\\/branchenverzeichnis\\\/klemmer-roth-bestattungen-und-trauerbegleitung-in-der-suedstadt\\\/#breadcrumb\"},\"inLanguage\":\"de\",\"potentialAction\":[{\"@type\":\"ReadAction\",\"target\":[\"https:\\\/\\\/www.meinesuedstadt.de\\\/branchenverzeichnis\\\/klemmer-roth-bestattungen-und-trauerbegleitung-in-der-suedstadt\\\/\"]}]},{\"@type\":\"ImageObject\",\"inLanguage\":\"de\",\"@id\":\"https:\\\/\\\/www.meinesuedstadt.de\\\/branchenverzeichnis\\\/klemmer-roth-bestattungen-und-trauerbegleitung-in-der-suedstadt\\\/#primaryimage\",\"url\":\"https:\\\/\\\/www.meinesuedstadt.de\\\/branchenverzeichnis\\\/wp-content\\\/uploads\\\/2022\\\/04\\\/IMG_5121-2.jpg\",\"contentUrl\":\"https:\\\/\\\/www.meinesuedstadt.de\\\/branchenverzeichnis\\\/wp-content\\\/uploads\\\/2022\\\/04\\\/IMG_5121-2.jpg\",\"width\":1200,\"height\":822},{\"@type\":\"BreadcrumbList\",\"@id\":\"https:\\\/\\\/www.meinesuedstadt.de\\\/branchenverzeichnis\\\/klemmer-roth-bestattungen-und-trauerbegleitung-in-der-suedstadt\\\/#breadcrumb\",\"itemListElement\":[{\"@type\":\"ListItem\",\"position\":1,\"name\":\"Startseite\",\"item\":\"https:\\\/\\\/www.meinesuedstadt.de\\\/branchenverzeichnis\\\/\"},{\"@type\":\"ListItem\",\"position\":2,\"name\":\"Klemmer-Roth: Bestattungen und Trauerbegleitung in der S\u00fcdstadt\"}]},{\"@type\":\"WebSite\",\"@id\":\"https:\\\/\\\/www.meinesuedstadt.de\\\/branchenverzeichnis\\\/#website\",\"url\":\"https:\\\/\\\/www.meinesuedstadt.de\\\/branchenverzeichnis\\\/\",\"name\":\"Meine S\u00fcdstadt\",\"description\":\"Branchenverzeichnis aus der S\u00fcdstadt K\u00f6lns\",\"potentialAction\":[{\"@type\":\"SearchAction\",\"target\":{\"@type\":\"EntryPoint\",\"urlTemplate\":\"https:\\\/\\\/www.meinesuedstadt.de\\\/branchenverzeichnis\\\/?s={search_term_string}\"},\"query-input\":{\"@type\":\"PropertyValueSpecification\",\"valueRequired\":true,\"valueName\":\"search_term_string\"}}],\"inLanguage\":\"de\"},{\"@type\":\"Person\",\"@id\":\"https:\\\/\\\/www.meinesuedstadt.de\\\/branchenverzeichnis\\\/#\\\/schema\\\/person\\\/377f8fd43825f067d14416c974a4d50e\",\"name\":\"Gaby DeMuirier\",\"image\":{\"@type\":\"ImageObject\",\"inLanguage\":\"de\",\"@id\":\"https:\\\/\\\/secure.gravatar.com\\\/avatar\\\/7ecf9674b7a678a660fcd27242eacb0ec8607a4b99a0a409d6d8141a320a8170?s=96&d=mm&r=g\",\"url\":\"https:\\\/\\\/secure.gravatar.com\\\/avatar\\\/7ecf9674b7a678a660fcd27242eacb0ec8607a4b99a0a409d6d8141a320a8170?s=96&d=mm&r=g\",\"contentUrl\":\"https:\\\/\\\/secure.gravatar.com\\\/avatar\\\/7ecf9674b7a678a660fcd27242eacb0ec8607a4b99a0a409d6d8141a320a8170?s=96&d=mm&r=g\",\"caption\":\"Gaby DeMuirier\"},\"sameAs\":[\"https:\\\/\\\/www.meinesuedstadt.de\"]}]}<\/script>\n<!-- \/ Yoast SEO plugin. -->","yoast_head_json":{"title":"Klemmer-Roth: Bestattungen und Trauerbegleitung in der S\u00fcdstadt - Meine S\u00fcdstadt","description":"Dass ein Bestattungshaus nicht grau, muffig und dunkel sein muss, beweist Klemmer-Roth. Es pr\u00e4sentiert sich modern und hell.","robots":{"index":"index","follow":"follow","max-snippet":"max-snippet:-1","max-image-preview":"max-image-preview:large","max-video-preview":"max-video-preview:-1"},"canonical":"https:\/\/www.meinesuedstadt.de\/branchenverzeichnis\/klemmer-roth-bestattungen-und-trauerbegleitung-in-der-suedstadt\/","og_locale":"de_DE","og_type":"article","og_title":"Klemmer-Roth: Bestattungen und Trauerbegleitung in der S\u00fcdstadt - Meine S\u00fcdstadt","og_description":"Dass ein Bestattungshaus nicht grau, muffig und dunkel sein muss, beweist Klemmer-Roth. Es pr\u00e4sentiert sich modern und hell.","og_url":"https:\/\/www.meinesuedstadt.de\/branchenverzeichnis\/klemmer-roth-bestattungen-und-trauerbegleitung-in-der-suedstadt\/","og_site_name":"Meine S\u00fcdstadt","article_publisher":"https:\/\/www.facebook.com\/Meinesuedstadt\/","article_published_time":"2022-04-16T10:09:10+00:00","article_modified_time":"2025-04-13T16:15:14+00:00","og_image":[{"width":1200,"height":822,"url":"https:\/\/www.meinesuedstadt.de\/branchenverzeichnis\/wp-content\/uploads\/2022\/04\/IMG_5121-2.jpg","type":"image\/jpeg"}],"author":"Gaby DeMuirier","twitter_card":"summary_large_image","twitter_creator":"@meinesuedstadt","twitter_site":"@meinesuedstadt","twitter_misc":{"Verfasst von":"Gaby DeMuirier","Gesch\u00e4tzte Lesezeit":"4\u00a0Minuten"},"schema":{"@context":"https:\/\/schema.org","@graph":[{"@type":"Article","@id":"https:\/\/www.meinesuedstadt.de\/branchenverzeichnis\/klemmer-roth-bestattungen-und-trauerbegleitung-in-der-suedstadt\/#article","isPartOf":{"@id":"https:\/\/www.meinesuedstadt.de\/branchenverzeichnis\/klemmer-roth-bestattungen-und-trauerbegleitung-in-der-suedstadt\/"},"author":{"name":"Gaby DeMuirier","@id":"https:\/\/www.meinesuedstadt.de\/branchenverzeichnis\/#\/schema\/person\/377f8fd43825f067d14416c974a4d50e"},"headline":"Klemmer-Roth: Bestattungen und Trauerbegleitung in der S\u00fcdstadt","datePublished":"2022-04-16T10:09:10+00:00","dateModified":"2025-04-13T16:15:14+00:00","mainEntityOfPage":{"@id":"https:\/\/www.meinesuedstadt.de\/branchenverzeichnis\/klemmer-roth-bestattungen-und-trauerbegleitung-in-der-suedstadt\/"},"wordCount":576,"commentCount":0,"image":{"@id":"https:\/\/www.meinesuedstadt.de\/branchenverzeichnis\/klemmer-roth-bestattungen-und-trauerbegleitung-in-der-suedstadt\/#primaryimage"},"thumbnailUrl":"https:\/\/www.meinesuedstadt.de\/branchenverzeichnis\/wp-content\/uploads\/2022\/04\/IMG_5121-2.jpg","keywords":["Beerdigung","Bestattung","Erdbestattung","Feuerbestattung","Sarg","Trauerbegleitung","Urne"],"articleSection":["Bestattunsinstitute","Partner","Trauerbegleitung"],"inLanguage":"de","potentialAction":[{"@type":"CommentAction","name":"Comment","target":["https:\/\/www.meinesuedstadt.de\/branchenverzeichnis\/klemmer-roth-bestattungen-und-trauerbegleitung-in-der-suedstadt\/#respond"]}]},{"@type":"WebPage","@id":"https:\/\/www.meinesuedstadt.de\/branchenverzeichnis\/klemmer-roth-bestattungen-und-trauerbegleitung-in-der-suedstadt\/","url":"https:\/\/www.meinesuedstadt.de\/branchenverzeichnis\/klemmer-roth-bestattungen-und-trauerbegleitung-in-der-suedstadt\/","name":"Klemmer-Roth: Bestattungen und Trauerbegleitung in der S\u00fcdstadt - Meine S\u00fcdstadt","isPartOf":{"@id":"https:\/\/www.meinesuedstadt.de\/branchenverzeichnis\/#website"},"primaryImageOfPage":{"@id":"https:\/\/www.meinesuedstadt.de\/branchenverzeichnis\/klemmer-roth-bestattungen-und-trauerbegleitung-in-der-suedstadt\/#primaryimage"},"image":{"@id":"https:\/\/www.meinesuedstadt.de\/branchenverzeichnis\/klemmer-roth-bestattungen-und-trauerbegleitung-in-der-suedstadt\/#primaryimage"},"thumbnailUrl":"https:\/\/www.meinesuedstadt.de\/branchenverzeichnis\/wp-content\/uploads\/2022\/04\/IMG_5121-2.jpg","datePublished":"2022-04-16T10:09:10+00:00","dateModified":"2025-04-13T16:15:14+00:00","author":{"@id":"https:\/\/www.meinesuedstadt.de\/branchenverzeichnis\/#\/schema\/person\/377f8fd43825f067d14416c974a4d50e"},"description":"Dass ein Bestattungshaus nicht grau, muffig und dunkel sein muss, beweist Klemmer-Roth. Es pr\u00e4sentiert sich modern und hell.","breadcrumb":{"@id":"https:\/\/www.meinesuedstadt.de\/branchenverzeichnis\/klemmer-roth-bestattungen-und-trauerbegleitung-in-der-suedstadt\/#breadcrumb"},"inLanguage":"de","potentialAction":[{"@type":"ReadAction","target":["https:\/\/www.meinesuedstadt.de\/branchenverzeichnis\/klemmer-roth-bestattungen-und-trauerbegleitung-in-der-suedstadt\/"]}]},{"@type":"ImageObject","inLanguage":"de","@id":"https:\/\/www.meinesuedstadt.de\/branchenverzeichnis\/klemmer-roth-bestattungen-und-trauerbegleitung-in-der-suedstadt\/#primaryimage","url":"https:\/\/www.meinesuedstadt.de\/branchenverzeichnis\/wp-content\/uploads\/2022\/04\/IMG_5121-2.jpg","contentUrl":"https:\/\/www.meinesuedstadt.de\/branchenverzeichnis\/wp-content\/uploads\/2022\/04\/IMG_5121-2.jpg","width":1200,"height":822},{"@type":"BreadcrumbList","@id":"https:\/\/www.meinesuedstadt.de\/branchenverzeichnis\/klemmer-roth-bestattungen-und-trauerbegleitung-in-der-suedstadt\/#breadcrumb","itemListElement":[{"@type":"ListItem","position":1,"name":"Startseite","item":"https:\/\/www.meinesuedstadt.de\/branchenverzeichnis\/"},{"@type":"ListItem","position":2,"name":"Klemmer-Roth: Bestattungen und Trauerbegleitung in der S\u00fcdstadt"}]},{"@type":"WebSite","@id":"https:\/\/www.meinesuedstadt.de\/branchenverzeichnis\/#website","url":"https:\/\/www.meinesuedstadt.de\/branchenverzeichnis\/","name":"Meine S\u00fcdstadt","description":"Branchenverzeichnis aus der S\u00fcdstadt K\u00f6lns","potentialAction":[{"@type":"SearchAction","target":{"@type":"EntryPoint","urlTemplate":"https:\/\/www.meinesuedstadt.de\/branchenverzeichnis\/?s={search_term_string}"},"query-input":{"@type":"PropertyValueSpecification","valueRequired":true,"valueName":"search_term_string"}}],"inLanguage":"de"},{"@type":"Person","@id":"https:\/\/www.meinesuedstadt.de\/branchenverzeichnis\/#\/schema\/person\/377f8fd43825f067d14416c974a4d50e","name":"Gaby DeMuirier","image":{"@type":"ImageObject","inLanguage":"de","@id":"https:\/\/secure.gravatar.com\/avatar\/7ecf9674b7a678a660fcd27242eacb0ec8607a4b99a0a409d6d8141a320a8170?s=96&d=mm&r=g","url":"https:\/\/secure.gravatar.com\/avatar\/7ecf9674b7a678a660fcd27242eacb0ec8607a4b99a0a409d6d8141a320a8170?s=96&d=mm&r=g","contentUrl":"https:\/\/secure.gravatar.com\/avatar\/7ecf9674b7a678a660fcd27242eacb0ec8607a4b99a0a409d6d8141a320a8170?s=96&d=mm&r=g","caption":"Gaby DeMuirier"},"sameAs":["https:\/\/www.meinesuedstadt.de"]}]}},"priority":"1","metaAddress":"Karolingerring 26, 50678 K\u00f6ln","_links":{"self":[{"href":"https:\/\/www.meinesuedstadt.de\/branchenverzeichnis\/wp-json\/wp\/v2\/posts\/4902","targetHints":{"allow":["GET"]}}],"collection":[{"href":"https:\/\/www.meinesuedstadt.de\/branchenverzeichnis\/wp-json\/wp\/v2\/posts"}],"about":[{"href":"https:\/\/www.meinesuedstadt.de\/branchenverzeichnis\/wp-json\/wp\/v2\/types\/post"}],"author":[{"embeddable":true,"href":"https:\/\/www.meinesuedstadt.de\/branchenverzeichnis\/wp-json\/wp\/v2\/users\/8"}],"replies":[{"embeddable":true,"href":"https:\/\/www.meinesuedstadt.de\/branchenverzeichnis\/wp-json\/wp\/v2\/comments?post=4902"}],"version-history":[{"count":8,"href":"https:\/\/www.meinesuedstadt.de\/branchenverzeichnis\/wp-json\/wp\/v2\/posts\/4902\/revisions"}],"predecessor-version":[{"id":5881,"href":"https:\/\/www.meinesuedstadt.de\/branchenverzeichnis\/wp-json\/wp\/v2\/posts\/4902\/revisions\/5881"}],"wp:featuredmedia":[{"embeddable":true,"href":"https:\/\/www.meinesuedstadt.de\/branchenverzeichnis\/wp-json\/wp\/v2\/media\/4940"}],"wp:attachment":[{"href":"https:\/\/www.meinesuedstadt.de\/branchenverzeichnis\/wp-json\/wp\/v2\/media?parent=4902"}],"wp:term":[{"taxonomy":"category","embeddable":true,"href":"https:\/\/www.meinesuedstadt.de\/branchenverzeichnis\/wp-json\/wp\/v2\/categories?post=4902"},{"taxonomy":"post_tag","embeddable":true,"href":"https:\/\/www.meinesuedstadt.de\/branchenverzeichnis\/wp-json\/wp\/v2\/tags?post=4902"}],"curies":[{"name":"wp","href":"https:\/\/api.w.org\/{rel}","templated":true}]}}