{"id":4963,"date":"2022-06-06T13:31:51","date_gmt":"2022-06-06T11:31:51","guid":{"rendered":"https:\/\/www.meinesuedstadt.de\/branchenverzeichnis\/?p=4963"},"modified":"2024-12-21T11:23:32","modified_gmt":"2024-12-21T10:23:32","slug":"aktionsgemeinschaft-rund-um-bonner-str-chlodwigplatz-e-v-abc","status":"publish","type":"post","link":"https:\/\/www.meinesuedstadt.de\/branchenverzeichnis\/aktionsgemeinschaft-rund-um-bonner-str-chlodwigplatz-e-v-abc\/","title":{"rendered":"Aktionsgemeinschaft rund um Bonner Str.\/Chlodwigplatz e.V."},"content":{"rendered":"<p>Die Aktionsgemeinschaft, kurz <strong>ABC<\/strong>, entstand bereits im Jahr 2009 als Folge des Archiveinsturzes und den damit entstandenen Problemen f\u00fcr die Gewerbetreibenden auf der Bonner Stra\u00dfe sowie dem Bonner Wall. Unter dem Vorsitz von Alice Baker sorgt der Zusammenschluss aus zwei urspr\u00fcnglichen Interessengemeinschaften seitdem f\u00fcr zahlreiche Verbesserungen der ans\u00e4ssigen S\u00fcdstadt-H\u00e4ndler sorgen.<\/p>\n<h2><strong>Einsatz f\u00fcr ein liebens- und lebenswertes Veedel<\/strong><\/h2>\n<p>Mit viel Energie, Einsatz und Engagement arbeitet die ABC nun schon seit fast 13 Jahren daran, dass sich die S\u00fcdstadt rund um den Chlodwigplatz in einem sch\u00f6nen Licht zeigt. Immer wieder wurden neue Projekte gestartet und Probleme gel\u00f6st, immer mit dem Ziel, die gro\u00dfe Vielfalt an kleinen und mittleren Einzelhandelsgesch\u00e4ften zu erhalten. Auch schaffte es die ABC, \u00a0mit Hilfe von Sponsoren- und F\u00f6rdergeldern Lichterketten zu kaufen, die in der Vorweihnachtszeit f\u00fcr eine festliche Beleuchtung rund um den Chlodwigplatz sorgen. Nach und nach soll dies auf die anliegenden Stra\u00dfen ausgeweitet werden. Doch die laufenden Kosten f\u00fcr Auf- und Abbau sowie Lagerung sind erheblich.<\/p>\n<p>Inzwischen kann der Verein stolze 83 Mitglieder vorweisen. Eine besondere Herausfprderung war der Beginn der Corona-Pandemie, die im Fr\u00fchjahr 2020 begann und zu langwierigen und massiven Beeintr\u00e4chtigungen f\u00fchrte. Neben dem schnell in Szene gesetzten Veedel-Shopping hatten die Vorstandsmitglieder fast immer Zeit &amp; Ohr f\u00fcr die berechtigten Sorgen der gebeutelten und unsicheren Gewerbetreibenden.<\/p>\n<h2><strong>Ein Gesicht geben<\/strong><\/h2>\n<p>Weiterhin hat die ABC den Gesch\u00e4ftsinhaberInnen mit der Aktion <a href=\"https:\/\/www.abcsuedstadt.de\/suedstadtgesichter\"><strong>#s\u00fcdstadtgesichter<\/strong><\/a> im November 2020 ein Gesicht gegeben. Mit einer Fotostrecke wurden die Menschen hinter und in den L\u00e4den sichtbar gemacht und aus der Anonymit\u00e4t geholt. Die Portr\u00e4ts, die auf Plakaten und Fahnen abgebildet wurden, h\u00e4ngen noch heute in den Schaufenstern einiger Gesch\u00e4fte bzw. wurden \u00fcber den Instagram-Kanal der ABC ver\u00f6ffentlicht.<\/p>\n<p><img loading=\"lazy\" decoding=\"async\" class=\"size-medium wp-image-4969 aligncenter\" src=\"https:\/\/www.meinesuedstadt.de\/branchenverzeichnis\/wp-content\/uploads\/2022\/06\/Gruppenbild-suedstadtgesichter-komplett-2-300x264.jpg\" alt=\"\" width=\"300\" height=\"264\" srcset=\"https:\/\/www.meinesuedstadt.de\/branchenverzeichnis\/wp-content\/uploads\/2022\/06\/Gruppenbild-suedstadtgesichter-komplett-2-300x264.jpg 300w, https:\/\/www.meinesuedstadt.de\/branchenverzeichnis\/wp-content\/uploads\/2022\/06\/Gruppenbild-suedstadtgesichter-komplett-2-768x676.jpg 768w, https:\/\/www.meinesuedstadt.de\/branchenverzeichnis\/wp-content\/uploads\/2022\/06\/Gruppenbild-suedstadtgesichter-komplett-2.jpg 800w\" sizes=\"auto, (max-width: 300px) 100vw, 300px\" \/><\/p>\n<p>Erg\u00e4nzt werden die Fotos durch den Hashtag #suedstadtgesichter, der f\u00fcr die\u00a0Verbindung von analog und digital\u00a0steht.<\/p>\n<h2><strong>Die S\u00fcdstadt feiert wieder<\/strong><\/h2>\n<p>Neben dem Veedelsadvent, der alle 2 Jahre auf dem Chlodwigplatz von der Aktionsgemeinschaft organisiert wird, z\u00e4hlt auch das S\u00fcdstadt-Fest zu den gr\u00f6\u00dferen Events des Vereins. Nach 2019 wird das bei S\u00fcdst\u00e4dterInnen und BesucherInnen gleicherma\u00dfen beliebte Stra\u00dfenfest nun endlich wieder stattfinden. Am 11. und 12. Juni 2022 darf zwei Tage lang auf der Bonner Stra\u00dfe zwischen Chlodwigplatz und Bonner Wall wieder gegessen, getrunken, flaniert, gespielt, getanzt und gefeiert werden. Neben der schon traditionellen Modenschau von und mit Teilnehmenden aus dem Veedel sorgen zahlreiche Cover-Bands f\u00fcr die musikalische Unterhaltung an den beiden Abenden. Verschiedene Vereine wie das Tierheim Zollstock und die Comedia informieren an eigenen St\u00e4nden\u00fcber ihre Aktivit\u00e4ten.<\/p>\n<p><img loading=\"lazy\" decoding=\"async\" class=\"size-medium wp-image-4974 alignleft\" src=\"https:\/\/www.meinesuedstadt.de\/branchenverzeichnis\/wp-content\/uploads\/2022\/06\/280648587_2033040010208900_4938521356328889537_n-213x300.jpg\" alt=\"\" width=\"213\" height=\"300\" srcset=\"https:\/\/www.meinesuedstadt.de\/branchenverzeichnis\/wp-content\/uploads\/2022\/06\/280648587_2033040010208900_4938521356328889537_n-213x300.jpg 213w, https:\/\/www.meinesuedstadt.de\/branchenverzeichnis\/wp-content\/uploads\/2022\/06\/280648587_2033040010208900_4938521356328889537_n.jpg 498w\" sizes=\"auto, (max-width: 213px) 100vw, 213px\" \/><\/p>\n<p>Der ABC als offiziellem Veranstalter war es besonders wichtig, gute &amp; wertige Non-Food-Aussteller &amp; viele Food-St\u00e4nde aus dem Viertel f\u00fcr das Fest zu gewinnen, und sich damit ein wenig von den \u00fcblichen Stra\u00dfenfesten in K\u00f6ln abzusetzen. Die BesucherInnen k\u00f6nnen sich auf kleinere Manufakturen und S\u00fcdstadt-H\u00e4ndler freuen, die ihre Waren aus den Bereichen Mode, Accessoires, Schmuck und Lifestyle pr\u00e4sentieren. Auch die Kids k\u00f6nnen sich auf viele besondere Aktivit\u00e4ten freuen. Neben einem Kinderkarussell erwartet die kleinen BesucherInnen unter anderem Live-Comiczeichnen, Entenangeln &amp; \u201eKamelreiten\u201c. Als Highlight k\u00f6nnen sie sich selber Insektenhotels bauen. Das S\u00fcdstadtfest findet am 11. und 12- Juni jeweils von 12-22 Uhr statt.<\/p>\n","protected":false},"excerpt":{"rendered":"<p>Die Aktionsgemeinschaft, kurz ABC, entstand bereits im Jahr 2009 als Folge des Archiveinsturzes und den damit entstandenen Problemen f\u00fcr die Gewerbetreibenden auf der Bonner Stra\u00dfe sowie dem Bonner Wall. Unter dem Vorsitz von Alice Baker sorgt der Zusammenschluss aus zwei urspr\u00fcnglichen Interessengemeinschaften seitdem f\u00fcr zahlreiche Verbesserungen der ans\u00e4ssigen S\u00fcdstadt-H\u00e4ndler sorgen. Einsatz f\u00fcr ein liebens- und [&hellip;]<\/p>\n","protected":false},"author":8,"featured_media":4964,"comment_status":"open","ping_status":"open","sticky":false,"template":"","format":"standard","meta":{"_acf_changed":false,"footnotes":""},"categories":[1],"tags":[394],"class_list":["post-4963","post","type-post","status-publish","format-standard","has-post-thumbnail","hentry","category-sonstiges","tag-suedstadtfest"],"acf":[],"yoast_head":"<!-- This site is optimized with the Yoast SEO plugin v27.4 - https:\/\/yoast.com\/product\/yoast-seo-wordpress\/ -->\n<title>Aktionsgemeinschaft rund um Bonner Str.\/Chlodwigplatz e.V. - Meine S\u00fcdstadt<\/title>\n<meta name=\"robots\" content=\"index, follow, max-snippet:-1, max-image-preview:large, max-video-preview:-1\" \/>\n<link rel=\"canonical\" href=\"https:\/\/www.meinesuedstadt.de\/branchenverzeichnis\/aktionsgemeinschaft-rund-um-bonner-str-chlodwigplatz-e-v-abc\/\" \/>\n<meta property=\"og:locale\" content=\"de_DE\" \/>\n<meta property=\"og:type\" content=\"article\" \/>\n<meta property=\"og:title\" content=\"Aktionsgemeinschaft rund um Bonner Str.\/Chlodwigplatz e.V. - Meine S\u00fcdstadt\" \/>\n<meta property=\"og:description\" content=\"Die Aktionsgemeinschaft, kurz ABC, entstand bereits im Jahr 2009 als Folge des Archiveinsturzes und den damit entstandenen Problemen f\u00fcr die Gewerbetreibenden auf der Bonner Stra\u00dfe sowie dem Bonner Wall. Unter dem Vorsitz von Alice Baker sorgt der Zusammenschluss aus zwei urspr\u00fcnglichen Interessengemeinschaften seitdem f\u00fcr zahlreiche Verbesserungen der ans\u00e4ssigen S\u00fcdstadt-H\u00e4ndler sorgen. Einsatz f\u00fcr ein liebens- und [&hellip;]\" \/>\n<meta property=\"og:url\" content=\"https:\/\/www.meinesuedstadt.de\/branchenverzeichnis\/aktionsgemeinschaft-rund-um-bonner-str-chlodwigplatz-e-v-abc\/\" \/>\n<meta property=\"og:site_name\" content=\"Meine S\u00fcdstadt\" \/>\n<meta property=\"article:publisher\" content=\"https:\/\/www.facebook.com\/Meinesuedstadt\/\" \/>\n<meta property=\"article:published_time\" content=\"2022-06-06T11:31:51+00:00\" \/>\n<meta property=\"article:modified_time\" content=\"2024-12-21T10:23:32+00:00\" \/>\n<meta property=\"og:image\" content=\"https:\/\/www.meinesuedstadt.de\/branchenverzeichnis\/wp-content\/uploads\/2022\/06\/280746507_2036789476500620_4463891767080674455_n.jpg\" \/>\n\t<meta property=\"og:image:width\" content=\"1200\" \/>\n\t<meta property=\"og:image:height\" content=\"720\" \/>\n\t<meta property=\"og:image:type\" content=\"image\/jpeg\" \/>\n<meta name=\"author\" content=\"Gaby DeMuirier\" \/>\n<meta name=\"twitter:card\" content=\"summary_large_image\" \/>\n<meta name=\"twitter:creator\" content=\"@meinesuedstadt\" \/>\n<meta name=\"twitter:site\" content=\"@meinesuedstadt\" \/>\n<meta name=\"twitter:label1\" content=\"Verfasst von\" \/>\n\t<meta name=\"twitter:data1\" content=\"Gaby DeMuirier\" \/>\n\t<meta name=\"twitter:label2\" content=\"Gesch\u00e4tzte Lesezeit\" \/>\n\t<meta name=\"twitter:data2\" content=\"4\u00a0Minuten\" \/>\n<script type=\"application\/ld+json\" class=\"yoast-schema-graph\">{\"@context\":\"https:\\\/\\\/schema.org\",\"@graph\":[{\"@type\":\"Article\",\"@id\":\"https:\\\/\\\/www.meinesuedstadt.de\\\/branchenverzeichnis\\\/aktionsgemeinschaft-rund-um-bonner-str-chlodwigplatz-e-v-abc\\\/#article\",\"isPartOf\":{\"@id\":\"https:\\\/\\\/www.meinesuedstadt.de\\\/branchenverzeichnis\\\/aktionsgemeinschaft-rund-um-bonner-str-chlodwigplatz-e-v-abc\\\/\"},\"author\":{\"name\":\"Gaby DeMuirier\",\"@id\":\"https:\\\/\\\/www.meinesuedstadt.de\\\/branchenverzeichnis\\\/#\\\/schema\\\/person\\\/377f8fd43825f067d14416c974a4d50e\"},\"headline\":\"Aktionsgemeinschaft rund um Bonner Str.\\\/Chlodwigplatz e.V.\",\"datePublished\":\"2022-06-06T11:31:51+00:00\",\"dateModified\":\"2024-12-21T10:23:32+00:00\",\"mainEntityOfPage\":{\"@id\":\"https:\\\/\\\/www.meinesuedstadt.de\\\/branchenverzeichnis\\\/aktionsgemeinschaft-rund-um-bonner-str-chlodwigplatz-e-v-abc\\\/\"},\"wordCount\":555,\"commentCount\":0,\"image\":{\"@id\":\"https:\\\/\\\/www.meinesuedstadt.de\\\/branchenverzeichnis\\\/aktionsgemeinschaft-rund-um-bonner-str-chlodwigplatz-e-v-abc\\\/#primaryimage\"},\"thumbnailUrl\":\"https:\\\/\\\/www.meinesuedstadt.de\\\/branchenverzeichnis\\\/wp-content\\\/uploads\\\/2022\\\/06\\\/280746507_2036789476500620_4463891767080674455_n.jpg\",\"keywords\":[\"S\u00fcdstadtfest\"],\"articleSection\":[\"Sonstiges\"],\"inLanguage\":\"de\",\"potentialAction\":[{\"@type\":\"CommentAction\",\"name\":\"Comment\",\"target\":[\"https:\\\/\\\/www.meinesuedstadt.de\\\/branchenverzeichnis\\\/aktionsgemeinschaft-rund-um-bonner-str-chlodwigplatz-e-v-abc\\\/#respond\"]}]},{\"@type\":\"WebPage\",\"@id\":\"https:\\\/\\\/www.meinesuedstadt.de\\\/branchenverzeichnis\\\/aktionsgemeinschaft-rund-um-bonner-str-chlodwigplatz-e-v-abc\\\/\",\"url\":\"https:\\\/\\\/www.meinesuedstadt.de\\\/branchenverzeichnis\\\/aktionsgemeinschaft-rund-um-bonner-str-chlodwigplatz-e-v-abc\\\/\",\"name\":\"Aktionsgemeinschaft rund um Bonner Str.\\\/Chlodwigplatz e.V. - Meine S\u00fcdstadt\",\"isPartOf\":{\"@id\":\"https:\\\/\\\/www.meinesuedstadt.de\\\/branchenverzeichnis\\\/#website\"},\"primaryImageOfPage\":{\"@id\":\"https:\\\/\\\/www.meinesuedstadt.de\\\/branchenverzeichnis\\\/aktionsgemeinschaft-rund-um-bonner-str-chlodwigplatz-e-v-abc\\\/#primaryimage\"},\"image\":{\"@id\":\"https:\\\/\\\/www.meinesuedstadt.de\\\/branchenverzeichnis\\\/aktionsgemeinschaft-rund-um-bonner-str-chlodwigplatz-e-v-abc\\\/#primaryimage\"},\"thumbnailUrl\":\"https:\\\/\\\/www.meinesuedstadt.de\\\/branchenverzeichnis\\\/wp-content\\\/uploads\\\/2022\\\/06\\\/280746507_2036789476500620_4463891767080674455_n.jpg\",\"datePublished\":\"2022-06-06T11:31:51+00:00\",\"dateModified\":\"2024-12-21T10:23:32+00:00\",\"author\":{\"@id\":\"https:\\\/\\\/www.meinesuedstadt.de\\\/branchenverzeichnis\\\/#\\\/schema\\\/person\\\/377f8fd43825f067d14416c974a4d50e\"},\"breadcrumb\":{\"@id\":\"https:\\\/\\\/www.meinesuedstadt.de\\\/branchenverzeichnis\\\/aktionsgemeinschaft-rund-um-bonner-str-chlodwigplatz-e-v-abc\\\/#breadcrumb\"},\"inLanguage\":\"de\",\"potentialAction\":[{\"@type\":\"ReadAction\",\"target\":[\"https:\\\/\\\/www.meinesuedstadt.de\\\/branchenverzeichnis\\\/aktionsgemeinschaft-rund-um-bonner-str-chlodwigplatz-e-v-abc\\\/\"]}]},{\"@type\":\"ImageObject\",\"inLanguage\":\"de\",\"@id\":\"https:\\\/\\\/www.meinesuedstadt.de\\\/branchenverzeichnis\\\/aktionsgemeinschaft-rund-um-bonner-str-chlodwigplatz-e-v-abc\\\/#primaryimage\",\"url\":\"https:\\\/\\\/www.meinesuedstadt.de\\\/branchenverzeichnis\\\/wp-content\\\/uploads\\\/2022\\\/06\\\/280746507_2036789476500620_4463891767080674455_n.jpg\",\"contentUrl\":\"https:\\\/\\\/www.meinesuedstadt.de\\\/branchenverzeichnis\\\/wp-content\\\/uploads\\\/2022\\\/06\\\/280746507_2036789476500620_4463891767080674455_n.jpg\",\"width\":1200,\"height\":720},{\"@type\":\"BreadcrumbList\",\"@id\":\"https:\\\/\\\/www.meinesuedstadt.de\\\/branchenverzeichnis\\\/aktionsgemeinschaft-rund-um-bonner-str-chlodwigplatz-e-v-abc\\\/#breadcrumb\",\"itemListElement\":[{\"@type\":\"ListItem\",\"position\":1,\"name\":\"Startseite\",\"item\":\"https:\\\/\\\/www.meinesuedstadt.de\\\/branchenverzeichnis\\\/\"},{\"@type\":\"ListItem\",\"position\":2,\"name\":\"Aktionsgemeinschaft rund um Bonner Str.\\\/Chlodwigplatz e.V.\"}]},{\"@type\":\"WebSite\",\"@id\":\"https:\\\/\\\/www.meinesuedstadt.de\\\/branchenverzeichnis\\\/#website\",\"url\":\"https:\\\/\\\/www.meinesuedstadt.de\\\/branchenverzeichnis\\\/\",\"name\":\"Meine S\u00fcdstadt\",\"description\":\"Branchenverzeichnis aus der S\u00fcdstadt K\u00f6lns\",\"potentialAction\":[{\"@type\":\"SearchAction\",\"target\":{\"@type\":\"EntryPoint\",\"urlTemplate\":\"https:\\\/\\\/www.meinesuedstadt.de\\\/branchenverzeichnis\\\/?s={search_term_string}\"},\"query-input\":{\"@type\":\"PropertyValueSpecification\",\"valueRequired\":true,\"valueName\":\"search_term_string\"}}],\"inLanguage\":\"de\"},{\"@type\":\"Person\",\"@id\":\"https:\\\/\\\/www.meinesuedstadt.de\\\/branchenverzeichnis\\\/#\\\/schema\\\/person\\\/377f8fd43825f067d14416c974a4d50e\",\"name\":\"Gaby DeMuirier\",\"image\":{\"@type\":\"ImageObject\",\"inLanguage\":\"de\",\"@id\":\"https:\\\/\\\/secure.gravatar.com\\\/avatar\\\/7ecf9674b7a678a660fcd27242eacb0ec8607a4b99a0a409d6d8141a320a8170?s=96&d=mm&r=g\",\"url\":\"https:\\\/\\\/secure.gravatar.com\\\/avatar\\\/7ecf9674b7a678a660fcd27242eacb0ec8607a4b99a0a409d6d8141a320a8170?s=96&d=mm&r=g\",\"contentUrl\":\"https:\\\/\\\/secure.gravatar.com\\\/avatar\\\/7ecf9674b7a678a660fcd27242eacb0ec8607a4b99a0a409d6d8141a320a8170?s=96&d=mm&r=g\",\"caption\":\"Gaby DeMuirier\"},\"sameAs\":[\"https:\\\/\\\/www.meinesuedstadt.de\"]}]}<\/script>\n<!-- \/ Yoast SEO plugin. -->","yoast_head_json":{"title":"Aktionsgemeinschaft rund um Bonner Str.\/Chlodwigplatz e.V. - Meine S\u00fcdstadt","robots":{"index":"index","follow":"follow","max-snippet":"max-snippet:-1","max-image-preview":"max-image-preview:large","max-video-preview":"max-video-preview:-1"},"canonical":"https:\/\/www.meinesuedstadt.de\/branchenverzeichnis\/aktionsgemeinschaft-rund-um-bonner-str-chlodwigplatz-e-v-abc\/","og_locale":"de_DE","og_type":"article","og_title":"Aktionsgemeinschaft rund um Bonner Str.\/Chlodwigplatz e.V. - Meine S\u00fcdstadt","og_description":"Die Aktionsgemeinschaft, kurz ABC, entstand bereits im Jahr 2009 als Folge des Archiveinsturzes und den damit entstandenen Problemen f\u00fcr die Gewerbetreibenden auf der Bonner Stra\u00dfe sowie dem Bonner Wall. Unter dem Vorsitz von Alice Baker sorgt der Zusammenschluss aus zwei urspr\u00fcnglichen Interessengemeinschaften seitdem f\u00fcr zahlreiche Verbesserungen der ans\u00e4ssigen S\u00fcdstadt-H\u00e4ndler sorgen. Einsatz f\u00fcr ein liebens- und [&hellip;]","og_url":"https:\/\/www.meinesuedstadt.de\/branchenverzeichnis\/aktionsgemeinschaft-rund-um-bonner-str-chlodwigplatz-e-v-abc\/","og_site_name":"Meine S\u00fcdstadt","article_publisher":"https:\/\/www.facebook.com\/Meinesuedstadt\/","article_published_time":"2022-06-06T11:31:51+00:00","article_modified_time":"2024-12-21T10:23:32+00:00","og_image":[{"width":1200,"height":720,"url":"https:\/\/www.meinesuedstadt.de\/branchenverzeichnis\/wp-content\/uploads\/2022\/06\/280746507_2036789476500620_4463891767080674455_n.jpg","type":"image\/jpeg"}],"author":"Gaby DeMuirier","twitter_card":"summary_large_image","twitter_creator":"@meinesuedstadt","twitter_site":"@meinesuedstadt","twitter_misc":{"Verfasst von":"Gaby DeMuirier","Gesch\u00e4tzte Lesezeit":"4\u00a0Minuten"},"schema":{"@context":"https:\/\/schema.org","@graph":[{"@type":"Article","@id":"https:\/\/www.meinesuedstadt.de\/branchenverzeichnis\/aktionsgemeinschaft-rund-um-bonner-str-chlodwigplatz-e-v-abc\/#article","isPartOf":{"@id":"https:\/\/www.meinesuedstadt.de\/branchenverzeichnis\/aktionsgemeinschaft-rund-um-bonner-str-chlodwigplatz-e-v-abc\/"},"author":{"name":"Gaby DeMuirier","@id":"https:\/\/www.meinesuedstadt.de\/branchenverzeichnis\/#\/schema\/person\/377f8fd43825f067d14416c974a4d50e"},"headline":"Aktionsgemeinschaft rund um Bonner Str.\/Chlodwigplatz e.V.","datePublished":"2022-06-06T11:31:51+00:00","dateModified":"2024-12-21T10:23:32+00:00","mainEntityOfPage":{"@id":"https:\/\/www.meinesuedstadt.de\/branchenverzeichnis\/aktionsgemeinschaft-rund-um-bonner-str-chlodwigplatz-e-v-abc\/"},"wordCount":555,"commentCount":0,"image":{"@id":"https:\/\/www.meinesuedstadt.de\/branchenverzeichnis\/aktionsgemeinschaft-rund-um-bonner-str-chlodwigplatz-e-v-abc\/#primaryimage"},"thumbnailUrl":"https:\/\/www.meinesuedstadt.de\/branchenverzeichnis\/wp-content\/uploads\/2022\/06\/280746507_2036789476500620_4463891767080674455_n.jpg","keywords":["S\u00fcdstadtfest"],"articleSection":["Sonstiges"],"inLanguage":"de","potentialAction":[{"@type":"CommentAction","name":"Comment","target":["https:\/\/www.meinesuedstadt.de\/branchenverzeichnis\/aktionsgemeinschaft-rund-um-bonner-str-chlodwigplatz-e-v-abc\/#respond"]}]},{"@type":"WebPage","@id":"https:\/\/www.meinesuedstadt.de\/branchenverzeichnis\/aktionsgemeinschaft-rund-um-bonner-str-chlodwigplatz-e-v-abc\/","url":"https:\/\/www.meinesuedstadt.de\/branchenverzeichnis\/aktionsgemeinschaft-rund-um-bonner-str-chlodwigplatz-e-v-abc\/","name":"Aktionsgemeinschaft rund um Bonner Str.\/Chlodwigplatz e.V. - Meine S\u00fcdstadt","isPartOf":{"@id":"https:\/\/www.meinesuedstadt.de\/branchenverzeichnis\/#website"},"primaryImageOfPage":{"@id":"https:\/\/www.meinesuedstadt.de\/branchenverzeichnis\/aktionsgemeinschaft-rund-um-bonner-str-chlodwigplatz-e-v-abc\/#primaryimage"},"image":{"@id":"https:\/\/www.meinesuedstadt.de\/branchenverzeichnis\/aktionsgemeinschaft-rund-um-bonner-str-chlodwigplatz-e-v-abc\/#primaryimage"},"thumbnailUrl":"https:\/\/www.meinesuedstadt.de\/branchenverzeichnis\/wp-content\/uploads\/2022\/06\/280746507_2036789476500620_4463891767080674455_n.jpg","datePublished":"2022-06-06T11:31:51+00:00","dateModified":"2024-12-21T10:23:32+00:00","author":{"@id":"https:\/\/www.meinesuedstadt.de\/branchenverzeichnis\/#\/schema\/person\/377f8fd43825f067d14416c974a4d50e"},"breadcrumb":{"@id":"https:\/\/www.meinesuedstadt.de\/branchenverzeichnis\/aktionsgemeinschaft-rund-um-bonner-str-chlodwigplatz-e-v-abc\/#breadcrumb"},"inLanguage":"de","potentialAction":[{"@type":"ReadAction","target":["https:\/\/www.meinesuedstadt.de\/branchenverzeichnis\/aktionsgemeinschaft-rund-um-bonner-str-chlodwigplatz-e-v-abc\/"]}]},{"@type":"ImageObject","inLanguage":"de","@id":"https:\/\/www.meinesuedstadt.de\/branchenverzeichnis\/aktionsgemeinschaft-rund-um-bonner-str-chlodwigplatz-e-v-abc\/#primaryimage","url":"https:\/\/www.meinesuedstadt.de\/branchenverzeichnis\/wp-content\/uploads\/2022\/06\/280746507_2036789476500620_4463891767080674455_n.jpg","contentUrl":"https:\/\/www.meinesuedstadt.de\/branchenverzeichnis\/wp-content\/uploads\/2022\/06\/280746507_2036789476500620_4463891767080674455_n.jpg","width":1200,"height":720},{"@type":"BreadcrumbList","@id":"https:\/\/www.meinesuedstadt.de\/branchenverzeichnis\/aktionsgemeinschaft-rund-um-bonner-str-chlodwigplatz-e-v-abc\/#breadcrumb","itemListElement":[{"@type":"ListItem","position":1,"name":"Startseite","item":"https:\/\/www.meinesuedstadt.de\/branchenverzeichnis\/"},{"@type":"ListItem","position":2,"name":"Aktionsgemeinschaft rund um Bonner Str.\/Chlodwigplatz e.V."}]},{"@type":"WebSite","@id":"https:\/\/www.meinesuedstadt.de\/branchenverzeichnis\/#website","url":"https:\/\/www.meinesuedstadt.de\/branchenverzeichnis\/","name":"Meine S\u00fcdstadt","description":"Branchenverzeichnis aus der S\u00fcdstadt K\u00f6lns","potentialAction":[{"@type":"SearchAction","target":{"@type":"EntryPoint","urlTemplate":"https:\/\/www.meinesuedstadt.de\/branchenverzeichnis\/?s={search_term_string}"},"query-input":{"@type":"PropertyValueSpecification","valueRequired":true,"valueName":"search_term_string"}}],"inLanguage":"de"},{"@type":"Person","@id":"https:\/\/www.meinesuedstadt.de\/branchenverzeichnis\/#\/schema\/person\/377f8fd43825f067d14416c974a4d50e","name":"Gaby DeMuirier","image":{"@type":"ImageObject","inLanguage":"de","@id":"https:\/\/secure.gravatar.com\/avatar\/7ecf9674b7a678a660fcd27242eacb0ec8607a4b99a0a409d6d8141a320a8170?s=96&d=mm&r=g","url":"https:\/\/secure.gravatar.com\/avatar\/7ecf9674b7a678a660fcd27242eacb0ec8607a4b99a0a409d6d8141a320a8170?s=96&d=mm&r=g","contentUrl":"https:\/\/secure.gravatar.com\/avatar\/7ecf9674b7a678a660fcd27242eacb0ec8607a4b99a0a409d6d8141a320a8170?s=96&d=mm&r=g","caption":"Gaby DeMuirier"},"sameAs":["https:\/\/www.meinesuedstadt.de"]}]}},"priority":0,"metaAddress":"Bonner Wall 31, 50677 K\u00f6ln","_links":{"self":[{"href":"https:\/\/www.meinesuedstadt.de\/branchenverzeichnis\/wp-json\/wp\/v2\/posts\/4963","targetHints":{"allow":["GET"]}}],"collection":[{"href":"https:\/\/www.meinesuedstadt.de\/branchenverzeichnis\/wp-json\/wp\/v2\/posts"}],"about":[{"href":"https:\/\/www.meinesuedstadt.de\/branchenverzeichnis\/wp-json\/wp\/v2\/types\/post"}],"author":[{"embeddable":true,"href":"https:\/\/www.meinesuedstadt.de\/branchenverzeichnis\/wp-json\/wp\/v2\/users\/8"}],"replies":[{"embeddable":true,"href":"https:\/\/www.meinesuedstadt.de\/branchenverzeichnis\/wp-json\/wp\/v2\/comments?post=4963"}],"version-history":[{"count":10,"href":"https:\/\/www.meinesuedstadt.de\/branchenverzeichnis\/wp-json\/wp\/v2\/posts\/4963\/revisions"}],"predecessor-version":[{"id":5800,"href":"https:\/\/www.meinesuedstadt.de\/branchenverzeichnis\/wp-json\/wp\/v2\/posts\/4963\/revisions\/5800"}],"wp:featuredmedia":[{"embeddable":true,"href":"https:\/\/www.meinesuedstadt.de\/branchenverzeichnis\/wp-json\/wp\/v2\/media\/4964"}],"wp:attachment":[{"href":"https:\/\/www.meinesuedstadt.de\/branchenverzeichnis\/wp-json\/wp\/v2\/media?parent=4963"}],"wp:term":[{"taxonomy":"category","embeddable":true,"href":"https:\/\/www.meinesuedstadt.de\/branchenverzeichnis\/wp-json\/wp\/v2\/categories?post=4963"},{"taxonomy":"post_tag","embeddable":true,"href":"https:\/\/www.meinesuedstadt.de\/branchenverzeichnis\/wp-json\/wp\/v2\/tags?post=4963"}],"curies":[{"name":"wp","href":"https:\/\/api.w.org\/{rel}","templated":true}]}}