{"id":5021,"date":"2022-09-10T19:14:12","date_gmt":"2022-09-10T17:14:12","guid":{"rendered":"https:\/\/www.meinesuedstadt.de\/branchenverzeichnis\/?p=5021"},"modified":"2025-11-09T13:19:19","modified_gmt":"2025-11-09T12:19:19","slug":"koelner-physio-kollektiv","status":"publish","type":"post","link":"https:\/\/www.meinesuedstadt.de\/branchenverzeichnis\/koelner-physio-kollektiv\/","title":{"rendered":"K\u00f6lner.Physio.Kollektiv. bringt Bewegung in die S\u00fcdstadt"},"content":{"rendered":"<p>Einen Alltag ohne Schmerzen und damit mehr Freude an Bewegung \u2013 das\u00a0ist das Ziel des K\u00f6lner.Physio.Kollektiv. und K\u00f6lner.Bewegungs.Raum. von Nicole Spangenberg und Max Melcher. Die am Bonner Wall gelegene Physiopraxis bietet neben Reha-Sport, Pr\u00e4ventionskursen und einer Ern\u00e4hrungsberatung\u00a0auch eine in Deutschland einzigartige Lauf- und Ganganalyse an. Das junge Team der Physiopraxis besteht aus hervorragend ausgebildeten Therapeut*innen, die ausnahmslos ein Studium der Physiotherapie in den Niederlanden absolviert haben. Die hellen, modernen und gro\u00dfz\u00fcgig ausgestatten R\u00e4umlichkeiten der Praxis sorgen mit einem weiten Rundumblick f\u00fcr eine zus\u00e4tzliche Motivation.<\/p>\n\n\t\t<style type=\"text\/css\">\n\t\t\t#gallery-1 {\n\t\t\t\tmargin: auto;\n\t\t\t}\n\t\t\t#gallery-1 .gallery-item {\n\t\t\t\tfloat: left;\n\t\t\t\tmargin-top: 10px;\n\t\t\t\ttext-align: center;\n\t\t\t\twidth: 25%;\n\t\t\t}\n\t\t\t#gallery-1 img {\n\t\t\t\tborder: 2px solid #cfcfcf;\n\t\t\t}\n\t\t\t#gallery-1 .gallery-caption {\n\t\t\t\tmargin-left: 0;\n\t\t\t}\n\t\t\t\/* see gallery_shortcode() in wp-includes\/media.php *\/\n\t\t<\/style>\n\t\t<div id='gallery-1' class='gallery galleryid-5021 gallery-columns-4 gallery-size-thumbnail'><dl class='gallery-item'>\n\t\t\t<dt class='gallery-icon landscape'>\n\t\t\t\t<a href='https:\/\/www.meinesuedstadt.de\/branchenverzeichnis\/wp-content\/uploads\/2022\/09\/Max_Nicole_quer5-1.jpg' title=\"\" data-rl_title=\"\" class=\"rl-gallery-link\" data-rl_caption=\"\" data-rel=\"lightbox-gallery-1\"><img loading=\"lazy\" decoding=\"async\" width=\"150\" height=\"150\" src=\"https:\/\/www.meinesuedstadt.de\/branchenverzeichnis\/wp-content\/uploads\/2022\/09\/Max_Nicole_quer5-1-150x150.jpg\" class=\"attachment-thumbnail size-thumbnail\" alt=\"\" \/><\/a>\n\t\t\t<\/dt><\/dl><dl class='gallery-item'>\n\t\t\t<dt class='gallery-icon landscape'>\n\t\t\t\t<a href='https:\/\/www.meinesuedstadt.de\/branchenverzeichnis\/wp-content\/uploads\/2022\/09\/Max_Nicole_quer6-1.jpg' title=\"\" data-rl_title=\"\" class=\"rl-gallery-link\" data-rl_caption=\"\" data-rel=\"lightbox-gallery-1\"><img loading=\"lazy\" decoding=\"async\" width=\"150\" height=\"150\" src=\"https:\/\/www.meinesuedstadt.de\/branchenverzeichnis\/wp-content\/uploads\/2022\/09\/Max_Nicole_quer6-1-150x150.jpg\" class=\"attachment-thumbnail size-thumbnail\" alt=\"\" \/><\/a>\n\t\t\t<\/dt><\/dl><dl class='gallery-item'>\n\t\t\t<dt class='gallery-icon landscape'>\n\t\t\t\t<a href='https:\/\/www.meinesuedstadt.de\/branchenverzeichnis\/wp-content\/uploads\/2022\/09\/Max_Nicole_quer8.jpeg' title=\"\" data-rl_title=\"\" class=\"rl-gallery-link\" data-rl_caption=\"\" data-rel=\"lightbox-gallery-1\"><img loading=\"lazy\" decoding=\"async\" width=\"150\" height=\"150\" src=\"https:\/\/www.meinesuedstadt.de\/branchenverzeichnis\/wp-content\/uploads\/2022\/09\/Max_Nicole_quer8-150x150.jpeg\" class=\"attachment-thumbnail size-thumbnail\" alt=\"\" \/><\/a>\n\t\t\t<\/dt><\/dl><dl class='gallery-item'>\n\t\t\t<dt class='gallery-icon landscape'>\n\t\t\t\t<a href='https:\/\/www.meinesuedstadt.de\/branchenverzeichnis\/wp-content\/uploads\/2022\/09\/IMG-20221130-WA0000.jpg' title=\"\" data-rl_title=\"\" class=\"rl-gallery-link\" data-rl_caption=\"\" data-rel=\"lightbox-gallery-1\"><img loading=\"lazy\" decoding=\"async\" width=\"150\" height=\"150\" src=\"https:\/\/www.meinesuedstadt.de\/branchenverzeichnis\/wp-content\/uploads\/2022\/09\/IMG-20221130-WA0000-150x150.jpg\" class=\"attachment-thumbnail size-thumbnail\" alt=\"\" \/><\/a>\n\t\t\t<\/dt><\/dl><br style=\"clear: both\" \/>\n\t\t<\/div>\n\n<h2><strong>Das K\u00f6lner.Physio.Kollektiv.<\/strong><\/h2>\n<p>Bei Nicole und Max f\u00e4ngt die Therapie bereits am Empfang an. Schon am Telefon werden die f\u00fcr einen ersten Eindruck wichtigsten Informationen umfassend abgefragt. Und bereits beim ersten Kontakt sorgt Nicole f\u00fcr eine f\u00fcr alle Patient*innen transparente Beratung. Ganz nach dem Motto \u201eIndividuelle Patientenbetreuung statt Allgemeintherapie\u201c. Dabei ist den beiden Inhabern ein enger Kontakt zu den Patient*innen besonders wichtig.\u00a0Dies wird auch in der Therapie gro\u00dfgeschrieben. Neben Spezializisierung auf die Bereiche Manuelle Therapie und Sportphysiotherapie und BG-Unf\u00e4lle, liegt auch ein Schwerpunkt auf CMD-Behandlungen (enge Zusammenarbeit mit Zahn\u00e4rzten). Jede Therapie beginnt mit einer Befundung beim Ersttermin. Hier wird der Patient bei seinem derzeitigen Beschwerdestand abgeholt und der Therapeut*in entwickelt mit dem Patient*in einen individuellen Therapieplan.<\/p>\n\n\t\t<style type=\"text\/css\">\n\t\t\t#gallery-2 {\n\t\t\t\tmargin: auto;\n\t\t\t}\n\t\t\t#gallery-2 .gallery-item {\n\t\t\t\tfloat: left;\n\t\t\t\tmargin-top: 10px;\n\t\t\t\ttext-align: center;\n\t\t\t\twidth: 25%;\n\t\t\t}\n\t\t\t#gallery-2 img {\n\t\t\t\tborder: 2px solid #cfcfcf;\n\t\t\t}\n\t\t\t#gallery-2 .gallery-caption {\n\t\t\t\tmargin-left: 0;\n\t\t\t}\n\t\t\t\/* see gallery_shortcode() in wp-includes\/media.php *\/\n\t\t<\/style>\n\t\t<div id='gallery-2' class='gallery galleryid-5021 gallery-columns-4 gallery-size-thumbnail'><dl class='gallery-item'>\n\t\t\t<dt class='gallery-icon portrait'>\n\t\t\t\t<a href='https:\/\/www.meinesuedstadt.de\/branchenverzeichnis\/wp-content\/uploads\/2022\/09\/Max_Nicole_hoch5jpg.jpg' title=\"\" data-rl_title=\"\" class=\"rl-gallery-link\" data-rl_caption=\"\" data-rel=\"lightbox-gallery-2\"><img loading=\"lazy\" decoding=\"async\" width=\"150\" height=\"150\" src=\"https:\/\/www.meinesuedstadt.de\/branchenverzeichnis\/wp-content\/uploads\/2022\/09\/Max_Nicole_hoch5jpg-150x150.jpg\" class=\"attachment-thumbnail size-thumbnail\" alt=\"\" \/><\/a>\n\t\t\t<\/dt><\/dl><dl class='gallery-item'>\n\t\t\t<dt class='gallery-icon portrait'>\n\t\t\t\t<a href='https:\/\/www.meinesuedstadt.de\/branchenverzeichnis\/wp-content\/uploads\/2022\/09\/Max_Nicole_Portrait_hoch2.jpg' title=\"\" data-rl_title=\"\" class=\"rl-gallery-link\" data-rl_caption=\"\" data-rel=\"lightbox-gallery-2\"><img loading=\"lazy\" decoding=\"async\" width=\"150\" height=\"150\" src=\"https:\/\/www.meinesuedstadt.de\/branchenverzeichnis\/wp-content\/uploads\/2022\/09\/Max_Nicole_Portrait_hoch2-150x150.jpg\" class=\"attachment-thumbnail size-thumbnail\" alt=\"\" \/><\/a>\n\t\t\t<\/dt><\/dl><dl class='gallery-item'>\n\t\t\t<dt class='gallery-icon portrait'>\n\t\t\t\t<a href='https:\/\/www.meinesuedstadt.de\/branchenverzeichnis\/wp-content\/uploads\/2022\/09\/Max_Nicole_hoch3.jpeg' title=\"\" data-rl_title=\"\" class=\"rl-gallery-link\" data-rl_caption=\"\" data-rel=\"lightbox-gallery-2\"><img loading=\"lazy\" decoding=\"async\" width=\"150\" height=\"150\" src=\"https:\/\/www.meinesuedstadt.de\/branchenverzeichnis\/wp-content\/uploads\/2022\/09\/Max_Nicole_hoch3-150x150.jpeg\" class=\"attachment-thumbnail size-thumbnail\" alt=\"\" \/><\/a>\n\t\t\t<\/dt><\/dl><dl class='gallery-item'>\n\t\t\t<dt class='gallery-icon portrait'>\n\t\t\t\t<a href='https:\/\/www.meinesuedstadt.de\/branchenverzeichnis\/wp-content\/uploads\/2022\/09\/Max_Nicole_hoch4.jpeg' title=\"\" data-rl_title=\"\" class=\"rl-gallery-link\" data-rl_caption=\"\" data-rel=\"lightbox-gallery-2\"><img loading=\"lazy\" decoding=\"async\" width=\"150\" height=\"150\" src=\"https:\/\/www.meinesuedstadt.de\/branchenverzeichnis\/wp-content\/uploads\/2022\/09\/Max_Nicole_hoch4-150x150.jpeg\" class=\"attachment-thumbnail size-thumbnail\" alt=\"\" \/><\/a>\n\t\t\t<\/dt><\/dl><br style=\"clear: both\" \/>\n\t\t<\/div>\n\n<h2><strong>Der K\u00f6lner.Bewegungs.Raum.<\/strong><\/h2>\n<p>Wenn die Physiotherapie abgeschlossen ist oder der Arzt keine weitere Therapie verschreiben kann, k\u00f6nnen Patienten weiter betreut werden.\u00a0Die vom Arzt verschriebenen Rehakurse finden an verschiedenen Tagen der Woche statt und zielen darauf ab, die Bewegungsf\u00e4higkeit zu verbessern und den Verlauf von Krankheiten positiv zu beeinflussen. Behandlungsfelder sind unter anderem Wirbels\u00e4ulenbeschwerden, Bandscheibenvorfall, Osteoporose und Rheuma\/Arthrose. Die Therapie findet in einem gro\u00dfen hellen Gruppenraum von 70qm statt. Das Therapeuten-Team bietet auch R\u00fcckenpr\u00e4ventionskurse sowie ein ganzheitliches Ger\u00e4tetraining in kleinen Gruppen an. Im Bewegungs.Raum. wird mittels \u00dcbungen an Gro\u00dfger\u00e4ten sowie sanften \u00dcbungen mit dem eigenen K\u00f6rpergewicht Gesundheitsproblemen vorgebeugt. Auch diese Kurse sind immer begleitet von einem\/r Kursleiter\/in, die Euch Theorie und Praxis n\u00e4herbringen, damit vorhandene Beschwerden verschwinden bzw. erst keine aufkommen.<\/p>\n<p>Was vielleicht nicht Jede*r wei\u00df: die Krankenkassen beteiligen sich oft mit bis zu 100 Prozent an den Kosten f\u00fcr das Training bzw. die Kurse. Auf Selbstzahlerbasis wird auch eine Medizinische Trainingstherapie (MTT) angeboten. Hier findet Training in Kleinstgruppen mit. Therapeut und individuellem Trainingsplan statt.<\/p>\n\n\t\t<style type=\"text\/css\">\n\t\t\t#gallery-3 {\n\t\t\t\tmargin: auto;\n\t\t\t}\n\t\t\t#gallery-3 .gallery-item {\n\t\t\t\tfloat: left;\n\t\t\t\tmargin-top: 10px;\n\t\t\t\ttext-align: center;\n\t\t\t\twidth: 25%;\n\t\t\t}\n\t\t\t#gallery-3 img {\n\t\t\t\tborder: 2px solid #cfcfcf;\n\t\t\t}\n\t\t\t#gallery-3 .gallery-caption {\n\t\t\t\tmargin-left: 0;\n\t\t\t}\n\t\t\t\/* see gallery_shortcode() in wp-includes\/media.php *\/\n\t\t<\/style>\n\t\t<div id='gallery-3' class='gallery galleryid-5021 gallery-columns-4 gallery-size-thumbnail'><dl class='gallery-item'>\n\t\t\t<dt class='gallery-icon landscape'>\n\t\t\t\t<a href='https:\/\/www.meinesuedstadt.de\/branchenverzeichnis\/wp-content\/uploads\/2022\/09\/Max_Nicole_Portrait4_quer.jpg' title=\"\" data-rl_title=\"\" class=\"rl-gallery-link\" data-rl_caption=\"\" data-rel=\"lightbox-gallery-3\"><img loading=\"lazy\" decoding=\"async\" width=\"150\" height=\"150\" src=\"https:\/\/www.meinesuedstadt.de\/branchenverzeichnis\/wp-content\/uploads\/2022\/09\/Max_Nicole_Portrait4_quer-150x150.jpg\" class=\"attachment-thumbnail size-thumbnail\" alt=\"\" \/><\/a>\n\t\t\t<\/dt><\/dl><dl class='gallery-item'>\n\t\t\t<dt class='gallery-icon landscape'>\n\t\t\t\t<a href='https:\/\/www.meinesuedstadt.de\/branchenverzeichnis\/wp-content\/uploads\/2022\/09\/Max_Nicole_quer7.jpeg' title=\"\" data-rl_title=\"\" class=\"rl-gallery-link\" data-rl_caption=\"\" data-rel=\"lightbox-gallery-3\"><img loading=\"lazy\" decoding=\"async\" width=\"150\" height=\"150\" src=\"https:\/\/www.meinesuedstadt.de\/branchenverzeichnis\/wp-content\/uploads\/2022\/09\/Max_Nicole_quer7-150x150.jpeg\" class=\"attachment-thumbnail size-thumbnail\" alt=\"\" \/><\/a>\n\t\t\t<\/dt><\/dl><dl class='gallery-item'>\n\t\t\t<dt class='gallery-icon landscape'>\n\t\t\t\t<a href='https:\/\/www.meinesuedstadt.de\/branchenverzeichnis\/wp-content\/uploads\/2022\/09\/Portrait_Max_Nicole1_quer.jpeg' title=\"\" data-rl_title=\"\" class=\"rl-gallery-link\" data-rl_caption=\"\" data-rel=\"lightbox-gallery-3\"><img loading=\"lazy\" decoding=\"async\" width=\"150\" height=\"150\" src=\"https:\/\/www.meinesuedstadt.de\/branchenverzeichnis\/wp-content\/uploads\/2022\/09\/Portrait_Max_Nicole1_quer-150x150.jpeg\" class=\"attachment-thumbnail size-thumbnail\" alt=\"\" \/><\/a>\n\t\t\t<\/dt><\/dl><dl class='gallery-item'>\n\t\t\t<dt class='gallery-icon landscape'>\n\t\t\t\t<a href='https:\/\/www.meinesuedstadt.de\/branchenverzeichnis\/wp-content\/uploads\/2022\/09\/Max_Nicole_Portrait_quer_3.jpg' title=\"\" data-rl_title=\"\" class=\"rl-gallery-link\" data-rl_caption=\"\" data-rel=\"lightbox-gallery-3\"><img loading=\"lazy\" decoding=\"async\" width=\"150\" height=\"150\" src=\"https:\/\/www.meinesuedstadt.de\/branchenverzeichnis\/wp-content\/uploads\/2022\/09\/Max_Nicole_Portrait_quer_3-150x150.jpg\" class=\"attachment-thumbnail size-thumbnail\" alt=\"\" \/><\/a>\n\t\t\t<\/dt><\/dl><br style=\"clear: both\" \/>\n\t\t<\/div>\n\n<h2><strong>Lauf- oder Ganganalyse mit dem Runeasi\u00ae-Chip\u00a0 <\/strong><\/h2>\n<p>Mittlerweile w\u00e4hrend der gesamten Praxiszeit, haben ambitionierte L\u00e4ufer*innen die M\u00f6glichkeit, eine Lauf- oder Ganganalyse mit dem innovativen Runeasy<strong>\u00ae<\/strong>-Chip durchzuf\u00fchren. Dieser wird um das Becken geschnallt und misst Bewegungen direkt beim Laufen oder Gehen. W\u00e4hrend der Laufbewegung wird der Patient aus allen Richtungen gefilmt, um sp\u00e4ter am Computer die Gelenkstellungen analysieren zu k\u00f6nnen.<\/p>\n<p>Die Messdaten zeigen die sogenannten Weak Spots des K\u00f6rpers in einem Schaubild oder die Ursache von Laufverletzungen auf. Daraus kann der Therapeut dann Trainingsempfehlungen ableiten. Eine zus\u00e4tzliche Videoanalyse erleichtert die Faktorensuche. Das Kollektiv hat f\u00fcr die Lauf- oder Ganganalyse drei verschiedene Pakete (S-M-L) im Angebot. F\u00fcr alle Pakete bieten Max und Nicole eine optionale Nachmessung nach 4-8 Wochen an. Dabei werden alle relevanten Messungen wiederholt und der Trainingsplan gegebenenfalls angepasst.<\/p>\n<h2><strong>Untersuchung &amp; Behandlung auch ohne \u00e4rztliche Verordnung<\/strong><\/h2>\n<p>Ihr habt akute Schmerzen am Bewegungsapparat und wollt keinen Arzt aufsuchen? Dann k\u00f6nnt Ihr auch im Kollektiv Hilfe finden. Max Melcher ist qualifiziert, als ausgebildeter Physiotherapeut, B.Sc. PT, M.Sc. MT und sektoraler Heilpraktiker eine ausf\u00fchrliche Anamnese durchzuf\u00fchren sowie die Beschwerden zu identifizieren &amp; zu behandeln. Im besten Fall habt Ihr Euch den Weg zum Arzt gespart, einen unn\u00f6tigen Zeitverlust vermieden und k\u00f6nnt besonders schnell mit der Behandlung beginnen. Empfehlungen f\u00fcr Schlafgewohnheiten gibt\u00b4s noch obendrauf. Auch ein Wirbels\u00e4ulencheck kann erfolgen.<\/p>\n","protected":false},"excerpt":{"rendered":"<p>Einen Alltag ohne Schmerzen und damit mehr Freude an Bewegung \u2013 das\u00a0ist das Ziel des K\u00f6lner.Physio.Kollektiv. und K\u00f6lner.Bewegungs.Raum. von Nicole Spangenberg und Max Melcher. Die am Bonner Wall gelegene Physiopraxis bietet neben Reha-Sport, Pr\u00e4ventionskursen und einer Ern\u00e4hrungsberatung\u00a0auch eine in Deutschland einzigartige Lauf- und Ganganalyse an. Das junge Team der Physiopraxis besteht aus hervorragend ausgebildeten Therapeut*innen, [&hellip;]<\/p>\n","protected":false},"author":8,"featured_media":5023,"comment_status":"open","ping_status":"open","sticky":false,"template":"","format":"standard","meta":{"_acf_changed":false,"footnotes":""},"categories":[158,245],"tags":[408,412,406,411,407,409,410],"class_list":["post-5021","post","type-post","status-publish","format-standard","has-post-thumbnail","hentry","category-gesundheit","category-physiotherapie","tag-behandlung","tag-gesundheitsmanager","tag-laufanalyse","tag-manualtherapie","tag-physio","tag-therapie","tag-trainingsgeraete"],"acf":[],"yoast_head":"<!-- This site is optimized with the Yoast SEO plugin v27.4 - https:\/\/yoast.com\/product\/yoast-seo-wordpress\/ -->\n<title>K\u00f6lner.Physio.Kollektiv. bringt Bewegung in die S\u00fcdstadt - Meine S\u00fcdstadt<\/title>\n<meta name=\"robots\" content=\"index, follow, max-snippet:-1, max-image-preview:large, max-video-preview:-1\" \/>\n<link rel=\"canonical\" href=\"https:\/\/www.meinesuedstadt.de\/branchenverzeichnis\/koelner-physio-kollektiv\/\" \/>\n<meta property=\"og:locale\" content=\"de_DE\" \/>\n<meta property=\"og:type\" content=\"article\" \/>\n<meta property=\"og:title\" content=\"K\u00f6lner.Physio.Kollektiv. bringt Bewegung in die S\u00fcdstadt - Meine S\u00fcdstadt\" \/>\n<meta property=\"og:description\" content=\"Einen Alltag ohne Schmerzen und damit mehr Freude an Bewegung \u2013 das\u00a0ist das Ziel des K\u00f6lner.Physio.Kollektiv. und K\u00f6lner.Bewegungs.Raum. von Nicole Spangenberg und Max Melcher. Die am Bonner Wall gelegene Physiopraxis bietet neben Reha-Sport, Pr\u00e4ventionskursen und einer Ern\u00e4hrungsberatung\u00a0auch eine in Deutschland einzigartige Lauf- und Ganganalyse an. Das junge Team der Physiopraxis besteht aus hervorragend ausgebildeten Therapeut*innen, [&hellip;]\" \/>\n<meta property=\"og:url\" content=\"https:\/\/www.meinesuedstadt.de\/branchenverzeichnis\/koelner-physio-kollektiv\/\" \/>\n<meta property=\"og:site_name\" content=\"Meine S\u00fcdstadt\" \/>\n<meta property=\"article:publisher\" content=\"https:\/\/www.facebook.com\/Meinesuedstadt\/\" \/>\n<meta property=\"article:published_time\" content=\"2022-09-10T17:14:12+00:00\" \/>\n<meta property=\"article:modified_time\" content=\"2025-11-09T12:19:19+00:00\" \/>\n<meta property=\"og:image\" content=\"https:\/\/www.meinesuedstadt.de\/branchenverzeichnis\/wp-content\/uploads\/2022\/09\/IMG_3474-2-1.jpg\" \/>\n\t<meta property=\"og:image:width\" content=\"1200\" \/>\n\t<meta property=\"og:image:height\" content=\"623\" \/>\n\t<meta property=\"og:image:type\" content=\"image\/jpeg\" \/>\n<meta name=\"author\" content=\"Gaby DeMuirier\" \/>\n<meta name=\"twitter:card\" content=\"summary_large_image\" \/>\n<meta name=\"twitter:creator\" content=\"@meinesuedstadt\" \/>\n<meta name=\"twitter:site\" content=\"@meinesuedstadt\" \/>\n<meta name=\"twitter:label1\" content=\"Verfasst von\" \/>\n\t<meta name=\"twitter:data1\" content=\"Gaby DeMuirier\" \/>\n\t<meta name=\"twitter:label2\" content=\"Gesch\u00e4tzte Lesezeit\" \/>\n\t<meta name=\"twitter:data2\" content=\"4\u00a0Minuten\" \/>\n<script type=\"application\/ld+json\" class=\"yoast-schema-graph\">{\"@context\":\"https:\\\/\\\/schema.org\",\"@graph\":[{\"@type\":\"Article\",\"@id\":\"https:\\\/\\\/www.meinesuedstadt.de\\\/branchenverzeichnis\\\/koelner-physio-kollektiv\\\/#article\",\"isPartOf\":{\"@id\":\"https:\\\/\\\/www.meinesuedstadt.de\\\/branchenverzeichnis\\\/koelner-physio-kollektiv\\\/\"},\"author\":{\"name\":\"Gaby DeMuirier\",\"@id\":\"https:\\\/\\\/www.meinesuedstadt.de\\\/branchenverzeichnis\\\/#\\\/schema\\\/person\\\/377f8fd43825f067d14416c974a4d50e\"},\"headline\":\"K\u00f6lner.Physio.Kollektiv. bringt Bewegung in die S\u00fcdstadt\",\"datePublished\":\"2022-09-10T17:14:12+00:00\",\"dateModified\":\"2025-11-09T12:19:19+00:00\",\"mainEntityOfPage\":{\"@id\":\"https:\\\/\\\/www.meinesuedstadt.de\\\/branchenverzeichnis\\\/koelner-physio-kollektiv\\\/\"},\"wordCount\":675,\"commentCount\":0,\"image\":{\"@id\":\"https:\\\/\\\/www.meinesuedstadt.de\\\/branchenverzeichnis\\\/koelner-physio-kollektiv\\\/#primaryimage\"},\"thumbnailUrl\":\"https:\\\/\\\/www.meinesuedstadt.de\\\/branchenverzeichnis\\\/wp-content\\\/uploads\\\/2022\\\/09\\\/IMG_3474-2-1.jpg\",\"keywords\":[\"Behandlung\",\"Gesundheitsmanager\",\"Laufanalyse\",\"Manualtherapie\",\"Physio\",\"Therapie\",\"Trainingsger\u00e4te\"],\"articleSection\":[\"Gesundheit\",\"Physiotherapie\"],\"inLanguage\":\"de\",\"potentialAction\":[{\"@type\":\"CommentAction\",\"name\":\"Comment\",\"target\":[\"https:\\\/\\\/www.meinesuedstadt.de\\\/branchenverzeichnis\\\/koelner-physio-kollektiv\\\/#respond\"]}]},{\"@type\":\"WebPage\",\"@id\":\"https:\\\/\\\/www.meinesuedstadt.de\\\/branchenverzeichnis\\\/koelner-physio-kollektiv\\\/\",\"url\":\"https:\\\/\\\/www.meinesuedstadt.de\\\/branchenverzeichnis\\\/koelner-physio-kollektiv\\\/\",\"name\":\"K\u00f6lner.Physio.Kollektiv. bringt Bewegung in die S\u00fcdstadt - Meine S\u00fcdstadt\",\"isPartOf\":{\"@id\":\"https:\\\/\\\/www.meinesuedstadt.de\\\/branchenverzeichnis\\\/#website\"},\"primaryImageOfPage\":{\"@id\":\"https:\\\/\\\/www.meinesuedstadt.de\\\/branchenverzeichnis\\\/koelner-physio-kollektiv\\\/#primaryimage\"},\"image\":{\"@id\":\"https:\\\/\\\/www.meinesuedstadt.de\\\/branchenverzeichnis\\\/koelner-physio-kollektiv\\\/#primaryimage\"},\"thumbnailUrl\":\"https:\\\/\\\/www.meinesuedstadt.de\\\/branchenverzeichnis\\\/wp-content\\\/uploads\\\/2022\\\/09\\\/IMG_3474-2-1.jpg\",\"datePublished\":\"2022-09-10T17:14:12+00:00\",\"dateModified\":\"2025-11-09T12:19:19+00:00\",\"author\":{\"@id\":\"https:\\\/\\\/www.meinesuedstadt.de\\\/branchenverzeichnis\\\/#\\\/schema\\\/person\\\/377f8fd43825f067d14416c974a4d50e\"},\"breadcrumb\":{\"@id\":\"https:\\\/\\\/www.meinesuedstadt.de\\\/branchenverzeichnis\\\/koelner-physio-kollektiv\\\/#breadcrumb\"},\"inLanguage\":\"de\",\"potentialAction\":[{\"@type\":\"ReadAction\",\"target\":[\"https:\\\/\\\/www.meinesuedstadt.de\\\/branchenverzeichnis\\\/koelner-physio-kollektiv\\\/\"]}]},{\"@type\":\"ImageObject\",\"inLanguage\":\"de\",\"@id\":\"https:\\\/\\\/www.meinesuedstadt.de\\\/branchenverzeichnis\\\/koelner-physio-kollektiv\\\/#primaryimage\",\"url\":\"https:\\\/\\\/www.meinesuedstadt.de\\\/branchenverzeichnis\\\/wp-content\\\/uploads\\\/2022\\\/09\\\/IMG_3474-2-1.jpg\",\"contentUrl\":\"https:\\\/\\\/www.meinesuedstadt.de\\\/branchenverzeichnis\\\/wp-content\\\/uploads\\\/2022\\\/09\\\/IMG_3474-2-1.jpg\",\"width\":1200,\"height\":623},{\"@type\":\"BreadcrumbList\",\"@id\":\"https:\\\/\\\/www.meinesuedstadt.de\\\/branchenverzeichnis\\\/koelner-physio-kollektiv\\\/#breadcrumb\",\"itemListElement\":[{\"@type\":\"ListItem\",\"position\":1,\"name\":\"Startseite\",\"item\":\"https:\\\/\\\/www.meinesuedstadt.de\\\/branchenverzeichnis\\\/\"},{\"@type\":\"ListItem\",\"position\":2,\"name\":\"K\u00f6lner.Physio.Kollektiv. bringt Bewegung in die S\u00fcdstadt\"}]},{\"@type\":\"WebSite\",\"@id\":\"https:\\\/\\\/www.meinesuedstadt.de\\\/branchenverzeichnis\\\/#website\",\"url\":\"https:\\\/\\\/www.meinesuedstadt.de\\\/branchenverzeichnis\\\/\",\"name\":\"Meine S\u00fcdstadt\",\"description\":\"Branchenverzeichnis aus der S\u00fcdstadt K\u00f6lns\",\"potentialAction\":[{\"@type\":\"SearchAction\",\"target\":{\"@type\":\"EntryPoint\",\"urlTemplate\":\"https:\\\/\\\/www.meinesuedstadt.de\\\/branchenverzeichnis\\\/?s={search_term_string}\"},\"query-input\":{\"@type\":\"PropertyValueSpecification\",\"valueRequired\":true,\"valueName\":\"search_term_string\"}}],\"inLanguage\":\"de\"},{\"@type\":\"Person\",\"@id\":\"https:\\\/\\\/www.meinesuedstadt.de\\\/branchenverzeichnis\\\/#\\\/schema\\\/person\\\/377f8fd43825f067d14416c974a4d50e\",\"name\":\"Gaby DeMuirier\",\"image\":{\"@type\":\"ImageObject\",\"inLanguage\":\"de\",\"@id\":\"https:\\\/\\\/secure.gravatar.com\\\/avatar\\\/7ecf9674b7a678a660fcd27242eacb0ec8607a4b99a0a409d6d8141a320a8170?s=96&d=mm&r=g\",\"url\":\"https:\\\/\\\/secure.gravatar.com\\\/avatar\\\/7ecf9674b7a678a660fcd27242eacb0ec8607a4b99a0a409d6d8141a320a8170?s=96&d=mm&r=g\",\"contentUrl\":\"https:\\\/\\\/secure.gravatar.com\\\/avatar\\\/7ecf9674b7a678a660fcd27242eacb0ec8607a4b99a0a409d6d8141a320a8170?s=96&d=mm&r=g\",\"caption\":\"Gaby DeMuirier\"},\"sameAs\":[\"https:\\\/\\\/www.meinesuedstadt.de\"]}]}<\/script>\n<!-- \/ Yoast SEO plugin. -->","yoast_head_json":{"title":"K\u00f6lner.Physio.Kollektiv. bringt Bewegung in die S\u00fcdstadt - Meine S\u00fcdstadt","robots":{"index":"index","follow":"follow","max-snippet":"max-snippet:-1","max-image-preview":"max-image-preview:large","max-video-preview":"max-video-preview:-1"},"canonical":"https:\/\/www.meinesuedstadt.de\/branchenverzeichnis\/koelner-physio-kollektiv\/","og_locale":"de_DE","og_type":"article","og_title":"K\u00f6lner.Physio.Kollektiv. bringt Bewegung in die S\u00fcdstadt - Meine S\u00fcdstadt","og_description":"Einen Alltag ohne Schmerzen und damit mehr Freude an Bewegung \u2013 das\u00a0ist das Ziel des K\u00f6lner.Physio.Kollektiv. und K\u00f6lner.Bewegungs.Raum. von Nicole Spangenberg und Max Melcher. Die am Bonner Wall gelegene Physiopraxis bietet neben Reha-Sport, Pr\u00e4ventionskursen und einer Ern\u00e4hrungsberatung\u00a0auch eine in Deutschland einzigartige Lauf- und Ganganalyse an. Das junge Team der Physiopraxis besteht aus hervorragend ausgebildeten Therapeut*innen, [&hellip;]","og_url":"https:\/\/www.meinesuedstadt.de\/branchenverzeichnis\/koelner-physio-kollektiv\/","og_site_name":"Meine S\u00fcdstadt","article_publisher":"https:\/\/www.facebook.com\/Meinesuedstadt\/","article_published_time":"2022-09-10T17:14:12+00:00","article_modified_time":"2025-11-09T12:19:19+00:00","og_image":[{"width":1200,"height":623,"url":"https:\/\/www.meinesuedstadt.de\/branchenverzeichnis\/wp-content\/uploads\/2022\/09\/IMG_3474-2-1.jpg","type":"image\/jpeg"}],"author":"Gaby DeMuirier","twitter_card":"summary_large_image","twitter_creator":"@meinesuedstadt","twitter_site":"@meinesuedstadt","twitter_misc":{"Verfasst von":"Gaby DeMuirier","Gesch\u00e4tzte Lesezeit":"4\u00a0Minuten"},"schema":{"@context":"https:\/\/schema.org","@graph":[{"@type":"Article","@id":"https:\/\/www.meinesuedstadt.de\/branchenverzeichnis\/koelner-physio-kollektiv\/#article","isPartOf":{"@id":"https:\/\/www.meinesuedstadt.de\/branchenverzeichnis\/koelner-physio-kollektiv\/"},"author":{"name":"Gaby DeMuirier","@id":"https:\/\/www.meinesuedstadt.de\/branchenverzeichnis\/#\/schema\/person\/377f8fd43825f067d14416c974a4d50e"},"headline":"K\u00f6lner.Physio.Kollektiv. bringt Bewegung in die S\u00fcdstadt","datePublished":"2022-09-10T17:14:12+00:00","dateModified":"2025-11-09T12:19:19+00:00","mainEntityOfPage":{"@id":"https:\/\/www.meinesuedstadt.de\/branchenverzeichnis\/koelner-physio-kollektiv\/"},"wordCount":675,"commentCount":0,"image":{"@id":"https:\/\/www.meinesuedstadt.de\/branchenverzeichnis\/koelner-physio-kollektiv\/#primaryimage"},"thumbnailUrl":"https:\/\/www.meinesuedstadt.de\/branchenverzeichnis\/wp-content\/uploads\/2022\/09\/IMG_3474-2-1.jpg","keywords":["Behandlung","Gesundheitsmanager","Laufanalyse","Manualtherapie","Physio","Therapie","Trainingsger\u00e4te"],"articleSection":["Gesundheit","Physiotherapie"],"inLanguage":"de","potentialAction":[{"@type":"CommentAction","name":"Comment","target":["https:\/\/www.meinesuedstadt.de\/branchenverzeichnis\/koelner-physio-kollektiv\/#respond"]}]},{"@type":"WebPage","@id":"https:\/\/www.meinesuedstadt.de\/branchenverzeichnis\/koelner-physio-kollektiv\/","url":"https:\/\/www.meinesuedstadt.de\/branchenverzeichnis\/koelner-physio-kollektiv\/","name":"K\u00f6lner.Physio.Kollektiv. bringt Bewegung in die S\u00fcdstadt - Meine S\u00fcdstadt","isPartOf":{"@id":"https:\/\/www.meinesuedstadt.de\/branchenverzeichnis\/#website"},"primaryImageOfPage":{"@id":"https:\/\/www.meinesuedstadt.de\/branchenverzeichnis\/koelner-physio-kollektiv\/#primaryimage"},"image":{"@id":"https:\/\/www.meinesuedstadt.de\/branchenverzeichnis\/koelner-physio-kollektiv\/#primaryimage"},"thumbnailUrl":"https:\/\/www.meinesuedstadt.de\/branchenverzeichnis\/wp-content\/uploads\/2022\/09\/IMG_3474-2-1.jpg","datePublished":"2022-09-10T17:14:12+00:00","dateModified":"2025-11-09T12:19:19+00:00","author":{"@id":"https:\/\/www.meinesuedstadt.de\/branchenverzeichnis\/#\/schema\/person\/377f8fd43825f067d14416c974a4d50e"},"breadcrumb":{"@id":"https:\/\/www.meinesuedstadt.de\/branchenverzeichnis\/koelner-physio-kollektiv\/#breadcrumb"},"inLanguage":"de","potentialAction":[{"@type":"ReadAction","target":["https:\/\/www.meinesuedstadt.de\/branchenverzeichnis\/koelner-physio-kollektiv\/"]}]},{"@type":"ImageObject","inLanguage":"de","@id":"https:\/\/www.meinesuedstadt.de\/branchenverzeichnis\/koelner-physio-kollektiv\/#primaryimage","url":"https:\/\/www.meinesuedstadt.de\/branchenverzeichnis\/wp-content\/uploads\/2022\/09\/IMG_3474-2-1.jpg","contentUrl":"https:\/\/www.meinesuedstadt.de\/branchenverzeichnis\/wp-content\/uploads\/2022\/09\/IMG_3474-2-1.jpg","width":1200,"height":623},{"@type":"BreadcrumbList","@id":"https:\/\/www.meinesuedstadt.de\/branchenverzeichnis\/koelner-physio-kollektiv\/#breadcrumb","itemListElement":[{"@type":"ListItem","position":1,"name":"Startseite","item":"https:\/\/www.meinesuedstadt.de\/branchenverzeichnis\/"},{"@type":"ListItem","position":2,"name":"K\u00f6lner.Physio.Kollektiv. bringt Bewegung in die S\u00fcdstadt"}]},{"@type":"WebSite","@id":"https:\/\/www.meinesuedstadt.de\/branchenverzeichnis\/#website","url":"https:\/\/www.meinesuedstadt.de\/branchenverzeichnis\/","name":"Meine S\u00fcdstadt","description":"Branchenverzeichnis aus der S\u00fcdstadt K\u00f6lns","potentialAction":[{"@type":"SearchAction","target":{"@type":"EntryPoint","urlTemplate":"https:\/\/www.meinesuedstadt.de\/branchenverzeichnis\/?s={search_term_string}"},"query-input":{"@type":"PropertyValueSpecification","valueRequired":true,"valueName":"search_term_string"}}],"inLanguage":"de"},{"@type":"Person","@id":"https:\/\/www.meinesuedstadt.de\/branchenverzeichnis\/#\/schema\/person\/377f8fd43825f067d14416c974a4d50e","name":"Gaby DeMuirier","image":{"@type":"ImageObject","inLanguage":"de","@id":"https:\/\/secure.gravatar.com\/avatar\/7ecf9674b7a678a660fcd27242eacb0ec8607a4b99a0a409d6d8141a320a8170?s=96&d=mm&r=g","url":"https:\/\/secure.gravatar.com\/avatar\/7ecf9674b7a678a660fcd27242eacb0ec8607a4b99a0a409d6d8141a320a8170?s=96&d=mm&r=g","contentUrl":"https:\/\/secure.gravatar.com\/avatar\/7ecf9674b7a678a660fcd27242eacb0ec8607a4b99a0a409d6d8141a320a8170?s=96&d=mm&r=g","caption":"Gaby DeMuirier"},"sameAs":["https:\/\/www.meinesuedstadt.de"]}]}},"priority":0,"metaAddress":"Overstolzenstra\u00dfe 2a, 50677 K\u00f6ln","_links":{"self":[{"href":"https:\/\/www.meinesuedstadt.de\/branchenverzeichnis\/wp-json\/wp\/v2\/posts\/5021","targetHints":{"allow":["GET"]}}],"collection":[{"href":"https:\/\/www.meinesuedstadt.de\/branchenverzeichnis\/wp-json\/wp\/v2\/posts"}],"about":[{"href":"https:\/\/www.meinesuedstadt.de\/branchenverzeichnis\/wp-json\/wp\/v2\/types\/post"}],"author":[{"embeddable":true,"href":"https:\/\/www.meinesuedstadt.de\/branchenverzeichnis\/wp-json\/wp\/v2\/users\/8"}],"replies":[{"embeddable":true,"href":"https:\/\/www.meinesuedstadt.de\/branchenverzeichnis\/wp-json\/wp\/v2\/comments?post=5021"}],"version-history":[{"count":10,"href":"https:\/\/www.meinesuedstadt.de\/branchenverzeichnis\/wp-json\/wp\/v2\/posts\/5021\/revisions"}],"predecessor-version":[{"id":6001,"href":"https:\/\/www.meinesuedstadt.de\/branchenverzeichnis\/wp-json\/wp\/v2\/posts\/5021\/revisions\/6001"}],"wp:featuredmedia":[{"embeddable":true,"href":"https:\/\/www.meinesuedstadt.de\/branchenverzeichnis\/wp-json\/wp\/v2\/media\/5023"}],"wp:attachment":[{"href":"https:\/\/www.meinesuedstadt.de\/branchenverzeichnis\/wp-json\/wp\/v2\/media?parent=5021"}],"wp:term":[{"taxonomy":"category","embeddable":true,"href":"https:\/\/www.meinesuedstadt.de\/branchenverzeichnis\/wp-json\/wp\/v2\/categories?post=5021"},{"taxonomy":"post_tag","embeddable":true,"href":"https:\/\/www.meinesuedstadt.de\/branchenverzeichnis\/wp-json\/wp\/v2\/tags?post=5021"}],"curies":[{"name":"wp","href":"https:\/\/api.w.org\/{rel}","templated":true}]}}