{"id":5133,"date":"2023-03-20T21:31:54","date_gmt":"2023-03-20T20:31:54","guid":{"rendered":"https:\/\/www.meinesuedstadt.de\/branchenverzeichnis\/?p=5133"},"modified":"2025-04-13T18:09:59","modified_gmt":"2025-04-13T16:09:59","slug":"das-musikhaus-sued-lebendiges-kulturzentrum-fuer-alle","status":"publish","type":"post","link":"https:\/\/www.meinesuedstadt.de\/branchenverzeichnis\/das-musikhaus-sued-lebendiges-kulturzentrum-fuer-alle\/","title":{"rendered":"Das Musikhaus S\u00fcd &#8211; lebendiges Kulturzentrum f\u00fcr alle"},"content":{"rendered":"<p><img loading=\"lazy\" decoding=\"async\" class=\"size-full wp-image-5871 alignleft\" src=\"https:\/\/www.meinesuedstadt.de\/branchenverzeichnis\/wp-content\/uploads\/2024\/08\/easter-nest-2164824_1280-2.jpg\" alt=\"\" width=\"300\" height=\"230\" \/>Zehn Jahre stand das kleine Haus auf dem Spielplatz An der Eiche leer, war zunehmend dem Verfall preisgegeben und wartete eigentlich nur noch auf den Abriss. Bis Franziska Erdle, Gr\u00fcnderin und seit 25 Jahren Leiterin der Klavierschule S\u00fcd am Ubierring, 2015 die bauf\u00e4llige Ruine entdeckte und auf die k\u00fchne Idee kam, darin eine Musikschule zu er\u00f6ffnen. Nach aufwendigen, in Eigenregie durchgef\u00fchrten, Sanierungsarbeiten wurde aus dem ehemaligen Schandfleck nach nur einem Jahr Bauzeit ein au\u00dfen wie innen wunderbares Schmuckst\u00fcck in der K\u00f6lner S\u00fcdstadt. Seit der Er\u00f6ffnung 2018 wird in dem roten Haus nicht nur Klavierunterricht an einem Steinway und einem B\u00f6sendorfer Fl\u00fcgel erteilt.<\/p>\n\n\t\t<style type=\"text\/css\">\n\t\t\t#gallery-1 {\n\t\t\t\tmargin: auto;\n\t\t\t}\n\t\t\t#gallery-1 .gallery-item {\n\t\t\t\tfloat: left;\n\t\t\t\tmargin-top: 10px;\n\t\t\t\ttext-align: center;\n\t\t\t\twidth: 25%;\n\t\t\t}\n\t\t\t#gallery-1 img {\n\t\t\t\tborder: 2px solid #cfcfcf;\n\t\t\t}\n\t\t\t#gallery-1 .gallery-caption {\n\t\t\t\tmargin-left: 0;\n\t\t\t}\n\t\t\t\/* see gallery_shortcode() in wp-includes\/media.php *\/\n\t\t<\/style>\n\t\t<div id='gallery-1' class='gallery galleryid-5133 gallery-columns-4 gallery-size-thumbnail'><dl class='gallery-item'>\n\t\t\t<dt class='gallery-icon landscape'>\n\t\t\t\t<a href='https:\/\/www.meinesuedstadt.de\/branchenverzeichnis\/wp-content\/uploads\/2023\/03\/Musikhaus_4.jpg' title=\"\" data-rl_title=\"\" class=\"rl-gallery-link\" data-rl_caption=\"\" data-rel=\"lightbox-gallery-1\"><img loading=\"lazy\" decoding=\"async\" width=\"150\" height=\"150\" src=\"https:\/\/www.meinesuedstadt.de\/branchenverzeichnis\/wp-content\/uploads\/2023\/03\/Musikhaus_4-150x150.jpg\" class=\"attachment-thumbnail size-thumbnail\" alt=\"\" aria-describedby=\"gallery-1-5147\" \/><\/a>\n\t\t\t<\/dt>\n\t\t\t\t<dd class='wp-caption-text gallery-caption' id='gallery-1-5147'>\n\t\t\t\tBild: Norbert G\u00f6rtz \n\t\t\t\t<\/dd><\/dl><dl class='gallery-item'>\n\t\t\t<dt class='gallery-icon landscape'>\n\t\t\t\t<a href='https:\/\/www.meinesuedstadt.de\/branchenverzeichnis\/wp-content\/uploads\/2023\/03\/Musikhaus_1.jpg' title=\"\" data-rl_title=\"\" class=\"rl-gallery-link\" data-rl_caption=\"\" data-rel=\"lightbox-gallery-1\"><img loading=\"lazy\" decoding=\"async\" width=\"150\" height=\"150\" src=\"https:\/\/www.meinesuedstadt.de\/branchenverzeichnis\/wp-content\/uploads\/2023\/03\/Musikhaus_1-150x150.jpg\" class=\"attachment-thumbnail size-thumbnail\" alt=\"\" aria-describedby=\"gallery-1-5144\" \/><\/a>\n\t\t\t<\/dt>\n\t\t\t\t<dd class='wp-caption-text gallery-caption' id='gallery-1-5144'>\n\t\t\t\tBild: Norbert G\u00f6rtz \n\t\t\t\t<\/dd><\/dl><dl class='gallery-item'>\n\t\t\t<dt class='gallery-icon landscape'>\n\t\t\t\t<a href='https:\/\/www.meinesuedstadt.de\/branchenverzeichnis\/wp-content\/uploads\/2023\/03\/Musikhaus_2.jpg' title=\"\" data-rl_title=\"\" class=\"rl-gallery-link\" data-rl_caption=\"\" data-rel=\"lightbox-gallery-1\"><img loading=\"lazy\" decoding=\"async\" width=\"150\" height=\"150\" src=\"https:\/\/www.meinesuedstadt.de\/branchenverzeichnis\/wp-content\/uploads\/2023\/03\/Musikhaus_2-150x150.jpg\" class=\"attachment-thumbnail size-thumbnail\" alt=\"\" aria-describedby=\"gallery-1-5145\" \/><\/a>\n\t\t\t<\/dt>\n\t\t\t\t<dd class='wp-caption-text gallery-caption' id='gallery-1-5145'>\n\t\t\t\tBild: Norbert G\u00f6rtz \n\t\t\t\t<\/dd><\/dl><dl class='gallery-item'>\n\t\t\t<dt class='gallery-icon landscape'>\n\t\t\t\t<a href='https:\/\/www.meinesuedstadt.de\/branchenverzeichnis\/wp-content\/uploads\/2023\/03\/Musikhaus-9.jpeg' title=\"\" data-rl_title=\"\" class=\"rl-gallery-link\" data-rl_caption=\"\" data-rel=\"lightbox-gallery-1\"><img loading=\"lazy\" decoding=\"async\" width=\"150\" height=\"150\" src=\"https:\/\/www.meinesuedstadt.de\/branchenverzeichnis\/wp-content\/uploads\/2023\/03\/Musikhaus-9-150x150.jpeg\" class=\"attachment-thumbnail size-thumbnail\" alt=\"\" aria-describedby=\"gallery-1-5162\" \/><\/a>\n\t\t\t<\/dt>\n\t\t\t\t<dd class='wp-caption-text gallery-caption' id='gallery-1-5162'>\n\t\t\t\tBild: Norbert G\u00f6rtz \n\t\t\t\t<\/dd><\/dl><br style=\"clear: both\" \/>\n\t\t<\/div>\n\n<p>Auch wer Geige, Bratsche, Cello, Akustik- oder E-Gitarre, Klarinette, Saxophon oder Gesang erlernen m\u00f6chte, ist in den R\u00e4umen mit edlem Parkettboden und hohen Decken am rechten Platz. Zur Zeit unterrichten sieben professionelle Dozent*innen mit abgeschlossenem Musikstudium rund 160 Sch\u00fcler*innen einzeln oder in Gruppen. Auch wenn Kinder und Jugendliche zwei Drittel der Lernenden ausmachen, sind nat\u00fcrlich auch Erwachsene jederzeit willkommen. Sei es, um sich einen alten Traum vom Beherrschen eines Instrumentes zu erf\u00fcllen oder um fr\u00fcher mal erlernte F\u00e4higkeiten wieder aufzufrischen. So kann die derzeit \u00e4lteste Sch\u00fclerin, wie Franziska Erdle nicht ohne Stolz erkl\u00e4rt, auf 85 Lebensjahre zur\u00fcckblicken.<\/p>\n<h3>Von Klassik bis Kr\u00e4tzjer<\/h3>\n<p>Doch die Schule ist weit mehr als eine Unterrichtsst\u00e4tte f\u00fcr Musikbegeisterte. Vielmehr hat sich das Haus inzwischen zu einem Kultur- und Begegnungszentrum f\u00fcr die S\u00fcdstadt entwickelt. Ein Anliegen, das vor allem mit Hilfe des gemeinn\u00fctzigen Vereins Musikhaus S\u00fcd E.V. umgesetzt wird, der inzwischen mehr als hundert Mitglieder*innen hat. So finden hier regelm\u00e4\u00dfig Konzerte mit profilierten Musiker*innen statt, wobei das Spektrum von Klassik bis Jazz reicht. Die Adventskonzerte, die sonntags nach Einbruch der Dunkelheit aus dem gro\u00dfen Fenster im ersten Stock gegeben werden, finden regelm\u00e4\u00dfig viele Zuh\u00f6rer und in der Vorkarnevalszeit erklingen auch schon mal k\u00f6lsche Kr\u00e4tzjer im Konzertsaal. Dar\u00fcber hinaus proben im Musikhaus S\u00fcd regelm\u00e4\u00dfig ein Kinder- und ein Senior*innenchor, wo neben der Lust am gemeinsamen Singen auch Rhythmusgef\u00fchl und K\u00f6rperbewusstsein gef\u00f6rdert werden. Und dank der Unterst\u00fctzung durch Patenschaften konnten\/k\u00f6nnen hier elf ukrainische Kinder ein Jahr lang kostenlos Musikunterricht erhalten.<\/p>\n<h3>Ein buntes Portfolio an weiteren Veranstaltungen<\/h3>\n<p>Aber auch Veranstaltungen, bei denen es nicht um Musik geht, finden in dem kleinen roten Geb\u00e4ude Platz. So etwa eine w\u00f6chentliche Textilwerkstatt f\u00fcr Kinder von 6 bis 14 Jahren und Yoga-Kurse, zu denen sich die Teilnehmer*innen montags und dienstags im Dachgeschoss des Musikhauses treffen. Und nach der erfolgreichen Premiere 2022 hat es auch in 2o23 wieder einen Ostermarkt gegeben, auf dem Kunsthandwerker*innen ihre Produkte aus Holz, Porzellan, Stoff, Leder, Metall und Papier zum Kauf anb0ten.<\/p>\n\n\t\t<style type=\"text\/css\">\n\t\t\t#gallery-2 {\n\t\t\t\tmargin: auto;\n\t\t\t}\n\t\t\t#gallery-2 .gallery-item {\n\t\t\t\tfloat: left;\n\t\t\t\tmargin-top: 10px;\n\t\t\t\ttext-align: center;\n\t\t\t\twidth: 25%;\n\t\t\t}\n\t\t\t#gallery-2 img {\n\t\t\t\tborder: 2px solid #cfcfcf;\n\t\t\t}\n\t\t\t#gallery-2 .gallery-caption {\n\t\t\t\tmargin-left: 0;\n\t\t\t}\n\t\t\t\/* see gallery_shortcode() in wp-includes\/media.php *\/\n\t\t<\/style>\n\t\t<div id='gallery-2' class='gallery galleryid-5133 gallery-columns-4 gallery-size-thumbnail'><dl class='gallery-item'>\n\t\t\t<dt class='gallery-icon landscape'>\n\t\t\t\t<a href='https:\/\/www.meinesuedstadt.de\/branchenverzeichnis\/wp-content\/uploads\/2023\/03\/Musikhaus.jpg' title=\"\" data-rl_title=\"\" class=\"rl-gallery-link\" data-rl_caption=\"\" data-rel=\"lightbox-gallery-2\"><img loading=\"lazy\" decoding=\"async\" width=\"150\" height=\"150\" src=\"https:\/\/www.meinesuedstadt.de\/branchenverzeichnis\/wp-content\/uploads\/2023\/03\/Musikhaus-150x150.jpg\" class=\"attachment-thumbnail size-thumbnail\" alt=\"\" aria-describedby=\"gallery-2-5157\" \/><\/a>\n\t\t\t<\/dt>\n\t\t\t\t<dd class='wp-caption-text gallery-caption' id='gallery-2-5157'>\n\t\t\t\tBild: Norbert G\u00f6rtz \n\t\t\t\t<\/dd><\/dl><dl class='gallery-item'>\n\t\t\t<dt class='gallery-icon landscape'>\n\t\t\t\t<a href='https:\/\/www.meinesuedstadt.de\/branchenverzeichnis\/wp-content\/uploads\/2023\/03\/Musikhaus-5.jpeg' title=\"\" data-rl_title=\"\" class=\"rl-gallery-link\" data-rl_caption=\"\" data-rel=\"lightbox-gallery-2\"><img loading=\"lazy\" decoding=\"async\" width=\"150\" height=\"150\" src=\"https:\/\/www.meinesuedstadt.de\/branchenverzeichnis\/wp-content\/uploads\/2023\/03\/Musikhaus-5-150x150.jpeg\" class=\"attachment-thumbnail size-thumbnail\" alt=\"\" aria-describedby=\"gallery-2-5158\" \/><\/a>\n\t\t\t<\/dt>\n\t\t\t\t<dd class='wp-caption-text gallery-caption' id='gallery-2-5158'>\n\t\t\t\tBild: Norbert G\u00f6rtz \n\t\t\t\t<\/dd><\/dl><dl class='gallery-item'>\n\t\t\t<dt class='gallery-icon landscape'>\n\t\t\t\t<a href='https:\/\/www.meinesuedstadt.de\/branchenverzeichnis\/wp-content\/uploads\/2023\/03\/Musikhaus-6.jpeg' title=\"\" data-rl_title=\"\" class=\"rl-gallery-link\" data-rl_caption=\"\" data-rel=\"lightbox-gallery-2\"><img loading=\"lazy\" decoding=\"async\" width=\"150\" height=\"150\" src=\"https:\/\/www.meinesuedstadt.de\/branchenverzeichnis\/wp-content\/uploads\/2023\/03\/Musikhaus-6-150x150.jpeg\" class=\"attachment-thumbnail size-thumbnail\" alt=\"\" aria-describedby=\"gallery-2-5159\" \/><\/a>\n\t\t\t<\/dt>\n\t\t\t\t<dd class='wp-caption-text gallery-caption' id='gallery-2-5159'>\n\t\t\t\tBild: Norbert G\u00f6rtz \n\t\t\t\t<\/dd><\/dl><dl class='gallery-item'>\n\t\t\t<dt class='gallery-icon landscape'>\n\t\t\t\t<a href='https:\/\/www.meinesuedstadt.de\/branchenverzeichnis\/wp-content\/uploads\/2023\/03\/Musikhaus-7jpeg.jpeg' title=\"\" data-rl_title=\"\" class=\"rl-gallery-link\" data-rl_caption=\"\" data-rel=\"lightbox-gallery-2\"><img loading=\"lazy\" decoding=\"async\" width=\"150\" height=\"150\" src=\"https:\/\/www.meinesuedstadt.de\/branchenverzeichnis\/wp-content\/uploads\/2023\/03\/Musikhaus-7jpeg-150x150.jpeg\" class=\"attachment-thumbnail size-thumbnail\" alt=\"\" aria-describedby=\"gallery-2-5160\" \/><\/a>\n\t\t\t<\/dt>\n\t\t\t\t<dd class='wp-caption-text gallery-caption' id='gallery-2-5160'>\n\t\t\t\tBild: Norbert G\u00f6rtz \n\t\t\t\t<\/dd><\/dl><br style=\"clear: both\" \/>\n\t\t<\/div>\n\n<p>Zudem hat der Verein des Musikhauses S\u00fcd e.V. wesentlich dazu beigetragen, die Geschichte des Geb\u00e4udes publik zu machen. So war darin einst die Quarant\u00e4ne-Station des ersten K\u00f6lner Kinderkrankenhauses untergebracht, das seit 1880 auf dem Gel\u00e4nde des heutigen Spielplatzes An der Eiche stand, bis es 1943 bei einem Bombenangriff zerst\u00f6rt wurde. Wer Fragen hat oder weitere Infos ben\u00f6tigt, kann sich direkt an den Verein wenden.<\/p>\n<p>\u00dcbrigens: An den Wochenenden lassen sich die R\u00e4ume des Musikhauses f\u00fcr Seminare &amp; Workshops auch mieten!<\/p>\n","protected":false},"excerpt":{"rendered":"<p>Zehn Jahre stand das kleine Haus auf dem Spielplatz An der Eiche leer, war zunehmend dem Verfall preisgegeben und wartete eigentlich nur noch auf den Abriss. Bis Franziska Erdle, Gr\u00fcnderin und seit 25 Jahren Leiterin der Klavierschule S\u00fcd am Ubierring, 2015 die bauf\u00e4llige Ruine entdeckte und auf die k\u00fchne Idee kam, darin eine Musikschule zu [&hellip;]<\/p>\n","protected":false},"author":8,"featured_media":5136,"comment_status":"open","ping_status":"open","sticky":false,"template":"single-partner.php","format":"standard","meta":{"_acf_changed":false,"footnotes":""},"categories":[273,306,314,319],"tags":[424,425,423,422,421,426],"class_list":["post-5133","post","type-post","status-publish","format-standard","has-post-thumbnail","hentry","category-musiker","category-musikschule","category-musikunterricht","category-partner","tag-geige","tag-gitarre","tag-klavier","tag-musik","tag-partner","tag-unterricht"],"acf":[],"yoast_head":"<!-- This site is optimized with the Yoast SEO plugin v27.4 - https:\/\/yoast.com\/product\/yoast-seo-wordpress\/ -->\n<title>Das Musikhaus S\u00fcd - lebendiges Kulturzentrum f\u00fcr alle - Meine S\u00fcdstadt<\/title>\n<meta name=\"robots\" content=\"index, follow, max-snippet:-1, max-image-preview:large, max-video-preview:-1\" \/>\n<link rel=\"canonical\" href=\"https:\/\/www.meinesuedstadt.de\/branchenverzeichnis\/das-musikhaus-sued-lebendiges-kulturzentrum-fuer-alle\/\" \/>\n<meta property=\"og:locale\" content=\"de_DE\" \/>\n<meta property=\"og:type\" content=\"article\" \/>\n<meta property=\"og:title\" content=\"Das Musikhaus S\u00fcd - lebendiges Kulturzentrum f\u00fcr alle - Meine S\u00fcdstadt\" \/>\n<meta property=\"og:description\" content=\"Zehn Jahre stand das kleine Haus auf dem Spielplatz An der Eiche leer, war zunehmend dem Verfall preisgegeben und wartete eigentlich nur noch auf den Abriss. Bis Franziska Erdle, Gr\u00fcnderin und seit 25 Jahren Leiterin der Klavierschule S\u00fcd am Ubierring, 2015 die bauf\u00e4llige Ruine entdeckte und auf die k\u00fchne Idee kam, darin eine Musikschule zu [&hellip;]\" \/>\n<meta property=\"og:url\" content=\"https:\/\/www.meinesuedstadt.de\/branchenverzeichnis\/das-musikhaus-sued-lebendiges-kulturzentrum-fuer-alle\/\" \/>\n<meta property=\"og:site_name\" content=\"Meine S\u00fcdstadt\" \/>\n<meta property=\"article:publisher\" content=\"https:\/\/www.facebook.com\/Meinesuedstadt\/\" \/>\n<meta property=\"article:published_time\" content=\"2023-03-20T20:31:54+00:00\" \/>\n<meta property=\"article:modified_time\" content=\"2025-04-13T16:09:59+00:00\" \/>\n<meta property=\"og:image\" content=\"https:\/\/www.meinesuedstadt.de\/branchenverzeichnis\/wp-content\/uploads\/2023\/03\/Haus2019.jpg\" \/>\n\t<meta property=\"og:image:width\" content=\"1200\" \/>\n\t<meta property=\"og:image:height\" content=\"797\" \/>\n\t<meta property=\"og:image:type\" content=\"image\/jpeg\" \/>\n<meta name=\"author\" content=\"Gaby DeMuirier\" \/>\n<meta name=\"twitter:card\" content=\"summary_large_image\" \/>\n<meta name=\"twitter:creator\" content=\"@meinesuedstadt\" \/>\n<meta name=\"twitter:site\" content=\"@meinesuedstadt\" \/>\n<meta name=\"twitter:label1\" content=\"Verfasst von\" \/>\n\t<meta name=\"twitter:data1\" content=\"Gaby DeMuirier\" \/>\n\t<meta name=\"twitter:label2\" content=\"Gesch\u00e4tzte Lesezeit\" \/>\n\t<meta name=\"twitter:data2\" content=\"4\u00a0Minuten\" \/>\n<script type=\"application\/ld+json\" class=\"yoast-schema-graph\">{\"@context\":\"https:\\\/\\\/schema.org\",\"@graph\":[{\"@type\":\"Article\",\"@id\":\"https:\\\/\\\/www.meinesuedstadt.de\\\/branchenverzeichnis\\\/das-musikhaus-sued-lebendiges-kulturzentrum-fuer-alle\\\/#article\",\"isPartOf\":{\"@id\":\"https:\\\/\\\/www.meinesuedstadt.de\\\/branchenverzeichnis\\\/das-musikhaus-sued-lebendiges-kulturzentrum-fuer-alle\\\/\"},\"author\":{\"name\":\"Gaby DeMuirier\",\"@id\":\"https:\\\/\\\/www.meinesuedstadt.de\\\/branchenverzeichnis\\\/#\\\/schema\\\/person\\\/377f8fd43825f067d14416c974a4d50e\"},\"headline\":\"Das Musikhaus S\u00fcd &#8211; lebendiges Kulturzentrum f\u00fcr alle\",\"datePublished\":\"2023-03-20T20:31:54+00:00\",\"dateModified\":\"2025-04-13T16:09:59+00:00\",\"mainEntityOfPage\":{\"@id\":\"https:\\\/\\\/www.meinesuedstadt.de\\\/branchenverzeichnis\\\/das-musikhaus-sued-lebendiges-kulturzentrum-fuer-alle\\\/\"},\"wordCount\":581,\"commentCount\":0,\"image\":{\"@id\":\"https:\\\/\\\/www.meinesuedstadt.de\\\/branchenverzeichnis\\\/das-musikhaus-sued-lebendiges-kulturzentrum-fuer-alle\\\/#primaryimage\"},\"thumbnailUrl\":\"https:\\\/\\\/www.meinesuedstadt.de\\\/branchenverzeichnis\\\/wp-content\\\/uploads\\\/2023\\\/03\\\/Haus2019.jpg\",\"keywords\":[\"Geige\",\"Gitarre\",\"Klavier\",\"Musik\",\"Partner\",\"Unterricht\"],\"articleSection\":[\"Musiker\",\"Musikschule\",\"Musikunterricht\",\"Partner\"],\"inLanguage\":\"de\",\"potentialAction\":[{\"@type\":\"CommentAction\",\"name\":\"Comment\",\"target\":[\"https:\\\/\\\/www.meinesuedstadt.de\\\/branchenverzeichnis\\\/das-musikhaus-sued-lebendiges-kulturzentrum-fuer-alle\\\/#respond\"]}]},{\"@type\":\"WebPage\",\"@id\":\"https:\\\/\\\/www.meinesuedstadt.de\\\/branchenverzeichnis\\\/das-musikhaus-sued-lebendiges-kulturzentrum-fuer-alle\\\/\",\"url\":\"https:\\\/\\\/www.meinesuedstadt.de\\\/branchenverzeichnis\\\/das-musikhaus-sued-lebendiges-kulturzentrum-fuer-alle\\\/\",\"name\":\"Das Musikhaus S\u00fcd - lebendiges Kulturzentrum f\u00fcr alle - Meine S\u00fcdstadt\",\"isPartOf\":{\"@id\":\"https:\\\/\\\/www.meinesuedstadt.de\\\/branchenverzeichnis\\\/#website\"},\"primaryImageOfPage\":{\"@id\":\"https:\\\/\\\/www.meinesuedstadt.de\\\/branchenverzeichnis\\\/das-musikhaus-sued-lebendiges-kulturzentrum-fuer-alle\\\/#primaryimage\"},\"image\":{\"@id\":\"https:\\\/\\\/www.meinesuedstadt.de\\\/branchenverzeichnis\\\/das-musikhaus-sued-lebendiges-kulturzentrum-fuer-alle\\\/#primaryimage\"},\"thumbnailUrl\":\"https:\\\/\\\/www.meinesuedstadt.de\\\/branchenverzeichnis\\\/wp-content\\\/uploads\\\/2023\\\/03\\\/Haus2019.jpg\",\"datePublished\":\"2023-03-20T20:31:54+00:00\",\"dateModified\":\"2025-04-13T16:09:59+00:00\",\"author\":{\"@id\":\"https:\\\/\\\/www.meinesuedstadt.de\\\/branchenverzeichnis\\\/#\\\/schema\\\/person\\\/377f8fd43825f067d14416c974a4d50e\"},\"breadcrumb\":{\"@id\":\"https:\\\/\\\/www.meinesuedstadt.de\\\/branchenverzeichnis\\\/das-musikhaus-sued-lebendiges-kulturzentrum-fuer-alle\\\/#breadcrumb\"},\"inLanguage\":\"de\",\"potentialAction\":[{\"@type\":\"ReadAction\",\"target\":[\"https:\\\/\\\/www.meinesuedstadt.de\\\/branchenverzeichnis\\\/das-musikhaus-sued-lebendiges-kulturzentrum-fuer-alle\\\/\"]}]},{\"@type\":\"ImageObject\",\"inLanguage\":\"de\",\"@id\":\"https:\\\/\\\/www.meinesuedstadt.de\\\/branchenverzeichnis\\\/das-musikhaus-sued-lebendiges-kulturzentrum-fuer-alle\\\/#primaryimage\",\"url\":\"https:\\\/\\\/www.meinesuedstadt.de\\\/branchenverzeichnis\\\/wp-content\\\/uploads\\\/2023\\\/03\\\/Haus2019.jpg\",\"contentUrl\":\"https:\\\/\\\/www.meinesuedstadt.de\\\/branchenverzeichnis\\\/wp-content\\\/uploads\\\/2023\\\/03\\\/Haus2019.jpg\",\"width\":1200,\"height\":797},{\"@type\":\"BreadcrumbList\",\"@id\":\"https:\\\/\\\/www.meinesuedstadt.de\\\/branchenverzeichnis\\\/das-musikhaus-sued-lebendiges-kulturzentrum-fuer-alle\\\/#breadcrumb\",\"itemListElement\":[{\"@type\":\"ListItem\",\"position\":1,\"name\":\"Startseite\",\"item\":\"https:\\\/\\\/www.meinesuedstadt.de\\\/branchenverzeichnis\\\/\"},{\"@type\":\"ListItem\",\"position\":2,\"name\":\"Das Musikhaus S\u00fcd &#8211; lebendiges Kulturzentrum f\u00fcr alle\"}]},{\"@type\":\"WebSite\",\"@id\":\"https:\\\/\\\/www.meinesuedstadt.de\\\/branchenverzeichnis\\\/#website\",\"url\":\"https:\\\/\\\/www.meinesuedstadt.de\\\/branchenverzeichnis\\\/\",\"name\":\"Meine S\u00fcdstadt\",\"description\":\"Branchenverzeichnis aus der S\u00fcdstadt K\u00f6lns\",\"potentialAction\":[{\"@type\":\"SearchAction\",\"target\":{\"@type\":\"EntryPoint\",\"urlTemplate\":\"https:\\\/\\\/www.meinesuedstadt.de\\\/branchenverzeichnis\\\/?s={search_term_string}\"},\"query-input\":{\"@type\":\"PropertyValueSpecification\",\"valueRequired\":true,\"valueName\":\"search_term_string\"}}],\"inLanguage\":\"de\"},{\"@type\":\"Person\",\"@id\":\"https:\\\/\\\/www.meinesuedstadt.de\\\/branchenverzeichnis\\\/#\\\/schema\\\/person\\\/377f8fd43825f067d14416c974a4d50e\",\"name\":\"Gaby DeMuirier\",\"image\":{\"@type\":\"ImageObject\",\"inLanguage\":\"de\",\"@id\":\"https:\\\/\\\/secure.gravatar.com\\\/avatar\\\/7ecf9674b7a678a660fcd27242eacb0ec8607a4b99a0a409d6d8141a320a8170?s=96&d=mm&r=g\",\"url\":\"https:\\\/\\\/secure.gravatar.com\\\/avatar\\\/7ecf9674b7a678a660fcd27242eacb0ec8607a4b99a0a409d6d8141a320a8170?s=96&d=mm&r=g\",\"contentUrl\":\"https:\\\/\\\/secure.gravatar.com\\\/avatar\\\/7ecf9674b7a678a660fcd27242eacb0ec8607a4b99a0a409d6d8141a320a8170?s=96&d=mm&r=g\",\"caption\":\"Gaby DeMuirier\"},\"sameAs\":[\"https:\\\/\\\/www.meinesuedstadt.de\"]}]}<\/script>\n<!-- \/ Yoast SEO plugin. -->","yoast_head_json":{"title":"Das Musikhaus S\u00fcd - lebendiges Kulturzentrum f\u00fcr alle - Meine S\u00fcdstadt","robots":{"index":"index","follow":"follow","max-snippet":"max-snippet:-1","max-image-preview":"max-image-preview:large","max-video-preview":"max-video-preview:-1"},"canonical":"https:\/\/www.meinesuedstadt.de\/branchenverzeichnis\/das-musikhaus-sued-lebendiges-kulturzentrum-fuer-alle\/","og_locale":"de_DE","og_type":"article","og_title":"Das Musikhaus S\u00fcd - lebendiges Kulturzentrum f\u00fcr alle - Meine S\u00fcdstadt","og_description":"Zehn Jahre stand das kleine Haus auf dem Spielplatz An der Eiche leer, war zunehmend dem Verfall preisgegeben und wartete eigentlich nur noch auf den Abriss. Bis Franziska Erdle, Gr\u00fcnderin und seit 25 Jahren Leiterin der Klavierschule S\u00fcd am Ubierring, 2015 die bauf\u00e4llige Ruine entdeckte und auf die k\u00fchne Idee kam, darin eine Musikschule zu [&hellip;]","og_url":"https:\/\/www.meinesuedstadt.de\/branchenverzeichnis\/das-musikhaus-sued-lebendiges-kulturzentrum-fuer-alle\/","og_site_name":"Meine S\u00fcdstadt","article_publisher":"https:\/\/www.facebook.com\/Meinesuedstadt\/","article_published_time":"2023-03-20T20:31:54+00:00","article_modified_time":"2025-04-13T16:09:59+00:00","og_image":[{"width":1200,"height":797,"url":"https:\/\/www.meinesuedstadt.de\/branchenverzeichnis\/wp-content\/uploads\/2023\/03\/Haus2019.jpg","type":"image\/jpeg"}],"author":"Gaby DeMuirier","twitter_card":"summary_large_image","twitter_creator":"@meinesuedstadt","twitter_site":"@meinesuedstadt","twitter_misc":{"Verfasst von":"Gaby DeMuirier","Gesch\u00e4tzte Lesezeit":"4\u00a0Minuten"},"schema":{"@context":"https:\/\/schema.org","@graph":[{"@type":"Article","@id":"https:\/\/www.meinesuedstadt.de\/branchenverzeichnis\/das-musikhaus-sued-lebendiges-kulturzentrum-fuer-alle\/#article","isPartOf":{"@id":"https:\/\/www.meinesuedstadt.de\/branchenverzeichnis\/das-musikhaus-sued-lebendiges-kulturzentrum-fuer-alle\/"},"author":{"name":"Gaby DeMuirier","@id":"https:\/\/www.meinesuedstadt.de\/branchenverzeichnis\/#\/schema\/person\/377f8fd43825f067d14416c974a4d50e"},"headline":"Das Musikhaus S\u00fcd &#8211; lebendiges Kulturzentrum f\u00fcr alle","datePublished":"2023-03-20T20:31:54+00:00","dateModified":"2025-04-13T16:09:59+00:00","mainEntityOfPage":{"@id":"https:\/\/www.meinesuedstadt.de\/branchenverzeichnis\/das-musikhaus-sued-lebendiges-kulturzentrum-fuer-alle\/"},"wordCount":581,"commentCount":0,"image":{"@id":"https:\/\/www.meinesuedstadt.de\/branchenverzeichnis\/das-musikhaus-sued-lebendiges-kulturzentrum-fuer-alle\/#primaryimage"},"thumbnailUrl":"https:\/\/www.meinesuedstadt.de\/branchenverzeichnis\/wp-content\/uploads\/2023\/03\/Haus2019.jpg","keywords":["Geige","Gitarre","Klavier","Musik","Partner","Unterricht"],"articleSection":["Musiker","Musikschule","Musikunterricht","Partner"],"inLanguage":"de","potentialAction":[{"@type":"CommentAction","name":"Comment","target":["https:\/\/www.meinesuedstadt.de\/branchenverzeichnis\/das-musikhaus-sued-lebendiges-kulturzentrum-fuer-alle\/#respond"]}]},{"@type":"WebPage","@id":"https:\/\/www.meinesuedstadt.de\/branchenverzeichnis\/das-musikhaus-sued-lebendiges-kulturzentrum-fuer-alle\/","url":"https:\/\/www.meinesuedstadt.de\/branchenverzeichnis\/das-musikhaus-sued-lebendiges-kulturzentrum-fuer-alle\/","name":"Das Musikhaus S\u00fcd - lebendiges Kulturzentrum f\u00fcr alle - Meine S\u00fcdstadt","isPartOf":{"@id":"https:\/\/www.meinesuedstadt.de\/branchenverzeichnis\/#website"},"primaryImageOfPage":{"@id":"https:\/\/www.meinesuedstadt.de\/branchenverzeichnis\/das-musikhaus-sued-lebendiges-kulturzentrum-fuer-alle\/#primaryimage"},"image":{"@id":"https:\/\/www.meinesuedstadt.de\/branchenverzeichnis\/das-musikhaus-sued-lebendiges-kulturzentrum-fuer-alle\/#primaryimage"},"thumbnailUrl":"https:\/\/www.meinesuedstadt.de\/branchenverzeichnis\/wp-content\/uploads\/2023\/03\/Haus2019.jpg","datePublished":"2023-03-20T20:31:54+00:00","dateModified":"2025-04-13T16:09:59+00:00","author":{"@id":"https:\/\/www.meinesuedstadt.de\/branchenverzeichnis\/#\/schema\/person\/377f8fd43825f067d14416c974a4d50e"},"breadcrumb":{"@id":"https:\/\/www.meinesuedstadt.de\/branchenverzeichnis\/das-musikhaus-sued-lebendiges-kulturzentrum-fuer-alle\/#breadcrumb"},"inLanguage":"de","potentialAction":[{"@type":"ReadAction","target":["https:\/\/www.meinesuedstadt.de\/branchenverzeichnis\/das-musikhaus-sued-lebendiges-kulturzentrum-fuer-alle\/"]}]},{"@type":"ImageObject","inLanguage":"de","@id":"https:\/\/www.meinesuedstadt.de\/branchenverzeichnis\/das-musikhaus-sued-lebendiges-kulturzentrum-fuer-alle\/#primaryimage","url":"https:\/\/www.meinesuedstadt.de\/branchenverzeichnis\/wp-content\/uploads\/2023\/03\/Haus2019.jpg","contentUrl":"https:\/\/www.meinesuedstadt.de\/branchenverzeichnis\/wp-content\/uploads\/2023\/03\/Haus2019.jpg","width":1200,"height":797},{"@type":"BreadcrumbList","@id":"https:\/\/www.meinesuedstadt.de\/branchenverzeichnis\/das-musikhaus-sued-lebendiges-kulturzentrum-fuer-alle\/#breadcrumb","itemListElement":[{"@type":"ListItem","position":1,"name":"Startseite","item":"https:\/\/www.meinesuedstadt.de\/branchenverzeichnis\/"},{"@type":"ListItem","position":2,"name":"Das Musikhaus S\u00fcd &#8211; lebendiges Kulturzentrum f\u00fcr alle"}]},{"@type":"WebSite","@id":"https:\/\/www.meinesuedstadt.de\/branchenverzeichnis\/#website","url":"https:\/\/www.meinesuedstadt.de\/branchenverzeichnis\/","name":"Meine S\u00fcdstadt","description":"Branchenverzeichnis aus der S\u00fcdstadt K\u00f6lns","potentialAction":[{"@type":"SearchAction","target":{"@type":"EntryPoint","urlTemplate":"https:\/\/www.meinesuedstadt.de\/branchenverzeichnis\/?s={search_term_string}"},"query-input":{"@type":"PropertyValueSpecification","valueRequired":true,"valueName":"search_term_string"}}],"inLanguage":"de"},{"@type":"Person","@id":"https:\/\/www.meinesuedstadt.de\/branchenverzeichnis\/#\/schema\/person\/377f8fd43825f067d14416c974a4d50e","name":"Gaby DeMuirier","image":{"@type":"ImageObject","inLanguage":"de","@id":"https:\/\/secure.gravatar.com\/avatar\/7ecf9674b7a678a660fcd27242eacb0ec8607a4b99a0a409d6d8141a320a8170?s=96&d=mm&r=g","url":"https:\/\/secure.gravatar.com\/avatar\/7ecf9674b7a678a660fcd27242eacb0ec8607a4b99a0a409d6d8141a320a8170?s=96&d=mm&r=g","contentUrl":"https:\/\/secure.gravatar.com\/avatar\/7ecf9674b7a678a660fcd27242eacb0ec8607a4b99a0a409d6d8141a320a8170?s=96&d=mm&r=g","caption":"Gaby DeMuirier"},"sameAs":["https:\/\/www.meinesuedstadt.de"]}]}},"priority":"1","metaAddress":"Annostra\u00dfe 37b, 50678  K\u00f6ln","_links":{"self":[{"href":"https:\/\/www.meinesuedstadt.de\/branchenverzeichnis\/wp-json\/wp\/v2\/posts\/5133","targetHints":{"allow":["GET"]}}],"collection":[{"href":"https:\/\/www.meinesuedstadt.de\/branchenverzeichnis\/wp-json\/wp\/v2\/posts"}],"about":[{"href":"https:\/\/www.meinesuedstadt.de\/branchenverzeichnis\/wp-json\/wp\/v2\/types\/post"}],"author":[{"embeddable":true,"href":"https:\/\/www.meinesuedstadt.de\/branchenverzeichnis\/wp-json\/wp\/v2\/users\/8"}],"replies":[{"embeddable":true,"href":"https:\/\/www.meinesuedstadt.de\/branchenverzeichnis\/wp-json\/wp\/v2\/comments?post=5133"}],"version-history":[{"count":21,"href":"https:\/\/www.meinesuedstadt.de\/branchenverzeichnis\/wp-json\/wp\/v2\/posts\/5133\/revisions"}],"predecessor-version":[{"id":5874,"href":"https:\/\/www.meinesuedstadt.de\/branchenverzeichnis\/wp-json\/wp\/v2\/posts\/5133\/revisions\/5874"}],"wp:featuredmedia":[{"embeddable":true,"href":"https:\/\/www.meinesuedstadt.de\/branchenverzeichnis\/wp-json\/wp\/v2\/media\/5136"}],"wp:attachment":[{"href":"https:\/\/www.meinesuedstadt.de\/branchenverzeichnis\/wp-json\/wp\/v2\/media?parent=5133"}],"wp:term":[{"taxonomy":"category","embeddable":true,"href":"https:\/\/www.meinesuedstadt.de\/branchenverzeichnis\/wp-json\/wp\/v2\/categories?post=5133"},{"taxonomy":"post_tag","embeddable":true,"href":"https:\/\/www.meinesuedstadt.de\/branchenverzeichnis\/wp-json\/wp\/v2\/tags?post=5133"}],"curies":[{"name":"wp","href":"https:\/\/api.w.org\/{rel}","templated":true}]}}