{"id":5218,"date":"2023-07-19T08:52:58","date_gmt":"2023-07-19T06:52:58","guid":{"rendered":"https:\/\/www.meinesuedstadt.de\/branchenverzeichnis\/?p=5218"},"modified":"2024-07-17T12:23:04","modified_gmt":"2024-07-17T10:23:04","slug":"mycargobike-koeln","status":"publish","type":"post","link":"https:\/\/www.meinesuedstadt.de\/branchenverzeichnis\/mycargobike-koeln\/","title":{"rendered":"Mycargobike k\u00f6ln &#8211; Verkauf von Lastenr\u00e4dern mit perfekter Beratung"},"content":{"rendered":"<p>Lastenr\u00e4der sind aus unserem Viertel kaum mehr wegzudenken. Immer mehr Menschen wollen vom (Zweit)Auto zum praktischen und umweltfreundlichen Cargobike wechseln. Die Vorteile liegen klar auf der Hand: die Belastung durch die steigenden Benzinpreise und das Chaos bei der t\u00e4glichen Parkplatzsuche fallen komplett weg. Ob als Dienstleister oder Privatperson &#8211; die verschiedenen R\u00e4der eigenen sich f\u00fcr den Transport von Arbeitsmaterialien, den t\u00e4glichen Einkauf oder den Transport der Kids.<\/p>\n<h2 style=\"font-weight: 400;\"><strong>Lastenradfahren ist auch ein Lebensgef\u00fchl<\/strong><\/h2>\n<p>Seit Juli 2023 gibt es nun mit Mycargobike auch den ersten Shop in der S\u00fcdstadt. In den ehemaligen R\u00e4umlichkeiten der Flink-Filiale auf der Severinstra\u00dfe 157 pr\u00e4sentieren Inhaber Martin Brock und sein Team eine stetig wachsende Auswahl an Lasten-, Familien- und Transportr\u00e4dern. Mit Mycargobike ist im Sommer 2023 ein wirklicher Spezialist f\u00fcr Lastenr\u00e4der in die S\u00fcdstadt gezogen. Martin, selbst begeisterter Cargobike-Fahrer, bringt in jedem Beratungsgespr\u00e4ch seine Begeisterung f\u00fcr die zahlreichen Vorteil der besonderen Bikes r\u00fcber. Er informiert Euch auch gern umfassend \u00fcber Finanzierungs- bzw. F\u00f6rderm\u00f6glichkeiten. Mit der\u00a0M\u00f6glichkeit des Dienstradleasings erhalten K\u00e4ufer:innen einen Steuervorteil von 30-40 %, die Leasingrate wird \u00fcber 36 Monate vom Bruttogehalt abgezogen. Mycargobike arbeitet mit allen Dienstradanbietern zusammen.<\/p>\n\n\t\t<style type=\"text\/css\">\n\t\t\t#gallery-1 {\n\t\t\t\tmargin: auto;\n\t\t\t}\n\t\t\t#gallery-1 .gallery-item {\n\t\t\t\tfloat: left;\n\t\t\t\tmargin-top: 10px;\n\t\t\t\ttext-align: center;\n\t\t\t\twidth: 25%;\n\t\t\t}\n\t\t\t#gallery-1 img {\n\t\t\t\tborder: 2px solid #cfcfcf;\n\t\t\t}\n\t\t\t#gallery-1 .gallery-caption {\n\t\t\t\tmargin-left: 0;\n\t\t\t}\n\t\t\t\/* see gallery_shortcode() in wp-includes\/media.php *\/\n\t\t<\/style>\n\t\t<div id='gallery-1' class='gallery galleryid-5218 gallery-columns-4 gallery-size-thumbnail'><dl class='gallery-item'>\n\t\t\t<dt class='gallery-icon landscape'>\n\t\t\t\t<a href='https:\/\/www.meinesuedstadt.de\/branchenverzeichnis\/wp-content\/uploads\/2023\/07\/Winther-Bikes-Cargo-Danish-Production-Green-Transportation-19.png' title=\"\" data-rl_title=\"\" class=\"rl-gallery-link\" data-rl_caption=\"\" data-rel=\"lightbox-gallery-1\"><img loading=\"lazy\" decoding=\"async\" width=\"150\" height=\"150\" src=\"https:\/\/www.meinesuedstadt.de\/branchenverzeichnis\/wp-content\/uploads\/2023\/07\/Winther-Bikes-Cargo-Danish-Production-Green-Transportation-19-150x150.png\" class=\"attachment-thumbnail size-thumbnail\" alt=\"\" srcset=\"https:\/\/www.meinesuedstadt.de\/branchenverzeichnis\/wp-content\/uploads\/2023\/07\/Winther-Bikes-Cargo-Danish-Production-Green-Transportation-19-150x150.png 150w, https:\/\/www.meinesuedstadt.de\/branchenverzeichnis\/wp-content\/uploads\/2023\/07\/Winther-Bikes-Cargo-Danish-Production-Green-Transportation-19-300x300.png 300w, https:\/\/www.meinesuedstadt.de\/branchenverzeichnis\/wp-content\/uploads\/2023\/07\/Winther-Bikes-Cargo-Danish-Production-Green-Transportation-19.png 600w\" sizes=\"auto, (max-width: 150px) 100vw, 150px\" \/><\/a>\n\t\t\t<\/dt><\/dl><dl class='gallery-item'>\n\t\t\t<dt class='gallery-icon portrait'>\n\t\t\t\t<a href='https:\/\/www.meinesuedstadt.de\/branchenverzeichnis\/wp-content\/uploads\/2023\/07\/MJP_0080-scaled-Kopie.jpg' title=\"\" data-rl_title=\"\" class=\"rl-gallery-link\" data-rl_caption=\"\" data-rel=\"lightbox-gallery-1\"><img loading=\"lazy\" decoding=\"async\" width=\"150\" height=\"150\" src=\"https:\/\/www.meinesuedstadt.de\/branchenverzeichnis\/wp-content\/uploads\/2023\/07\/MJP_0080-scaled-Kopie-150x150.jpg\" class=\"attachment-thumbnail size-thumbnail\" alt=\"\" \/><\/a>\n\t\t\t<\/dt><\/dl><dl class='gallery-item'>\n\t\t\t<dt class='gallery-icon portrait'>\n\t\t\t\t<a href='https:\/\/www.meinesuedstadt.de\/branchenverzeichnis\/wp-content\/uploads\/2023\/07\/staff20shit-5.jpg' title=\"\" data-rl_title=\"\" class=\"rl-gallery-link\" data-rl_caption=\"\" data-rel=\"lightbox-gallery-1\"><img loading=\"lazy\" decoding=\"async\" width=\"150\" height=\"150\" src=\"https:\/\/www.meinesuedstadt.de\/branchenverzeichnis\/wp-content\/uploads\/2023\/07\/staff20shit-5-150x150.jpg\" class=\"attachment-thumbnail size-thumbnail\" alt=\"\" \/><\/a>\n\t\t\t<\/dt><\/dl><dl class='gallery-item'>\n\t\t\t<dt class='gallery-icon portrait'>\n\t\t\t\t<a href='https:\/\/www.meinesuedstadt.de\/branchenverzeichnis\/wp-content\/uploads\/2023\/07\/staff20shit-4.jpg' title=\"\" data-rl_title=\"\" class=\"rl-gallery-link\" data-rl_caption=\"\" data-rel=\"lightbox-gallery-1\"><img loading=\"lazy\" decoding=\"async\" width=\"150\" height=\"150\" src=\"https:\/\/www.meinesuedstadt.de\/branchenverzeichnis\/wp-content\/uploads\/2023\/07\/staff20shit-4-150x150.jpg\" class=\"attachment-thumbnail size-thumbnail\" alt=\"\" \/><\/a>\n\t\t\t<\/dt><\/dl><br style=\"clear: both\" \/>\n\t\t<\/div>\n\n<h3><strong>Die Zukunft der Mobilit\u00e4t nachhaltig gestalten<\/strong><\/h3>\n<p>Mit und ohne Neigetechnik bzw. als Longtail, bei Mycargobike findet Ihr Topmarken wie Butchers &amp; Bicycles, Chike, Babboe, Dolly-Bakfiets, Urban Arrow uvm. Eine Probefahrt ist jederzeit m\u00f6glich, ein Bike kann auch \u00fcber mehrere Tage getestet werden. Das Sortiment wird fast t\u00e4glich weiter ausgebaut \u2013 schon jetzt stehen zahlreiche (wirklich sehr fancy) R\u00e4der (\u00fcberwiegend E-Bikes) f\u00fcr Euch parat. Fragt auch gerne bei Bedarf vorher an, welche Bikes gerade zum Testen (Probefahren) da sind. Auf der <a href=\"https:\/\/www.mycargobike.koeln\/termin-buchen\" target=\"_blank\" rel=\"noopener\">Homepage<\/a> k\u00f6nnt Ihr einfach per Mausklick einen Beratungstermin ausmachen.<\/p>\n<p style=\"font-weight: 400;\">Aktuell wird die Werkstatt wieder auf Vordermann gebracht, sodass Ihr ab sp\u00e4testens Ende Januar 2024 auch Eure Lastenr\u00e4der zur Reparatur oder Inspektion bringen k\u00f6nnt. Schaut doch mal rein, lasst Euch beraten, inspirieren &amp; begeistern<\/p>\n\n\t\t<style type=\"text\/css\">\n\t\t\t#gallery-2 {\n\t\t\t\tmargin: auto;\n\t\t\t}\n\t\t\t#gallery-2 .gallery-item {\n\t\t\t\tfloat: left;\n\t\t\t\tmargin-top: 10px;\n\t\t\t\ttext-align: center;\n\t\t\t\twidth: 25%;\n\t\t\t}\n\t\t\t#gallery-2 img {\n\t\t\t\tborder: 2px solid #cfcfcf;\n\t\t\t}\n\t\t\t#gallery-2 .gallery-caption {\n\t\t\t\tmargin-left: 0;\n\t\t\t}\n\t\t\t\/* see gallery_shortcode() in wp-includes\/media.php *\/\n\t\t<\/style>\n\t\t<div id='gallery-2' class='gallery galleryid-5218 gallery-columns-4 gallery-size-thumbnail'><dl class='gallery-item'>\n\t\t\t<dt class='gallery-icon landscape'>\n\t\t\t\t<a href='https:\/\/www.meinesuedstadt.de\/branchenverzeichnis\/wp-content\/uploads\/2023\/07\/FB_IMG_1702128003541.jpg' title=\"\" data-rl_title=\"\" class=\"rl-gallery-link\" data-rl_caption=\"\" data-rel=\"lightbox-gallery-2\"><img loading=\"lazy\" decoding=\"async\" width=\"150\" height=\"150\" src=\"https:\/\/www.meinesuedstadt.de\/branchenverzeichnis\/wp-content\/uploads\/2023\/07\/FB_IMG_1702128003541-150x150.jpg\" class=\"attachment-thumbnail size-thumbnail\" alt=\"\" srcset=\"https:\/\/www.meinesuedstadt.de\/branchenverzeichnis\/wp-content\/uploads\/2023\/07\/FB_IMG_1702128003541-150x150.jpg 150w, https:\/\/www.meinesuedstadt.de\/branchenverzeichnis\/wp-content\/uploads\/2023\/07\/FB_IMG_1702128003541-300x300.jpg 300w, https:\/\/www.meinesuedstadt.de\/branchenverzeichnis\/wp-content\/uploads\/2023\/07\/FB_IMG_1702128003541.jpg 600w\" sizes=\"auto, (max-width: 150px) 100vw, 150px\" \/><\/a>\n\t\t\t<\/dt><\/dl><dl class='gallery-item'>\n\t\t\t<dt class='gallery-icon landscape'>\n\t\t\t\t<a href='https:\/\/www.meinesuedstadt.de\/branchenverzeichnis\/wp-content\/uploads\/2023\/07\/mycargobike-4.jpg' title=\"\" data-rl_title=\"\" class=\"rl-gallery-link\" data-rl_caption=\"\" data-rel=\"lightbox-gallery-2\"><img loading=\"lazy\" decoding=\"async\" width=\"150\" height=\"150\" src=\"https:\/\/www.meinesuedstadt.de\/branchenverzeichnis\/wp-content\/uploads\/2023\/07\/mycargobike-4-150x150.jpg\" class=\"attachment-thumbnail size-thumbnail\" alt=\"\" \/><\/a>\n\t\t\t<\/dt><\/dl><dl class='gallery-item'>\n\t\t\t<dt class='gallery-icon landscape'>\n\t\t\t\t<a href='https:\/\/www.meinesuedstadt.de\/branchenverzeichnis\/wp-content\/uploads\/2023\/07\/cargo-2.jpg' title=\"\" data-rl_title=\"\" class=\"rl-gallery-link\" data-rl_caption=\"\" data-rel=\"lightbox-gallery-2\"><img loading=\"lazy\" decoding=\"async\" width=\"150\" height=\"150\" src=\"https:\/\/www.meinesuedstadt.de\/branchenverzeichnis\/wp-content\/uploads\/2023\/07\/cargo-2-150x150.jpg\" class=\"attachment-thumbnail size-thumbnail\" alt=\"\" \/><\/a>\n\t\t\t<\/dt><\/dl><dl class='gallery-item'>\n\t\t\t<dt class='gallery-icon landscape'>\n\t\t\t\t<a href='https:\/\/www.meinesuedstadt.de\/branchenverzeichnis\/wp-content\/uploads\/2023\/07\/cargo-3.jpg' title=\"\" data-rl_title=\"\" class=\"rl-gallery-link\" data-rl_caption=\"\" data-rel=\"lightbox-gallery-2\"><img loading=\"lazy\" decoding=\"async\" width=\"150\" height=\"150\" src=\"https:\/\/www.meinesuedstadt.de\/branchenverzeichnis\/wp-content\/uploads\/2023\/07\/cargo-3-150x150.jpg\" class=\"attachment-thumbnail size-thumbnail\" alt=\"\" \/><\/a>\n\t\t\t<\/dt><\/dl><br style=\"clear: both\" \/>\n\t\t<\/div>\n\n<p>#yournextcarisacargobike<\/p>\n","protected":false},"excerpt":{"rendered":"<p>Lastenr\u00e4der sind aus unserem Viertel kaum mehr wegzudenken. Immer mehr Menschen wollen vom (Zweit)Auto zum praktischen und umweltfreundlichen Cargobike wechseln. Die Vorteile liegen klar auf der Hand: die Belastung durch die steigenden Benzinpreise und das Chaos bei der t\u00e4glichen Parkplatzsuche fallen komplett weg. Ob als Dienstleister oder Privatperson &#8211; die verschiedenen R\u00e4der eigenen sich f\u00fcr [&hellip;]<\/p>\n","protected":false},"author":8,"featured_media":5391,"comment_status":"open","ping_status":"open","sticky":false,"template":"","format":"standard","meta":{"_acf_changed":false,"footnotes":""},"categories":[226,443,430],"tags":[433,432,431,435,434],"class_list":["post-5218","post","type-post","status-publish","format-standard","has-post-thumbnail","hentry","category-fahrraeder","category-fahrradwerkstatt","category-lastenfahrraeder","tag-beratung","tag-cargorad","tag-lastenrad","tag-reparatur","tag-verkauf"],"acf":[],"yoast_head":"<!-- This site is optimized with the Yoast SEO plugin v27.4 - https:\/\/yoast.com\/product\/yoast-seo-wordpress\/ -->\n<title>Mycargobike k\u00f6ln - Verkauf von Lastenr\u00e4dern mit perfekter Beratung - Meine S\u00fcdstadt<\/title>\n<meta name=\"robots\" content=\"index, follow, max-snippet:-1, max-image-preview:large, max-video-preview:-1\" \/>\n<link rel=\"canonical\" href=\"https:\/\/www.meinesuedstadt.de\/branchenverzeichnis\/mycargobike-koeln\/\" \/>\n<meta property=\"og:locale\" content=\"de_DE\" \/>\n<meta property=\"og:type\" content=\"article\" \/>\n<meta property=\"og:title\" content=\"Mycargobike k\u00f6ln - Verkauf von Lastenr\u00e4dern mit perfekter Beratung - Meine S\u00fcdstadt\" \/>\n<meta property=\"og:description\" content=\"Lastenr\u00e4der sind aus unserem Viertel kaum mehr wegzudenken. Immer mehr Menschen wollen vom (Zweit)Auto zum praktischen und umweltfreundlichen Cargobike wechseln. Die Vorteile liegen klar auf der Hand: die Belastung durch die steigenden Benzinpreise und das Chaos bei der t\u00e4glichen Parkplatzsuche fallen komplett weg. Ob als Dienstleister oder Privatperson &#8211; die verschiedenen R\u00e4der eigenen sich f\u00fcr [&hellip;]\" \/>\n<meta property=\"og:url\" content=\"https:\/\/www.meinesuedstadt.de\/branchenverzeichnis\/mycargobike-koeln\/\" \/>\n<meta property=\"og:site_name\" content=\"Meine S\u00fcdstadt\" \/>\n<meta property=\"article:publisher\" content=\"https:\/\/www.facebook.com\/Meinesuedstadt\/\" \/>\n<meta property=\"article:published_time\" content=\"2023-07-19T06:52:58+00:00\" \/>\n<meta property=\"article:modified_time\" content=\"2024-07-17T10:23:04+00:00\" \/>\n<meta property=\"og:image\" content=\"https:\/\/www.meinesuedstadt.de\/branchenverzeichnis\/wp-content\/uploads\/2023\/07\/mycargobike-1.jpg\" \/>\n\t<meta property=\"og:image:width\" content=\"1200\" \/>\n\t<meta property=\"og:image:height\" content=\"801\" \/>\n\t<meta property=\"og:image:type\" content=\"image\/jpeg\" \/>\n<meta name=\"author\" content=\"Gaby DeMuirier\" \/>\n<meta name=\"twitter:card\" content=\"summary_large_image\" \/>\n<meta name=\"twitter:creator\" content=\"@meinesuedstadt\" \/>\n<meta name=\"twitter:site\" content=\"@meinesuedstadt\" \/>\n<meta name=\"twitter:label1\" content=\"Verfasst von\" \/>\n\t<meta name=\"twitter:data1\" content=\"Gaby DeMuirier\" \/>\n\t<meta name=\"twitter:label2\" content=\"Gesch\u00e4tzte Lesezeit\" \/>\n\t<meta name=\"twitter:data2\" content=\"3\u00a0Minuten\" \/>\n<script type=\"application\/ld+json\" class=\"yoast-schema-graph\">{\"@context\":\"https:\\\/\\\/schema.org\",\"@graph\":[{\"@type\":\"Article\",\"@id\":\"https:\\\/\\\/www.meinesuedstadt.de\\\/branchenverzeichnis\\\/mycargobike-koeln\\\/#article\",\"isPartOf\":{\"@id\":\"https:\\\/\\\/www.meinesuedstadt.de\\\/branchenverzeichnis\\\/mycargobike-koeln\\\/\"},\"author\":{\"name\":\"Gaby DeMuirier\",\"@id\":\"https:\\\/\\\/www.meinesuedstadt.de\\\/branchenverzeichnis\\\/#\\\/schema\\\/person\\\/377f8fd43825f067d14416c974a4d50e\"},\"headline\":\"Mycargobike k\u00f6ln &#8211; Verkauf von Lastenr\u00e4dern mit perfekter Beratung\",\"datePublished\":\"2023-07-19T06:52:58+00:00\",\"dateModified\":\"2024-07-17T10:23:04+00:00\",\"mainEntityOfPage\":{\"@id\":\"https:\\\/\\\/www.meinesuedstadt.de\\\/branchenverzeichnis\\\/mycargobike-koeln\\\/\"},\"wordCount\":355,\"commentCount\":0,\"image\":{\"@id\":\"https:\\\/\\\/www.meinesuedstadt.de\\\/branchenverzeichnis\\\/mycargobike-koeln\\\/#primaryimage\"},\"thumbnailUrl\":\"https:\\\/\\\/www.meinesuedstadt.de\\\/branchenverzeichnis\\\/wp-content\\\/uploads\\\/2023\\\/07\\\/mycargobike-1.jpg\",\"keywords\":[\"Beratung\",\"Cargorad\",\"Lastenrad\",\"Reparatur\",\"Verkauf\"],\"articleSection\":[\"Fahrr\u00e4der\",\"Fahrradwerkstatt\",\"Lastenfahrr\u00e4der\"],\"inLanguage\":\"de\",\"potentialAction\":[{\"@type\":\"CommentAction\",\"name\":\"Comment\",\"target\":[\"https:\\\/\\\/www.meinesuedstadt.de\\\/branchenverzeichnis\\\/mycargobike-koeln\\\/#respond\"]}]},{\"@type\":\"WebPage\",\"@id\":\"https:\\\/\\\/www.meinesuedstadt.de\\\/branchenverzeichnis\\\/mycargobike-koeln\\\/\",\"url\":\"https:\\\/\\\/www.meinesuedstadt.de\\\/branchenverzeichnis\\\/mycargobike-koeln\\\/\",\"name\":\"Mycargobike k\u00f6ln - Verkauf von Lastenr\u00e4dern mit perfekter Beratung - Meine S\u00fcdstadt\",\"isPartOf\":{\"@id\":\"https:\\\/\\\/www.meinesuedstadt.de\\\/branchenverzeichnis\\\/#website\"},\"primaryImageOfPage\":{\"@id\":\"https:\\\/\\\/www.meinesuedstadt.de\\\/branchenverzeichnis\\\/mycargobike-koeln\\\/#primaryimage\"},\"image\":{\"@id\":\"https:\\\/\\\/www.meinesuedstadt.de\\\/branchenverzeichnis\\\/mycargobike-koeln\\\/#primaryimage\"},\"thumbnailUrl\":\"https:\\\/\\\/www.meinesuedstadt.de\\\/branchenverzeichnis\\\/wp-content\\\/uploads\\\/2023\\\/07\\\/mycargobike-1.jpg\",\"datePublished\":\"2023-07-19T06:52:58+00:00\",\"dateModified\":\"2024-07-17T10:23:04+00:00\",\"author\":{\"@id\":\"https:\\\/\\\/www.meinesuedstadt.de\\\/branchenverzeichnis\\\/#\\\/schema\\\/person\\\/377f8fd43825f067d14416c974a4d50e\"},\"breadcrumb\":{\"@id\":\"https:\\\/\\\/www.meinesuedstadt.de\\\/branchenverzeichnis\\\/mycargobike-koeln\\\/#breadcrumb\"},\"inLanguage\":\"de\",\"potentialAction\":[{\"@type\":\"ReadAction\",\"target\":[\"https:\\\/\\\/www.meinesuedstadt.de\\\/branchenverzeichnis\\\/mycargobike-koeln\\\/\"]}]},{\"@type\":\"ImageObject\",\"inLanguage\":\"de\",\"@id\":\"https:\\\/\\\/www.meinesuedstadt.de\\\/branchenverzeichnis\\\/mycargobike-koeln\\\/#primaryimage\",\"url\":\"https:\\\/\\\/www.meinesuedstadt.de\\\/branchenverzeichnis\\\/wp-content\\\/uploads\\\/2023\\\/07\\\/mycargobike-1.jpg\",\"contentUrl\":\"https:\\\/\\\/www.meinesuedstadt.de\\\/branchenverzeichnis\\\/wp-content\\\/uploads\\\/2023\\\/07\\\/mycargobike-1.jpg\",\"width\":1200,\"height\":801},{\"@type\":\"BreadcrumbList\",\"@id\":\"https:\\\/\\\/www.meinesuedstadt.de\\\/branchenverzeichnis\\\/mycargobike-koeln\\\/#breadcrumb\",\"itemListElement\":[{\"@type\":\"ListItem\",\"position\":1,\"name\":\"Startseite\",\"item\":\"https:\\\/\\\/www.meinesuedstadt.de\\\/branchenverzeichnis\\\/\"},{\"@type\":\"ListItem\",\"position\":2,\"name\":\"Mycargobike k\u00f6ln &#8211; Verkauf von Lastenr\u00e4dern mit perfekter Beratung\"}]},{\"@type\":\"WebSite\",\"@id\":\"https:\\\/\\\/www.meinesuedstadt.de\\\/branchenverzeichnis\\\/#website\",\"url\":\"https:\\\/\\\/www.meinesuedstadt.de\\\/branchenverzeichnis\\\/\",\"name\":\"Meine S\u00fcdstadt\",\"description\":\"Branchenverzeichnis aus der S\u00fcdstadt K\u00f6lns\",\"potentialAction\":[{\"@type\":\"SearchAction\",\"target\":{\"@type\":\"EntryPoint\",\"urlTemplate\":\"https:\\\/\\\/www.meinesuedstadt.de\\\/branchenverzeichnis\\\/?s={search_term_string}\"},\"query-input\":{\"@type\":\"PropertyValueSpecification\",\"valueRequired\":true,\"valueName\":\"search_term_string\"}}],\"inLanguage\":\"de\"},{\"@type\":\"Person\",\"@id\":\"https:\\\/\\\/www.meinesuedstadt.de\\\/branchenverzeichnis\\\/#\\\/schema\\\/person\\\/377f8fd43825f067d14416c974a4d50e\",\"name\":\"Gaby DeMuirier\",\"image\":{\"@type\":\"ImageObject\",\"inLanguage\":\"de\",\"@id\":\"https:\\\/\\\/secure.gravatar.com\\\/avatar\\\/7ecf9674b7a678a660fcd27242eacb0ec8607a4b99a0a409d6d8141a320a8170?s=96&d=mm&r=g\",\"url\":\"https:\\\/\\\/secure.gravatar.com\\\/avatar\\\/7ecf9674b7a678a660fcd27242eacb0ec8607a4b99a0a409d6d8141a320a8170?s=96&d=mm&r=g\",\"contentUrl\":\"https:\\\/\\\/secure.gravatar.com\\\/avatar\\\/7ecf9674b7a678a660fcd27242eacb0ec8607a4b99a0a409d6d8141a320a8170?s=96&d=mm&r=g\",\"caption\":\"Gaby DeMuirier\"},\"sameAs\":[\"https:\\\/\\\/www.meinesuedstadt.de\"]}]}<\/script>\n<!-- \/ Yoast SEO plugin. -->","yoast_head_json":{"title":"Mycargobike k\u00f6ln - Verkauf von Lastenr\u00e4dern mit perfekter Beratung - Meine S\u00fcdstadt","robots":{"index":"index","follow":"follow","max-snippet":"max-snippet:-1","max-image-preview":"max-image-preview:large","max-video-preview":"max-video-preview:-1"},"canonical":"https:\/\/www.meinesuedstadt.de\/branchenverzeichnis\/mycargobike-koeln\/","og_locale":"de_DE","og_type":"article","og_title":"Mycargobike k\u00f6ln - Verkauf von Lastenr\u00e4dern mit perfekter Beratung - Meine S\u00fcdstadt","og_description":"Lastenr\u00e4der sind aus unserem Viertel kaum mehr wegzudenken. Immer mehr Menschen wollen vom (Zweit)Auto zum praktischen und umweltfreundlichen Cargobike wechseln. Die Vorteile liegen klar auf der Hand: die Belastung durch die steigenden Benzinpreise und das Chaos bei der t\u00e4glichen Parkplatzsuche fallen komplett weg. Ob als Dienstleister oder Privatperson &#8211; die verschiedenen R\u00e4der eigenen sich f\u00fcr [&hellip;]","og_url":"https:\/\/www.meinesuedstadt.de\/branchenverzeichnis\/mycargobike-koeln\/","og_site_name":"Meine S\u00fcdstadt","article_publisher":"https:\/\/www.facebook.com\/Meinesuedstadt\/","article_published_time":"2023-07-19T06:52:58+00:00","article_modified_time":"2024-07-17T10:23:04+00:00","og_image":[{"width":1200,"height":801,"url":"https:\/\/www.meinesuedstadt.de\/branchenverzeichnis\/wp-content\/uploads\/2023\/07\/mycargobike-1.jpg","type":"image\/jpeg"}],"author":"Gaby DeMuirier","twitter_card":"summary_large_image","twitter_creator":"@meinesuedstadt","twitter_site":"@meinesuedstadt","twitter_misc":{"Verfasst von":"Gaby DeMuirier","Gesch\u00e4tzte Lesezeit":"3\u00a0Minuten"},"schema":{"@context":"https:\/\/schema.org","@graph":[{"@type":"Article","@id":"https:\/\/www.meinesuedstadt.de\/branchenverzeichnis\/mycargobike-koeln\/#article","isPartOf":{"@id":"https:\/\/www.meinesuedstadt.de\/branchenverzeichnis\/mycargobike-koeln\/"},"author":{"name":"Gaby DeMuirier","@id":"https:\/\/www.meinesuedstadt.de\/branchenverzeichnis\/#\/schema\/person\/377f8fd43825f067d14416c974a4d50e"},"headline":"Mycargobike k\u00f6ln &#8211; Verkauf von Lastenr\u00e4dern mit perfekter Beratung","datePublished":"2023-07-19T06:52:58+00:00","dateModified":"2024-07-17T10:23:04+00:00","mainEntityOfPage":{"@id":"https:\/\/www.meinesuedstadt.de\/branchenverzeichnis\/mycargobike-koeln\/"},"wordCount":355,"commentCount":0,"image":{"@id":"https:\/\/www.meinesuedstadt.de\/branchenverzeichnis\/mycargobike-koeln\/#primaryimage"},"thumbnailUrl":"https:\/\/www.meinesuedstadt.de\/branchenverzeichnis\/wp-content\/uploads\/2023\/07\/mycargobike-1.jpg","keywords":["Beratung","Cargorad","Lastenrad","Reparatur","Verkauf"],"articleSection":["Fahrr\u00e4der","Fahrradwerkstatt","Lastenfahrr\u00e4der"],"inLanguage":"de","potentialAction":[{"@type":"CommentAction","name":"Comment","target":["https:\/\/www.meinesuedstadt.de\/branchenverzeichnis\/mycargobike-koeln\/#respond"]}]},{"@type":"WebPage","@id":"https:\/\/www.meinesuedstadt.de\/branchenverzeichnis\/mycargobike-koeln\/","url":"https:\/\/www.meinesuedstadt.de\/branchenverzeichnis\/mycargobike-koeln\/","name":"Mycargobike k\u00f6ln - Verkauf von Lastenr\u00e4dern mit perfekter Beratung - Meine S\u00fcdstadt","isPartOf":{"@id":"https:\/\/www.meinesuedstadt.de\/branchenverzeichnis\/#website"},"primaryImageOfPage":{"@id":"https:\/\/www.meinesuedstadt.de\/branchenverzeichnis\/mycargobike-koeln\/#primaryimage"},"image":{"@id":"https:\/\/www.meinesuedstadt.de\/branchenverzeichnis\/mycargobike-koeln\/#primaryimage"},"thumbnailUrl":"https:\/\/www.meinesuedstadt.de\/branchenverzeichnis\/wp-content\/uploads\/2023\/07\/mycargobike-1.jpg","datePublished":"2023-07-19T06:52:58+00:00","dateModified":"2024-07-17T10:23:04+00:00","author":{"@id":"https:\/\/www.meinesuedstadt.de\/branchenverzeichnis\/#\/schema\/person\/377f8fd43825f067d14416c974a4d50e"},"breadcrumb":{"@id":"https:\/\/www.meinesuedstadt.de\/branchenverzeichnis\/mycargobike-koeln\/#breadcrumb"},"inLanguage":"de","potentialAction":[{"@type":"ReadAction","target":["https:\/\/www.meinesuedstadt.de\/branchenverzeichnis\/mycargobike-koeln\/"]}]},{"@type":"ImageObject","inLanguage":"de","@id":"https:\/\/www.meinesuedstadt.de\/branchenverzeichnis\/mycargobike-koeln\/#primaryimage","url":"https:\/\/www.meinesuedstadt.de\/branchenverzeichnis\/wp-content\/uploads\/2023\/07\/mycargobike-1.jpg","contentUrl":"https:\/\/www.meinesuedstadt.de\/branchenverzeichnis\/wp-content\/uploads\/2023\/07\/mycargobike-1.jpg","width":1200,"height":801},{"@type":"BreadcrumbList","@id":"https:\/\/www.meinesuedstadt.de\/branchenverzeichnis\/mycargobike-koeln\/#breadcrumb","itemListElement":[{"@type":"ListItem","position":1,"name":"Startseite","item":"https:\/\/www.meinesuedstadt.de\/branchenverzeichnis\/"},{"@type":"ListItem","position":2,"name":"Mycargobike k\u00f6ln &#8211; Verkauf von Lastenr\u00e4dern mit perfekter Beratung"}]},{"@type":"WebSite","@id":"https:\/\/www.meinesuedstadt.de\/branchenverzeichnis\/#website","url":"https:\/\/www.meinesuedstadt.de\/branchenverzeichnis\/","name":"Meine S\u00fcdstadt","description":"Branchenverzeichnis aus der S\u00fcdstadt K\u00f6lns","potentialAction":[{"@type":"SearchAction","target":{"@type":"EntryPoint","urlTemplate":"https:\/\/www.meinesuedstadt.de\/branchenverzeichnis\/?s={search_term_string}"},"query-input":{"@type":"PropertyValueSpecification","valueRequired":true,"valueName":"search_term_string"}}],"inLanguage":"de"},{"@type":"Person","@id":"https:\/\/www.meinesuedstadt.de\/branchenverzeichnis\/#\/schema\/person\/377f8fd43825f067d14416c974a4d50e","name":"Gaby DeMuirier","image":{"@type":"ImageObject","inLanguage":"de","@id":"https:\/\/secure.gravatar.com\/avatar\/7ecf9674b7a678a660fcd27242eacb0ec8607a4b99a0a409d6d8141a320a8170?s=96&d=mm&r=g","url":"https:\/\/secure.gravatar.com\/avatar\/7ecf9674b7a678a660fcd27242eacb0ec8607a4b99a0a409d6d8141a320a8170?s=96&d=mm&r=g","contentUrl":"https:\/\/secure.gravatar.com\/avatar\/7ecf9674b7a678a660fcd27242eacb0ec8607a4b99a0a409d6d8141a320a8170?s=96&d=mm&r=g","caption":"Gaby DeMuirier"},"sameAs":["https:\/\/www.meinesuedstadt.de"]}]}},"priority":0,"metaAddress":"Severinstra\u00dfe 157, 50678 K\u00f6ln","_links":{"self":[{"href":"https:\/\/www.meinesuedstadt.de\/branchenverzeichnis\/wp-json\/wp\/v2\/posts\/5218","targetHints":{"allow":["GET"]}}],"collection":[{"href":"https:\/\/www.meinesuedstadt.de\/branchenverzeichnis\/wp-json\/wp\/v2\/posts"}],"about":[{"href":"https:\/\/www.meinesuedstadt.de\/branchenverzeichnis\/wp-json\/wp\/v2\/types\/post"}],"author":[{"embeddable":true,"href":"https:\/\/www.meinesuedstadt.de\/branchenverzeichnis\/wp-json\/wp\/v2\/users\/8"}],"replies":[{"embeddable":true,"href":"https:\/\/www.meinesuedstadt.de\/branchenverzeichnis\/wp-json\/wp\/v2\/comments?post=5218"}],"version-history":[{"count":27,"href":"https:\/\/www.meinesuedstadt.de\/branchenverzeichnis\/wp-json\/wp\/v2\/posts\/5218\/revisions"}],"predecessor-version":[{"id":5616,"href":"https:\/\/www.meinesuedstadt.de\/branchenverzeichnis\/wp-json\/wp\/v2\/posts\/5218\/revisions\/5616"}],"wp:featuredmedia":[{"embeddable":true,"href":"https:\/\/www.meinesuedstadt.de\/branchenverzeichnis\/wp-json\/wp\/v2\/media\/5391"}],"wp:attachment":[{"href":"https:\/\/www.meinesuedstadt.de\/branchenverzeichnis\/wp-json\/wp\/v2\/media?parent=5218"}],"wp:term":[{"taxonomy":"category","embeddable":true,"href":"https:\/\/www.meinesuedstadt.de\/branchenverzeichnis\/wp-json\/wp\/v2\/categories?post=5218"},{"taxonomy":"post_tag","embeddable":true,"href":"https:\/\/www.meinesuedstadt.de\/branchenverzeichnis\/wp-json\/wp\/v2\/tags?post=5218"}],"curies":[{"name":"wp","href":"https:\/\/api.w.org\/{rel}","templated":true}]}}