{"id":5223,"date":"2023-07-24T21:13:00","date_gmt":"2023-07-24T19:13:00","guid":{"rendered":"https:\/\/www.meinesuedstadt.de\/branchenverzeichnis\/?p=5223"},"modified":"2024-04-29T10:33:54","modified_gmt":"2024-04-29T08:33:54","slug":"silke-thyen-maringer-mediation-supervision-coaching","status":"publish","type":"post","link":"https:\/\/www.meinesuedstadt.de\/branchenverzeichnis\/silke-thyen-maringer-mediation-supervision-coaching\/","title":{"rendered":"Silke Thyen-Maringer &#8211; Mediation &#038; Coaching mit viel Herz"},"content":{"rendered":"<p style=\"font-weight: 400;\">Konflikte geh\u00f6ren zu unserem Leben wie unsere Familienmitglieder, unser Beruf oder die Freunde. Wer kennt es nicht? Mit aufgetretenen Ver\u00e4nderungen wie Trennung oder Verlust, kann auch nicht Jede*r gut umgehen. Oft entstehen Konflikte ja auch einfach durch eine klassische Misskommunikation oder -verst\u00e4ndnisse, die jedoch zun\u00e4chst entdeckt werden m\u00fcssen.<\/p>\n<p>Silke Thyen-Maringer ist staatlich anerkannte Diplom-Sozialarbeiterin sowie zertifizierte Mediatorin, die Euch mit Mediation, Supervision, Coaching und systemischer Beratung zur Seite steht. In ihrer Praxis in Bayenthal empf\u00e4ngt und coacht sie Euch mit viel Herz und langj\u00e4hriger Erfahrung. Diese hat Silke neben ihrer Arbeit mit Kindern, Jugendlichen und Erwachsenen auch durch ihr Leben in einer Patchwork-Familie gesammelt. Probleme zu l\u00f6sen und Menschen zu helfen, damit sie einen guten Weg f\u00fcr sich finden, ist f\u00fcr Silke Motor und Erf\u00fcllung zugleich. Neben der klassischen Mediation und Paarberatung bietet die sympathische Diplom-Sozialarbeiterin auch Teambuildings sowie systemische Beratung und Familienaufstellungen an. Einer ihrer Schwerpunkte ist zudem die Trennungs- und Scheidungsmediation, dabei arbeitet Silke sehr eng mit einer Familienrechtsanw\u00e4ltin und einem Finanzplaner zusammen. Zur Zeit macht sie zus\u00e4tzlich eine Ausbildung in Psychotherapie und eine Fortbildung in systemischer Therapie.<\/p>\n\n\t\t<style type=\"text\/css\">\n\t\t\t#gallery-1 {\n\t\t\t\tmargin: auto;\n\t\t\t}\n\t\t\t#gallery-1 .gallery-item {\n\t\t\t\tfloat: left;\n\t\t\t\tmargin-top: 10px;\n\t\t\t\ttext-align: center;\n\t\t\t\twidth: 25%;\n\t\t\t}\n\t\t\t#gallery-1 img {\n\t\t\t\tborder: 2px solid #cfcfcf;\n\t\t\t}\n\t\t\t#gallery-1 .gallery-caption {\n\t\t\t\tmargin-left: 0;\n\t\t\t}\n\t\t\t\/* see gallery_shortcode() in wp-includes\/media.php *\/\n\t\t<\/style>\n\t\t<div id='gallery-1' class='gallery galleryid-5223 gallery-columns-4 gallery-size-thumbnail'><dl class='gallery-item'>\n\t\t\t<dt class='gallery-icon landscape'>\n\t\t\t\t<a href='https:\/\/www.meinesuedstadt.de\/branchenverzeichnis\/wp-content\/uploads\/2023\/07\/Stuhlreihe-mit-Willkommen-Wertachten.png' title=\"\" data-rl_title=\"\" class=\"rl-gallery-link\" data-rl_caption=\"\" data-rel=\"lightbox-gallery-1\"><img loading=\"lazy\" decoding=\"async\" width=\"150\" height=\"150\" src=\"https:\/\/www.meinesuedstadt.de\/branchenverzeichnis\/wp-content\/uploads\/2023\/07\/Stuhlreihe-mit-Willkommen-Wertachten-150x150.png\" class=\"attachment-thumbnail size-thumbnail\" alt=\"\" \/><\/a>\n\t\t\t<\/dt><\/dl><dl class='gallery-item'>\n\t\t\t<dt class='gallery-icon landscape'>\n\t\t\t\t<a href='https:\/\/www.meinesuedstadt.de\/branchenverzeichnis\/wp-content\/uploads\/2023\/07\/Silke-Stuhl-grosser-Raum.png' title=\"\" data-rl_title=\"\" class=\"rl-gallery-link\" data-rl_caption=\"\" data-rel=\"lightbox-gallery-1\"><img loading=\"lazy\" decoding=\"async\" width=\"150\" height=\"150\" src=\"https:\/\/www.meinesuedstadt.de\/branchenverzeichnis\/wp-content\/uploads\/2023\/07\/Silke-Stuhl-grosser-Raum-150x150.png\" class=\"attachment-thumbnail size-thumbnail\" alt=\"\" \/><\/a>\n\t\t\t<\/dt><\/dl><dl class='gallery-item'>\n\t\t\t<dt class='gallery-icon landscape'>\n\t\t\t\t<a href='https:\/\/www.meinesuedstadt.de\/branchenverzeichnis\/wp-content\/uploads\/2023\/07\/Logo_Farbpalette_Hintergrund_-FBFEFF-88661cbf-192w.png' title=\"\" data-rl_title=\"\" class=\"rl-gallery-link\" data-rl_caption=\"\" data-rel=\"lightbox-gallery-1\"><img loading=\"lazy\" decoding=\"async\" width=\"150\" height=\"150\" src=\"https:\/\/www.meinesuedstadt.de\/branchenverzeichnis\/wp-content\/uploads\/2023\/07\/Logo_Farbpalette_Hintergrund_-FBFEFF-88661cbf-192w-150x150.png\" class=\"attachment-thumbnail size-thumbnail\" alt=\"\" \/><\/a>\n\t\t\t<\/dt><\/dl><dl class='gallery-item'>\n\t\t\t<dt class='gallery-icon landscape'>\n\t\t\t\t<a href='https:\/\/www.meinesuedstadt.de\/branchenverzeichnis\/wp-content\/uploads\/2023\/07\/Flipchart-mit-Stuhl-1.png' title=\"\" data-rl_title=\"\" class=\"rl-gallery-link\" data-rl_caption=\"\" data-rel=\"lightbox-gallery-1\"><img loading=\"lazy\" decoding=\"async\" width=\"150\" height=\"150\" src=\"https:\/\/www.meinesuedstadt.de\/branchenverzeichnis\/wp-content\/uploads\/2023\/07\/Flipchart-mit-Stuhl-1-150x150.png\" class=\"attachment-thumbnail size-thumbnail\" alt=\"\" \/><\/a>\n\t\t\t<\/dt><\/dl><br style=\"clear: both\" \/>\n\t\t<\/div>\n\n<h2 style=\"font-weight: 400;\"><strong>Zun\u00e4chst St\u00f6rungen im System ausmachen<\/strong><\/h2>\n<p style=\"font-weight: 400;\">Systemisch bedeutet, wir alle leben in einem System, sei es die Familie, der Beruf, die Praxis, das B\u00fcro oder die Schule. Auf irgendeiner Ebene des Systems kann eine schon leichte Ver\u00e4nderung, wie beispielsweise ein Familienzuwachs, ein Kollegenwechsel oder Todesfall innerhalb der Familie oder Freundeskreis zu einer St\u00f6rung f\u00fchren. Stress entsteht. Zusammen begebt Ihr Euch auf die Analyse des (gest\u00f6rten) Systems und versucht gemeinsam, bestimmte Stellschrauben so zu drehen, dass eine L\u00f6sung herbeigef\u00fchrt werden kann. Ihr findet heraus, welche Resilienzen Ihr habt, um an den Stellschrauben zu drehen, und wie Ihr Euch selbst helfen k\u00f6nnt, um eine Ver\u00e4nderung der Situation herzustellen. Dabei steht immer die L\u00f6sung im Vordergrund, nicht das Problem.<\/p>\n<h3 style=\"font-weight: 400;\"><strong>Kursangebote f\u00fcr Gruppen<\/strong><\/h3>\n<p style=\"font-weight: 400;\">Seit September diesen Jahres bietet Silke in ihren wundersch\u00f6nen R\u00e4umen unter dem Namen <strong>WertAchten<\/strong> auch systemische Kurse f\u00fcr Achtsamkeit und Wertsch\u00e4tzung an. Hier lernen die Teilnehmer:innen in lockerer Runde, f\u00fcr sich selber L\u00f6sungen zu verschiedenen Themen des Alltags zu finden und das t\u00e4gliche Leben mit all den kleinen &amp; gro\u00dfen Problemen anders zu sehen. Die einzelnen Kursthemen drehen sich unter anderem um Familie oder Partnerschaft, Geschwisterstreit und Muttergl\u00fcck sowie die nicht leichte Zeit der Wechseljahre. Die aktuellen Termine findet Ihr auf der <a href=\"https:\/\/www.wertachten.de\/anmeldeformular-kurse-september\" target=\"_blank\" rel=\"noopener\">Webseite<\/a>\u00a0oder in unserem <a href=\"https:\/\/www.meinesuedstadt.de\/termine\/\" target=\"_blank\" rel=\"noopener\">Terminkalender<\/a>.<\/p>\n\n\t\t<style type=\"text\/css\">\n\t\t\t#gallery-2 {\n\t\t\t\tmargin: auto;\n\t\t\t}\n\t\t\t#gallery-2 .gallery-item {\n\t\t\t\tfloat: left;\n\t\t\t\tmargin-top: 10px;\n\t\t\t\ttext-align: center;\n\t\t\t\twidth: 25%;\n\t\t\t}\n\t\t\t#gallery-2 img {\n\t\t\t\tborder: 2px solid #cfcfcf;\n\t\t\t}\n\t\t\t#gallery-2 .gallery-caption {\n\t\t\t\tmargin-left: 0;\n\t\t\t}\n\t\t\t\/* see gallery_shortcode() in wp-includes\/media.php *\/\n\t\t<\/style>\n\t\t<div id='gallery-2' class='gallery galleryid-5223 gallery-columns-4 gallery-size-thumbnail'><dl class='gallery-item'>\n\t\t\t<dt class='gallery-icon landscape'>\n\t\t\t\t<a href='https:\/\/www.meinesuedstadt.de\/branchenverzeichnis\/wp-content\/uploads\/2023\/07\/IMG_1892-1920w-2880w-Kopie-1.jpg' title=\"\" data-rl_title=\"\" class=\"rl-gallery-link\" data-rl_caption=\"\" data-rel=\"lightbox-gallery-2\"><img loading=\"lazy\" decoding=\"async\" width=\"150\" height=\"150\" src=\"https:\/\/www.meinesuedstadt.de\/branchenverzeichnis\/wp-content\/uploads\/2023\/07\/IMG_1892-1920w-2880w-Kopie-1-150x150.jpg\" class=\"attachment-thumbnail size-thumbnail\" alt=\"\" \/><\/a>\n\t\t\t<\/dt><\/dl><dl class='gallery-item'>\n\t\t\t<dt class='gallery-icon landscape'>\n\t\t\t\t<a href='https:\/\/www.meinesuedstadt.de\/branchenverzeichnis\/wp-content\/uploads\/2023\/07\/WertAchten_Logo_Hintergrund_759c8a.jpg' title=\"\" data-rl_title=\"\" class=\"rl-gallery-link\" data-rl_caption=\"\" data-rel=\"lightbox-gallery-2\"><img loading=\"lazy\" decoding=\"async\" width=\"150\" height=\"150\" src=\"https:\/\/www.meinesuedstadt.de\/branchenverzeichnis\/wp-content\/uploads\/2023\/07\/WertAchten_Logo_Hintergrund_759c8a-150x150.jpg\" class=\"attachment-thumbnail size-thumbnail\" alt=\"\" \/><\/a>\n\t\t\t<\/dt><\/dl><dl class='gallery-item'>\n\t\t\t<dt class='gallery-icon landscape'>\n\t\t\t\t<a href='https:\/\/www.meinesuedstadt.de\/branchenverzeichnis\/wp-content\/uploads\/2023\/07\/IMG_2154-1920w-1920w-1920w-Kopie.jpg' title=\"\" data-rl_title=\"\" class=\"rl-gallery-link\" data-rl_caption=\"\" data-rel=\"lightbox-gallery-2\"><img loading=\"lazy\" decoding=\"async\" width=\"150\" height=\"150\" src=\"https:\/\/www.meinesuedstadt.de\/branchenverzeichnis\/wp-content\/uploads\/2023\/07\/IMG_2154-1920w-1920w-1920w-Kopie-150x150.jpg\" class=\"attachment-thumbnail size-thumbnail\" alt=\"\" srcset=\"https:\/\/www.meinesuedstadt.de\/branchenverzeichnis\/wp-content\/uploads\/2023\/07\/IMG_2154-1920w-1920w-1920w-Kopie-150x150.jpg 150w, https:\/\/www.meinesuedstadt.de\/branchenverzeichnis\/wp-content\/uploads\/2023\/07\/IMG_2154-1920w-1920w-1920w-Kopie-300x300.jpg 300w, https:\/\/www.meinesuedstadt.de\/branchenverzeichnis\/wp-content\/uploads\/2023\/07\/IMG_2154-1920w-1920w-1920w-Kopie.jpg 450w\" sizes=\"auto, (max-width: 150px) 100vw, 150px\" \/><\/a>\n\t\t\t<\/dt><\/dl><dl class='gallery-item'>\n\t\t\t<dt class='gallery-icon portrait'>\n\t\t\t\t<a href='https:\/\/www.meinesuedstadt.de\/branchenverzeichnis\/wp-content\/uploads\/2023\/07\/Silke-an-Saeule-gelehnt.png' title=\"\" data-rl_title=\"\" class=\"rl-gallery-link\" data-rl_caption=\"\" data-rel=\"lightbox-gallery-2\"><img loading=\"lazy\" decoding=\"async\" width=\"150\" height=\"150\" src=\"https:\/\/www.meinesuedstadt.de\/branchenverzeichnis\/wp-content\/uploads\/2023\/07\/Silke-an-Saeule-gelehnt-150x150.png\" class=\"attachment-thumbnail size-thumbnail\" alt=\"\" \/><\/a>\n\t\t\t<\/dt><\/dl><br style=\"clear: both\" \/>\n\t\t<\/div>\n\n<h3 style=\"font-weight: 400;\"><strong>Weg vom Konflikt<\/strong><\/h3>\n<p style=\"font-weight: 400;\">Silke hat in den letzten Jahren im Einzelberatungsterminen Kinder und Jugendliche sowie Erwachsene in belastenden oder konfusen Lebenssituationen gecoacht. Zu diesen Konflikten geh\u00f6ren unter anderem Mobbing, Schul- und Lernschwierigkeiten, Schlafst\u00f6rungen, Gewichtsprobleme sowie andere belastende Lebensbereiche. Durch ihre Erfahrungen ist Silke in der Lage, viele Fragen routiniert zu beantworten. Bei den Kernthemen handelt es sich in erster Linie um gewaltfreie Kommunikation, systemische Beratung und dem Lernziel, wie man positiv mit sich und anderen umgeht. Dazu geh\u00f6ren Elemente aus den Achtsamkeits-Wertsch\u00e4tzungstools.<\/p>\n<h3 style=\"font-weight: 400;\"><strong>Blick geht zur 10<\/strong><\/h3>\n<p style=\"font-weight: 400;\">Eine Methode der systemischen Beratung bildet die Skalierung von 1-10, wobei der schlimmste aktuelle Zustand bei 1 liegt und der Traumzustand bei der 10. In kleinen Schritten arbeitet Ihr Euch langsam in Richtung \u201ebest case\u201c voran. Step by Step, aber nicht in zu gro\u00dfen Schritten, n\u00e4hert Ihr Euch gemeinsam mit der erfahrenen Mediatorin der L\u00f6sung an. Zu Beginn hei\u00dft es aber immer, erstmal Luft zu holen und sich zu setteln. Und um zu \u00fcberlegen, wie der n\u00e4chste Schritt aussehen k\u00f6nnte. Dabei kann es auch mal notwendig sein, einen Schritt zur\u00fcckzugehen. Zum Beispiel, wenn keine Idee da ist, wie es besser werden kann. Denn letztendlich gibt die Mediatorin nur die Impulse, sie unterst\u00fctzt nur. Der Weg und das Ziel ist der Weg zur L\u00f6sungsspirale und weg von der Problemspirale.<\/p>\n<p style=\"font-weight: 400;\">\n","protected":false},"excerpt":{"rendered":"<p>Konflikte geh\u00f6ren zu unserem Leben wie unsere Familienmitglieder, unser Beruf oder die Freunde. Wer kennt es nicht? Mit aufgetretenen Ver\u00e4nderungen wie Trennung oder Verlust, kann auch nicht Jede*r gut umgehen. Oft entstehen Konflikte ja auch einfach durch eine klassische Misskommunikation oder -verst\u00e4ndnisse, die jedoch zun\u00e4chst entdeckt werden m\u00fcssen. Silke Thyen-Maringer ist staatlich anerkannte Diplom-Sozialarbeiterin sowie [&hellip;]<\/p>\n","protected":false},"author":8,"featured_media":5282,"comment_status":"open","ping_status":"open","sticky":false,"template":"","format":"standard","meta":{"_acf_changed":false,"footnotes":""},"categories":[417,347,441,204,442],"tags":[438,436,437],"class_list":["post-5223","post","type-post","status-publish","format-standard","has-post-thumbnail","hentry","category-achtsamkeit","category-coaching","category-mediation","category-psychotherapeuten","category-supervision","tag-coaching","tag-mediation","tag-supervision"],"acf":[],"yoast_head":"<!-- This site is optimized with the Yoast SEO plugin v27.4 - https:\/\/yoast.com\/product\/yoast-seo-wordpress\/ -->\n<title>Silke Thyen-Maringer - Mediation &amp; Coaching mit viel Herz - Meine S\u00fcdstadt<\/title>\n<meta name=\"robots\" content=\"index, follow, max-snippet:-1, max-image-preview:large, max-video-preview:-1\" \/>\n<link rel=\"canonical\" href=\"https:\/\/www.meinesuedstadt.de\/branchenverzeichnis\/silke-thyen-maringer-mediation-supervision-coaching\/\" \/>\n<meta property=\"og:locale\" content=\"de_DE\" \/>\n<meta property=\"og:type\" content=\"article\" \/>\n<meta property=\"og:title\" content=\"Silke Thyen-Maringer - Mediation &amp; Coaching mit viel Herz - Meine S\u00fcdstadt\" \/>\n<meta property=\"og:description\" content=\"Konflikte geh\u00f6ren zu unserem Leben wie unsere Familienmitglieder, unser Beruf oder die Freunde. Wer kennt es nicht? Mit aufgetretenen Ver\u00e4nderungen wie Trennung oder Verlust, kann auch nicht Jede*r gut umgehen. Oft entstehen Konflikte ja auch einfach durch eine klassische Misskommunikation oder -verst\u00e4ndnisse, die jedoch zun\u00e4chst entdeckt werden m\u00fcssen. Silke Thyen-Maringer ist staatlich anerkannte Diplom-Sozialarbeiterin sowie [&hellip;]\" \/>\n<meta property=\"og:url\" content=\"https:\/\/www.meinesuedstadt.de\/branchenverzeichnis\/silke-thyen-maringer-mediation-supervision-coaching\/\" \/>\n<meta property=\"og:site_name\" content=\"Meine S\u00fcdstadt\" \/>\n<meta property=\"article:publisher\" content=\"https:\/\/www.facebook.com\/Meinesuedstadt\/\" \/>\n<meta property=\"article:published_time\" content=\"2023-07-24T19:13:00+00:00\" \/>\n<meta property=\"article:modified_time\" content=\"2024-04-29T08:33:54+00:00\" \/>\n<meta property=\"og:image\" content=\"https:\/\/www.meinesuedstadt.de\/branchenverzeichnis\/wp-content\/uploads\/2023\/07\/Eigenes-Bild.jpeg\" \/>\n\t<meta property=\"og:image:width\" content=\"1200\" \/>\n\t<meta property=\"og:image:height\" content=\"825\" \/>\n\t<meta property=\"og:image:type\" content=\"image\/jpeg\" \/>\n<meta name=\"author\" content=\"Gaby DeMuirier\" \/>\n<meta name=\"twitter:card\" content=\"summary_large_image\" \/>\n<meta name=\"twitter:creator\" content=\"@meinesuedstadt\" \/>\n<meta name=\"twitter:site\" content=\"@meinesuedstadt\" \/>\n<meta name=\"twitter:label1\" content=\"Verfasst von\" \/>\n\t<meta name=\"twitter:data1\" content=\"Gaby DeMuirier\" \/>\n\t<meta name=\"twitter:label2\" content=\"Gesch\u00e4tzte Lesezeit\" \/>\n\t<meta name=\"twitter:data2\" content=\"4\u00a0Minuten\" \/>\n<script type=\"application\/ld+json\" class=\"yoast-schema-graph\">{\"@context\":\"https:\\\/\\\/schema.org\",\"@graph\":[{\"@type\":\"Article\",\"@id\":\"https:\\\/\\\/www.meinesuedstadt.de\\\/branchenverzeichnis\\\/silke-thyen-maringer-mediation-supervision-coaching\\\/#article\",\"isPartOf\":{\"@id\":\"https:\\\/\\\/www.meinesuedstadt.de\\\/branchenverzeichnis\\\/silke-thyen-maringer-mediation-supervision-coaching\\\/\"},\"author\":{\"name\":\"Gaby DeMuirier\",\"@id\":\"https:\\\/\\\/www.meinesuedstadt.de\\\/branchenverzeichnis\\\/#\\\/schema\\\/person\\\/377f8fd43825f067d14416c974a4d50e\"},\"headline\":\"Silke Thyen-Maringer &#8211; Mediation &#038; Coaching mit viel Herz\",\"datePublished\":\"2023-07-24T19:13:00+00:00\",\"dateModified\":\"2024-04-29T08:33:54+00:00\",\"mainEntityOfPage\":{\"@id\":\"https:\\\/\\\/www.meinesuedstadt.de\\\/branchenverzeichnis\\\/silke-thyen-maringer-mediation-supervision-coaching\\\/\"},\"wordCount\":664,\"commentCount\":0,\"image\":{\"@id\":\"https:\\\/\\\/www.meinesuedstadt.de\\\/branchenverzeichnis\\\/silke-thyen-maringer-mediation-supervision-coaching\\\/#primaryimage\"},\"thumbnailUrl\":\"https:\\\/\\\/www.meinesuedstadt.de\\\/branchenverzeichnis\\\/wp-content\\\/uploads\\\/2023\\\/07\\\/Eigenes-Bild.jpeg\",\"keywords\":[\"Coaching\",\"Mediation\",\"Supervision\"],\"articleSection\":[\"Achtsamkeit\",\"Coaching\",\"Mediation\",\"Psychotherapeuten\",\"Supervision\"],\"inLanguage\":\"de\",\"potentialAction\":[{\"@type\":\"CommentAction\",\"name\":\"Comment\",\"target\":[\"https:\\\/\\\/www.meinesuedstadt.de\\\/branchenverzeichnis\\\/silke-thyen-maringer-mediation-supervision-coaching\\\/#respond\"]}]},{\"@type\":\"WebPage\",\"@id\":\"https:\\\/\\\/www.meinesuedstadt.de\\\/branchenverzeichnis\\\/silke-thyen-maringer-mediation-supervision-coaching\\\/\",\"url\":\"https:\\\/\\\/www.meinesuedstadt.de\\\/branchenverzeichnis\\\/silke-thyen-maringer-mediation-supervision-coaching\\\/\",\"name\":\"Silke Thyen-Maringer - Mediation & Coaching mit viel Herz - Meine S\u00fcdstadt\",\"isPartOf\":{\"@id\":\"https:\\\/\\\/www.meinesuedstadt.de\\\/branchenverzeichnis\\\/#website\"},\"primaryImageOfPage\":{\"@id\":\"https:\\\/\\\/www.meinesuedstadt.de\\\/branchenverzeichnis\\\/silke-thyen-maringer-mediation-supervision-coaching\\\/#primaryimage\"},\"image\":{\"@id\":\"https:\\\/\\\/www.meinesuedstadt.de\\\/branchenverzeichnis\\\/silke-thyen-maringer-mediation-supervision-coaching\\\/#primaryimage\"},\"thumbnailUrl\":\"https:\\\/\\\/www.meinesuedstadt.de\\\/branchenverzeichnis\\\/wp-content\\\/uploads\\\/2023\\\/07\\\/Eigenes-Bild.jpeg\",\"datePublished\":\"2023-07-24T19:13:00+00:00\",\"dateModified\":\"2024-04-29T08:33:54+00:00\",\"author\":{\"@id\":\"https:\\\/\\\/www.meinesuedstadt.de\\\/branchenverzeichnis\\\/#\\\/schema\\\/person\\\/377f8fd43825f067d14416c974a4d50e\"},\"breadcrumb\":{\"@id\":\"https:\\\/\\\/www.meinesuedstadt.de\\\/branchenverzeichnis\\\/silke-thyen-maringer-mediation-supervision-coaching\\\/#breadcrumb\"},\"inLanguage\":\"de\",\"potentialAction\":[{\"@type\":\"ReadAction\",\"target\":[\"https:\\\/\\\/www.meinesuedstadt.de\\\/branchenverzeichnis\\\/silke-thyen-maringer-mediation-supervision-coaching\\\/\"]}]},{\"@type\":\"ImageObject\",\"inLanguage\":\"de\",\"@id\":\"https:\\\/\\\/www.meinesuedstadt.de\\\/branchenverzeichnis\\\/silke-thyen-maringer-mediation-supervision-coaching\\\/#primaryimage\",\"url\":\"https:\\\/\\\/www.meinesuedstadt.de\\\/branchenverzeichnis\\\/wp-content\\\/uploads\\\/2023\\\/07\\\/Eigenes-Bild.jpeg\",\"contentUrl\":\"https:\\\/\\\/www.meinesuedstadt.de\\\/branchenverzeichnis\\\/wp-content\\\/uploads\\\/2023\\\/07\\\/Eigenes-Bild.jpeg\",\"width\":1200,\"height\":825},{\"@type\":\"BreadcrumbList\",\"@id\":\"https:\\\/\\\/www.meinesuedstadt.de\\\/branchenverzeichnis\\\/silke-thyen-maringer-mediation-supervision-coaching\\\/#breadcrumb\",\"itemListElement\":[{\"@type\":\"ListItem\",\"position\":1,\"name\":\"Startseite\",\"item\":\"https:\\\/\\\/www.meinesuedstadt.de\\\/branchenverzeichnis\\\/\"},{\"@type\":\"ListItem\",\"position\":2,\"name\":\"Silke Thyen-Maringer &#8211; Mediation &#038; Coaching mit viel Herz\"}]},{\"@type\":\"WebSite\",\"@id\":\"https:\\\/\\\/www.meinesuedstadt.de\\\/branchenverzeichnis\\\/#website\",\"url\":\"https:\\\/\\\/www.meinesuedstadt.de\\\/branchenverzeichnis\\\/\",\"name\":\"Meine S\u00fcdstadt\",\"description\":\"Branchenverzeichnis aus der S\u00fcdstadt K\u00f6lns\",\"potentialAction\":[{\"@type\":\"SearchAction\",\"target\":{\"@type\":\"EntryPoint\",\"urlTemplate\":\"https:\\\/\\\/www.meinesuedstadt.de\\\/branchenverzeichnis\\\/?s={search_term_string}\"},\"query-input\":{\"@type\":\"PropertyValueSpecification\",\"valueRequired\":true,\"valueName\":\"search_term_string\"}}],\"inLanguage\":\"de\"},{\"@type\":\"Person\",\"@id\":\"https:\\\/\\\/www.meinesuedstadt.de\\\/branchenverzeichnis\\\/#\\\/schema\\\/person\\\/377f8fd43825f067d14416c974a4d50e\",\"name\":\"Gaby DeMuirier\",\"image\":{\"@type\":\"ImageObject\",\"inLanguage\":\"de\",\"@id\":\"https:\\\/\\\/secure.gravatar.com\\\/avatar\\\/7ecf9674b7a678a660fcd27242eacb0ec8607a4b99a0a409d6d8141a320a8170?s=96&d=mm&r=g\",\"url\":\"https:\\\/\\\/secure.gravatar.com\\\/avatar\\\/7ecf9674b7a678a660fcd27242eacb0ec8607a4b99a0a409d6d8141a320a8170?s=96&d=mm&r=g\",\"contentUrl\":\"https:\\\/\\\/secure.gravatar.com\\\/avatar\\\/7ecf9674b7a678a660fcd27242eacb0ec8607a4b99a0a409d6d8141a320a8170?s=96&d=mm&r=g\",\"caption\":\"Gaby DeMuirier\"},\"sameAs\":[\"https:\\\/\\\/www.meinesuedstadt.de\"]}]}<\/script>\n<!-- \/ Yoast SEO plugin. -->","yoast_head_json":{"title":"Silke Thyen-Maringer - Mediation & Coaching mit viel Herz - Meine S\u00fcdstadt","robots":{"index":"index","follow":"follow","max-snippet":"max-snippet:-1","max-image-preview":"max-image-preview:large","max-video-preview":"max-video-preview:-1"},"canonical":"https:\/\/www.meinesuedstadt.de\/branchenverzeichnis\/silke-thyen-maringer-mediation-supervision-coaching\/","og_locale":"de_DE","og_type":"article","og_title":"Silke Thyen-Maringer - Mediation & Coaching mit viel Herz - Meine S\u00fcdstadt","og_description":"Konflikte geh\u00f6ren zu unserem Leben wie unsere Familienmitglieder, unser Beruf oder die Freunde. Wer kennt es nicht? Mit aufgetretenen Ver\u00e4nderungen wie Trennung oder Verlust, kann auch nicht Jede*r gut umgehen. Oft entstehen Konflikte ja auch einfach durch eine klassische Misskommunikation oder -verst\u00e4ndnisse, die jedoch zun\u00e4chst entdeckt werden m\u00fcssen. Silke Thyen-Maringer ist staatlich anerkannte Diplom-Sozialarbeiterin sowie [&hellip;]","og_url":"https:\/\/www.meinesuedstadt.de\/branchenverzeichnis\/silke-thyen-maringer-mediation-supervision-coaching\/","og_site_name":"Meine S\u00fcdstadt","article_publisher":"https:\/\/www.facebook.com\/Meinesuedstadt\/","article_published_time":"2023-07-24T19:13:00+00:00","article_modified_time":"2024-04-29T08:33:54+00:00","og_image":[{"width":1200,"height":825,"url":"https:\/\/www.meinesuedstadt.de\/branchenverzeichnis\/wp-content\/uploads\/2023\/07\/Eigenes-Bild.jpeg","type":"image\/jpeg"}],"author":"Gaby DeMuirier","twitter_card":"summary_large_image","twitter_creator":"@meinesuedstadt","twitter_site":"@meinesuedstadt","twitter_misc":{"Verfasst von":"Gaby DeMuirier","Gesch\u00e4tzte Lesezeit":"4\u00a0Minuten"},"schema":{"@context":"https:\/\/schema.org","@graph":[{"@type":"Article","@id":"https:\/\/www.meinesuedstadt.de\/branchenverzeichnis\/silke-thyen-maringer-mediation-supervision-coaching\/#article","isPartOf":{"@id":"https:\/\/www.meinesuedstadt.de\/branchenverzeichnis\/silke-thyen-maringer-mediation-supervision-coaching\/"},"author":{"name":"Gaby DeMuirier","@id":"https:\/\/www.meinesuedstadt.de\/branchenverzeichnis\/#\/schema\/person\/377f8fd43825f067d14416c974a4d50e"},"headline":"Silke Thyen-Maringer &#8211; Mediation &#038; Coaching mit viel Herz","datePublished":"2023-07-24T19:13:00+00:00","dateModified":"2024-04-29T08:33:54+00:00","mainEntityOfPage":{"@id":"https:\/\/www.meinesuedstadt.de\/branchenverzeichnis\/silke-thyen-maringer-mediation-supervision-coaching\/"},"wordCount":664,"commentCount":0,"image":{"@id":"https:\/\/www.meinesuedstadt.de\/branchenverzeichnis\/silke-thyen-maringer-mediation-supervision-coaching\/#primaryimage"},"thumbnailUrl":"https:\/\/www.meinesuedstadt.de\/branchenverzeichnis\/wp-content\/uploads\/2023\/07\/Eigenes-Bild.jpeg","keywords":["Coaching","Mediation","Supervision"],"articleSection":["Achtsamkeit","Coaching","Mediation","Psychotherapeuten","Supervision"],"inLanguage":"de","potentialAction":[{"@type":"CommentAction","name":"Comment","target":["https:\/\/www.meinesuedstadt.de\/branchenverzeichnis\/silke-thyen-maringer-mediation-supervision-coaching\/#respond"]}]},{"@type":"WebPage","@id":"https:\/\/www.meinesuedstadt.de\/branchenverzeichnis\/silke-thyen-maringer-mediation-supervision-coaching\/","url":"https:\/\/www.meinesuedstadt.de\/branchenverzeichnis\/silke-thyen-maringer-mediation-supervision-coaching\/","name":"Silke Thyen-Maringer - Mediation & Coaching mit viel Herz - Meine S\u00fcdstadt","isPartOf":{"@id":"https:\/\/www.meinesuedstadt.de\/branchenverzeichnis\/#website"},"primaryImageOfPage":{"@id":"https:\/\/www.meinesuedstadt.de\/branchenverzeichnis\/silke-thyen-maringer-mediation-supervision-coaching\/#primaryimage"},"image":{"@id":"https:\/\/www.meinesuedstadt.de\/branchenverzeichnis\/silke-thyen-maringer-mediation-supervision-coaching\/#primaryimage"},"thumbnailUrl":"https:\/\/www.meinesuedstadt.de\/branchenverzeichnis\/wp-content\/uploads\/2023\/07\/Eigenes-Bild.jpeg","datePublished":"2023-07-24T19:13:00+00:00","dateModified":"2024-04-29T08:33:54+00:00","author":{"@id":"https:\/\/www.meinesuedstadt.de\/branchenverzeichnis\/#\/schema\/person\/377f8fd43825f067d14416c974a4d50e"},"breadcrumb":{"@id":"https:\/\/www.meinesuedstadt.de\/branchenverzeichnis\/silke-thyen-maringer-mediation-supervision-coaching\/#breadcrumb"},"inLanguage":"de","potentialAction":[{"@type":"ReadAction","target":["https:\/\/www.meinesuedstadt.de\/branchenverzeichnis\/silke-thyen-maringer-mediation-supervision-coaching\/"]}]},{"@type":"ImageObject","inLanguage":"de","@id":"https:\/\/www.meinesuedstadt.de\/branchenverzeichnis\/silke-thyen-maringer-mediation-supervision-coaching\/#primaryimage","url":"https:\/\/www.meinesuedstadt.de\/branchenverzeichnis\/wp-content\/uploads\/2023\/07\/Eigenes-Bild.jpeg","contentUrl":"https:\/\/www.meinesuedstadt.de\/branchenverzeichnis\/wp-content\/uploads\/2023\/07\/Eigenes-Bild.jpeg","width":1200,"height":825},{"@type":"BreadcrumbList","@id":"https:\/\/www.meinesuedstadt.de\/branchenverzeichnis\/silke-thyen-maringer-mediation-supervision-coaching\/#breadcrumb","itemListElement":[{"@type":"ListItem","position":1,"name":"Startseite","item":"https:\/\/www.meinesuedstadt.de\/branchenverzeichnis\/"},{"@type":"ListItem","position":2,"name":"Silke Thyen-Maringer &#8211; Mediation &#038; Coaching mit viel Herz"}]},{"@type":"WebSite","@id":"https:\/\/www.meinesuedstadt.de\/branchenverzeichnis\/#website","url":"https:\/\/www.meinesuedstadt.de\/branchenverzeichnis\/","name":"Meine S\u00fcdstadt","description":"Branchenverzeichnis aus der S\u00fcdstadt K\u00f6lns","potentialAction":[{"@type":"SearchAction","target":{"@type":"EntryPoint","urlTemplate":"https:\/\/www.meinesuedstadt.de\/branchenverzeichnis\/?s={search_term_string}"},"query-input":{"@type":"PropertyValueSpecification","valueRequired":true,"valueName":"search_term_string"}}],"inLanguage":"de"},{"@type":"Person","@id":"https:\/\/www.meinesuedstadt.de\/branchenverzeichnis\/#\/schema\/person\/377f8fd43825f067d14416c974a4d50e","name":"Gaby DeMuirier","image":{"@type":"ImageObject","inLanguage":"de","@id":"https:\/\/secure.gravatar.com\/avatar\/7ecf9674b7a678a660fcd27242eacb0ec8607a4b99a0a409d6d8141a320a8170?s=96&d=mm&r=g","url":"https:\/\/secure.gravatar.com\/avatar\/7ecf9674b7a678a660fcd27242eacb0ec8607a4b99a0a409d6d8141a320a8170?s=96&d=mm&r=g","contentUrl":"https:\/\/secure.gravatar.com\/avatar\/7ecf9674b7a678a660fcd27242eacb0ec8607a4b99a0a409d6d8141a320a8170?s=96&d=mm&r=g","caption":"Gaby DeMuirier"},"sameAs":["https:\/\/www.meinesuedstadt.de"]}]}},"priority":0,"metaAddress":"Bonner Stra\u00dfe 271 A, 50968 K\u00f6ln","_links":{"self":[{"href":"https:\/\/www.meinesuedstadt.de\/branchenverzeichnis\/wp-json\/wp\/v2\/posts\/5223","targetHints":{"allow":["GET"]}}],"collection":[{"href":"https:\/\/www.meinesuedstadt.de\/branchenverzeichnis\/wp-json\/wp\/v2\/posts"}],"about":[{"href":"https:\/\/www.meinesuedstadt.de\/branchenverzeichnis\/wp-json\/wp\/v2\/types\/post"}],"author":[{"embeddable":true,"href":"https:\/\/www.meinesuedstadt.de\/branchenverzeichnis\/wp-json\/wp\/v2\/users\/8"}],"replies":[{"embeddable":true,"href":"https:\/\/www.meinesuedstadt.de\/branchenverzeichnis\/wp-json\/wp\/v2\/comments?post=5223"}],"version-history":[{"count":11,"href":"https:\/\/www.meinesuedstadt.de\/branchenverzeichnis\/wp-json\/wp\/v2\/posts\/5223\/revisions"}],"predecessor-version":[{"id":5546,"href":"https:\/\/www.meinesuedstadt.de\/branchenverzeichnis\/wp-json\/wp\/v2\/posts\/5223\/revisions\/5546"}],"wp:featuredmedia":[{"embeddable":true,"href":"https:\/\/www.meinesuedstadt.de\/branchenverzeichnis\/wp-json\/wp\/v2\/media\/5282"}],"wp:attachment":[{"href":"https:\/\/www.meinesuedstadt.de\/branchenverzeichnis\/wp-json\/wp\/v2\/media?parent=5223"}],"wp:term":[{"taxonomy":"category","embeddable":true,"href":"https:\/\/www.meinesuedstadt.de\/branchenverzeichnis\/wp-json\/wp\/v2\/categories?post=5223"},{"taxonomy":"post_tag","embeddable":true,"href":"https:\/\/www.meinesuedstadt.de\/branchenverzeichnis\/wp-json\/wp\/v2\/tags?post=5223"}],"curies":[{"name":"wp","href":"https:\/\/api.w.org\/{rel}","templated":true}]}}