{"id":5458,"date":"2024-01-18T10:40:49","date_gmt":"2024-01-18T09:40:49","guid":{"rendered":"https:\/\/www.meinesuedstadt.de\/branchenverzeichnis\/?p=5458"},"modified":"2025-01-02T11:39:44","modified_gmt":"2025-01-02T10:39:44","slug":"privatpraxis-fuer-physiotherapie-frauke-stoeber","status":"publish","type":"post","link":"https:\/\/www.meinesuedstadt.de\/branchenverzeichnis\/privatpraxis-fuer-physiotherapie-frauke-stoeber\/","title":{"rendered":"Privatpraxis f\u00fcr Physiotherapie Frauke St\u00f6ber"},"content":{"rendered":"<p style=\"font-weight: 400;\">Mitten der S\u00fcdstadt hat sich Frauke St\u00f6ber mit ihrer wundersch\u00f6nen Physiopraxis niedergelassen. Hier behandelt die geb\u00fcrtige Berlinerin seit fast vier Jahren mehrmals die Woche ihre Patient:innen. In ihre Therapie l\u00e4sst die ausgebildete Physiotherapeutin auch ganzheitliche Behandlungsmethoden einflie\u00dfen. Um sich den Problemen und Beschwerden ihrer Patient:innen zu n\u00e4hern, nimmt sie sich viel Zeit.<\/p>\n<h2 style=\"font-weight: 400;\"><strong>Ich habe den Blick f\u00fcr die Leute<\/strong><\/h2>\n<p style=\"font-weight: 400;\">Bereits seit \u00fcber 25 Jahren ist Frauke in ihrem Traumjob t\u00e4tig. Auch wenn sie nach ihrer Ausbildung f\u00fcr eine kurze Zeit mit einem anschlie\u00dfenden Psychologiestudium gelieb\u00e4ugelt hatte. Doch die Liebe bestimmte einen anderen Weg und brachte sie im Jahr 1998 nach K\u00f6ln. Wo Frauke zun\u00e4chst viele Jahre lang Erfahrungen in einer Praxis bzw der neurologisch-neurochirurgischen Rehabilitationsklinik RehaNova der Klinik Merheim sammeln konnte. Nachdem sie dann in 2020 die 6-j\u00e4hrige Ausbildung zur Osteopathin abgeschlossen hatte, entschied sie sich dann, den Weg in die Selbstst\u00e4ndigkeit zu wagen. Und auch dem Wunsch, nicht mehr im 20-Minuten-Takt die Patient:innen abzuarbeiten, nachzugehen.<\/p>\n\n\t\t<style type=\"text\/css\">\n\t\t\t#gallery-1 {\n\t\t\t\tmargin: auto;\n\t\t\t}\n\t\t\t#gallery-1 .gallery-item {\n\t\t\t\tfloat: left;\n\t\t\t\tmargin-top: 10px;\n\t\t\t\ttext-align: center;\n\t\t\t\twidth: 25%;\n\t\t\t}\n\t\t\t#gallery-1 img {\n\t\t\t\tborder: 2px solid #cfcfcf;\n\t\t\t}\n\t\t\t#gallery-1 .gallery-caption {\n\t\t\t\tmargin-left: 0;\n\t\t\t}\n\t\t\t\/* see gallery_shortcode() in wp-includes\/media.php *\/\n\t\t<\/style>\n\t\t<div id='gallery-1' class='gallery galleryid-5458 gallery-columns-4 gallery-size-thumbnail'><dl class='gallery-item'>\n\t\t\t<dt class='gallery-icon landscape'>\n\t\t\t\t<a href='https:\/\/www.meinesuedstadt.de\/branchenverzeichnis\/wp-content\/uploads\/2024\/01\/FSI.jpg' title=\"\" data-rl_title=\"\" class=\"rl-gallery-link\" data-rl_caption=\"\" data-rel=\"lightbox-gallery-1\"><img loading=\"lazy\" decoding=\"async\" width=\"150\" height=\"150\" src=\"https:\/\/www.meinesuedstadt.de\/branchenverzeichnis\/wp-content\/uploads\/2024\/01\/FSI-150x150.jpg\" class=\"attachment-thumbnail size-thumbnail\" alt=\"\" \/><\/a>\n\t\t\t<\/dt><\/dl><dl class='gallery-item'>\n\t\t\t<dt class='gallery-icon landscape'>\n\t\t\t\t<a href='https:\/\/www.meinesuedstadt.de\/branchenverzeichnis\/wp-content\/uploads\/2024\/01\/IMG_5551-1.jpg' title=\"\" data-rl_title=\"\" class=\"rl-gallery-link\" data-rl_caption=\"\" data-rel=\"lightbox-gallery-1\"><img loading=\"lazy\" decoding=\"async\" width=\"150\" height=\"150\" src=\"https:\/\/www.meinesuedstadt.de\/branchenverzeichnis\/wp-content\/uploads\/2024\/01\/IMG_5551-1-150x150.jpg\" class=\"attachment-thumbnail size-thumbnail\" alt=\"\" \/><\/a>\n\t\t\t<\/dt><\/dl><dl class='gallery-item'>\n\t\t\t<dt class='gallery-icon landscape'>\n\t\t\t\t<a href='https:\/\/www.meinesuedstadt.de\/branchenverzeichnis\/wp-content\/uploads\/2024\/01\/FSII.jpg' title=\"\" data-rl_title=\"\" class=\"rl-gallery-link\" data-rl_caption=\"\" data-rel=\"lightbox-gallery-1\"><img loading=\"lazy\" decoding=\"async\" width=\"150\" height=\"150\" src=\"https:\/\/www.meinesuedstadt.de\/branchenverzeichnis\/wp-content\/uploads\/2024\/01\/FSII-150x150.jpg\" class=\"attachment-thumbnail size-thumbnail\" alt=\"\" \/><\/a>\n\t\t\t<\/dt><\/dl><dl class='gallery-item'>\n\t\t\t<dt class='gallery-icon landscape'>\n\t\t\t\t<a href='https:\/\/www.meinesuedstadt.de\/branchenverzeichnis\/wp-content\/uploads\/2024\/01\/FSIII.jpeg' title=\"\" data-rl_title=\"\" class=\"rl-gallery-link\" data-rl_caption=\"\" data-rel=\"lightbox-gallery-1\"><img loading=\"lazy\" decoding=\"async\" width=\"150\" height=\"150\" src=\"https:\/\/www.meinesuedstadt.de\/branchenverzeichnis\/wp-content\/uploads\/2024\/01\/FSIII-150x150.jpeg\" class=\"attachment-thumbnail size-thumbnail\" alt=\"\" \/><\/a>\n\t\t\t<\/dt><\/dl><br style=\"clear: both\" \/>\n\t\t<\/div>\n\n<h3 style=\"font-weight: 400;\"><strong>Mit den H\u00e4nden suchen<\/strong><\/h3>\n<p style=\"font-weight: 400;\">In ihrer Privatpraxis f\u00fcr Physiotherapie werden alle Patient:innen nach einem ganzheitlichen, individuell angepassten Therapiekonzept behandelt, nachhaltig und in ruhiger Atmosph\u00e4re. Ber\u00fchrungs\u00e4ngste kennt die langj\u00e4hrige Wahlk\u00f6lnerin absolut nicht. Auf der Suche nach dem Ursprung der Beschwerden wird der ganze K\u00f6rper aufmerksam mit den H\u00e4nden abgesucht. Nach ihren beiden Ausbildungen und der langj\u00e4hrigen Erfahrung sowie der Ausbildung zur Heilpraktikerin, in der sich Frauke gerade auch noch befindet, hat sie sich ein umfassendes Wissen \u00fcber die Anatomie des K\u00f6rpers angeeignet, das die Grundlage der Ursachenfindung bildet. Nach einer umfassenden und detaillierten Anamnese bestimmen Therapeutin und Patient:in gemeinsam die weiteren Schritte. Gemeinsam mit ihren Patient:innen w\u00e4hlt und bestimmt sie die Mittel, den Umfang und die Frequenz der Therapie. Bei Frauke flie\u00dfen verschiedene Behandlungsform ineinander.<\/p>\n<h3 style=\"font-weight: 400;\"><strong>Umfassendes Therapieangebot<\/strong><\/h3>\n<p style=\"font-weight: 400;\">Neben der klassischen Krankengymnastik und der Manuellen Therapie bietet Frauke auch die Bobath-Therapie an, eine spezielle Behandlung neurologischer Krankheitsbilder wie sie nach einem Schlaganfall, einem Sch\u00e4delhirntrauma oder einer Hirnblutung auftreten k\u00f6nnen. Diese eignet sich auch bei MS, Morbus Parkinson und anderen neurologischen und neuromuskul\u00e4ren Erkrankungen. Hier wird jeder Mensch mit einer Sch\u00e4digung des Nervensystems individuell und ganzheitlich betrachtet wird. Die Klassische Massage rundet das umfassende Angebot ab. Eine Massage dient der Durchblutungsf\u00f6rderung der Muskulatur und kann so Verspannungen und daraus resultierende Schmerzen reduzieren.<\/p>\n\n\t\t<style type=\"text\/css\">\n\t\t\t#gallery-2 {\n\t\t\t\tmargin: auto;\n\t\t\t}\n\t\t\t#gallery-2 .gallery-item {\n\t\t\t\tfloat: left;\n\t\t\t\tmargin-top: 10px;\n\t\t\t\ttext-align: center;\n\t\t\t\twidth: 25%;\n\t\t\t}\n\t\t\t#gallery-2 img {\n\t\t\t\tborder: 2px solid #cfcfcf;\n\t\t\t}\n\t\t\t#gallery-2 .gallery-caption {\n\t\t\t\tmargin-left: 0;\n\t\t\t}\n\t\t\t\/* see gallery_shortcode() in wp-includes\/media.php *\/\n\t\t<\/style>\n\t\t<div id='gallery-2' class='gallery galleryid-5458 gallery-columns-4 gallery-size-thumbnail'><dl class='gallery-item'>\n\t\t\t<dt class='gallery-icon landscape'>\n\t\t\t\t<a href='https:\/\/www.meinesuedstadt.de\/branchenverzeichnis\/wp-content\/uploads\/2024\/01\/FS_Titel3.jpeg' title=\"\" data-rl_title=\"\" class=\"rl-gallery-link\" data-rl_caption=\"\" data-rel=\"lightbox-gallery-2\"><img loading=\"lazy\" decoding=\"async\" width=\"150\" height=\"150\" src=\"https:\/\/www.meinesuedstadt.de\/branchenverzeichnis\/wp-content\/uploads\/2024\/01\/FS_Titel3-150x150.jpeg\" class=\"attachment-thumbnail size-thumbnail\" alt=\"\" \/><\/a>\n\t\t\t<\/dt><\/dl><dl class='gallery-item'>\n\t\t\t<dt class='gallery-icon landscape'>\n\t\t\t\t<a href='https:\/\/www.meinesuedstadt.de\/branchenverzeichnis\/wp-content\/uploads\/2024\/01\/FSVIII.jpeg' title=\"\" data-rl_title=\"\" class=\"rl-gallery-link\" data-rl_caption=\"\" data-rel=\"lightbox-gallery-2\"><img loading=\"lazy\" decoding=\"async\" width=\"150\" height=\"150\" src=\"https:\/\/www.meinesuedstadt.de\/branchenverzeichnis\/wp-content\/uploads\/2024\/01\/FSVIII-150x150.jpeg\" class=\"attachment-thumbnail size-thumbnail\" alt=\"\" \/><\/a>\n\t\t\t<\/dt><\/dl><dl class='gallery-item'>\n\t\t\t<dt class='gallery-icon landscape'>\n\t\t\t\t<a href='https:\/\/www.meinesuedstadt.de\/branchenverzeichnis\/wp-content\/uploads\/2024\/01\/FSVI.jpeg' title=\"\" data-rl_title=\"\" class=\"rl-gallery-link\" data-rl_caption=\"\" data-rel=\"lightbox-gallery-2\"><img loading=\"lazy\" decoding=\"async\" width=\"150\" height=\"150\" src=\"https:\/\/www.meinesuedstadt.de\/branchenverzeichnis\/wp-content\/uploads\/2024\/01\/FSVI-150x150.jpeg\" class=\"attachment-thumbnail size-thumbnail\" alt=\"\" \/><\/a>\n\t\t\t<\/dt><\/dl><dl class='gallery-item'>\n\t\t\t<dt class='gallery-icon landscape'>\n\t\t\t\t<a href='https:\/\/www.meinesuedstadt.de\/branchenverzeichnis\/wp-content\/uploads\/2024\/01\/FSVII.jpeg' title=\"\" data-rl_title=\"\" class=\"rl-gallery-link\" data-rl_caption=\"\" data-rel=\"lightbox-gallery-2\"><img loading=\"lazy\" decoding=\"async\" width=\"150\" height=\"150\" src=\"https:\/\/www.meinesuedstadt.de\/branchenverzeichnis\/wp-content\/uploads\/2024\/01\/FSVII-150x150.jpeg\" class=\"attachment-thumbnail size-thumbnail\" alt=\"\" \/><\/a>\n\t\t\t<\/dt><\/dl><br style=\"clear: both\" \/>\n\t\t<\/div>\n\n<p style=\"font-weight: 400;\">\u00dcbrigens \u00fcbernehmen die gesetzlichen Krankenkassen Teile einer osteopathischen Therapie. Es lohnt sich also, einmal bei Eurem Versicherer nachzufragen. Am besten kontaktiert Ihr Frauke direkt telefonisch oder per Email, um einen ersten Termin zu vereinbaren. N\u00e4heres zu Diagnose und verordneter Therapie k\u00f6nnt gerne vorher telefonisch besprechen. Auch Hausbesuche (im Umkreis von 2 km)\u00a0sind m\u00f6glich, wenn ein Besuch der Praxis f\u00fcr Euch nicht m\u00f6glich ist.<\/p>\n","protected":false},"excerpt":{"rendered":"<p>Mitten der S\u00fcdstadt hat sich Frauke St\u00f6ber mit ihrer wundersch\u00f6nen Physiopraxis niedergelassen. Hier behandelt die geb\u00fcrtige Berlinerin seit fast vier Jahren mehrmals die Woche ihre Patient:innen. In ihre Therapie l\u00e4sst die ausgebildete Physiotherapeutin auch ganzheitliche Behandlungsmethoden einflie\u00dfen. Um sich den Problemen und Beschwerden ihrer Patient:innen zu n\u00e4hern, nimmt sie sich viel Zeit. Ich habe den [&hellip;]<\/p>\n","protected":false},"author":8,"featured_media":5462,"comment_status":"open","ping_status":"open","sticky":false,"template":"","format":"standard","meta":{"_acf_changed":false,"footnotes":""},"categories":[158,159,452,245],"tags":[],"class_list":["post-5458","post","type-post","status-publish","format-standard","has-post-thumbnail","hentry","category-gesundheit","category-heilpraktiker","category-osteopathie","category-physiotherapie"],"acf":[],"yoast_head":"<!-- This site is optimized with the Yoast SEO plugin v27.4 - https:\/\/yoast.com\/product\/yoast-seo-wordpress\/ -->\n<title>Privatpraxis f\u00fcr Physiotherapie Frauke St\u00f6ber - Meine S\u00fcdstadt<\/title>\n<meta name=\"robots\" content=\"index, follow, max-snippet:-1, max-image-preview:large, max-video-preview:-1\" \/>\n<link rel=\"canonical\" href=\"https:\/\/www.meinesuedstadt.de\/branchenverzeichnis\/privatpraxis-fuer-physiotherapie-frauke-stoeber\/\" \/>\n<meta property=\"og:locale\" content=\"de_DE\" \/>\n<meta property=\"og:type\" content=\"article\" \/>\n<meta property=\"og:title\" content=\"Privatpraxis f\u00fcr Physiotherapie Frauke St\u00f6ber - Meine S\u00fcdstadt\" \/>\n<meta property=\"og:description\" content=\"Mitten der S\u00fcdstadt hat sich Frauke St\u00f6ber mit ihrer wundersch\u00f6nen Physiopraxis niedergelassen. Hier behandelt die geb\u00fcrtige Berlinerin seit fast vier Jahren mehrmals die Woche ihre Patient:innen. In ihre Therapie l\u00e4sst die ausgebildete Physiotherapeutin auch ganzheitliche Behandlungsmethoden einflie\u00dfen. Um sich den Problemen und Beschwerden ihrer Patient:innen zu n\u00e4hern, nimmt sie sich viel Zeit. Ich habe den [&hellip;]\" \/>\n<meta property=\"og:url\" content=\"https:\/\/www.meinesuedstadt.de\/branchenverzeichnis\/privatpraxis-fuer-physiotherapie-frauke-stoeber\/\" \/>\n<meta property=\"og:site_name\" content=\"Meine S\u00fcdstadt\" \/>\n<meta property=\"article:publisher\" content=\"https:\/\/www.facebook.com\/Meinesuedstadt\/\" \/>\n<meta property=\"article:published_time\" content=\"2024-01-18T09:40:49+00:00\" \/>\n<meta property=\"article:modified_time\" content=\"2025-01-02T10:39:44+00:00\" \/>\n<meta property=\"og:image\" content=\"https:\/\/www.meinesuedstadt.de\/branchenverzeichnis\/wp-content\/uploads\/2024\/01\/IMG_5551.jpg\" \/>\n\t<meta property=\"og:image:width\" content=\"800\" \/>\n\t<meta property=\"og:image:height\" content=\"533\" \/>\n\t<meta property=\"og:image:type\" content=\"image\/jpeg\" \/>\n<meta name=\"author\" content=\"Gaby DeMuirier\" \/>\n<meta name=\"twitter:card\" content=\"summary_large_image\" \/>\n<meta name=\"twitter:creator\" content=\"@meinesuedstadt\" \/>\n<meta name=\"twitter:site\" content=\"@meinesuedstadt\" \/>\n<meta name=\"twitter:label1\" content=\"Verfasst von\" \/>\n\t<meta name=\"twitter:data1\" content=\"Gaby DeMuirier\" \/>\n\t<meta name=\"twitter:label2\" content=\"Gesch\u00e4tzte Lesezeit\" \/>\n\t<meta name=\"twitter:data2\" content=\"3\u00a0Minuten\" \/>\n<script type=\"application\/ld+json\" class=\"yoast-schema-graph\">{\"@context\":\"https:\\\/\\\/schema.org\",\"@graph\":[{\"@type\":\"Article\",\"@id\":\"https:\\\/\\\/www.meinesuedstadt.de\\\/branchenverzeichnis\\\/privatpraxis-fuer-physiotherapie-frauke-stoeber\\\/#article\",\"isPartOf\":{\"@id\":\"https:\\\/\\\/www.meinesuedstadt.de\\\/branchenverzeichnis\\\/privatpraxis-fuer-physiotherapie-frauke-stoeber\\\/\"},\"author\":{\"name\":\"Gaby DeMuirier\",\"@id\":\"https:\\\/\\\/www.meinesuedstadt.de\\\/branchenverzeichnis\\\/#\\\/schema\\\/person\\\/377f8fd43825f067d14416c974a4d50e\"},\"headline\":\"Privatpraxis f\u00fcr Physiotherapie Frauke St\u00f6ber\",\"datePublished\":\"2024-01-18T09:40:49+00:00\",\"dateModified\":\"2025-01-02T10:39:44+00:00\",\"mainEntityOfPage\":{\"@id\":\"https:\\\/\\\/www.meinesuedstadt.de\\\/branchenverzeichnis\\\/privatpraxis-fuer-physiotherapie-frauke-stoeber\\\/\"},\"wordCount\":487,\"commentCount\":0,\"image\":{\"@id\":\"https:\\\/\\\/www.meinesuedstadt.de\\\/branchenverzeichnis\\\/privatpraxis-fuer-physiotherapie-frauke-stoeber\\\/#primaryimage\"},\"thumbnailUrl\":\"https:\\\/\\\/www.meinesuedstadt.de\\\/branchenverzeichnis\\\/wp-content\\\/uploads\\\/2024\\\/01\\\/IMG_5551.jpg\",\"articleSection\":[\"Gesundheit\",\"Heilpraktiker\",\"Osteopathie\",\"Physiotherapie\"],\"inLanguage\":\"de\",\"potentialAction\":[{\"@type\":\"CommentAction\",\"name\":\"Comment\",\"target\":[\"https:\\\/\\\/www.meinesuedstadt.de\\\/branchenverzeichnis\\\/privatpraxis-fuer-physiotherapie-frauke-stoeber\\\/#respond\"]}]},{\"@type\":\"WebPage\",\"@id\":\"https:\\\/\\\/www.meinesuedstadt.de\\\/branchenverzeichnis\\\/privatpraxis-fuer-physiotherapie-frauke-stoeber\\\/\",\"url\":\"https:\\\/\\\/www.meinesuedstadt.de\\\/branchenverzeichnis\\\/privatpraxis-fuer-physiotherapie-frauke-stoeber\\\/\",\"name\":\"Privatpraxis f\u00fcr Physiotherapie Frauke St\u00f6ber - Meine S\u00fcdstadt\",\"isPartOf\":{\"@id\":\"https:\\\/\\\/www.meinesuedstadt.de\\\/branchenverzeichnis\\\/#website\"},\"primaryImageOfPage\":{\"@id\":\"https:\\\/\\\/www.meinesuedstadt.de\\\/branchenverzeichnis\\\/privatpraxis-fuer-physiotherapie-frauke-stoeber\\\/#primaryimage\"},\"image\":{\"@id\":\"https:\\\/\\\/www.meinesuedstadt.de\\\/branchenverzeichnis\\\/privatpraxis-fuer-physiotherapie-frauke-stoeber\\\/#primaryimage\"},\"thumbnailUrl\":\"https:\\\/\\\/www.meinesuedstadt.de\\\/branchenverzeichnis\\\/wp-content\\\/uploads\\\/2024\\\/01\\\/IMG_5551.jpg\",\"datePublished\":\"2024-01-18T09:40:49+00:00\",\"dateModified\":\"2025-01-02T10:39:44+00:00\",\"author\":{\"@id\":\"https:\\\/\\\/www.meinesuedstadt.de\\\/branchenverzeichnis\\\/#\\\/schema\\\/person\\\/377f8fd43825f067d14416c974a4d50e\"},\"breadcrumb\":{\"@id\":\"https:\\\/\\\/www.meinesuedstadt.de\\\/branchenverzeichnis\\\/privatpraxis-fuer-physiotherapie-frauke-stoeber\\\/#breadcrumb\"},\"inLanguage\":\"de\",\"potentialAction\":[{\"@type\":\"ReadAction\",\"target\":[\"https:\\\/\\\/www.meinesuedstadt.de\\\/branchenverzeichnis\\\/privatpraxis-fuer-physiotherapie-frauke-stoeber\\\/\"]}]},{\"@type\":\"ImageObject\",\"inLanguage\":\"de\",\"@id\":\"https:\\\/\\\/www.meinesuedstadt.de\\\/branchenverzeichnis\\\/privatpraxis-fuer-physiotherapie-frauke-stoeber\\\/#primaryimage\",\"url\":\"https:\\\/\\\/www.meinesuedstadt.de\\\/branchenverzeichnis\\\/wp-content\\\/uploads\\\/2024\\\/01\\\/IMG_5551.jpg\",\"contentUrl\":\"https:\\\/\\\/www.meinesuedstadt.de\\\/branchenverzeichnis\\\/wp-content\\\/uploads\\\/2024\\\/01\\\/IMG_5551.jpg\",\"width\":800,\"height\":533},{\"@type\":\"BreadcrumbList\",\"@id\":\"https:\\\/\\\/www.meinesuedstadt.de\\\/branchenverzeichnis\\\/privatpraxis-fuer-physiotherapie-frauke-stoeber\\\/#breadcrumb\",\"itemListElement\":[{\"@type\":\"ListItem\",\"position\":1,\"name\":\"Startseite\",\"item\":\"https:\\\/\\\/www.meinesuedstadt.de\\\/branchenverzeichnis\\\/\"},{\"@type\":\"ListItem\",\"position\":2,\"name\":\"Privatpraxis f\u00fcr Physiotherapie Frauke St\u00f6ber\"}]},{\"@type\":\"WebSite\",\"@id\":\"https:\\\/\\\/www.meinesuedstadt.de\\\/branchenverzeichnis\\\/#website\",\"url\":\"https:\\\/\\\/www.meinesuedstadt.de\\\/branchenverzeichnis\\\/\",\"name\":\"Meine S\u00fcdstadt\",\"description\":\"Branchenverzeichnis aus der S\u00fcdstadt K\u00f6lns\",\"potentialAction\":[{\"@type\":\"SearchAction\",\"target\":{\"@type\":\"EntryPoint\",\"urlTemplate\":\"https:\\\/\\\/www.meinesuedstadt.de\\\/branchenverzeichnis\\\/?s={search_term_string}\"},\"query-input\":{\"@type\":\"PropertyValueSpecification\",\"valueRequired\":true,\"valueName\":\"search_term_string\"}}],\"inLanguage\":\"de\"},{\"@type\":\"Person\",\"@id\":\"https:\\\/\\\/www.meinesuedstadt.de\\\/branchenverzeichnis\\\/#\\\/schema\\\/person\\\/377f8fd43825f067d14416c974a4d50e\",\"name\":\"Gaby DeMuirier\",\"image\":{\"@type\":\"ImageObject\",\"inLanguage\":\"de\",\"@id\":\"https:\\\/\\\/secure.gravatar.com\\\/avatar\\\/7ecf9674b7a678a660fcd27242eacb0ec8607a4b99a0a409d6d8141a320a8170?s=96&d=mm&r=g\",\"url\":\"https:\\\/\\\/secure.gravatar.com\\\/avatar\\\/7ecf9674b7a678a660fcd27242eacb0ec8607a4b99a0a409d6d8141a320a8170?s=96&d=mm&r=g\",\"contentUrl\":\"https:\\\/\\\/secure.gravatar.com\\\/avatar\\\/7ecf9674b7a678a660fcd27242eacb0ec8607a4b99a0a409d6d8141a320a8170?s=96&d=mm&r=g\",\"caption\":\"Gaby DeMuirier\"},\"sameAs\":[\"https:\\\/\\\/www.meinesuedstadt.de\"]}]}<\/script>\n<!-- \/ Yoast SEO plugin. -->","yoast_head_json":{"title":"Privatpraxis f\u00fcr Physiotherapie Frauke St\u00f6ber - Meine S\u00fcdstadt","robots":{"index":"index","follow":"follow","max-snippet":"max-snippet:-1","max-image-preview":"max-image-preview:large","max-video-preview":"max-video-preview:-1"},"canonical":"https:\/\/www.meinesuedstadt.de\/branchenverzeichnis\/privatpraxis-fuer-physiotherapie-frauke-stoeber\/","og_locale":"de_DE","og_type":"article","og_title":"Privatpraxis f\u00fcr Physiotherapie Frauke St\u00f6ber - Meine S\u00fcdstadt","og_description":"Mitten der S\u00fcdstadt hat sich Frauke St\u00f6ber mit ihrer wundersch\u00f6nen Physiopraxis niedergelassen. Hier behandelt die geb\u00fcrtige Berlinerin seit fast vier Jahren mehrmals die Woche ihre Patient:innen. In ihre Therapie l\u00e4sst die ausgebildete Physiotherapeutin auch ganzheitliche Behandlungsmethoden einflie\u00dfen. Um sich den Problemen und Beschwerden ihrer Patient:innen zu n\u00e4hern, nimmt sie sich viel Zeit. Ich habe den [&hellip;]","og_url":"https:\/\/www.meinesuedstadt.de\/branchenverzeichnis\/privatpraxis-fuer-physiotherapie-frauke-stoeber\/","og_site_name":"Meine S\u00fcdstadt","article_publisher":"https:\/\/www.facebook.com\/Meinesuedstadt\/","article_published_time":"2024-01-18T09:40:49+00:00","article_modified_time":"2025-01-02T10:39:44+00:00","og_image":[{"width":800,"height":533,"url":"https:\/\/www.meinesuedstadt.de\/branchenverzeichnis\/wp-content\/uploads\/2024\/01\/IMG_5551.jpg","type":"image\/jpeg"}],"author":"Gaby DeMuirier","twitter_card":"summary_large_image","twitter_creator":"@meinesuedstadt","twitter_site":"@meinesuedstadt","twitter_misc":{"Verfasst von":"Gaby DeMuirier","Gesch\u00e4tzte Lesezeit":"3\u00a0Minuten"},"schema":{"@context":"https:\/\/schema.org","@graph":[{"@type":"Article","@id":"https:\/\/www.meinesuedstadt.de\/branchenverzeichnis\/privatpraxis-fuer-physiotherapie-frauke-stoeber\/#article","isPartOf":{"@id":"https:\/\/www.meinesuedstadt.de\/branchenverzeichnis\/privatpraxis-fuer-physiotherapie-frauke-stoeber\/"},"author":{"name":"Gaby DeMuirier","@id":"https:\/\/www.meinesuedstadt.de\/branchenverzeichnis\/#\/schema\/person\/377f8fd43825f067d14416c974a4d50e"},"headline":"Privatpraxis f\u00fcr Physiotherapie Frauke St\u00f6ber","datePublished":"2024-01-18T09:40:49+00:00","dateModified":"2025-01-02T10:39:44+00:00","mainEntityOfPage":{"@id":"https:\/\/www.meinesuedstadt.de\/branchenverzeichnis\/privatpraxis-fuer-physiotherapie-frauke-stoeber\/"},"wordCount":487,"commentCount":0,"image":{"@id":"https:\/\/www.meinesuedstadt.de\/branchenverzeichnis\/privatpraxis-fuer-physiotherapie-frauke-stoeber\/#primaryimage"},"thumbnailUrl":"https:\/\/www.meinesuedstadt.de\/branchenverzeichnis\/wp-content\/uploads\/2024\/01\/IMG_5551.jpg","articleSection":["Gesundheit","Heilpraktiker","Osteopathie","Physiotherapie"],"inLanguage":"de","potentialAction":[{"@type":"CommentAction","name":"Comment","target":["https:\/\/www.meinesuedstadt.de\/branchenverzeichnis\/privatpraxis-fuer-physiotherapie-frauke-stoeber\/#respond"]}]},{"@type":"WebPage","@id":"https:\/\/www.meinesuedstadt.de\/branchenverzeichnis\/privatpraxis-fuer-physiotherapie-frauke-stoeber\/","url":"https:\/\/www.meinesuedstadt.de\/branchenverzeichnis\/privatpraxis-fuer-physiotherapie-frauke-stoeber\/","name":"Privatpraxis f\u00fcr Physiotherapie Frauke St\u00f6ber - Meine S\u00fcdstadt","isPartOf":{"@id":"https:\/\/www.meinesuedstadt.de\/branchenverzeichnis\/#website"},"primaryImageOfPage":{"@id":"https:\/\/www.meinesuedstadt.de\/branchenverzeichnis\/privatpraxis-fuer-physiotherapie-frauke-stoeber\/#primaryimage"},"image":{"@id":"https:\/\/www.meinesuedstadt.de\/branchenverzeichnis\/privatpraxis-fuer-physiotherapie-frauke-stoeber\/#primaryimage"},"thumbnailUrl":"https:\/\/www.meinesuedstadt.de\/branchenverzeichnis\/wp-content\/uploads\/2024\/01\/IMG_5551.jpg","datePublished":"2024-01-18T09:40:49+00:00","dateModified":"2025-01-02T10:39:44+00:00","author":{"@id":"https:\/\/www.meinesuedstadt.de\/branchenverzeichnis\/#\/schema\/person\/377f8fd43825f067d14416c974a4d50e"},"breadcrumb":{"@id":"https:\/\/www.meinesuedstadt.de\/branchenverzeichnis\/privatpraxis-fuer-physiotherapie-frauke-stoeber\/#breadcrumb"},"inLanguage":"de","potentialAction":[{"@type":"ReadAction","target":["https:\/\/www.meinesuedstadt.de\/branchenverzeichnis\/privatpraxis-fuer-physiotherapie-frauke-stoeber\/"]}]},{"@type":"ImageObject","inLanguage":"de","@id":"https:\/\/www.meinesuedstadt.de\/branchenverzeichnis\/privatpraxis-fuer-physiotherapie-frauke-stoeber\/#primaryimage","url":"https:\/\/www.meinesuedstadt.de\/branchenverzeichnis\/wp-content\/uploads\/2024\/01\/IMG_5551.jpg","contentUrl":"https:\/\/www.meinesuedstadt.de\/branchenverzeichnis\/wp-content\/uploads\/2024\/01\/IMG_5551.jpg","width":800,"height":533},{"@type":"BreadcrumbList","@id":"https:\/\/www.meinesuedstadt.de\/branchenverzeichnis\/privatpraxis-fuer-physiotherapie-frauke-stoeber\/#breadcrumb","itemListElement":[{"@type":"ListItem","position":1,"name":"Startseite","item":"https:\/\/www.meinesuedstadt.de\/branchenverzeichnis\/"},{"@type":"ListItem","position":2,"name":"Privatpraxis f\u00fcr Physiotherapie Frauke St\u00f6ber"}]},{"@type":"WebSite","@id":"https:\/\/www.meinesuedstadt.de\/branchenverzeichnis\/#website","url":"https:\/\/www.meinesuedstadt.de\/branchenverzeichnis\/","name":"Meine S\u00fcdstadt","description":"Branchenverzeichnis aus der S\u00fcdstadt K\u00f6lns","potentialAction":[{"@type":"SearchAction","target":{"@type":"EntryPoint","urlTemplate":"https:\/\/www.meinesuedstadt.de\/branchenverzeichnis\/?s={search_term_string}"},"query-input":{"@type":"PropertyValueSpecification","valueRequired":true,"valueName":"search_term_string"}}],"inLanguage":"de"},{"@type":"Person","@id":"https:\/\/www.meinesuedstadt.de\/branchenverzeichnis\/#\/schema\/person\/377f8fd43825f067d14416c974a4d50e","name":"Gaby DeMuirier","image":{"@type":"ImageObject","inLanguage":"de","@id":"https:\/\/secure.gravatar.com\/avatar\/7ecf9674b7a678a660fcd27242eacb0ec8607a4b99a0a409d6d8141a320a8170?s=96&d=mm&r=g","url":"https:\/\/secure.gravatar.com\/avatar\/7ecf9674b7a678a660fcd27242eacb0ec8607a4b99a0a409d6d8141a320a8170?s=96&d=mm&r=g","contentUrl":"https:\/\/secure.gravatar.com\/avatar\/7ecf9674b7a678a660fcd27242eacb0ec8607a4b99a0a409d6d8141a320a8170?s=96&d=mm&r=g","caption":"Gaby DeMuirier"},"sameAs":["https:\/\/www.meinesuedstadt.de"]}]}},"priority":"1","metaAddress":"Alteburger Stra\u00dfe 89, 50678 K\u00f6ln","_links":{"self":[{"href":"https:\/\/www.meinesuedstadt.de\/branchenverzeichnis\/wp-json\/wp\/v2\/posts\/5458","targetHints":{"allow":["GET"]}}],"collection":[{"href":"https:\/\/www.meinesuedstadt.de\/branchenverzeichnis\/wp-json\/wp\/v2\/posts"}],"about":[{"href":"https:\/\/www.meinesuedstadt.de\/branchenverzeichnis\/wp-json\/wp\/v2\/types\/post"}],"author":[{"embeddable":true,"href":"https:\/\/www.meinesuedstadt.de\/branchenverzeichnis\/wp-json\/wp\/v2\/users\/8"}],"replies":[{"embeddable":true,"href":"https:\/\/www.meinesuedstadt.de\/branchenverzeichnis\/wp-json\/wp\/v2\/comments?post=5458"}],"version-history":[{"count":10,"href":"https:\/\/www.meinesuedstadt.de\/branchenverzeichnis\/wp-json\/wp\/v2\/posts\/5458\/revisions"}],"predecessor-version":[{"id":5519,"href":"https:\/\/www.meinesuedstadt.de\/branchenverzeichnis\/wp-json\/wp\/v2\/posts\/5458\/revisions\/5519"}],"wp:featuredmedia":[{"embeddable":true,"href":"https:\/\/www.meinesuedstadt.de\/branchenverzeichnis\/wp-json\/wp\/v2\/media\/5462"}],"wp:attachment":[{"href":"https:\/\/www.meinesuedstadt.de\/branchenverzeichnis\/wp-json\/wp\/v2\/media?parent=5458"}],"wp:term":[{"taxonomy":"category","embeddable":true,"href":"https:\/\/www.meinesuedstadt.de\/branchenverzeichnis\/wp-json\/wp\/v2\/categories?post=5458"},{"taxonomy":"post_tag","embeddable":true,"href":"https:\/\/www.meinesuedstadt.de\/branchenverzeichnis\/wp-json\/wp\/v2\/tags?post=5458"}],"curies":[{"name":"wp","href":"https:\/\/api.w.org\/{rel}","templated":true}]}}