{"id":5466,"date":"2024-01-24T08:40:19","date_gmt":"2024-01-24T07:40:19","guid":{"rendered":"https:\/\/www.meinesuedstadt.de\/branchenverzeichnis\/?p=5466"},"modified":"2025-03-30T15:11:11","modified_gmt":"2025-03-30T13:11:11","slug":"hair-room-erkan-ist-wieder-zurueck","status":"publish","type":"post","link":"https:\/\/www.meinesuedstadt.de\/branchenverzeichnis\/hair-room-erkan-ist-wieder-zurueck\/","title":{"rendered":"Hair Room &#8211; Erkan ist wieder zur\u00fcck!"},"content":{"rendered":"<p style=\"font-weight: 400;\">Same place, same service: nach rund f\u00fcnfj\u00e4hriger Auszeit ist Erkan Cihan wieder zur\u00fcck in der S\u00fcdstadt und freut sich auf neue &amp; bekannte Gesichter! Kommt gern f\u00fcr ein neues Styling in seinem Hair Room im Kart\u00e4userwall vorbei! Viele seiner ehemaligen Kund:innen werden sich sicherlich sehr freuen, dass der sympathische S\u00fcdstadtfriseur wieder zur\u00fcckgekehrt ist an seine alte Wirkungsst\u00e4tte. Bereits vor mehr als 20 Jahren hatte Erkan angefangen, in dem Friseurl\u00e4dchen als Angestellter zu arbeiten. Im Jahr 2011 \u00fcbernahm er dann den Salon und machte viele Jahre lang zahlreiche Menschen in Haarbelangen gl\u00fccklich.<\/p>\n\n\t\t<style type=\"text\/css\">\n\t\t\t#gallery-1 {\n\t\t\t\tmargin: auto;\n\t\t\t}\n\t\t\t#gallery-1 .gallery-item {\n\t\t\t\tfloat: left;\n\t\t\t\tmargin-top: 10px;\n\t\t\t\ttext-align: center;\n\t\t\t\twidth: 25%;\n\t\t\t}\n\t\t\t#gallery-1 img {\n\t\t\t\tborder: 2px solid #cfcfcf;\n\t\t\t}\n\t\t\t#gallery-1 .gallery-caption {\n\t\t\t\tmargin-left: 0;\n\t\t\t}\n\t\t\t\/* see gallery_shortcode() in wp-includes\/media.php *\/\n\t\t<\/style>\n\t\t<div id='gallery-1' class='gallery galleryid-5466 gallery-columns-4 gallery-size-thumbnail'><dl class='gallery-item'>\n\t\t\t<dt class='gallery-icon landscape'>\n\t\t\t\t<a href='https:\/\/www.meinesuedstadt.de\/branchenverzeichnis\/wp-content\/uploads\/2024\/01\/HR_2.jpg' title=\"\" data-rl_title=\"\" class=\"rl-gallery-link\" data-rl_caption=\"\" data-rel=\"lightbox-gallery-1\"><img loading=\"lazy\" decoding=\"async\" width=\"150\" height=\"150\" src=\"https:\/\/www.meinesuedstadt.de\/branchenverzeichnis\/wp-content\/uploads\/2024\/01\/HR_2-150x150.jpg\" class=\"attachment-thumbnail size-thumbnail\" alt=\"\" \/><\/a>\n\t\t\t<\/dt><\/dl><dl class='gallery-item'>\n\t\t\t<dt class='gallery-icon portrait'>\n\t\t\t\t<a href='https:\/\/www.meinesuedstadt.de\/branchenverzeichnis\/wp-content\/uploads\/2024\/01\/HR_3.jpg' title=\"\" data-rl_title=\"\" class=\"rl-gallery-link\" data-rl_caption=\"\" data-rel=\"lightbox-gallery-1\"><img loading=\"lazy\" decoding=\"async\" width=\"150\" height=\"150\" src=\"https:\/\/www.meinesuedstadt.de\/branchenverzeichnis\/wp-content\/uploads\/2024\/01\/HR_3-150x150.jpg\" class=\"attachment-thumbnail size-thumbnail\" alt=\"\" \/><\/a>\n\t\t\t<\/dt><\/dl><dl class='gallery-item'>\n\t\t\t<dt class='gallery-icon landscape'>\n\t\t\t\t<a href='https:\/\/www.meinesuedstadt.de\/branchenverzeichnis\/wp-content\/uploads\/2024\/01\/HR_1.jpg' title=\"\" data-rl_title=\"\" class=\"rl-gallery-link\" data-rl_caption=\"\" data-rel=\"lightbox-gallery-1\"><img loading=\"lazy\" decoding=\"async\" width=\"150\" height=\"150\" src=\"https:\/\/www.meinesuedstadt.de\/branchenverzeichnis\/wp-content\/uploads\/2024\/01\/HR_1-150x150.jpg\" class=\"attachment-thumbnail size-thumbnail\" alt=\"\" \/><\/a>\n\t\t\t<\/dt><\/dl><dl class='gallery-item'>\n\t\t\t<dt class='gallery-icon landscape'>\n\t\t\t\t<a href='https:\/\/www.meinesuedstadt.de\/branchenverzeichnis\/wp-content\/uploads\/2024\/01\/HR_4.jpg' title=\"\" data-rl_title=\"\" class=\"rl-gallery-link\" data-rl_caption=\"\" data-rel=\"lightbox-gallery-1\"><img loading=\"lazy\" decoding=\"async\" width=\"150\" height=\"150\" src=\"https:\/\/www.meinesuedstadt.de\/branchenverzeichnis\/wp-content\/uploads\/2024\/01\/HR_4-150x150.jpg\" class=\"attachment-thumbnail size-thumbnail\" alt=\"\" \/><\/a>\n\t\t\t<\/dt><\/dl><br style=\"clear: both\" \/>\n\t\t<\/div>\n\n<h2 style=\"font-weight: 400;\">Almanca \u2013 als Deutschl\u00e4nder in Istanbul<\/h2>\n<p style=\"font-weight: 400;\">Mit frischen 40 Jahren \u00fcberwogen in 2018 jedoch die Neugier und die Lust auf Neues, und der Haark\u00fcnstler zog nach Istanbul, um dort mit einem Caf\u00e9 durchzustarten. Ein Traum, den Erkan schon immer hatte und endlich umsetzen wollte. Im M\u00e4rz 2020 schien alles dann in die richtige Richtung zu gehen. Der Er\u00f6ffnung des Caf\u00e9s in der t\u00fcrkischen Megametropole, mit einer kleinen Au\u00dfenterrasse, westlichen Kaffeespezialit\u00e4ten sowie Snacks und Kuchen, stand nichts mehr im Weg. F\u00fcnf Tage sp\u00e4ter sorgte die Corona-Pandemie f\u00fcr den ersten Lockdown in der T\u00fcrkei, der f\u00fcr Erkan acht Monate Stillstand bedeutete, seinen Optimismus aber nicht schm\u00e4lern konnte.<\/p>\n<h3 style=\"font-weight: 400;\">Ich brauche keinen Luxus, aber trotzdem ein paar Freiheiten<\/h3>\n<p style=\"font-weight: 400;\">Nach einer kurzen Anlaufzeit lief es dann endlich gut, den meist ausl\u00e4ndischen G\u00e4sten gefielen Flair und Sortiment in Erkans Caf\u00e9. Bis die Inflation letztendlich dazu f\u00fchrte, dass die Fixkosten so extrem hoch waren, dass ein Festhalten an seinem Traum keinen Sinn mehr machte. Innerhalb von 5 Jahren waren die Lebenshaltungskosten um mehr als das 5fache gestiegen. Da die Prognosen f\u00fcr 2024 noch weit Schlimmeres voraussagten, beschloss er, sein Caf\u00e9 zu verkaufen und nach K\u00f6ln zur\u00fcckzukehren.<\/p>\n<h3 style=\"font-weight: 400;\">\u00a0In K\u00f6ln ist meine Base<\/h3>\n<p style=\"font-weight: 400;\">Bei einem Kurzbesuch in seiner ehemaligen Wirkungsst\u00e4tte Ende November bot seine Nachfolgerin Yasemin ihm spontan den Laden zur \u00dcbergabe an, womit Erkan absolut nicht gerechnet hatte. 2 Tage dauerten seine \u00dcberlegungen, bis die Entscheidung, da weiterzumachen, wo Erkan vor rund 5 Jahren aufgeh\u00f6rt, gefallen war. \u201eEs ist sch\u00f6n, das Gewohnte zur\u00fcckzuhaben\u201d, so Erkan, der sich sehr auf die kommenden Jahre freut. In seinem kleinen, aber feinen Salon bietet er nun seit der 2. Januarwoche 2024 wider sein gewohntes Leistungsportfolio: neben F\u00e4rben, Str\u00e4hnchen und Haaref\u00e4rben und -schneiden sowie dem Versch\u00f6nern von Wimpern und Augenbrauen ist Erkan ein Spezialist f\u00fcr Str\u00e4hnchen.<\/p>\n<p style=\"font-weight: 400;\">Zun\u00e4chst mit &amp; ohne Termin. Schon bald m\u00f6chte Erkan komplett ohne Termin, quasi auf Zuruf, arbeiten. So wie er es bereits fr\u00fcher durchgef\u00fchrt hat. Eventuell m\u00fcssen die Kund:innen etwas Wartezeit mitbringen. Auch wie fr\u00fcher: In Erkans Hair Room werden ausschlie\u00dflich die Produkte von Kevin.Murphy verwendet. Die Shampoos zeichnen sich dadurch aus, dass die Inhaltsstoffe aus nachhaltigen und erneuerbaren Quellen stammen und von Unternehmen kommen, die kleinfl\u00e4chige Anbaumethoden, \u00f6kologischen Anbau oder unbedenkliche Wildsammlungen von Pflanzen betreiben.<\/p>\n","protected":false},"excerpt":{"rendered":"<p>Same place, same service: nach rund f\u00fcnfj\u00e4hriger Auszeit ist Erkan Cihan wieder zur\u00fcck in der S\u00fcdstadt und freut sich auf neue &amp; bekannte Gesichter! Kommt gern f\u00fcr ein neues Styling in seinem Hair Room im Kart\u00e4userwall vorbei! Viele seiner ehemaligen Kund:innen werden sich sicherlich sehr freuen, dass der sympathische S\u00fcdstadtfriseur wieder zur\u00fcckgekehrt ist an seine [&hellip;]<\/p>\n","protected":false},"author":8,"featured_media":5468,"comment_status":"open","ping_status":"open","sticky":false,"template":"","format":"standard","meta":{"_acf_changed":false,"footnotes":""},"categories":[169],"tags":[],"class_list":["post-5466","post","type-post","status-publish","format-standard","has-post-thumbnail","hentry","category-friseur"],"acf":[],"yoast_head":"<!-- This site is optimized with the Yoast SEO plugin v27.4 - https:\/\/yoast.com\/product\/yoast-seo-wordpress\/ -->\n<title>Hair Room - Erkan ist wieder zur\u00fcck! - Meine S\u00fcdstadt<\/title>\n<meta name=\"robots\" content=\"index, follow, max-snippet:-1, max-image-preview:large, max-video-preview:-1\" \/>\n<link rel=\"canonical\" href=\"https:\/\/www.meinesuedstadt.de\/branchenverzeichnis\/hair-room-erkan-ist-wieder-zurueck\/\" \/>\n<meta property=\"og:locale\" content=\"de_DE\" \/>\n<meta property=\"og:type\" content=\"article\" \/>\n<meta property=\"og:title\" content=\"Hair Room - Erkan ist wieder zur\u00fcck! - Meine S\u00fcdstadt\" \/>\n<meta property=\"og:description\" content=\"Same place, same service: nach rund f\u00fcnfj\u00e4hriger Auszeit ist Erkan Cihan wieder zur\u00fcck in der S\u00fcdstadt und freut sich auf neue &amp; bekannte Gesichter! Kommt gern f\u00fcr ein neues Styling in seinem Hair Room im Kart\u00e4userwall vorbei! Viele seiner ehemaligen Kund:innen werden sich sicherlich sehr freuen, dass der sympathische S\u00fcdstadtfriseur wieder zur\u00fcckgekehrt ist an seine [&hellip;]\" \/>\n<meta property=\"og:url\" content=\"https:\/\/www.meinesuedstadt.de\/branchenverzeichnis\/hair-room-erkan-ist-wieder-zurueck\/\" \/>\n<meta property=\"og:site_name\" content=\"Meine S\u00fcdstadt\" \/>\n<meta property=\"article:publisher\" content=\"https:\/\/www.facebook.com\/Meinesuedstadt\/\" \/>\n<meta property=\"article:published_time\" content=\"2024-01-24T07:40:19+00:00\" \/>\n<meta property=\"article:modified_time\" content=\"2025-03-30T13:11:11+00:00\" \/>\n<meta property=\"og:image\" content=\"https:\/\/www.meinesuedstadt.de\/branchenverzeichnis\/wp-content\/uploads\/2024\/01\/Erkan_Titel-2-scaled.jpg\" \/>\n\t<meta property=\"og:image:width\" content=\"2560\" \/>\n\t<meta property=\"og:image:height\" content=\"1533\" \/>\n\t<meta property=\"og:image:type\" content=\"image\/jpeg\" \/>\n<meta name=\"author\" content=\"Gaby DeMuirier\" \/>\n<meta name=\"twitter:card\" content=\"summary_large_image\" \/>\n<meta name=\"twitter:creator\" content=\"@meinesuedstadt\" \/>\n<meta name=\"twitter:site\" content=\"@meinesuedstadt\" \/>\n<meta name=\"twitter:label1\" content=\"Verfasst von\" \/>\n\t<meta name=\"twitter:data1\" content=\"Gaby DeMuirier\" \/>\n\t<meta name=\"twitter:label2\" content=\"Gesch\u00e4tzte Lesezeit\" \/>\n\t<meta name=\"twitter:data2\" content=\"3\u00a0Minuten\" \/>\n<script type=\"application\/ld+json\" class=\"yoast-schema-graph\">{\"@context\":\"https:\\\/\\\/schema.org\",\"@graph\":[{\"@type\":\"Article\",\"@id\":\"https:\\\/\\\/www.meinesuedstadt.de\\\/branchenverzeichnis\\\/hair-room-erkan-ist-wieder-zurueck\\\/#article\",\"isPartOf\":{\"@id\":\"https:\\\/\\\/www.meinesuedstadt.de\\\/branchenverzeichnis\\\/hair-room-erkan-ist-wieder-zurueck\\\/\"},\"author\":{\"name\":\"Gaby DeMuirier\",\"@id\":\"https:\\\/\\\/www.meinesuedstadt.de\\\/branchenverzeichnis\\\/#\\\/schema\\\/person\\\/377f8fd43825f067d14416c974a4d50e\"},\"headline\":\"Hair Room &#8211; Erkan ist wieder zur\u00fcck!\",\"datePublished\":\"2024-01-24T07:40:19+00:00\",\"dateModified\":\"2025-03-30T13:11:11+00:00\",\"mainEntityOfPage\":{\"@id\":\"https:\\\/\\\/www.meinesuedstadt.de\\\/branchenverzeichnis\\\/hair-room-erkan-ist-wieder-zurueck\\\/\"},\"wordCount\":513,\"commentCount\":0,\"image\":{\"@id\":\"https:\\\/\\\/www.meinesuedstadt.de\\\/branchenverzeichnis\\\/hair-room-erkan-ist-wieder-zurueck\\\/#primaryimage\"},\"thumbnailUrl\":\"https:\\\/\\\/www.meinesuedstadt.de\\\/branchenverzeichnis\\\/wp-content\\\/uploads\\\/2024\\\/01\\\/Erkan_Titel-2-scaled.jpg\",\"articleSection\":[\"Friseur\"],\"inLanguage\":\"de\",\"potentialAction\":[{\"@type\":\"CommentAction\",\"name\":\"Comment\",\"target\":[\"https:\\\/\\\/www.meinesuedstadt.de\\\/branchenverzeichnis\\\/hair-room-erkan-ist-wieder-zurueck\\\/#respond\"]}]},{\"@type\":\"WebPage\",\"@id\":\"https:\\\/\\\/www.meinesuedstadt.de\\\/branchenverzeichnis\\\/hair-room-erkan-ist-wieder-zurueck\\\/\",\"url\":\"https:\\\/\\\/www.meinesuedstadt.de\\\/branchenverzeichnis\\\/hair-room-erkan-ist-wieder-zurueck\\\/\",\"name\":\"Hair Room - Erkan ist wieder zur\u00fcck! - Meine S\u00fcdstadt\",\"isPartOf\":{\"@id\":\"https:\\\/\\\/www.meinesuedstadt.de\\\/branchenverzeichnis\\\/#website\"},\"primaryImageOfPage\":{\"@id\":\"https:\\\/\\\/www.meinesuedstadt.de\\\/branchenverzeichnis\\\/hair-room-erkan-ist-wieder-zurueck\\\/#primaryimage\"},\"image\":{\"@id\":\"https:\\\/\\\/www.meinesuedstadt.de\\\/branchenverzeichnis\\\/hair-room-erkan-ist-wieder-zurueck\\\/#primaryimage\"},\"thumbnailUrl\":\"https:\\\/\\\/www.meinesuedstadt.de\\\/branchenverzeichnis\\\/wp-content\\\/uploads\\\/2024\\\/01\\\/Erkan_Titel-2-scaled.jpg\",\"datePublished\":\"2024-01-24T07:40:19+00:00\",\"dateModified\":\"2025-03-30T13:11:11+00:00\",\"author\":{\"@id\":\"https:\\\/\\\/www.meinesuedstadt.de\\\/branchenverzeichnis\\\/#\\\/schema\\\/person\\\/377f8fd43825f067d14416c974a4d50e\"},\"breadcrumb\":{\"@id\":\"https:\\\/\\\/www.meinesuedstadt.de\\\/branchenverzeichnis\\\/hair-room-erkan-ist-wieder-zurueck\\\/#breadcrumb\"},\"inLanguage\":\"de\",\"potentialAction\":[{\"@type\":\"ReadAction\",\"target\":[\"https:\\\/\\\/www.meinesuedstadt.de\\\/branchenverzeichnis\\\/hair-room-erkan-ist-wieder-zurueck\\\/\"]}]},{\"@type\":\"ImageObject\",\"inLanguage\":\"de\",\"@id\":\"https:\\\/\\\/www.meinesuedstadt.de\\\/branchenverzeichnis\\\/hair-room-erkan-ist-wieder-zurueck\\\/#primaryimage\",\"url\":\"https:\\\/\\\/www.meinesuedstadt.de\\\/branchenverzeichnis\\\/wp-content\\\/uploads\\\/2024\\\/01\\\/Erkan_Titel-2-scaled.jpg\",\"contentUrl\":\"https:\\\/\\\/www.meinesuedstadt.de\\\/branchenverzeichnis\\\/wp-content\\\/uploads\\\/2024\\\/01\\\/Erkan_Titel-2-scaled.jpg\",\"width\":2560,\"height\":1533},{\"@type\":\"BreadcrumbList\",\"@id\":\"https:\\\/\\\/www.meinesuedstadt.de\\\/branchenverzeichnis\\\/hair-room-erkan-ist-wieder-zurueck\\\/#breadcrumb\",\"itemListElement\":[{\"@type\":\"ListItem\",\"position\":1,\"name\":\"Startseite\",\"item\":\"https:\\\/\\\/www.meinesuedstadt.de\\\/branchenverzeichnis\\\/\"},{\"@type\":\"ListItem\",\"position\":2,\"name\":\"Hair Room &#8211; Erkan ist wieder zur\u00fcck!\"}]},{\"@type\":\"WebSite\",\"@id\":\"https:\\\/\\\/www.meinesuedstadt.de\\\/branchenverzeichnis\\\/#website\",\"url\":\"https:\\\/\\\/www.meinesuedstadt.de\\\/branchenverzeichnis\\\/\",\"name\":\"Meine S\u00fcdstadt\",\"description\":\"Branchenverzeichnis aus der S\u00fcdstadt K\u00f6lns\",\"potentialAction\":[{\"@type\":\"SearchAction\",\"target\":{\"@type\":\"EntryPoint\",\"urlTemplate\":\"https:\\\/\\\/www.meinesuedstadt.de\\\/branchenverzeichnis\\\/?s={search_term_string}\"},\"query-input\":{\"@type\":\"PropertyValueSpecification\",\"valueRequired\":true,\"valueName\":\"search_term_string\"}}],\"inLanguage\":\"de\"},{\"@type\":\"Person\",\"@id\":\"https:\\\/\\\/www.meinesuedstadt.de\\\/branchenverzeichnis\\\/#\\\/schema\\\/person\\\/377f8fd43825f067d14416c974a4d50e\",\"name\":\"Gaby DeMuirier\",\"image\":{\"@type\":\"ImageObject\",\"inLanguage\":\"de\",\"@id\":\"https:\\\/\\\/secure.gravatar.com\\\/avatar\\\/7ecf9674b7a678a660fcd27242eacb0ec8607a4b99a0a409d6d8141a320a8170?s=96&d=mm&r=g\",\"url\":\"https:\\\/\\\/secure.gravatar.com\\\/avatar\\\/7ecf9674b7a678a660fcd27242eacb0ec8607a4b99a0a409d6d8141a320a8170?s=96&d=mm&r=g\",\"contentUrl\":\"https:\\\/\\\/secure.gravatar.com\\\/avatar\\\/7ecf9674b7a678a660fcd27242eacb0ec8607a4b99a0a409d6d8141a320a8170?s=96&d=mm&r=g\",\"caption\":\"Gaby DeMuirier\"},\"sameAs\":[\"https:\\\/\\\/www.meinesuedstadt.de\"]}]}<\/script>\n<!-- \/ Yoast SEO plugin. -->","yoast_head_json":{"title":"Hair Room - Erkan ist wieder zur\u00fcck! - Meine S\u00fcdstadt","robots":{"index":"index","follow":"follow","max-snippet":"max-snippet:-1","max-image-preview":"max-image-preview:large","max-video-preview":"max-video-preview:-1"},"canonical":"https:\/\/www.meinesuedstadt.de\/branchenverzeichnis\/hair-room-erkan-ist-wieder-zurueck\/","og_locale":"de_DE","og_type":"article","og_title":"Hair Room - Erkan ist wieder zur\u00fcck! - Meine S\u00fcdstadt","og_description":"Same place, same service: nach rund f\u00fcnfj\u00e4hriger Auszeit ist Erkan Cihan wieder zur\u00fcck in der S\u00fcdstadt und freut sich auf neue &amp; bekannte Gesichter! Kommt gern f\u00fcr ein neues Styling in seinem Hair Room im Kart\u00e4userwall vorbei! Viele seiner ehemaligen Kund:innen werden sich sicherlich sehr freuen, dass der sympathische S\u00fcdstadtfriseur wieder zur\u00fcckgekehrt ist an seine [&hellip;]","og_url":"https:\/\/www.meinesuedstadt.de\/branchenverzeichnis\/hair-room-erkan-ist-wieder-zurueck\/","og_site_name":"Meine S\u00fcdstadt","article_publisher":"https:\/\/www.facebook.com\/Meinesuedstadt\/","article_published_time":"2024-01-24T07:40:19+00:00","article_modified_time":"2025-03-30T13:11:11+00:00","og_image":[{"width":2560,"height":1533,"url":"https:\/\/www.meinesuedstadt.de\/branchenverzeichnis\/wp-content\/uploads\/2024\/01\/Erkan_Titel-2-scaled.jpg","type":"image\/jpeg"}],"author":"Gaby DeMuirier","twitter_card":"summary_large_image","twitter_creator":"@meinesuedstadt","twitter_site":"@meinesuedstadt","twitter_misc":{"Verfasst von":"Gaby DeMuirier","Gesch\u00e4tzte Lesezeit":"3\u00a0Minuten"},"schema":{"@context":"https:\/\/schema.org","@graph":[{"@type":"Article","@id":"https:\/\/www.meinesuedstadt.de\/branchenverzeichnis\/hair-room-erkan-ist-wieder-zurueck\/#article","isPartOf":{"@id":"https:\/\/www.meinesuedstadt.de\/branchenverzeichnis\/hair-room-erkan-ist-wieder-zurueck\/"},"author":{"name":"Gaby DeMuirier","@id":"https:\/\/www.meinesuedstadt.de\/branchenverzeichnis\/#\/schema\/person\/377f8fd43825f067d14416c974a4d50e"},"headline":"Hair Room &#8211; Erkan ist wieder zur\u00fcck!","datePublished":"2024-01-24T07:40:19+00:00","dateModified":"2025-03-30T13:11:11+00:00","mainEntityOfPage":{"@id":"https:\/\/www.meinesuedstadt.de\/branchenverzeichnis\/hair-room-erkan-ist-wieder-zurueck\/"},"wordCount":513,"commentCount":0,"image":{"@id":"https:\/\/www.meinesuedstadt.de\/branchenverzeichnis\/hair-room-erkan-ist-wieder-zurueck\/#primaryimage"},"thumbnailUrl":"https:\/\/www.meinesuedstadt.de\/branchenverzeichnis\/wp-content\/uploads\/2024\/01\/Erkan_Titel-2-scaled.jpg","articleSection":["Friseur"],"inLanguage":"de","potentialAction":[{"@type":"CommentAction","name":"Comment","target":["https:\/\/www.meinesuedstadt.de\/branchenverzeichnis\/hair-room-erkan-ist-wieder-zurueck\/#respond"]}]},{"@type":"WebPage","@id":"https:\/\/www.meinesuedstadt.de\/branchenverzeichnis\/hair-room-erkan-ist-wieder-zurueck\/","url":"https:\/\/www.meinesuedstadt.de\/branchenverzeichnis\/hair-room-erkan-ist-wieder-zurueck\/","name":"Hair Room - Erkan ist wieder zur\u00fcck! - Meine S\u00fcdstadt","isPartOf":{"@id":"https:\/\/www.meinesuedstadt.de\/branchenverzeichnis\/#website"},"primaryImageOfPage":{"@id":"https:\/\/www.meinesuedstadt.de\/branchenverzeichnis\/hair-room-erkan-ist-wieder-zurueck\/#primaryimage"},"image":{"@id":"https:\/\/www.meinesuedstadt.de\/branchenverzeichnis\/hair-room-erkan-ist-wieder-zurueck\/#primaryimage"},"thumbnailUrl":"https:\/\/www.meinesuedstadt.de\/branchenverzeichnis\/wp-content\/uploads\/2024\/01\/Erkan_Titel-2-scaled.jpg","datePublished":"2024-01-24T07:40:19+00:00","dateModified":"2025-03-30T13:11:11+00:00","author":{"@id":"https:\/\/www.meinesuedstadt.de\/branchenverzeichnis\/#\/schema\/person\/377f8fd43825f067d14416c974a4d50e"},"breadcrumb":{"@id":"https:\/\/www.meinesuedstadt.de\/branchenverzeichnis\/hair-room-erkan-ist-wieder-zurueck\/#breadcrumb"},"inLanguage":"de","potentialAction":[{"@type":"ReadAction","target":["https:\/\/www.meinesuedstadt.de\/branchenverzeichnis\/hair-room-erkan-ist-wieder-zurueck\/"]}]},{"@type":"ImageObject","inLanguage":"de","@id":"https:\/\/www.meinesuedstadt.de\/branchenverzeichnis\/hair-room-erkan-ist-wieder-zurueck\/#primaryimage","url":"https:\/\/www.meinesuedstadt.de\/branchenverzeichnis\/wp-content\/uploads\/2024\/01\/Erkan_Titel-2-scaled.jpg","contentUrl":"https:\/\/www.meinesuedstadt.de\/branchenverzeichnis\/wp-content\/uploads\/2024\/01\/Erkan_Titel-2-scaled.jpg","width":2560,"height":1533},{"@type":"BreadcrumbList","@id":"https:\/\/www.meinesuedstadt.de\/branchenverzeichnis\/hair-room-erkan-ist-wieder-zurueck\/#breadcrumb","itemListElement":[{"@type":"ListItem","position":1,"name":"Startseite","item":"https:\/\/www.meinesuedstadt.de\/branchenverzeichnis\/"},{"@type":"ListItem","position":2,"name":"Hair Room &#8211; Erkan ist wieder zur\u00fcck!"}]},{"@type":"WebSite","@id":"https:\/\/www.meinesuedstadt.de\/branchenverzeichnis\/#website","url":"https:\/\/www.meinesuedstadt.de\/branchenverzeichnis\/","name":"Meine S\u00fcdstadt","description":"Branchenverzeichnis aus der S\u00fcdstadt K\u00f6lns","potentialAction":[{"@type":"SearchAction","target":{"@type":"EntryPoint","urlTemplate":"https:\/\/www.meinesuedstadt.de\/branchenverzeichnis\/?s={search_term_string}"},"query-input":{"@type":"PropertyValueSpecification","valueRequired":true,"valueName":"search_term_string"}}],"inLanguage":"de"},{"@type":"Person","@id":"https:\/\/www.meinesuedstadt.de\/branchenverzeichnis\/#\/schema\/person\/377f8fd43825f067d14416c974a4d50e","name":"Gaby DeMuirier","image":{"@type":"ImageObject","inLanguage":"de","@id":"https:\/\/secure.gravatar.com\/avatar\/7ecf9674b7a678a660fcd27242eacb0ec8607a4b99a0a409d6d8141a320a8170?s=96&d=mm&r=g","url":"https:\/\/secure.gravatar.com\/avatar\/7ecf9674b7a678a660fcd27242eacb0ec8607a4b99a0a409d6d8141a320a8170?s=96&d=mm&r=g","contentUrl":"https:\/\/secure.gravatar.com\/avatar\/7ecf9674b7a678a660fcd27242eacb0ec8607a4b99a0a409d6d8141a320a8170?s=96&d=mm&r=g","caption":"Gaby DeMuirier"},"sameAs":["https:\/\/www.meinesuedstadt.de"]}]}},"priority":0,"metaAddress":"Kart\u00e4userwall 7-11, 50678  K\u00f6ln","_links":{"self":[{"href":"https:\/\/www.meinesuedstadt.de\/branchenverzeichnis\/wp-json\/wp\/v2\/posts\/5466","targetHints":{"allow":["GET"]}}],"collection":[{"href":"https:\/\/www.meinesuedstadt.de\/branchenverzeichnis\/wp-json\/wp\/v2\/posts"}],"about":[{"href":"https:\/\/www.meinesuedstadt.de\/branchenverzeichnis\/wp-json\/wp\/v2\/types\/post"}],"author":[{"embeddable":true,"href":"https:\/\/www.meinesuedstadt.de\/branchenverzeichnis\/wp-json\/wp\/v2\/users\/8"}],"replies":[{"embeddable":true,"href":"https:\/\/www.meinesuedstadt.de\/branchenverzeichnis\/wp-json\/wp\/v2\/comments?post=5466"}],"version-history":[{"count":8,"href":"https:\/\/www.meinesuedstadt.de\/branchenverzeichnis\/wp-json\/wp\/v2\/posts\/5466\/revisions"}],"predecessor-version":[{"id":5855,"href":"https:\/\/www.meinesuedstadt.de\/branchenverzeichnis\/wp-json\/wp\/v2\/posts\/5466\/revisions\/5855"}],"wp:featuredmedia":[{"embeddable":true,"href":"https:\/\/www.meinesuedstadt.de\/branchenverzeichnis\/wp-json\/wp\/v2\/media\/5468"}],"wp:attachment":[{"href":"https:\/\/www.meinesuedstadt.de\/branchenverzeichnis\/wp-json\/wp\/v2\/media?parent=5466"}],"wp:term":[{"taxonomy":"category","embeddable":true,"href":"https:\/\/www.meinesuedstadt.de\/branchenverzeichnis\/wp-json\/wp\/v2\/categories?post=5466"},{"taxonomy":"post_tag","embeddable":true,"href":"https:\/\/www.meinesuedstadt.de\/branchenverzeichnis\/wp-json\/wp\/v2\/tags?post=5466"}],"curies":[{"name":"wp","href":"https:\/\/api.w.org\/{rel}","templated":true}]}}