{"id":5554,"date":"2024-05-30T14:18:53","date_gmt":"2024-05-30T12:18:53","guid":{"rendered":"https:\/\/www.meinesuedstadt.de\/branchenverzeichnis\/?p=5554"},"modified":"2025-12-22T20:27:56","modified_gmt":"2025-12-22T19:27:56","slug":"tanzetage-koeln-jeder-kann-tanzen-lernen","status":"publish","type":"post","link":"https:\/\/www.meinesuedstadt.de\/branchenverzeichnis\/tanzetage-koeln-jeder-kann-tanzen-lernen\/","title":{"rendered":"Tanzetage K\u00f6ln &#8211; Jeder Mensch ist ein T\u00e4nzer"},"content":{"rendered":"<p style=\"font-weight: 400;\">Unter dem Motto &#8222;Jeder Mensch ist ein T\u00e4nzer&#8220; bietet die Tanzetage K\u00f6ln mitten in der S\u00fcdstadt ein umfassendes Portfolio an Tanzkursen an. In den sch\u00f6nen R\u00e4umlichkeiten in der Wormser Stra\u00dfe gibt es f\u00fcr jedes Alter und jede Tanzerfahrung den passenden Kurs! Anf\u00e4nger:innen und Fortgeschrittene sind gleicherma\u00dfen herzlich willkommen!<\/p>\n\n\t\t<style type=\"text\/css\">\n\t\t\t#gallery-1 {\n\t\t\t\tmargin: auto;\n\t\t\t}\n\t\t\t#gallery-1 .gallery-item {\n\t\t\t\tfloat: left;\n\t\t\t\tmargin-top: 10px;\n\t\t\t\ttext-align: center;\n\t\t\t\twidth: 25%;\n\t\t\t}\n\t\t\t#gallery-1 img {\n\t\t\t\tborder: 2px solid #cfcfcf;\n\t\t\t}\n\t\t\t#gallery-1 .gallery-caption {\n\t\t\t\tmargin-left: 0;\n\t\t\t}\n\t\t\t\/* see gallery_shortcode() in wp-includes\/media.php *\/\n\t\t<\/style>\n\t\t<div id='gallery-1' class='gallery galleryid-5554 gallery-columns-4 gallery-size-thumbnail'><dl class='gallery-item'>\n\t\t\t<dt class='gallery-icon landscape'>\n\t\t\t\t<a href='https:\/\/www.meinesuedstadt.de\/branchenverzeichnis\/wp-content\/uploads\/2024\/05\/TE01.jpg' title=\"\" data-rl_title=\"\" class=\"rl-gallery-link\" data-rl_caption=\"\" data-rel=\"lightbox-gallery-1\"><img loading=\"lazy\" decoding=\"async\" width=\"150\" height=\"150\" src=\"https:\/\/www.meinesuedstadt.de\/branchenverzeichnis\/wp-content\/uploads\/2024\/05\/TE01-150x150.jpg\" class=\"attachment-thumbnail size-thumbnail\" alt=\"\" aria-describedby=\"gallery-1-5568\" \/><\/a>\n\t\t\t<\/dt>\n\t\t\t\t<dd class='wp-caption-text gallery-caption' id='gallery-1-5568'>\n\t\t\t\tBild: Roland Keusch\n\t\t\t\t<\/dd><\/dl><dl class='gallery-item'>\n\t\t\t<dt class='gallery-icon landscape'>\n\t\t\t\t<a href='https:\/\/www.meinesuedstadt.de\/branchenverzeichnis\/wp-content\/uploads\/2024\/05\/TE03.jpg' title=\"\" data-rl_title=\"\" class=\"rl-gallery-link\" data-rl_caption=\"\" data-rel=\"lightbox-gallery-1\"><img loading=\"lazy\" decoding=\"async\" width=\"150\" height=\"150\" src=\"https:\/\/www.meinesuedstadt.de\/branchenverzeichnis\/wp-content\/uploads\/2024\/05\/TE03-150x150.jpg\" class=\"attachment-thumbnail size-thumbnail\" alt=\"\" aria-describedby=\"gallery-1-5569\" \/><\/a>\n\t\t\t<\/dt>\n\t\t\t\t<dd class='wp-caption-text gallery-caption' id='gallery-1-5569'>\n\t\t\t\tBild: Roland Keusch\n\t\t\t\t<\/dd><\/dl><dl class='gallery-item'>\n\t\t\t<dt class='gallery-icon landscape'>\n\t\t\t\t<a href='https:\/\/www.meinesuedstadt.de\/branchenverzeichnis\/wp-content\/uploads\/2024\/05\/Bild-1.jpg' title=\"\" data-rl_title=\"\" class=\"rl-gallery-link\" data-rl_caption=\"\" data-rel=\"lightbox-gallery-1\"><img loading=\"lazy\" decoding=\"async\" width=\"150\" height=\"150\" src=\"https:\/\/www.meinesuedstadt.de\/branchenverzeichnis\/wp-content\/uploads\/2024\/05\/Bild-1-150x150.jpg\" class=\"attachment-thumbnail size-thumbnail\" alt=\"\" aria-describedby=\"gallery-1-5571\" \/><\/a>\n\t\t\t<\/dt>\n\t\t\t\t<dd class='wp-caption-text gallery-caption' id='gallery-1-5571'>\n\t\t\t\tBild: Tanzetage\n\t\t\t\t<\/dd><\/dl><dl class='gallery-item'>\n\t\t\t<dt class='gallery-icon landscape'>\n\t\t\t\t<a href='https:\/\/www.meinesuedstadt.de\/branchenverzeichnis\/wp-content\/uploads\/2024\/05\/TE02-1.jpg' title=\"\" data-rl_title=\"\" class=\"rl-gallery-link\" data-rl_caption=\"\" data-rel=\"lightbox-gallery-1\"><img loading=\"lazy\" decoding=\"async\" width=\"150\" height=\"150\" src=\"https:\/\/www.meinesuedstadt.de\/branchenverzeichnis\/wp-content\/uploads\/2024\/05\/TE02-1-150x150.jpg\" class=\"attachment-thumbnail size-thumbnail\" alt=\"\" aria-describedby=\"gallery-1-5572\" \/><\/a>\n\t\t\t<\/dt>\n\t\t\t\t<dd class='wp-caption-text gallery-caption' id='gallery-1-5572'>\n\t\t\t\tBild: Roland Keusch\n\t\t\t\t<\/dd><\/dl><br style=\"clear: both\" \/>\n\t\t<\/div>\n\n<p style=\"font-weight: 400;\">Nach f\u00fcnf Jahren im Pantaleonsviertel findet Ihr die Tanzetage K\u00f6ln nun schon seit \u00fcber 10 Jahren in der Wormser Stra\u00dfe. Mitgr\u00fcnderin und Inhaberin <strong>Sabina Fr\u00f6hler<\/strong> f\u00fchrt zudem schon seit ann\u00e4hernd 30 Jahren die Tanzetage Remscheid. Vor deren Er\u00f6ffnung im Jahr 1996 arbeitete die ausgebildete T\u00e4nzerin und Tanzp\u00e4dagogin, die schon als Kind immer getanzt hat und tanzen wollte, als Lehrkraft an verschiedenen Ballett- und Tanzschulen und war im Bereich Tanz- und Kindertheater aktiv.<\/p>\n<h2 style=\"font-weight: 400;\"><strong>Ballett, Modern Dance &amp; Jazzdance<\/strong><\/h2>\n<p style=\"font-weight: 400;\">Um diese drei Tanzrichtungen dreht sich alles in der Tanzetage, wobei das Ballett als Basis des gesamten k\u00fcnstlerischen Tanzes einen bedeutenden Stellenwert in im Unterrichtsprogramm einnimmt. Ballett ist eine hervorragende K\u00f6rperschule, bei der die Freude an der Bewegung im Mittelpunkt steht. Das individuelle K\u00f6rpergef\u00fchl wird durch das klassische Training verbessert, Haltungsschw\u00e4chen werden abgemildert.<\/p>\n\n\t\t<style type=\"text\/css\">\n\t\t\t#gallery-2 {\n\t\t\t\tmargin: auto;\n\t\t\t}\n\t\t\t#gallery-2 .gallery-item {\n\t\t\t\tfloat: left;\n\t\t\t\tmargin-top: 10px;\n\t\t\t\ttext-align: center;\n\t\t\t\twidth: 25%;\n\t\t\t}\n\t\t\t#gallery-2 img {\n\t\t\t\tborder: 2px solid #cfcfcf;\n\t\t\t}\n\t\t\t#gallery-2 .gallery-caption {\n\t\t\t\tmargin-left: 0;\n\t\t\t}\n\t\t\t\/* see gallery_shortcode() in wp-includes\/media.php *\/\n\t\t<\/style>\n\t\t<div id='gallery-2' class='gallery galleryid-5554 gallery-columns-4 gallery-size-thumbnail'><dl class='gallery-item'>\n\t\t\t<dt class='gallery-icon landscape'>\n\t\t\t\t<a href='https:\/\/www.meinesuedstadt.de\/branchenverzeichnis\/wp-content\/uploads\/2024\/05\/TE09.jpg' title=\"\" data-rl_title=\"\" class=\"rl-gallery-link\" data-rl_caption=\"\" data-rel=\"lightbox-gallery-2\"><img loading=\"lazy\" decoding=\"async\" width=\"150\" height=\"150\" src=\"https:\/\/www.meinesuedstadt.de\/branchenverzeichnis\/wp-content\/uploads\/2024\/05\/TE09-150x150.jpg\" class=\"attachment-thumbnail size-thumbnail\" alt=\"\" \/><\/a>\n\t\t\t<\/dt><\/dl><dl class='gallery-item'>\n\t\t\t<dt class='gallery-icon landscape'>\n\t\t\t\t<a href='https:\/\/www.meinesuedstadt.de\/branchenverzeichnis\/wp-content\/uploads\/2024\/05\/TE100.jpg' title=\"\" data-rl_title=\"\" class=\"rl-gallery-link\" data-rl_caption=\"\" data-rel=\"lightbox-gallery-2\"><img loading=\"lazy\" decoding=\"async\" width=\"150\" height=\"150\" src=\"https:\/\/www.meinesuedstadt.de\/branchenverzeichnis\/wp-content\/uploads\/2024\/05\/TE100-150x150.jpg\" class=\"attachment-thumbnail size-thumbnail\" alt=\"\" \/><\/a>\n\t\t\t<\/dt><\/dl><dl class='gallery-item'>\n\t\t\t<dt class='gallery-icon portrait'>\n\t\t\t\t<a href='https:\/\/www.meinesuedstadt.de\/branchenverzeichnis\/wp-content\/uploads\/2024\/05\/TE_hoch2.jpg' title=\"\" data-rl_title=\"\" class=\"rl-gallery-link\" data-rl_caption=\"\" data-rel=\"lightbox-gallery-2\"><img loading=\"lazy\" decoding=\"async\" width=\"150\" height=\"150\" src=\"https:\/\/www.meinesuedstadt.de\/branchenverzeichnis\/wp-content\/uploads\/2024\/05\/TE_hoch2-150x150.jpg\" class=\"attachment-thumbnail size-thumbnail\" alt=\"\" \/><\/a>\n\t\t\t<\/dt><\/dl><dl class='gallery-item'>\n\t\t\t<dt class='gallery-icon portrait'>\n\t\t\t\t<a href='https:\/\/www.meinesuedstadt.de\/branchenverzeichnis\/wp-content\/uploads\/2024\/05\/TE_hoch1.jpg' title=\"\" data-rl_title=\"\" class=\"rl-gallery-link\" data-rl_caption=\"\" data-rel=\"lightbox-gallery-2\"><img loading=\"lazy\" decoding=\"async\" width=\"150\" height=\"150\" src=\"https:\/\/www.meinesuedstadt.de\/branchenverzeichnis\/wp-content\/uploads\/2024\/05\/TE_hoch1-150x150.jpg\" class=\"attachment-thumbnail size-thumbnail\" alt=\"\" \/><\/a>\n\t\t\t<\/dt><\/dl><br style=\"clear: both\" \/>\n\t\t<\/div>\n\n<p style=\"font-weight: 400;\">Mit dem Training an der Stange und im Raum lernen die Elevinnen und Eleven, ihre K\u00f6rper von den Finger- bis zu den Fu\u00dfspitzen zu kontrollieren. Da sich alle modernen Tanzformen aus dem Ballett heraus entwickelt haben, ist Ballett die optimale Basis, um sich auch im Modern Jazz, Contemporary und Jazzdance weiterzuentwickeln. Aber auch neue Einfl\u00fcsse, wie Yoga Ballett oder Jazz Fusion, werden regelm\u00e4\u00dfig ins Kursprogramm integriert, das sich an Kinder (ab 3), Jugendliche und Erwachsene richtet.<\/p>\n<h3 style=\"font-weight: 400;\"><strong>Spielerisches Lernen f\u00fcr die Kleinen <\/strong><\/h3>\n<p style=\"font-weight: 400;\">F\u00fcr die Kleinen ab 3 Jahren bietet das Team um Sabina Fr\u00f6hler den spielerisch elementaren Tanz an. Hier werden ganzheitlich Kraft, Koordination, Gleichgewicht, K\u00f6rpergef\u00fchl und Reaktionsf\u00e4higkeit gleicherma\u00dfen geschult.\u00a0Au\u00dferdem werden dabei auch der gesamte Bewegungsapparat gest\u00e4rkt und die geistigen Kompetenzen gest\u00e4rkt. Das Training der festen Bewegungsformen hilft auch schon den Kleinsten, sich auf eine Sache zu konzentrieren. In freien \u00dcbungen entdecken sie hingegen die Ausdrucksm\u00f6glichkeiten ihres K\u00f6rpers &#8211; ein positiver Impuls f\u00fcr die Entwicklung von Fantasie und Gestaltungsf\u00e4higkeit. Und auch der Spa\u00df kommt an dem abwechslungsreich gestalteten Unterricht niemals zu kurz.<\/p>\n<h3 style=\"font-weight: 400;\"><strong>Schritt f\u00fcr Schritt einen Tanzstil erlernen<\/strong><\/h3>\n<p style=\"font-weight: 400;\">Modern Dance, Jazzdance und Contemporary sind Tanzformen, die sich besonders f\u00fcr Erwachsene eignen, um ihre Bewegungsfreude t\u00e4nzerisch auszudr\u00fccken. Ideal ist auch der Ballettunterricht f\u00fcr die \u201e\u00c4lteren\u201c, denn besonders die harmonischen Bewegungen bieten einen optimalen Ausgleich zum schnelllebigen Alltag. Grunds\u00e4tzlich ist man nie zu alt, um Ballett zu lernen, bis ins hohe Alter ist das Tanzen m\u00f6glich. Durch das Training k\u00f6nnen sowohl k\u00f6rperliche als auch geistige Fitness erhalten und ausgebaut werden. Kraft, Stabilit\u00e4t und Koordination werden so geschult, dass sie im Alltag ein gutes und sicheres K\u00f6rpergef\u00fchl (Sturzpr\u00e4vention) geben. Auf dem Plan stehen als n\u00e4chstes auch spezielle \u00dc50-Kurse.<\/p>\n\n\t\t<style type=\"text\/css\">\n\t\t\t#gallery-3 {\n\t\t\t\tmargin: auto;\n\t\t\t}\n\t\t\t#gallery-3 .gallery-item {\n\t\t\t\tfloat: left;\n\t\t\t\tmargin-top: 10px;\n\t\t\t\ttext-align: center;\n\t\t\t\twidth: 25%;\n\t\t\t}\n\t\t\t#gallery-3 img {\n\t\t\t\tborder: 2px solid #cfcfcf;\n\t\t\t}\n\t\t\t#gallery-3 .gallery-caption {\n\t\t\t\tmargin-left: 0;\n\t\t\t}\n\t\t\t\/* see gallery_shortcode() in wp-includes\/media.php *\/\n\t\t<\/style>\n\t\t<div id='gallery-3' class='gallery galleryid-5554 gallery-columns-4 gallery-size-thumbnail'><dl class='gallery-item'>\n\t\t\t<dt class='gallery-icon landscape'>\n\t\t\t\t<a href='https:\/\/www.meinesuedstadt.de\/branchenverzeichnis\/wp-content\/uploads\/2024\/05\/TE05.jpg' title=\"\" data-rl_title=\"\" class=\"rl-gallery-link\" data-rl_caption=\"\" data-rel=\"lightbox-gallery-3\"><img loading=\"lazy\" decoding=\"async\" width=\"150\" height=\"150\" src=\"https:\/\/www.meinesuedstadt.de\/branchenverzeichnis\/wp-content\/uploads\/2024\/05\/TE05-150x150.jpg\" class=\"attachment-thumbnail size-thumbnail\" alt=\"\" \/><\/a>\n\t\t\t<\/dt><\/dl><dl class='gallery-item'>\n\t\t\t<dt class='gallery-icon landscape'>\n\t\t\t\t<a href='https:\/\/www.meinesuedstadt.de\/branchenverzeichnis\/wp-content\/uploads\/2024\/05\/TE06.jpg' title=\"\" data-rl_title=\"\" class=\"rl-gallery-link\" data-rl_caption=\"\" data-rel=\"lightbox-gallery-3\"><img loading=\"lazy\" decoding=\"async\" width=\"150\" height=\"150\" src=\"https:\/\/www.meinesuedstadt.de\/branchenverzeichnis\/wp-content\/uploads\/2024\/05\/TE06-150x150.jpg\" class=\"attachment-thumbnail size-thumbnail\" alt=\"\" \/><\/a>\n\t\t\t<\/dt><\/dl><dl class='gallery-item'>\n\t\t\t<dt class='gallery-icon landscape'>\n\t\t\t\t<a href='https:\/\/www.meinesuedstadt.de\/branchenverzeichnis\/wp-content\/uploads\/2024\/05\/TE07.jpg' title=\"\" data-rl_title=\"\" class=\"rl-gallery-link\" data-rl_caption=\"\" data-rel=\"lightbox-gallery-3\"><img loading=\"lazy\" decoding=\"async\" width=\"150\" height=\"150\" src=\"https:\/\/www.meinesuedstadt.de\/branchenverzeichnis\/wp-content\/uploads\/2024\/05\/TE07-150x150.jpg\" class=\"attachment-thumbnail size-thumbnail\" alt=\"\" \/><\/a>\n\t\t\t<\/dt><\/dl><dl class='gallery-item'>\n\t\t\t<dt class='gallery-icon landscape'>\n\t\t\t\t<a href='https:\/\/www.meinesuedstadt.de\/branchenverzeichnis\/wp-content\/uploads\/2024\/05\/TE08.jpg' title=\"\" data-rl_title=\"\" class=\"rl-gallery-link\" data-rl_caption=\"\" data-rel=\"lightbox-gallery-3\"><img loading=\"lazy\" decoding=\"async\" width=\"150\" height=\"150\" src=\"https:\/\/www.meinesuedstadt.de\/branchenverzeichnis\/wp-content\/uploads\/2024\/05\/TE08-150x150.jpg\" class=\"attachment-thumbnail size-thumbnail\" alt=\"\" \/><\/a>\n\t\t\t<\/dt><\/dl><br style=\"clear: both\" \/>\n\t\t<\/div>\n\n<p style=\"font-weight: 400;\">Das Tanzstudio in der S\u00fcdstadt ist modern und freundlich ausgestattet und wurde speziell an die Anforderungen des Ballettunterrichts angepasst. Mit professionellen Tanzb\u00f6den und Spiegeln und hochwertigen Ger\u00e4ten werden den Tanzsch\u00fcler:innen optimale Bedingungen geboten, um Techniken zu perfektionieren und sich als T\u00e4nzer weiterzuentwickeln.<\/p>\n<p style=\"font-weight: 400;\">Das gesamte aktuelle Kursprogramm findet Ihr <a href=\"https:\/\/www.tanzetage.de\/ballettschule-koeln\/kursprogramm\" target=\"_blank\" rel=\"noopener\">hier<\/a>.<\/p>\n<h3 style=\"font-weight: 400;\"><strong>Probestunde m\u00f6glich<\/strong><\/h3>\n<p style=\"font-weight: 400;\">Nach Absprache k\u00f6nnt Ihr gern eine Probestunde absolvieren, um selber zu sehen, ob der Tanz bzw. welcher Tanzstil zu Euch passt. F\u00fcr Kinder und Jugendliche ist diese kostenlos, Erwachsene zahlen f\u00fcr die Schnupperstunde 10 Euro. Solltet Ihr Euch danach zu einem Kurs anmelden, entf\u00e4llt die Aufnahmegeb\u00fchr. Auf den Social Media-Kan\u00e4len der Tanzetage bleibt Ihr au\u00dferdem immer auf dem Laufenden, zB wann Aktionswochen oder Auff\u00fchrungen stattfinden.<\/p>\n<p>Titelbild &amp; Bilder im Beitrag: Roland Keusch<\/p>\n","protected":false},"excerpt":{"rendered":"<p>Unter dem Motto &#8222;Jeder Mensch ist ein T\u00e4nzer&#8220; bietet die Tanzetage K\u00f6ln mitten in der S\u00fcdstadt ein umfassendes Portfolio an Tanzkursen an. In den sch\u00f6nen R\u00e4umlichkeiten in der Wormser Stra\u00dfe gibt es f\u00fcr jedes Alter und jede Tanzerfahrung den passenden Kurs! Anf\u00e4nger:innen und Fortgeschrittene sind gleicherma\u00dfen herzlich willkommen! Nach f\u00fcnf Jahren im Pantaleonsviertel findet Ihr [&hellip;]<\/p>\n","protected":false},"author":8,"featured_media":5559,"comment_status":"open","ping_status":"open","sticky":false,"template":"single-partner.php","format":"standard","meta":{"_acf_changed":false,"footnotes":""},"categories":[456,319,192,454,455],"tags":[458,462,461,457,459,460],"class_list":["post-5554","post","type-post","status-publish","format-standard","has-post-thumbnail","hentry","category-ballettschule","category-partner","category-tanzen","category-tanzschule","category-tanzstudio","tag-ballett","tag-contemporary","tag-hiphop","tag-kindertanz","tag-modern-dance","tag-modern-jazz"],"acf":[],"yoast_head":"<!-- This site is optimized with the Yoast SEO plugin v27.4 - https:\/\/yoast.com\/product\/yoast-seo-wordpress\/ -->\n<title>Tanzetage K\u00f6ln - Jeder Mensch ist ein T\u00e4nzer - Meine S\u00fcdstadt<\/title>\n<meta name=\"robots\" content=\"index, follow, max-snippet:-1, max-image-preview:large, max-video-preview:-1\" \/>\n<link rel=\"canonical\" href=\"https:\/\/www.meinesuedstadt.de\/branchenverzeichnis\/tanzetage-koeln-jeder-kann-tanzen-lernen\/\" \/>\n<meta property=\"og:locale\" content=\"de_DE\" \/>\n<meta property=\"og:type\" content=\"article\" \/>\n<meta property=\"og:title\" content=\"Tanzetage K\u00f6ln - Jeder Mensch ist ein T\u00e4nzer - Meine S\u00fcdstadt\" \/>\n<meta property=\"og:description\" content=\"Unter dem Motto &#8222;Jeder Mensch ist ein T\u00e4nzer&#8220; bietet die Tanzetage K\u00f6ln mitten in der S\u00fcdstadt ein umfassendes Portfolio an Tanzkursen an. In den sch\u00f6nen R\u00e4umlichkeiten in der Wormser Stra\u00dfe gibt es f\u00fcr jedes Alter und jede Tanzerfahrung den passenden Kurs! Anf\u00e4nger:innen und Fortgeschrittene sind gleicherma\u00dfen herzlich willkommen! Nach f\u00fcnf Jahren im Pantaleonsviertel findet Ihr [&hellip;]\" \/>\n<meta property=\"og:url\" content=\"https:\/\/www.meinesuedstadt.de\/branchenverzeichnis\/tanzetage-koeln-jeder-kann-tanzen-lernen\/\" \/>\n<meta property=\"og:site_name\" content=\"Meine S\u00fcdstadt\" \/>\n<meta property=\"article:publisher\" content=\"https:\/\/www.facebook.com\/Meinesuedstadt\/\" \/>\n<meta property=\"article:published_time\" content=\"2024-05-30T12:18:53+00:00\" \/>\n<meta property=\"article:modified_time\" content=\"2025-12-22T19:27:56+00:00\" \/>\n<meta property=\"og:image\" content=\"https:\/\/www.meinesuedstadt.de\/branchenverzeichnis\/wp-content\/uploads\/2024\/05\/TETitel-1.jpg\" \/>\n\t<meta property=\"og:image:width\" content=\"1000\" \/>\n\t<meta property=\"og:image:height\" content=\"696\" \/>\n\t<meta property=\"og:image:type\" content=\"image\/jpeg\" \/>\n<meta name=\"author\" content=\"Gaby DeMuirier\" \/>\n<meta name=\"twitter:card\" content=\"summary_large_image\" \/>\n<meta name=\"twitter:creator\" content=\"@meinesuedstadt\" \/>\n<meta name=\"twitter:site\" content=\"@meinesuedstadt\" \/>\n<meta name=\"twitter:label1\" content=\"Verfasst von\" \/>\n\t<meta name=\"twitter:data1\" content=\"Gaby DeMuirier\" \/>\n\t<meta name=\"twitter:label2\" content=\"Gesch\u00e4tzte Lesezeit\" \/>\n\t<meta name=\"twitter:data2\" content=\"4\u00a0Minuten\" \/>\n<script type=\"application\/ld+json\" class=\"yoast-schema-graph\">{\"@context\":\"https:\\\/\\\/schema.org\",\"@graph\":[{\"@type\":\"Article\",\"@id\":\"https:\\\/\\\/www.meinesuedstadt.de\\\/branchenverzeichnis\\\/tanzetage-koeln-jeder-kann-tanzen-lernen\\\/#article\",\"isPartOf\":{\"@id\":\"https:\\\/\\\/www.meinesuedstadt.de\\\/branchenverzeichnis\\\/tanzetage-koeln-jeder-kann-tanzen-lernen\\\/\"},\"author\":{\"name\":\"Gaby DeMuirier\",\"@id\":\"https:\\\/\\\/www.meinesuedstadt.de\\\/branchenverzeichnis\\\/#\\\/schema\\\/person\\\/377f8fd43825f067d14416c974a4d50e\"},\"headline\":\"Tanzetage K\u00f6ln &#8211; Jeder Mensch ist ein T\u00e4nzer\",\"datePublished\":\"2024-05-30T12:18:53+00:00\",\"dateModified\":\"2025-12-22T19:27:56+00:00\",\"mainEntityOfPage\":{\"@id\":\"https:\\\/\\\/www.meinesuedstadt.de\\\/branchenverzeichnis\\\/tanzetage-koeln-jeder-kann-tanzen-lernen\\\/\"},\"wordCount\":667,\"commentCount\":0,\"image\":{\"@id\":\"https:\\\/\\\/www.meinesuedstadt.de\\\/branchenverzeichnis\\\/tanzetage-koeln-jeder-kann-tanzen-lernen\\\/#primaryimage\"},\"thumbnailUrl\":\"https:\\\/\\\/www.meinesuedstadt.de\\\/branchenverzeichnis\\\/wp-content\\\/uploads\\\/2024\\\/05\\\/TETitel-1.jpg\",\"keywords\":[\"Ballett\",\"Contemporary\",\"HipHop\",\"Kindertanz\",\"Modern Dance\",\"Modern Jazz\"],\"articleSection\":[\"Ballettschule\",\"Partner\",\"Tanzen\",\"Tanzschule\",\"Tanzstudio\"],\"inLanguage\":\"de\",\"potentialAction\":[{\"@type\":\"CommentAction\",\"name\":\"Comment\",\"target\":[\"https:\\\/\\\/www.meinesuedstadt.de\\\/branchenverzeichnis\\\/tanzetage-koeln-jeder-kann-tanzen-lernen\\\/#respond\"]}]},{\"@type\":\"WebPage\",\"@id\":\"https:\\\/\\\/www.meinesuedstadt.de\\\/branchenverzeichnis\\\/tanzetage-koeln-jeder-kann-tanzen-lernen\\\/\",\"url\":\"https:\\\/\\\/www.meinesuedstadt.de\\\/branchenverzeichnis\\\/tanzetage-koeln-jeder-kann-tanzen-lernen\\\/\",\"name\":\"Tanzetage K\u00f6ln - Jeder Mensch ist ein T\u00e4nzer - Meine S\u00fcdstadt\",\"isPartOf\":{\"@id\":\"https:\\\/\\\/www.meinesuedstadt.de\\\/branchenverzeichnis\\\/#website\"},\"primaryImageOfPage\":{\"@id\":\"https:\\\/\\\/www.meinesuedstadt.de\\\/branchenverzeichnis\\\/tanzetage-koeln-jeder-kann-tanzen-lernen\\\/#primaryimage\"},\"image\":{\"@id\":\"https:\\\/\\\/www.meinesuedstadt.de\\\/branchenverzeichnis\\\/tanzetage-koeln-jeder-kann-tanzen-lernen\\\/#primaryimage\"},\"thumbnailUrl\":\"https:\\\/\\\/www.meinesuedstadt.de\\\/branchenverzeichnis\\\/wp-content\\\/uploads\\\/2024\\\/05\\\/TETitel-1.jpg\",\"datePublished\":\"2024-05-30T12:18:53+00:00\",\"dateModified\":\"2025-12-22T19:27:56+00:00\",\"author\":{\"@id\":\"https:\\\/\\\/www.meinesuedstadt.de\\\/branchenverzeichnis\\\/#\\\/schema\\\/person\\\/377f8fd43825f067d14416c974a4d50e\"},\"breadcrumb\":{\"@id\":\"https:\\\/\\\/www.meinesuedstadt.de\\\/branchenverzeichnis\\\/tanzetage-koeln-jeder-kann-tanzen-lernen\\\/#breadcrumb\"},\"inLanguage\":\"de\",\"potentialAction\":[{\"@type\":\"ReadAction\",\"target\":[\"https:\\\/\\\/www.meinesuedstadt.de\\\/branchenverzeichnis\\\/tanzetage-koeln-jeder-kann-tanzen-lernen\\\/\"]}]},{\"@type\":\"ImageObject\",\"inLanguage\":\"de\",\"@id\":\"https:\\\/\\\/www.meinesuedstadt.de\\\/branchenverzeichnis\\\/tanzetage-koeln-jeder-kann-tanzen-lernen\\\/#primaryimage\",\"url\":\"https:\\\/\\\/www.meinesuedstadt.de\\\/branchenverzeichnis\\\/wp-content\\\/uploads\\\/2024\\\/05\\\/TETitel-1.jpg\",\"contentUrl\":\"https:\\\/\\\/www.meinesuedstadt.de\\\/branchenverzeichnis\\\/wp-content\\\/uploads\\\/2024\\\/05\\\/TETitel-1.jpg\",\"width\":1000,\"height\":696},{\"@type\":\"BreadcrumbList\",\"@id\":\"https:\\\/\\\/www.meinesuedstadt.de\\\/branchenverzeichnis\\\/tanzetage-koeln-jeder-kann-tanzen-lernen\\\/#breadcrumb\",\"itemListElement\":[{\"@type\":\"ListItem\",\"position\":1,\"name\":\"Startseite\",\"item\":\"https:\\\/\\\/www.meinesuedstadt.de\\\/branchenverzeichnis\\\/\"},{\"@type\":\"ListItem\",\"position\":2,\"name\":\"Tanzetage K\u00f6ln &#8211; Jeder Mensch ist ein T\u00e4nzer\"}]},{\"@type\":\"WebSite\",\"@id\":\"https:\\\/\\\/www.meinesuedstadt.de\\\/branchenverzeichnis\\\/#website\",\"url\":\"https:\\\/\\\/www.meinesuedstadt.de\\\/branchenverzeichnis\\\/\",\"name\":\"Meine S\u00fcdstadt\",\"description\":\"Branchenverzeichnis aus der S\u00fcdstadt K\u00f6lns\",\"potentialAction\":[{\"@type\":\"SearchAction\",\"target\":{\"@type\":\"EntryPoint\",\"urlTemplate\":\"https:\\\/\\\/www.meinesuedstadt.de\\\/branchenverzeichnis\\\/?s={search_term_string}\"},\"query-input\":{\"@type\":\"PropertyValueSpecification\",\"valueRequired\":true,\"valueName\":\"search_term_string\"}}],\"inLanguage\":\"de\"},{\"@type\":\"Person\",\"@id\":\"https:\\\/\\\/www.meinesuedstadt.de\\\/branchenverzeichnis\\\/#\\\/schema\\\/person\\\/377f8fd43825f067d14416c974a4d50e\",\"name\":\"Gaby DeMuirier\",\"image\":{\"@type\":\"ImageObject\",\"inLanguage\":\"de\",\"@id\":\"https:\\\/\\\/secure.gravatar.com\\\/avatar\\\/7ecf9674b7a678a660fcd27242eacb0ec8607a4b99a0a409d6d8141a320a8170?s=96&d=mm&r=g\",\"url\":\"https:\\\/\\\/secure.gravatar.com\\\/avatar\\\/7ecf9674b7a678a660fcd27242eacb0ec8607a4b99a0a409d6d8141a320a8170?s=96&d=mm&r=g\",\"contentUrl\":\"https:\\\/\\\/secure.gravatar.com\\\/avatar\\\/7ecf9674b7a678a660fcd27242eacb0ec8607a4b99a0a409d6d8141a320a8170?s=96&d=mm&r=g\",\"caption\":\"Gaby DeMuirier\"},\"sameAs\":[\"https:\\\/\\\/www.meinesuedstadt.de\"]}]}<\/script>\n<!-- \/ Yoast SEO plugin. -->","yoast_head_json":{"title":"Tanzetage K\u00f6ln - Jeder Mensch ist ein T\u00e4nzer - Meine S\u00fcdstadt","robots":{"index":"index","follow":"follow","max-snippet":"max-snippet:-1","max-image-preview":"max-image-preview:large","max-video-preview":"max-video-preview:-1"},"canonical":"https:\/\/www.meinesuedstadt.de\/branchenverzeichnis\/tanzetage-koeln-jeder-kann-tanzen-lernen\/","og_locale":"de_DE","og_type":"article","og_title":"Tanzetage K\u00f6ln - Jeder Mensch ist ein T\u00e4nzer - Meine S\u00fcdstadt","og_description":"Unter dem Motto &#8222;Jeder Mensch ist ein T\u00e4nzer&#8220; bietet die Tanzetage K\u00f6ln mitten in der S\u00fcdstadt ein umfassendes Portfolio an Tanzkursen an. In den sch\u00f6nen R\u00e4umlichkeiten in der Wormser Stra\u00dfe gibt es f\u00fcr jedes Alter und jede Tanzerfahrung den passenden Kurs! Anf\u00e4nger:innen und Fortgeschrittene sind gleicherma\u00dfen herzlich willkommen! Nach f\u00fcnf Jahren im Pantaleonsviertel findet Ihr [&hellip;]","og_url":"https:\/\/www.meinesuedstadt.de\/branchenverzeichnis\/tanzetage-koeln-jeder-kann-tanzen-lernen\/","og_site_name":"Meine S\u00fcdstadt","article_publisher":"https:\/\/www.facebook.com\/Meinesuedstadt\/","article_published_time":"2024-05-30T12:18:53+00:00","article_modified_time":"2025-12-22T19:27:56+00:00","og_image":[{"width":1000,"height":696,"url":"https:\/\/www.meinesuedstadt.de\/branchenverzeichnis\/wp-content\/uploads\/2024\/05\/TETitel-1.jpg","type":"image\/jpeg"}],"author":"Gaby DeMuirier","twitter_card":"summary_large_image","twitter_creator":"@meinesuedstadt","twitter_site":"@meinesuedstadt","twitter_misc":{"Verfasst von":"Gaby DeMuirier","Gesch\u00e4tzte Lesezeit":"4\u00a0Minuten"},"schema":{"@context":"https:\/\/schema.org","@graph":[{"@type":"Article","@id":"https:\/\/www.meinesuedstadt.de\/branchenverzeichnis\/tanzetage-koeln-jeder-kann-tanzen-lernen\/#article","isPartOf":{"@id":"https:\/\/www.meinesuedstadt.de\/branchenverzeichnis\/tanzetage-koeln-jeder-kann-tanzen-lernen\/"},"author":{"name":"Gaby DeMuirier","@id":"https:\/\/www.meinesuedstadt.de\/branchenverzeichnis\/#\/schema\/person\/377f8fd43825f067d14416c974a4d50e"},"headline":"Tanzetage K\u00f6ln &#8211; Jeder Mensch ist ein T\u00e4nzer","datePublished":"2024-05-30T12:18:53+00:00","dateModified":"2025-12-22T19:27:56+00:00","mainEntityOfPage":{"@id":"https:\/\/www.meinesuedstadt.de\/branchenverzeichnis\/tanzetage-koeln-jeder-kann-tanzen-lernen\/"},"wordCount":667,"commentCount":0,"image":{"@id":"https:\/\/www.meinesuedstadt.de\/branchenverzeichnis\/tanzetage-koeln-jeder-kann-tanzen-lernen\/#primaryimage"},"thumbnailUrl":"https:\/\/www.meinesuedstadt.de\/branchenverzeichnis\/wp-content\/uploads\/2024\/05\/TETitel-1.jpg","keywords":["Ballett","Contemporary","HipHop","Kindertanz","Modern Dance","Modern Jazz"],"articleSection":["Ballettschule","Partner","Tanzen","Tanzschule","Tanzstudio"],"inLanguage":"de","potentialAction":[{"@type":"CommentAction","name":"Comment","target":["https:\/\/www.meinesuedstadt.de\/branchenverzeichnis\/tanzetage-koeln-jeder-kann-tanzen-lernen\/#respond"]}]},{"@type":"WebPage","@id":"https:\/\/www.meinesuedstadt.de\/branchenverzeichnis\/tanzetage-koeln-jeder-kann-tanzen-lernen\/","url":"https:\/\/www.meinesuedstadt.de\/branchenverzeichnis\/tanzetage-koeln-jeder-kann-tanzen-lernen\/","name":"Tanzetage K\u00f6ln - Jeder Mensch ist ein T\u00e4nzer - Meine S\u00fcdstadt","isPartOf":{"@id":"https:\/\/www.meinesuedstadt.de\/branchenverzeichnis\/#website"},"primaryImageOfPage":{"@id":"https:\/\/www.meinesuedstadt.de\/branchenverzeichnis\/tanzetage-koeln-jeder-kann-tanzen-lernen\/#primaryimage"},"image":{"@id":"https:\/\/www.meinesuedstadt.de\/branchenverzeichnis\/tanzetage-koeln-jeder-kann-tanzen-lernen\/#primaryimage"},"thumbnailUrl":"https:\/\/www.meinesuedstadt.de\/branchenverzeichnis\/wp-content\/uploads\/2024\/05\/TETitel-1.jpg","datePublished":"2024-05-30T12:18:53+00:00","dateModified":"2025-12-22T19:27:56+00:00","author":{"@id":"https:\/\/www.meinesuedstadt.de\/branchenverzeichnis\/#\/schema\/person\/377f8fd43825f067d14416c974a4d50e"},"breadcrumb":{"@id":"https:\/\/www.meinesuedstadt.de\/branchenverzeichnis\/tanzetage-koeln-jeder-kann-tanzen-lernen\/#breadcrumb"},"inLanguage":"de","potentialAction":[{"@type":"ReadAction","target":["https:\/\/www.meinesuedstadt.de\/branchenverzeichnis\/tanzetage-koeln-jeder-kann-tanzen-lernen\/"]}]},{"@type":"ImageObject","inLanguage":"de","@id":"https:\/\/www.meinesuedstadt.de\/branchenverzeichnis\/tanzetage-koeln-jeder-kann-tanzen-lernen\/#primaryimage","url":"https:\/\/www.meinesuedstadt.de\/branchenverzeichnis\/wp-content\/uploads\/2024\/05\/TETitel-1.jpg","contentUrl":"https:\/\/www.meinesuedstadt.de\/branchenverzeichnis\/wp-content\/uploads\/2024\/05\/TETitel-1.jpg","width":1000,"height":696},{"@type":"BreadcrumbList","@id":"https:\/\/www.meinesuedstadt.de\/branchenverzeichnis\/tanzetage-koeln-jeder-kann-tanzen-lernen\/#breadcrumb","itemListElement":[{"@type":"ListItem","position":1,"name":"Startseite","item":"https:\/\/www.meinesuedstadt.de\/branchenverzeichnis\/"},{"@type":"ListItem","position":2,"name":"Tanzetage K\u00f6ln &#8211; Jeder Mensch ist ein T\u00e4nzer"}]},{"@type":"WebSite","@id":"https:\/\/www.meinesuedstadt.de\/branchenverzeichnis\/#website","url":"https:\/\/www.meinesuedstadt.de\/branchenverzeichnis\/","name":"Meine S\u00fcdstadt","description":"Branchenverzeichnis aus der S\u00fcdstadt K\u00f6lns","potentialAction":[{"@type":"SearchAction","target":{"@type":"EntryPoint","urlTemplate":"https:\/\/www.meinesuedstadt.de\/branchenverzeichnis\/?s={search_term_string}"},"query-input":{"@type":"PropertyValueSpecification","valueRequired":true,"valueName":"search_term_string"}}],"inLanguage":"de"},{"@type":"Person","@id":"https:\/\/www.meinesuedstadt.de\/branchenverzeichnis\/#\/schema\/person\/377f8fd43825f067d14416c974a4d50e","name":"Gaby DeMuirier","image":{"@type":"ImageObject","inLanguage":"de","@id":"https:\/\/secure.gravatar.com\/avatar\/7ecf9674b7a678a660fcd27242eacb0ec8607a4b99a0a409d6d8141a320a8170?s=96&d=mm&r=g","url":"https:\/\/secure.gravatar.com\/avatar\/7ecf9674b7a678a660fcd27242eacb0ec8607a4b99a0a409d6d8141a320a8170?s=96&d=mm&r=g","contentUrl":"https:\/\/secure.gravatar.com\/avatar\/7ecf9674b7a678a660fcd27242eacb0ec8607a4b99a0a409d6d8141a320a8170?s=96&d=mm&r=g","caption":"Gaby DeMuirier"},"sameAs":["https:\/\/www.meinesuedstadt.de"]}]}},"priority":"1","metaAddress":"Wormser Stra\u00dfe 51, 50677 K\u00f6ln","_links":{"self":[{"href":"https:\/\/www.meinesuedstadt.de\/branchenverzeichnis\/wp-json\/wp\/v2\/posts\/5554","targetHints":{"allow":["GET"]}}],"collection":[{"href":"https:\/\/www.meinesuedstadt.de\/branchenverzeichnis\/wp-json\/wp\/v2\/posts"}],"about":[{"href":"https:\/\/www.meinesuedstadt.de\/branchenverzeichnis\/wp-json\/wp\/v2\/types\/post"}],"author":[{"embeddable":true,"href":"https:\/\/www.meinesuedstadt.de\/branchenverzeichnis\/wp-json\/wp\/v2\/users\/8"}],"replies":[{"embeddable":true,"href":"https:\/\/www.meinesuedstadt.de\/branchenverzeichnis\/wp-json\/wp\/v2\/comments?post=5554"}],"version-history":[{"count":16,"href":"https:\/\/www.meinesuedstadt.de\/branchenverzeichnis\/wp-json\/wp\/v2\/posts\/5554\/revisions"}],"predecessor-version":[{"id":6020,"href":"https:\/\/www.meinesuedstadt.de\/branchenverzeichnis\/wp-json\/wp\/v2\/posts\/5554\/revisions\/6020"}],"wp:featuredmedia":[{"embeddable":true,"href":"https:\/\/www.meinesuedstadt.de\/branchenverzeichnis\/wp-json\/wp\/v2\/media\/5559"}],"wp:attachment":[{"href":"https:\/\/www.meinesuedstadt.de\/branchenverzeichnis\/wp-json\/wp\/v2\/media?parent=5554"}],"wp:term":[{"taxonomy":"category","embeddable":true,"href":"https:\/\/www.meinesuedstadt.de\/branchenverzeichnis\/wp-json\/wp\/v2\/categories?post=5554"},{"taxonomy":"post_tag","embeddable":true,"href":"https:\/\/www.meinesuedstadt.de\/branchenverzeichnis\/wp-json\/wp\/v2\/tags?post=5554"}],"curies":[{"name":"wp","href":"https:\/\/api.w.org\/{rel}","templated":true}]}}