{"id":5601,"date":"2024-07-13T14:40:30","date_gmt":"2024-07-13T12:40:30","guid":{"rendered":"https:\/\/www.meinesuedstadt.de\/branchenverzeichnis\/?p=5601"},"modified":"2025-11-09T13:17:01","modified_gmt":"2025-11-09T12:17:01","slug":"living-mindfulness-achtsamkeitskurse-mit-olaf-schumann","status":"publish","type":"post","link":"https:\/\/www.meinesuedstadt.de\/branchenverzeichnis\/living-mindfulness-achtsamkeitskurse-mit-olaf-schumann\/","title":{"rendered":"Living Mindfulness &#8211; mit Achtsamkeit durchs Leben"},"content":{"rendered":"<div class=\"et_pb_column et_pb_column_1_2 et_pb_column_6 et_pb_css_mix_blend_mode_passthrough\">\n<div class=\"et_pb_module et_pb_text et_pb_text_3 et_pb_text_align_left et_pb_bg_layout_light\">\n<div class=\"et_pb_text_inner\">\n<p>Zahlreiche Situationen oder Erlebnisse im privaten sowie beruflichen Leben eines Menschen k\u00f6nnen zu Stress und \u00c4ngsten f\u00fchren. Euer K\u00f6rper reagiert mit Ersch\u00f6pfung, Niedergeschlagenheit oder Depression. Viele f\u00fchlen sich dann unausgeglichen oder gereizt. Als Folge k\u00f6nnen sich zus\u00e4tzlich chronische, akute oder psychosomatische Erkrankungen einstellen.<\/p>\n<h2><b>Achtsamer und bewusster durch den Alltag gehen<\/b><\/h2>\n<p>Mit dem Stressbew\u00e4ltigungsprogramm Living Mindfulness m\u00f6chte Olaf Schumann mehr Achtsamkeit in Euer Leben bringen. Der ausgebildete Achtsamkeitscoach zeigt Euch in dem 8-Wochen-Kurs, wie Ihr mit t\u00e4glichen, einfachen und kurzen \u00dcbungen gegen Euren Stress angehen k\u00f6nnt. Living Mindfulness basiert auf den bew\u00e4hrten Methoden MBSR (Achtsamkeitsbasierte Stressreduktion), MSC (Achtsames Selbstmitgef\u00fchl) und MBCT (Achtsamkeitsbasierte Kognitive Therapie), wurde jedoch extra f\u00fcr Menschen konzipiert, die im Alltag\u00a0wenig Zeit f\u00fcr Achtsamkeitspraxis\u00a0haben. Die Wirksamkeit wurde von der Universit\u00e4t K\u00f6ln wissenschaftlich best\u00e4tigt.<\/p>\n<p>\u201eIch kann den Stress nicht ausschalten, aber den Teilnehmenden beibringen, wie sie ges\u00fcnder damit umgehen k\u00f6nnen\u201c, sagt der Achtsamkeitscoach.<\/p>\n<h3><b>N\u00e4chster Kursstart schon bald<\/b><\/h3>\n<p>Der n\u00e4chste Kurs startet am 5. September und findet jeden Donnerstag bis 31. Oktober (jeweils 20.15 \u2013 21.30 Uhr) statt. In diesem 8-Wochen-Kurs erwarten die Teilnehmenden (Anf\u00e4nger und Fortgeschrittene, max. 12 Teilnehmende) gef\u00fchrte Meditationen, themenbezogene Vortr\u00e4ge, Reflexion und Austausch in der Gruppe sowie Anleitungen und Ideen f\u00fcr die Integration von Achtsamkeit in den Alltag. Das Kurskonzept sieht jeweils eine t\u00e4gliche 12-min\u00fctige Meditation vor, die in den w\u00f6chentlichen Einheiten einge\u00fcbt und in der Gruppe reflektiert wird. In den Kursgeb\u00fchren (250 Euro) sind auch umfangreiche Kursunterlagen, und Audiodateien aller Meditationen enthalten. Mit einem \u00fcberschaubaren t\u00e4glichen Zeitaufwand von insgesamt etwa 20 Minuten f\u00fcr die eigene Praxis im Alltag l\u00e4sst sich mehr Kontrolle in stressigen Situationen (beruflich und privat) behalten. Vor dem Kursstart m\u00f6chte Olaf in einem ausf\u00fchrlichen telefonischen Vorgespr\u00e4ch schon mal die pers\u00f6nlichen \u201eBaustellen\u201c und Probleme besprechen. Kursort sind die gem\u00fctlichen R\u00e4ume der MUSIKFAKTUR, Alteburger Wall 23, 50678 K\u00f6ln-S\u00fcdstadt.<\/p>\n\n\t\t<style type=\"text\/css\">\n\t\t\t#gallery-1 {\n\t\t\t\tmargin: auto;\n\t\t\t}\n\t\t\t#gallery-1 .gallery-item {\n\t\t\t\tfloat: left;\n\t\t\t\tmargin-top: 10px;\n\t\t\t\ttext-align: center;\n\t\t\t\twidth: 25%;\n\t\t\t}\n\t\t\t#gallery-1 img {\n\t\t\t\tborder: 2px solid #cfcfcf;\n\t\t\t}\n\t\t\t#gallery-1 .gallery-caption {\n\t\t\t\tmargin-left: 0;\n\t\t\t}\n\t\t\t\/* see gallery_shortcode() in wp-includes\/media.php *\/\n\t\t<\/style>\n\t\t<div id='gallery-1' class='gallery galleryid-5601 gallery-columns-4 gallery-size-thumbnail'><dl class='gallery-item'>\n\t\t\t<dt class='gallery-icon landscape'>\n\t\t\t\t<a href='https:\/\/www.meinesuedstadt.de\/branchenverzeichnis\/wp-content\/uploads\/2024\/07\/Olaf_ersatz.jpg' title=\"\" data-rl_title=\"\" class=\"rl-gallery-link\" data-rl_caption=\"\" data-rel=\"lightbox-gallery-1\"><img loading=\"lazy\" decoding=\"async\" width=\"150\" height=\"150\" src=\"https:\/\/www.meinesuedstadt.de\/branchenverzeichnis\/wp-content\/uploads\/2024\/07\/Olaf_ersatz-150x150.jpg\" class=\"attachment-thumbnail size-thumbnail\" alt=\"\" \/><\/a>\n\t\t\t<\/dt><\/dl><dl class='gallery-item'>\n\t\t\t<dt class='gallery-icon portrait'>\n\t\t\t\t<a href='https:\/\/www.meinesuedstadt.de\/branchenverzeichnis\/wp-content\/uploads\/2024\/07\/Olaf6.jpg' title=\"\" data-rl_title=\"\" class=\"rl-gallery-link\" data-rl_caption=\"\" data-rel=\"lightbox-gallery-1\"><img loading=\"lazy\" decoding=\"async\" width=\"150\" height=\"150\" src=\"https:\/\/www.meinesuedstadt.de\/branchenverzeichnis\/wp-content\/uploads\/2024\/07\/Olaf6-150x150.jpg\" class=\"attachment-thumbnail size-thumbnail\" alt=\"\" \/><\/a>\n\t\t\t<\/dt><\/dl><dl class='gallery-item'>\n\t\t\t<dt class='gallery-icon portrait'>\n\t\t\t\t<a href='https:\/\/www.meinesuedstadt.de\/branchenverzeichnis\/wp-content\/uploads\/2024\/07\/olaf4-1.jpg' title=\"\" data-rl_title=\"\" class=\"rl-gallery-link\" data-rl_caption=\"\" data-rel=\"lightbox-gallery-1\"><img loading=\"lazy\" decoding=\"async\" width=\"150\" height=\"150\" src=\"https:\/\/www.meinesuedstadt.de\/branchenverzeichnis\/wp-content\/uploads\/2024\/07\/olaf4-1-150x150.jpg\" class=\"attachment-thumbnail size-thumbnail\" alt=\"\" \/><\/a>\n\t\t\t<\/dt><\/dl><dl class='gallery-item'>\n\t\t\t<dt class='gallery-icon portrait'>\n\t\t\t\t<a href='https:\/\/www.meinesuedstadt.de\/branchenverzeichnis\/wp-content\/uploads\/2024\/07\/Olaf3-1.jpg' title=\"\" data-rl_title=\"\" class=\"rl-gallery-link\" data-rl_caption=\"\" data-rel=\"lightbox-gallery-1\"><img loading=\"lazy\" decoding=\"async\" width=\"150\" height=\"150\" src=\"https:\/\/www.meinesuedstadt.de\/branchenverzeichnis\/wp-content\/uploads\/2024\/07\/Olaf3-1-150x150.jpg\" class=\"attachment-thumbnail size-thumbnail\" alt=\"\" \/><\/a>\n\t\t\t<\/dt><\/dl><br style=\"clear: both\" \/>\n\t\t<\/div>\n\n<h3><b>Ich mag es, wenn es <\/b><b>meinen<\/b><b> <\/b><b>Mitm<\/b><b>enschen gut geht<\/b><\/h3>\n<p>Im Jahr 2023 hat der gelernte Medienkaufmann und Wirtschaftsjournalist die Ausbildung zum Achtsamkeitscoach erfolgreich gemeistert und direkt mit seinen ersten Achtsamkeitskursen begonnen. Teil der Ausbildung war unter anderem, selber einen Kurs zu entwickeln und durchzuf\u00fchren. Sein ehrenamtliches Engagement als Chorleiter seit 35 Jahren hilft ihm dabei, einf\u00fchlsam und respektvoll eine Gruppe zu f\u00fchren und den Teilnehmenden mit verschiedenen Tools zu zeigen, wie sie besser mit dem Stress im Alltag umgehen k\u00f6nnen. Olaf leitet diese Kurse mit voller Leidenschaft und einer Prise Humor und gibt viele hilfreiche Werkzeuge mit an die Hand.<\/p>\n<h3><b>Staying <\/b><b>M<\/b><b>indful Club<\/b><\/h3>\n<p>Seit neuestem bietet Olaf Schumann zudem den Staying Mindful Club f\u00fcr ehemalige Kursteilnehmende an, um diese bei Bedarf weiter in ihrer Achtsamkeitspraxis zu begleiten. Die \u201eClubmitgliedschaft\u201c beinhaltet\u00a0 f\u00fcr die Mitglieder einen regelm\u00e4\u00dfigen Austausch, Anregungen f\u00fcr kleine \u00dcbungen sowie ein Treffen pro Monat.<\/p>\n\n\t\t<style type=\"text\/css\">\n\t\t\t#gallery-2 {\n\t\t\t\tmargin: auto;\n\t\t\t}\n\t\t\t#gallery-2 .gallery-item {\n\t\t\t\tfloat: left;\n\t\t\t\tmargin-top: 10px;\n\t\t\t\ttext-align: center;\n\t\t\t\twidth: 25%;\n\t\t\t}\n\t\t\t#gallery-2 img {\n\t\t\t\tborder: 2px solid #cfcfcf;\n\t\t\t}\n\t\t\t#gallery-2 .gallery-caption {\n\t\t\t\tmargin-left: 0;\n\t\t\t}\n\t\t\t\/* see gallery_shortcode() in wp-includes\/media.php *\/\n\t\t<\/style>\n\t\t<div id='gallery-2' class='gallery galleryid-5601 gallery-columns-4 gallery-size-thumbnail'><dl class='gallery-item'>\n\t\t\t<dt class='gallery-icon landscape'>\n\t\t\t\t<a href='https:\/\/www.meinesuedstadt.de\/branchenverzeichnis\/wp-content\/uploads\/2024\/07\/Olaf-20240813_101535.jpg' title=\"\" data-rl_title=\"\" class=\"rl-gallery-link\" data-rl_caption=\"\" data-rel=\"lightbox-gallery-2\"><img loading=\"lazy\" decoding=\"async\" width=\"150\" height=\"150\" src=\"https:\/\/www.meinesuedstadt.de\/branchenverzeichnis\/wp-content\/uploads\/2024\/07\/Olaf-20240813_101535-150x150.jpg\" class=\"attachment-thumbnail size-thumbnail\" alt=\"\" \/><\/a>\n\t\t\t<\/dt><\/dl><dl class='gallery-item'>\n\t\t\t<dt class='gallery-icon portrait'>\n\t\t\t\t<a href='https:\/\/www.meinesuedstadt.de\/branchenverzeichnis\/wp-content\/uploads\/2024\/07\/Olaf-20240813_100513.jpg' title=\"\" data-rl_title=\"\" class=\"rl-gallery-link\" data-rl_caption=\"\" data-rel=\"lightbox-gallery-2\"><img loading=\"lazy\" decoding=\"async\" width=\"150\" height=\"150\" src=\"https:\/\/www.meinesuedstadt.de\/branchenverzeichnis\/wp-content\/uploads\/2024\/07\/Olaf-20240813_100513-150x150.jpg\" class=\"attachment-thumbnail size-thumbnail\" alt=\"\" \/><\/a>\n\t\t\t<\/dt><\/dl><dl class='gallery-item'>\n\t\t\t<dt class='gallery-icon landscape'>\n\t\t\t\t<a href='https:\/\/www.meinesuedstadt.de\/branchenverzeichnis\/wp-content\/uploads\/2024\/07\/Olaf-Kefalonia.jpg' title=\"\" data-rl_title=\"\" class=\"rl-gallery-link\" data-rl_caption=\"\" data-rel=\"lightbox-gallery-2\"><img loading=\"lazy\" decoding=\"async\" width=\"150\" height=\"150\" src=\"https:\/\/www.meinesuedstadt.de\/branchenverzeichnis\/wp-content\/uploads\/2024\/07\/Olaf-Kefalonia-150x150.jpg\" class=\"attachment-thumbnail size-thumbnail\" alt=\"\" \/><\/a>\n\t\t\t<\/dt><\/dl><dl class='gallery-item'>\n\t\t\t<dt class='gallery-icon landscape'>\n\t\t\t\t<a href='https:\/\/www.meinesuedstadt.de\/branchenverzeichnis\/wp-content\/uploads\/2024\/07\/Olaf-Namibia-10-13-034.jpg' title=\"\" data-rl_title=\"\" class=\"rl-gallery-link\" data-rl_caption=\"\" data-rel=\"lightbox-gallery-2\"><img loading=\"lazy\" decoding=\"async\" width=\"150\" height=\"150\" src=\"https:\/\/www.meinesuedstadt.de\/branchenverzeichnis\/wp-content\/uploads\/2024\/07\/Olaf-Namibia-10-13-034-150x150.jpg\" class=\"attachment-thumbnail size-thumbnail\" alt=\"\" \/><\/a>\n\t\t\t<\/dt><\/dl><br style=\"clear: both\" \/>\n\t\t<\/div>\n\n<h3><b>Schnupperworkshop im November<\/b><\/h3>\n<p>Wem der Kursstart am 5. September zu kurzfristig ist, sollte sich den 30. November im Kalender rot markieren. Unter dem Motto \u201eEin guter Tag &#8211; Wie Achtsamkeit Dein Leben ver\u00e4ndern kann\u201c k\u00f6nnt Ihr Euch in 1,5 Stunden ein Bild machen, was genau Living Mindfulness ist und wie Olaf als Achtsamkeitscoach arbeitet. Die Reservierungsgeb\u00fchr in H\u00f6he von 10 Euro wird bei Buchung eines der folgenden 8-Wochen-Kurse im Jahr 2025 auf die Kursgeb\u00fchr angerechnet.<\/p>\n<\/div>\n<\/div>\n<\/div>\n","protected":false},"excerpt":{"rendered":"<p>Zahlreiche Situationen oder Erlebnisse im privaten sowie beruflichen Leben eines Menschen k\u00f6nnen zu Stress und \u00c4ngsten f\u00fchren. Euer K\u00f6rper reagiert mit Ersch\u00f6pfung, Niedergeschlagenheit oder Depression. Viele f\u00fchlen sich dann unausgeglichen oder gereizt. Als Folge k\u00f6nnen sich zus\u00e4tzlich chronische, akute oder psychosomatische Erkrankungen einstellen. Achtsamer und bewusster durch den Alltag gehen Mit dem Stressbew\u00e4ltigungsprogramm Living Mindfulness [&hellip;]<\/p>\n","protected":false},"author":8,"featured_media":5610,"comment_status":"open","ping_status":"open","sticky":false,"template":"","format":"standard","meta":{"_acf_changed":false,"footnotes":""},"categories":[417,1],"tags":[418,438,464],"class_list":["post-5601","post","type-post","status-publish","format-standard","has-post-thumbnail","hentry","category-achtsamkeit","category-sonstiges","tag-achtsamkeit","tag-coaching","tag-consulting"],"acf":[],"yoast_head":"<!-- This site is optimized with the Yoast SEO plugin v27.4 - https:\/\/yoast.com\/product\/yoast-seo-wordpress\/ -->\n<title>Living Mindfulness - mit Achtsamkeit durchs Leben - Meine S\u00fcdstadt<\/title>\n<meta name=\"robots\" content=\"index, follow, max-snippet:-1, max-image-preview:large, max-video-preview:-1\" \/>\n<link rel=\"canonical\" href=\"https:\/\/www.meinesuedstadt.de\/branchenverzeichnis\/living-mindfulness-achtsamkeitskurse-mit-olaf-schumann\/\" \/>\n<meta property=\"og:locale\" content=\"de_DE\" \/>\n<meta property=\"og:type\" content=\"article\" \/>\n<meta property=\"og:title\" content=\"Living Mindfulness - mit Achtsamkeit durchs Leben - Meine S\u00fcdstadt\" \/>\n<meta property=\"og:description\" content=\"Zahlreiche Situationen oder Erlebnisse im privaten sowie beruflichen Leben eines Menschen k\u00f6nnen zu Stress und \u00c4ngsten f\u00fchren. Euer K\u00f6rper reagiert mit Ersch\u00f6pfung, Niedergeschlagenheit oder Depression. Viele f\u00fchlen sich dann unausgeglichen oder gereizt. Als Folge k\u00f6nnen sich zus\u00e4tzlich chronische, akute oder psychosomatische Erkrankungen einstellen. Achtsamer und bewusster durch den Alltag gehen Mit dem Stressbew\u00e4ltigungsprogramm Living Mindfulness [&hellip;]\" \/>\n<meta property=\"og:url\" content=\"https:\/\/www.meinesuedstadt.de\/branchenverzeichnis\/living-mindfulness-achtsamkeitskurse-mit-olaf-schumann\/\" \/>\n<meta property=\"og:site_name\" content=\"Meine S\u00fcdstadt\" \/>\n<meta property=\"article:publisher\" content=\"https:\/\/www.facebook.com\/Meinesuedstadt\/\" \/>\n<meta property=\"article:published_time\" content=\"2024-07-13T12:40:30+00:00\" \/>\n<meta property=\"article:modified_time\" content=\"2025-11-09T12:17:01+00:00\" \/>\n<meta property=\"og:image\" content=\"https:\/\/www.meinesuedstadt.de\/branchenverzeichnis\/wp-content\/uploads\/2024\/07\/20240713_132923-1.jpg\" \/>\n\t<meta property=\"og:image:width\" content=\"800\" \/>\n\t<meta property=\"og:image:height\" content=\"450\" \/>\n\t<meta property=\"og:image:type\" content=\"image\/jpeg\" \/>\n<meta name=\"author\" content=\"Gaby DeMuirier\" \/>\n<meta name=\"twitter:card\" content=\"summary_large_image\" \/>\n<meta name=\"twitter:creator\" content=\"@meinesuedstadt\" \/>\n<meta name=\"twitter:site\" content=\"@meinesuedstadt\" \/>\n<meta name=\"twitter:label1\" content=\"Verfasst von\" \/>\n\t<meta name=\"twitter:data1\" content=\"Gaby DeMuirier\" \/>\n\t<meta name=\"twitter:label2\" content=\"Gesch\u00e4tzte Lesezeit\" \/>\n\t<meta name=\"twitter:data2\" content=\"4\u00a0Minuten\" \/>\n<script type=\"application\/ld+json\" class=\"yoast-schema-graph\">{\"@context\":\"https:\\\/\\\/schema.org\",\"@graph\":[{\"@type\":\"Article\",\"@id\":\"https:\\\/\\\/www.meinesuedstadt.de\\\/branchenverzeichnis\\\/living-mindfulness-achtsamkeitskurse-mit-olaf-schumann\\\/#article\",\"isPartOf\":{\"@id\":\"https:\\\/\\\/www.meinesuedstadt.de\\\/branchenverzeichnis\\\/living-mindfulness-achtsamkeitskurse-mit-olaf-schumann\\\/\"},\"author\":{\"name\":\"Gaby DeMuirier\",\"@id\":\"https:\\\/\\\/www.meinesuedstadt.de\\\/branchenverzeichnis\\\/#\\\/schema\\\/person\\\/377f8fd43825f067d14416c974a4d50e\"},\"headline\":\"Living Mindfulness &#8211; mit Achtsamkeit durchs Leben\",\"datePublished\":\"2024-07-13T12:40:30+00:00\",\"dateModified\":\"2025-11-09T12:17:01+00:00\",\"mainEntityOfPage\":{\"@id\":\"https:\\\/\\\/www.meinesuedstadt.de\\\/branchenverzeichnis\\\/living-mindfulness-achtsamkeitskurse-mit-olaf-schumann\\\/\"},\"wordCount\":572,\"commentCount\":0,\"image\":{\"@id\":\"https:\\\/\\\/www.meinesuedstadt.de\\\/branchenverzeichnis\\\/living-mindfulness-achtsamkeitskurse-mit-olaf-schumann\\\/#primaryimage\"},\"thumbnailUrl\":\"https:\\\/\\\/www.meinesuedstadt.de\\\/branchenverzeichnis\\\/wp-content\\\/uploads\\\/2024\\\/07\\\/20240713_132923-1.jpg\",\"keywords\":[\"Achtsamkeit\",\"Coaching\",\"Consulting\"],\"articleSection\":[\"Achtsamkeit\",\"Sonstiges\"],\"inLanguage\":\"de\",\"potentialAction\":[{\"@type\":\"CommentAction\",\"name\":\"Comment\",\"target\":[\"https:\\\/\\\/www.meinesuedstadt.de\\\/branchenverzeichnis\\\/living-mindfulness-achtsamkeitskurse-mit-olaf-schumann\\\/#respond\"]}]},{\"@type\":\"WebPage\",\"@id\":\"https:\\\/\\\/www.meinesuedstadt.de\\\/branchenverzeichnis\\\/living-mindfulness-achtsamkeitskurse-mit-olaf-schumann\\\/\",\"url\":\"https:\\\/\\\/www.meinesuedstadt.de\\\/branchenverzeichnis\\\/living-mindfulness-achtsamkeitskurse-mit-olaf-schumann\\\/\",\"name\":\"Living Mindfulness - mit Achtsamkeit durchs Leben - Meine S\u00fcdstadt\",\"isPartOf\":{\"@id\":\"https:\\\/\\\/www.meinesuedstadt.de\\\/branchenverzeichnis\\\/#website\"},\"primaryImageOfPage\":{\"@id\":\"https:\\\/\\\/www.meinesuedstadt.de\\\/branchenverzeichnis\\\/living-mindfulness-achtsamkeitskurse-mit-olaf-schumann\\\/#primaryimage\"},\"image\":{\"@id\":\"https:\\\/\\\/www.meinesuedstadt.de\\\/branchenverzeichnis\\\/living-mindfulness-achtsamkeitskurse-mit-olaf-schumann\\\/#primaryimage\"},\"thumbnailUrl\":\"https:\\\/\\\/www.meinesuedstadt.de\\\/branchenverzeichnis\\\/wp-content\\\/uploads\\\/2024\\\/07\\\/20240713_132923-1.jpg\",\"datePublished\":\"2024-07-13T12:40:30+00:00\",\"dateModified\":\"2025-11-09T12:17:01+00:00\",\"author\":{\"@id\":\"https:\\\/\\\/www.meinesuedstadt.de\\\/branchenverzeichnis\\\/#\\\/schema\\\/person\\\/377f8fd43825f067d14416c974a4d50e\"},\"breadcrumb\":{\"@id\":\"https:\\\/\\\/www.meinesuedstadt.de\\\/branchenverzeichnis\\\/living-mindfulness-achtsamkeitskurse-mit-olaf-schumann\\\/#breadcrumb\"},\"inLanguage\":\"de\",\"potentialAction\":[{\"@type\":\"ReadAction\",\"target\":[\"https:\\\/\\\/www.meinesuedstadt.de\\\/branchenverzeichnis\\\/living-mindfulness-achtsamkeitskurse-mit-olaf-schumann\\\/\"]}]},{\"@type\":\"ImageObject\",\"inLanguage\":\"de\",\"@id\":\"https:\\\/\\\/www.meinesuedstadt.de\\\/branchenverzeichnis\\\/living-mindfulness-achtsamkeitskurse-mit-olaf-schumann\\\/#primaryimage\",\"url\":\"https:\\\/\\\/www.meinesuedstadt.de\\\/branchenverzeichnis\\\/wp-content\\\/uploads\\\/2024\\\/07\\\/20240713_132923-1.jpg\",\"contentUrl\":\"https:\\\/\\\/www.meinesuedstadt.de\\\/branchenverzeichnis\\\/wp-content\\\/uploads\\\/2024\\\/07\\\/20240713_132923-1.jpg\",\"width\":800,\"height\":450},{\"@type\":\"BreadcrumbList\",\"@id\":\"https:\\\/\\\/www.meinesuedstadt.de\\\/branchenverzeichnis\\\/living-mindfulness-achtsamkeitskurse-mit-olaf-schumann\\\/#breadcrumb\",\"itemListElement\":[{\"@type\":\"ListItem\",\"position\":1,\"name\":\"Startseite\",\"item\":\"https:\\\/\\\/www.meinesuedstadt.de\\\/branchenverzeichnis\\\/\"},{\"@type\":\"ListItem\",\"position\":2,\"name\":\"Living Mindfulness &#8211; mit Achtsamkeit durchs Leben\"}]},{\"@type\":\"WebSite\",\"@id\":\"https:\\\/\\\/www.meinesuedstadt.de\\\/branchenverzeichnis\\\/#website\",\"url\":\"https:\\\/\\\/www.meinesuedstadt.de\\\/branchenverzeichnis\\\/\",\"name\":\"Meine S\u00fcdstadt\",\"description\":\"Branchenverzeichnis aus der S\u00fcdstadt K\u00f6lns\",\"potentialAction\":[{\"@type\":\"SearchAction\",\"target\":{\"@type\":\"EntryPoint\",\"urlTemplate\":\"https:\\\/\\\/www.meinesuedstadt.de\\\/branchenverzeichnis\\\/?s={search_term_string}\"},\"query-input\":{\"@type\":\"PropertyValueSpecification\",\"valueRequired\":true,\"valueName\":\"search_term_string\"}}],\"inLanguage\":\"de\"},{\"@type\":\"Person\",\"@id\":\"https:\\\/\\\/www.meinesuedstadt.de\\\/branchenverzeichnis\\\/#\\\/schema\\\/person\\\/377f8fd43825f067d14416c974a4d50e\",\"name\":\"Gaby DeMuirier\",\"image\":{\"@type\":\"ImageObject\",\"inLanguage\":\"de\",\"@id\":\"https:\\\/\\\/secure.gravatar.com\\\/avatar\\\/7ecf9674b7a678a660fcd27242eacb0ec8607a4b99a0a409d6d8141a320a8170?s=96&d=mm&r=g\",\"url\":\"https:\\\/\\\/secure.gravatar.com\\\/avatar\\\/7ecf9674b7a678a660fcd27242eacb0ec8607a4b99a0a409d6d8141a320a8170?s=96&d=mm&r=g\",\"contentUrl\":\"https:\\\/\\\/secure.gravatar.com\\\/avatar\\\/7ecf9674b7a678a660fcd27242eacb0ec8607a4b99a0a409d6d8141a320a8170?s=96&d=mm&r=g\",\"caption\":\"Gaby DeMuirier\"},\"sameAs\":[\"https:\\\/\\\/www.meinesuedstadt.de\"]}]}<\/script>\n<!-- \/ Yoast SEO plugin. -->","yoast_head_json":{"title":"Living Mindfulness - mit Achtsamkeit durchs Leben - Meine S\u00fcdstadt","robots":{"index":"index","follow":"follow","max-snippet":"max-snippet:-1","max-image-preview":"max-image-preview:large","max-video-preview":"max-video-preview:-1"},"canonical":"https:\/\/www.meinesuedstadt.de\/branchenverzeichnis\/living-mindfulness-achtsamkeitskurse-mit-olaf-schumann\/","og_locale":"de_DE","og_type":"article","og_title":"Living Mindfulness - mit Achtsamkeit durchs Leben - Meine S\u00fcdstadt","og_description":"Zahlreiche Situationen oder Erlebnisse im privaten sowie beruflichen Leben eines Menschen k\u00f6nnen zu Stress und \u00c4ngsten f\u00fchren. Euer K\u00f6rper reagiert mit Ersch\u00f6pfung, Niedergeschlagenheit oder Depression. Viele f\u00fchlen sich dann unausgeglichen oder gereizt. Als Folge k\u00f6nnen sich zus\u00e4tzlich chronische, akute oder psychosomatische Erkrankungen einstellen. Achtsamer und bewusster durch den Alltag gehen Mit dem Stressbew\u00e4ltigungsprogramm Living Mindfulness [&hellip;]","og_url":"https:\/\/www.meinesuedstadt.de\/branchenverzeichnis\/living-mindfulness-achtsamkeitskurse-mit-olaf-schumann\/","og_site_name":"Meine S\u00fcdstadt","article_publisher":"https:\/\/www.facebook.com\/Meinesuedstadt\/","article_published_time":"2024-07-13T12:40:30+00:00","article_modified_time":"2025-11-09T12:17:01+00:00","og_image":[{"width":800,"height":450,"url":"https:\/\/www.meinesuedstadt.de\/branchenverzeichnis\/wp-content\/uploads\/2024\/07\/20240713_132923-1.jpg","type":"image\/jpeg"}],"author":"Gaby DeMuirier","twitter_card":"summary_large_image","twitter_creator":"@meinesuedstadt","twitter_site":"@meinesuedstadt","twitter_misc":{"Verfasst von":"Gaby DeMuirier","Gesch\u00e4tzte Lesezeit":"4\u00a0Minuten"},"schema":{"@context":"https:\/\/schema.org","@graph":[{"@type":"Article","@id":"https:\/\/www.meinesuedstadt.de\/branchenverzeichnis\/living-mindfulness-achtsamkeitskurse-mit-olaf-schumann\/#article","isPartOf":{"@id":"https:\/\/www.meinesuedstadt.de\/branchenverzeichnis\/living-mindfulness-achtsamkeitskurse-mit-olaf-schumann\/"},"author":{"name":"Gaby DeMuirier","@id":"https:\/\/www.meinesuedstadt.de\/branchenverzeichnis\/#\/schema\/person\/377f8fd43825f067d14416c974a4d50e"},"headline":"Living Mindfulness &#8211; mit Achtsamkeit durchs Leben","datePublished":"2024-07-13T12:40:30+00:00","dateModified":"2025-11-09T12:17:01+00:00","mainEntityOfPage":{"@id":"https:\/\/www.meinesuedstadt.de\/branchenverzeichnis\/living-mindfulness-achtsamkeitskurse-mit-olaf-schumann\/"},"wordCount":572,"commentCount":0,"image":{"@id":"https:\/\/www.meinesuedstadt.de\/branchenverzeichnis\/living-mindfulness-achtsamkeitskurse-mit-olaf-schumann\/#primaryimage"},"thumbnailUrl":"https:\/\/www.meinesuedstadt.de\/branchenverzeichnis\/wp-content\/uploads\/2024\/07\/20240713_132923-1.jpg","keywords":["Achtsamkeit","Coaching","Consulting"],"articleSection":["Achtsamkeit","Sonstiges"],"inLanguage":"de","potentialAction":[{"@type":"CommentAction","name":"Comment","target":["https:\/\/www.meinesuedstadt.de\/branchenverzeichnis\/living-mindfulness-achtsamkeitskurse-mit-olaf-schumann\/#respond"]}]},{"@type":"WebPage","@id":"https:\/\/www.meinesuedstadt.de\/branchenverzeichnis\/living-mindfulness-achtsamkeitskurse-mit-olaf-schumann\/","url":"https:\/\/www.meinesuedstadt.de\/branchenverzeichnis\/living-mindfulness-achtsamkeitskurse-mit-olaf-schumann\/","name":"Living Mindfulness - mit Achtsamkeit durchs Leben - Meine S\u00fcdstadt","isPartOf":{"@id":"https:\/\/www.meinesuedstadt.de\/branchenverzeichnis\/#website"},"primaryImageOfPage":{"@id":"https:\/\/www.meinesuedstadt.de\/branchenverzeichnis\/living-mindfulness-achtsamkeitskurse-mit-olaf-schumann\/#primaryimage"},"image":{"@id":"https:\/\/www.meinesuedstadt.de\/branchenverzeichnis\/living-mindfulness-achtsamkeitskurse-mit-olaf-schumann\/#primaryimage"},"thumbnailUrl":"https:\/\/www.meinesuedstadt.de\/branchenverzeichnis\/wp-content\/uploads\/2024\/07\/20240713_132923-1.jpg","datePublished":"2024-07-13T12:40:30+00:00","dateModified":"2025-11-09T12:17:01+00:00","author":{"@id":"https:\/\/www.meinesuedstadt.de\/branchenverzeichnis\/#\/schema\/person\/377f8fd43825f067d14416c974a4d50e"},"breadcrumb":{"@id":"https:\/\/www.meinesuedstadt.de\/branchenverzeichnis\/living-mindfulness-achtsamkeitskurse-mit-olaf-schumann\/#breadcrumb"},"inLanguage":"de","potentialAction":[{"@type":"ReadAction","target":["https:\/\/www.meinesuedstadt.de\/branchenverzeichnis\/living-mindfulness-achtsamkeitskurse-mit-olaf-schumann\/"]}]},{"@type":"ImageObject","inLanguage":"de","@id":"https:\/\/www.meinesuedstadt.de\/branchenverzeichnis\/living-mindfulness-achtsamkeitskurse-mit-olaf-schumann\/#primaryimage","url":"https:\/\/www.meinesuedstadt.de\/branchenverzeichnis\/wp-content\/uploads\/2024\/07\/20240713_132923-1.jpg","contentUrl":"https:\/\/www.meinesuedstadt.de\/branchenverzeichnis\/wp-content\/uploads\/2024\/07\/20240713_132923-1.jpg","width":800,"height":450},{"@type":"BreadcrumbList","@id":"https:\/\/www.meinesuedstadt.de\/branchenverzeichnis\/living-mindfulness-achtsamkeitskurse-mit-olaf-schumann\/#breadcrumb","itemListElement":[{"@type":"ListItem","position":1,"name":"Startseite","item":"https:\/\/www.meinesuedstadt.de\/branchenverzeichnis\/"},{"@type":"ListItem","position":2,"name":"Living Mindfulness &#8211; mit Achtsamkeit durchs Leben"}]},{"@type":"WebSite","@id":"https:\/\/www.meinesuedstadt.de\/branchenverzeichnis\/#website","url":"https:\/\/www.meinesuedstadt.de\/branchenverzeichnis\/","name":"Meine S\u00fcdstadt","description":"Branchenverzeichnis aus der S\u00fcdstadt K\u00f6lns","potentialAction":[{"@type":"SearchAction","target":{"@type":"EntryPoint","urlTemplate":"https:\/\/www.meinesuedstadt.de\/branchenverzeichnis\/?s={search_term_string}"},"query-input":{"@type":"PropertyValueSpecification","valueRequired":true,"valueName":"search_term_string"}}],"inLanguage":"de"},{"@type":"Person","@id":"https:\/\/www.meinesuedstadt.de\/branchenverzeichnis\/#\/schema\/person\/377f8fd43825f067d14416c974a4d50e","name":"Gaby DeMuirier","image":{"@type":"ImageObject","inLanguage":"de","@id":"https:\/\/secure.gravatar.com\/avatar\/7ecf9674b7a678a660fcd27242eacb0ec8607a4b99a0a409d6d8141a320a8170?s=96&d=mm&r=g","url":"https:\/\/secure.gravatar.com\/avatar\/7ecf9674b7a678a660fcd27242eacb0ec8607a4b99a0a409d6d8141a320a8170?s=96&d=mm&r=g","contentUrl":"https:\/\/secure.gravatar.com\/avatar\/7ecf9674b7a678a660fcd27242eacb0ec8607a4b99a0a409d6d8141a320a8170?s=96&d=mm&r=g","caption":"Gaby DeMuirier"},"sameAs":["https:\/\/www.meinesuedstadt.de"]}]}},"priority":0,"metaAddress":"Alteburger Stra\u00dfe 212  , 50968 K\u00f6ln","_links":{"self":[{"href":"https:\/\/www.meinesuedstadt.de\/branchenverzeichnis\/wp-json\/wp\/v2\/posts\/5601","targetHints":{"allow":["GET"]}}],"collection":[{"href":"https:\/\/www.meinesuedstadt.de\/branchenverzeichnis\/wp-json\/wp\/v2\/posts"}],"about":[{"href":"https:\/\/www.meinesuedstadt.de\/branchenverzeichnis\/wp-json\/wp\/v2\/types\/post"}],"author":[{"embeddable":true,"href":"https:\/\/www.meinesuedstadt.de\/branchenverzeichnis\/wp-json\/wp\/v2\/users\/8"}],"replies":[{"embeddable":true,"href":"https:\/\/www.meinesuedstadt.de\/branchenverzeichnis\/wp-json\/wp\/v2\/comments?post=5601"}],"version-history":[{"count":13,"href":"https:\/\/www.meinesuedstadt.de\/branchenverzeichnis\/wp-json\/wp\/v2\/posts\/5601\/revisions"}],"predecessor-version":[{"id":6000,"href":"https:\/\/www.meinesuedstadt.de\/branchenverzeichnis\/wp-json\/wp\/v2\/posts\/5601\/revisions\/6000"}],"wp:featuredmedia":[{"embeddable":true,"href":"https:\/\/www.meinesuedstadt.de\/branchenverzeichnis\/wp-json\/wp\/v2\/media\/5610"}],"wp:attachment":[{"href":"https:\/\/www.meinesuedstadt.de\/branchenverzeichnis\/wp-json\/wp\/v2\/media?parent=5601"}],"wp:term":[{"taxonomy":"category","embeddable":true,"href":"https:\/\/www.meinesuedstadt.de\/branchenverzeichnis\/wp-json\/wp\/v2\/categories?post=5601"},{"taxonomy":"post_tag","embeddable":true,"href":"https:\/\/www.meinesuedstadt.de\/branchenverzeichnis\/wp-json\/wp\/v2\/tags?post=5601"}],"curies":[{"name":"wp","href":"https:\/\/api.w.org\/{rel}","templated":true}]}}