{"id":565,"date":"2010-03-17T18:04:15","date_gmt":"2010-03-17T17:04:15","guid":{"rendered":"http:\/\/www.meinesuedstadt.de\/branchenverzeichnis\/?p=565"},"modified":"2010-03-17T18:04:15","modified_gmt":"2010-03-17T16:04:15","slug":"hebammenpraxis-isabel-damm","status":"publish","type":"post","link":"https:\/\/www.meinesuedstadt.de\/branchenverzeichnis\/hebammenpraxis-isabel-damm\/","title":{"rendered":"Hebammenpraxis Isabel Damm"},"content":{"rendered":"<p>&nbsp;Isabel Damm spr\u00fcht vor Lebensfreude und Tatendrang. Ihre nat\u00fcrliche Art ist ansteckend und man hat f\u00f6rmlich mit ihr Freude. Ihre ungezwungene Art hilft, sich bei ihr wohl zu f\u00fchlen und ihr zu vertrauen. Diese Eigenschaften sind in ihrem Beruf ganz wichtig. Sie ist n\u00e4mlich Hebamme, Kinderkrankenschwester, Ausdrucks- und Tanztherapeutin.<\/p>\n<p>Angefangen hat Alles in Bad Hersfeld, einer kleinen Stadt in Hessen. 1985 startete sie in dem Kreiskrankenhaus ihre Ausbildung zur Kinderkrankenschwester, danach arbeitete sie im gleichen Haus zwei Jahre lang als HNO-OP-Schwester und assistierte unz\u00e4hlige Operationen. \u0093Da ich aber verst\u00e4rkt Interesse an Schwangeren und Neugeborenen hatte, beschloss ich mit meiner zuk\u00fcnftigen Chefin, die auch im Krankenhaus als Gyn\u00e4kologin angestellt war, eine Frauenarztpraxis zu gr\u00fcnden.\u0094 Gesagt, getan&#8230;die Frauenarztpraxis stand hoch modern im Herzen von Bad Hersfeld und Isabel arbeitete an der Rezeption, in den Behandlungszimmern und im Labor. Sie machte die Abrechnung der Praxis und kannte all ihre Frauen mit Namen. In der Praxis hatte sie vermehrt mit schwangeren Frauen zu tun. Die Arbeit mit Schwangeren hat ihr so gut gefallen, dass es sie 2 Jahre sp\u00e4ter wieder ins Kreiskrankenhaus auf die Geburtsstation verschlug. Erste Anzeichen der Geburthelferin waren geboren&#8230;<br \/>&nbsp;<br \/>Privat ist Isabel immer auf allen Kontinenten unterwegs und reist f\u00fcr ihr Leben gern. Durch eine Reise nach Australien 1994 findet und entdeckt sie ihre Liebe zu K\u00f6ln! Ein Segen f\u00fcr etliche Kinder von K\u00f6ln. Zun\u00e4chst bewirbt sie sich am Vinzenz Pallotti Hospital (im Volksmund als Krankenhaus \u0091Bensberg\u0092 bekannt) und wird als Kinderkrankenschwester angenommen. Zwei Jahre sp\u00e4ter macht sie dort ihre Ausbildung zur Hebamme und arbeitet anschliessend zwei Jahren im dortigen KRS. 2002 geht sie als Hebamme in die Freiberuflichkeit, gr\u00fcndet mit zwei Kolleginnen die Praxis \u0093kugelrund\u0094 in K\u00f6ln Br\u00fcck und arbeitet als Beleghebamme in Bensberg und hier in der S\u00fcdstadt im Kl\u00f6sterchen. Zunehmend begleitet sie Hausgeburten in K\u00f6ln und Umgebung mit ihrer Kollegin zusammen.<\/p>\n<p>2008 gr\u00fcndet Isabel hier in der S\u00fcdstadt (Elsa\u00dfstrasse) ihre eigene Hebammenpraxis. Aufgrund der extrem erh\u00f6hten Haftpflichtkosten f\u00fcr Hebammen h\u00f6rt sie mit Geburtsbegleitung auf und schlie\u00dft ihre Praxis 2013.<br \/>Inzwischen hatte Isabel von 2008 bis 2012 im Allg\u00e4u eine Ausbildung zur kreativen Ausdrucks- und Tanztherapeutin gemacht. Sie legte nach der Schlie\u00dfung ihrer Praxis ihren Arbeitsschwerpunkt, auf das Emotionale und auf die ressourcenorientierte Arbeit. \u0093Ich habe meine Liebe zum Tanz und zur Musik aus meiner Kindheit mitgebracht\u0094 erkl\u00e4re sie. \u0093Das Leben bekommt neue Impulse, nach einer Geburt. Ich kenne mich seit \u00fcber 30 Jahren Familienarbeit mit den \u00b4Ver\u00e4nderungen\u00b4 aus und das Gef\u00fchl interessiert mich dabei am meisten. Ich nehme wahr, dass es den Frauen nicht immer gut geht, auch wenn der Lippenstift perfekt sitzt\u0094.<\/p>\n<p>Isabel ist feinf\u00fchlig genug, um auch hinter die Fassade schauen zu k\u00f6nnen. Ruhig und einf\u00fchlsam erinnert Isabel in einer beschleunigten Zeit voller Stress daran, dass diese Ver\u00e4nderung auf allen Ebenen doch eine Zeit der Besinnung auf das Wesentliche sein sollte. Oft nimmt sie wahr, dass sich die M\u00fctter in ihrem K\u00f6rper nicht mehr zuhause f\u00fchlen und dem Druck, woher er auch immer kommen mag, nicht mehr standhalten. Dies tr\u00e4gt dazu bei, dass Isabel das Konzept \u0093Mutter-Kind-Bondingtanz\u0094 (MuKiBo) extra f\u00fcr diesen Lebensabschnitt f\u00fcr Mutter und Kind entwickelt und seit 2010 in der K\u00f6lner S\u00fcdstadt (B\u00fcrgerhaus Stollwerck) anbietet. Seit 2015 erweitert sich das MuKiBo-Angebot in K\u00f6ln und Umgebung aus. \u0093MuKiBo bietet M\u00fcttern nach allen Umstellungen rund um die Schwangerschaft und die Geburt die M\u00f6glichkeit, sich freizutanzen\u0094, beschreibt Isabel diese Kurse, \u0093auch die Bindung zum Kind wird dabei vertieft und gest\u00e4rkt. So sind beide nach dem Tanzen gelassen und entspannt. Wichtig sind mir dabei kleine Gruppen, um die Vertrautheit zu wahren.Wie wunderbar, dass sich daraus eine Frauengruppe kreierte, die seit vier Jahren mit mir monatlich tanzt.\u0094 &nbsp;<br \/>Da es sichtlich die Frauen und Kinder begeistert, gibt es nun auch schon Schwangerenworkshops mit dem Namen: \u0093die Kraft in mir\u0094, die Isabel in einer Hebammenpraxis in K\u00f6ln anbietet.<\/p>\n<p>Zudem bietet Isabel in verschiedenen Elternschulen der Krankenh\u00e4user Geburtsvorbereitungskurse und R\u00fcckbildungsgymnastikkurse an. Auch arbeitet sie freiberuflich als Hebamme und Thanztherapeutin bei Kindern\u00f6te e.V. und wirkt in anderen Projekten mit.<\/p>\n<p>Ihre unaufh\u00f6rliche Neugier und ihr Tatendrang f\u00fchrt sie im August 2015 und im Januar 2016 <a href=\"\/bildung-erziehung\/kinderkriegen-afrika\">nach Ghana<\/a>. Hier unterrichtet sie im Rahmen der Entwicklungshilfe von Tysgi e.V. und Global Engagement mit Sitz in D\u00fcsseldorf in einem 10-w\u00f6chigen Kurs in zwei Teilen traditionelle Geburtshelfer(innen), um die M\u00fctter- und <a href=\"\/bildung-erziehung\/nimm\u0092-doch-einfach-den-frosch\">Kindersterblichkeit herabzusetzen<\/a>. Weitere Auslandsprojekte in der Hebammenarbeit w\u00fcnscht sie sich.<\/p>\n<p>Zum Abschluss frage ich sie, die so kreativ und voller Ideen steckt, nach ihrer Vision:<br \/>\u0093Ich m\u00f6chte das nicht in Worte ausdr\u00fccken, darf ich es Dir in einer anderen Form zeigen\u0094? fragt sie mich und geht zu ihrem PC und sucht nach Musik&#8230;<br \/>&#8230;Verschiedene Lieder werden angespielt, dazu bewegt sie sich und sagt: \u0093ein Raum, der sich MEINER nennen darf, indem ich Musik mache, schreibe, male, kreativ bin und mit Menschen arbeiten werde. Auch m\u00f6chte ich die Hebammenarbeit mit meiner Reiselust verbinden&#8230;ja, das ist meine Vision&#8230;authentisch bleiben und bewegen, was bewegt werden will&#8230;ohhhhh, das ist toll&#8230;aujaaaaaa, das will ich\u0094!<br \/>Ich verabschiede mich und habe G\u00e4nsehaut&#8230;<\/p>\n<p>Facebook: mukibo<br \/>&nbsp;<\/p>\n","protected":false},"excerpt":{"rendered":"<p>&nbsp;Isabel Damm spr\u00fcht vor Lebensfreude und Tatendrang. Ihre nat\u00fcrliche Art ist ansteckend und man hat f\u00f6rmlich mit ihr Freude. Ihre ungezwungene Art hilft, sich bei ihr wohl zu f\u00fchlen und ihr zu vertrauen. Diese Eigenschaften sind in ihrem Beruf ganz wichtig. Sie ist n\u00e4mlich Hebamme, Kinderkrankenschwester, Ausdrucks- und Tanztherapeutin. Angefangen hat Alles in Bad Hersfeld, [&hellip;]<\/p>\n","protected":false},"author":2,"featured_media":0,"comment_status":"open","ping_status":"open","sticky":false,"template":"","format":"standard","meta":{"_acf_changed":false,"footnotes":""},"categories":[252],"tags":[],"class_list":["post-565","post","type-post","status-publish","format-standard","hentry","category-hebammen"],"acf":[],"yoast_head":"<!-- This site is optimized with the Yoast SEO plugin v27.4 - https:\/\/yoast.com\/product\/yoast-seo-wordpress\/ -->\n<title>Hebammenpraxis Isabel Damm - Meine S\u00fcdstadt<\/title>\n<meta name=\"robots\" content=\"index, follow, max-snippet:-1, max-image-preview:large, max-video-preview:-1\" \/>\n<link rel=\"canonical\" href=\"https:\/\/www.meinesuedstadt.de\/branchenverzeichnis\/hebammenpraxis-isabel-damm\/\" \/>\n<meta property=\"og:locale\" content=\"de_DE\" \/>\n<meta property=\"og:type\" content=\"article\" \/>\n<meta property=\"og:title\" content=\"Hebammenpraxis Isabel Damm - Meine S\u00fcdstadt\" \/>\n<meta property=\"og:description\" content=\"&nbsp;Isabel Damm spr\u00fcht vor Lebensfreude und Tatendrang. Ihre nat\u00fcrliche Art ist ansteckend und man hat f\u00f6rmlich mit ihr Freude. Ihre ungezwungene Art hilft, sich bei ihr wohl zu f\u00fchlen und ihr zu vertrauen. Diese Eigenschaften sind in ihrem Beruf ganz wichtig. Sie ist n\u00e4mlich Hebamme, Kinderkrankenschwester, Ausdrucks- und Tanztherapeutin. Angefangen hat Alles in Bad Hersfeld, [&hellip;]\" \/>\n<meta property=\"og:url\" content=\"https:\/\/www.meinesuedstadt.de\/branchenverzeichnis\/hebammenpraxis-isabel-damm\/\" \/>\n<meta property=\"og:site_name\" content=\"Meine S\u00fcdstadt\" \/>\n<meta property=\"article:publisher\" content=\"https:\/\/www.facebook.com\/Meinesuedstadt\/\" \/>\n<meta property=\"article:published_time\" content=\"-0001-11-30T00:00:00+00:00\" \/>\n<meta name=\"author\" content=\"Mario Friese\" \/>\n<meta name=\"twitter:card\" content=\"summary_large_image\" \/>\n<meta name=\"twitter:creator\" content=\"@meinesuedstadt\" \/>\n<meta name=\"twitter:site\" content=\"@meinesuedstadt\" \/>\n<meta name=\"twitter:label1\" content=\"Verfasst von\" \/>\n\t<meta name=\"twitter:data1\" content=\"Mario Friese\" \/>\n\t<meta name=\"twitter:label2\" content=\"Gesch\u00e4tzte Lesezeit\" \/>\n\t<meta name=\"twitter:data2\" content=\"4\u00a0Minuten\" \/>\n<script type=\"application\/ld+json\" class=\"yoast-schema-graph\">{\"@context\":\"https:\\\/\\\/schema.org\",\"@graph\":[{\"@type\":\"Article\",\"@id\":\"https:\\\/\\\/www.meinesuedstadt.de\\\/branchenverzeichnis\\\/hebammenpraxis-isabel-damm\\\/#article\",\"isPartOf\":{\"@id\":\"https:\\\/\\\/www.meinesuedstadt.de\\\/branchenverzeichnis\\\/hebammenpraxis-isabel-damm\\\/\"},\"author\":{\"name\":\"Mario Friese\",\"@id\":\"https:\\\/\\\/www.meinesuedstadt.de\\\/branchenverzeichnis\\\/#\\\/schema\\\/person\\\/4974ccd0047c4bef2ea2271bc1b66e8d\"},\"headline\":\"Hebammenpraxis Isabel Damm\",\"datePublished\":\"-0001-11-30T00:00:00+00:00\",\"mainEntityOfPage\":{\"@id\":\"https:\\\/\\\/www.meinesuedstadt.de\\\/branchenverzeichnis\\\/hebammenpraxis-isabel-damm\\\/\"},\"wordCount\":889,\"commentCount\":0,\"articleSection\":[\"Hebammen\"],\"inLanguage\":\"de\",\"potentialAction\":[{\"@type\":\"CommentAction\",\"name\":\"Comment\",\"target\":[\"https:\\\/\\\/www.meinesuedstadt.de\\\/branchenverzeichnis\\\/hebammenpraxis-isabel-damm\\\/#respond\"]}]},{\"@type\":\"WebPage\",\"@id\":\"https:\\\/\\\/www.meinesuedstadt.de\\\/branchenverzeichnis\\\/hebammenpraxis-isabel-damm\\\/\",\"url\":\"https:\\\/\\\/www.meinesuedstadt.de\\\/branchenverzeichnis\\\/hebammenpraxis-isabel-damm\\\/\",\"name\":\"Hebammenpraxis Isabel Damm - Meine S\u00fcdstadt\",\"isPartOf\":{\"@id\":\"https:\\\/\\\/www.meinesuedstadt.de\\\/branchenverzeichnis\\\/#website\"},\"datePublished\":\"-0001-11-30T00:00:00+00:00\",\"author\":{\"@id\":\"https:\\\/\\\/www.meinesuedstadt.de\\\/branchenverzeichnis\\\/#\\\/schema\\\/person\\\/4974ccd0047c4bef2ea2271bc1b66e8d\"},\"breadcrumb\":{\"@id\":\"https:\\\/\\\/www.meinesuedstadt.de\\\/branchenverzeichnis\\\/hebammenpraxis-isabel-damm\\\/#breadcrumb\"},\"inLanguage\":\"de\",\"potentialAction\":[{\"@type\":\"ReadAction\",\"target\":[\"https:\\\/\\\/www.meinesuedstadt.de\\\/branchenverzeichnis\\\/hebammenpraxis-isabel-damm\\\/\"]}]},{\"@type\":\"BreadcrumbList\",\"@id\":\"https:\\\/\\\/www.meinesuedstadt.de\\\/branchenverzeichnis\\\/hebammenpraxis-isabel-damm\\\/#breadcrumb\",\"itemListElement\":[{\"@type\":\"ListItem\",\"position\":1,\"name\":\"Startseite\",\"item\":\"https:\\\/\\\/www.meinesuedstadt.de\\\/branchenverzeichnis\\\/\"},{\"@type\":\"ListItem\",\"position\":2,\"name\":\"Hebammenpraxis Isabel Damm\"}]},{\"@type\":\"WebSite\",\"@id\":\"https:\\\/\\\/www.meinesuedstadt.de\\\/branchenverzeichnis\\\/#website\",\"url\":\"https:\\\/\\\/www.meinesuedstadt.de\\\/branchenverzeichnis\\\/\",\"name\":\"Meine S\u00fcdstadt\",\"description\":\"Branchenverzeichnis aus der S\u00fcdstadt K\u00f6lns\",\"potentialAction\":[{\"@type\":\"SearchAction\",\"target\":{\"@type\":\"EntryPoint\",\"urlTemplate\":\"https:\\\/\\\/www.meinesuedstadt.de\\\/branchenverzeichnis\\\/?s={search_term_string}\"},\"query-input\":{\"@type\":\"PropertyValueSpecification\",\"valueRequired\":true,\"valueName\":\"search_term_string\"}}],\"inLanguage\":\"de\"},{\"@type\":\"Person\",\"@id\":\"https:\\\/\\\/www.meinesuedstadt.de\\\/branchenverzeichnis\\\/#\\\/schema\\\/person\\\/4974ccd0047c4bef2ea2271bc1b66e8d\",\"name\":\"Mario Friese\",\"image\":{\"@type\":\"ImageObject\",\"inLanguage\":\"de\",\"@id\":\"https:\\\/\\\/secure.gravatar.com\\\/avatar\\\/38afb5244388eb07856f264e0b17f6d56309e4e5bba4ea1716b6dadd14a2aab0?s=96&d=mm&r=g\",\"url\":\"https:\\\/\\\/secure.gravatar.com\\\/avatar\\\/38afb5244388eb07856f264e0b17f6d56309e4e5bba4ea1716b6dadd14a2aab0?s=96&d=mm&r=g\",\"contentUrl\":\"https:\\\/\\\/secure.gravatar.com\\\/avatar\\\/38afb5244388eb07856f264e0b17f6d56309e4e5bba4ea1716b6dadd14a2aab0?s=96&d=mm&r=g\",\"caption\":\"Mario Friese\"},\"sameAs\":[\"https:\\\/\\\/fgrepublik.com\"]}]}<\/script>\n<!-- \/ Yoast SEO plugin. -->","yoast_head_json":{"title":"Hebammenpraxis Isabel Damm - Meine S\u00fcdstadt","robots":{"index":"index","follow":"follow","max-snippet":"max-snippet:-1","max-image-preview":"max-image-preview:large","max-video-preview":"max-video-preview:-1"},"canonical":"https:\/\/www.meinesuedstadt.de\/branchenverzeichnis\/hebammenpraxis-isabel-damm\/","og_locale":"de_DE","og_type":"article","og_title":"Hebammenpraxis Isabel Damm - Meine S\u00fcdstadt","og_description":"&nbsp;Isabel Damm spr\u00fcht vor Lebensfreude und Tatendrang. Ihre nat\u00fcrliche Art ist ansteckend und man hat f\u00f6rmlich mit ihr Freude. Ihre ungezwungene Art hilft, sich bei ihr wohl zu f\u00fchlen und ihr zu vertrauen. Diese Eigenschaften sind in ihrem Beruf ganz wichtig. Sie ist n\u00e4mlich Hebamme, Kinderkrankenschwester, Ausdrucks- und Tanztherapeutin. Angefangen hat Alles in Bad Hersfeld, [&hellip;]","og_url":"https:\/\/www.meinesuedstadt.de\/branchenverzeichnis\/hebammenpraxis-isabel-damm\/","og_site_name":"Meine S\u00fcdstadt","article_publisher":"https:\/\/www.facebook.com\/Meinesuedstadt\/","article_published_time":"-0001-11-30T00:00:00+00:00","author":"Mario Friese","twitter_card":"summary_large_image","twitter_creator":"@meinesuedstadt","twitter_site":"@meinesuedstadt","twitter_misc":{"Verfasst von":"Mario Friese","Gesch\u00e4tzte Lesezeit":"4\u00a0Minuten"},"schema":{"@context":"https:\/\/schema.org","@graph":[{"@type":"Article","@id":"https:\/\/www.meinesuedstadt.de\/branchenverzeichnis\/hebammenpraxis-isabel-damm\/#article","isPartOf":{"@id":"https:\/\/www.meinesuedstadt.de\/branchenverzeichnis\/hebammenpraxis-isabel-damm\/"},"author":{"name":"Mario Friese","@id":"https:\/\/www.meinesuedstadt.de\/branchenverzeichnis\/#\/schema\/person\/4974ccd0047c4bef2ea2271bc1b66e8d"},"headline":"Hebammenpraxis Isabel Damm","datePublished":"-0001-11-30T00:00:00+00:00","mainEntityOfPage":{"@id":"https:\/\/www.meinesuedstadt.de\/branchenverzeichnis\/hebammenpraxis-isabel-damm\/"},"wordCount":889,"commentCount":0,"articleSection":["Hebammen"],"inLanguage":"de","potentialAction":[{"@type":"CommentAction","name":"Comment","target":["https:\/\/www.meinesuedstadt.de\/branchenverzeichnis\/hebammenpraxis-isabel-damm\/#respond"]}]},{"@type":"WebPage","@id":"https:\/\/www.meinesuedstadt.de\/branchenverzeichnis\/hebammenpraxis-isabel-damm\/","url":"https:\/\/www.meinesuedstadt.de\/branchenverzeichnis\/hebammenpraxis-isabel-damm\/","name":"Hebammenpraxis Isabel Damm - Meine S\u00fcdstadt","isPartOf":{"@id":"https:\/\/www.meinesuedstadt.de\/branchenverzeichnis\/#website"},"datePublished":"-0001-11-30T00:00:00+00:00","author":{"@id":"https:\/\/www.meinesuedstadt.de\/branchenverzeichnis\/#\/schema\/person\/4974ccd0047c4bef2ea2271bc1b66e8d"},"breadcrumb":{"@id":"https:\/\/www.meinesuedstadt.de\/branchenverzeichnis\/hebammenpraxis-isabel-damm\/#breadcrumb"},"inLanguage":"de","potentialAction":[{"@type":"ReadAction","target":["https:\/\/www.meinesuedstadt.de\/branchenverzeichnis\/hebammenpraxis-isabel-damm\/"]}]},{"@type":"BreadcrumbList","@id":"https:\/\/www.meinesuedstadt.de\/branchenverzeichnis\/hebammenpraxis-isabel-damm\/#breadcrumb","itemListElement":[{"@type":"ListItem","position":1,"name":"Startseite","item":"https:\/\/www.meinesuedstadt.de\/branchenverzeichnis\/"},{"@type":"ListItem","position":2,"name":"Hebammenpraxis Isabel Damm"}]},{"@type":"WebSite","@id":"https:\/\/www.meinesuedstadt.de\/branchenverzeichnis\/#website","url":"https:\/\/www.meinesuedstadt.de\/branchenverzeichnis\/","name":"Meine S\u00fcdstadt","description":"Branchenverzeichnis aus der S\u00fcdstadt K\u00f6lns","potentialAction":[{"@type":"SearchAction","target":{"@type":"EntryPoint","urlTemplate":"https:\/\/www.meinesuedstadt.de\/branchenverzeichnis\/?s={search_term_string}"},"query-input":{"@type":"PropertyValueSpecification","valueRequired":true,"valueName":"search_term_string"}}],"inLanguage":"de"},{"@type":"Person","@id":"https:\/\/www.meinesuedstadt.de\/branchenverzeichnis\/#\/schema\/person\/4974ccd0047c4bef2ea2271bc1b66e8d","name":"Mario Friese","image":{"@type":"ImageObject","inLanguage":"de","@id":"https:\/\/secure.gravatar.com\/avatar\/38afb5244388eb07856f264e0b17f6d56309e4e5bba4ea1716b6dadd14a2aab0?s=96&d=mm&r=g","url":"https:\/\/secure.gravatar.com\/avatar\/38afb5244388eb07856f264e0b17f6d56309e4e5bba4ea1716b6dadd14a2aab0?s=96&d=mm&r=g","contentUrl":"https:\/\/secure.gravatar.com\/avatar\/38afb5244388eb07856f264e0b17f6d56309e4e5bba4ea1716b6dadd14a2aab0?s=96&d=mm&r=g","caption":"Mario Friese"},"sameAs":["https:\/\/fgrepublik.com"]}]}},"priority":0,"metaAddress":"Elsa\u00dfstra\u00dfe 63 , 50677 K\u00f6ln","_links":{"self":[{"href":"https:\/\/www.meinesuedstadt.de\/branchenverzeichnis\/wp-json\/wp\/v2\/posts\/565","targetHints":{"allow":["GET"]}}],"collection":[{"href":"https:\/\/www.meinesuedstadt.de\/branchenverzeichnis\/wp-json\/wp\/v2\/posts"}],"about":[{"href":"https:\/\/www.meinesuedstadt.de\/branchenverzeichnis\/wp-json\/wp\/v2\/types\/post"}],"author":[{"embeddable":true,"href":"https:\/\/www.meinesuedstadt.de\/branchenverzeichnis\/wp-json\/wp\/v2\/users\/2"}],"replies":[{"embeddable":true,"href":"https:\/\/www.meinesuedstadt.de\/branchenverzeichnis\/wp-json\/wp\/v2\/comments?post=565"}],"version-history":[{"count":0,"href":"https:\/\/www.meinesuedstadt.de\/branchenverzeichnis\/wp-json\/wp\/v2\/posts\/565\/revisions"}],"wp:attachment":[{"href":"https:\/\/www.meinesuedstadt.de\/branchenverzeichnis\/wp-json\/wp\/v2\/media?parent=565"}],"wp:term":[{"taxonomy":"category","embeddable":true,"href":"https:\/\/www.meinesuedstadt.de\/branchenverzeichnis\/wp-json\/wp\/v2\/categories?post=565"},{"taxonomy":"post_tag","embeddable":true,"href":"https:\/\/www.meinesuedstadt.de\/branchenverzeichnis\/wp-json\/wp\/v2\/tags?post=565"}],"curies":[{"name":"wp","href":"https:\/\/api.w.org\/{rel}","templated":true}]}}