{"id":5910,"date":"2025-05-24T20:16:50","date_gmt":"2025-05-24T18:16:50","guid":{"rendered":"https:\/\/www.meinesuedstadt.de\/branchenverzeichnis\/?p=5910"},"modified":"2025-05-25T00:37:56","modified_gmt":"2025-05-24T22:37:56","slug":"skm-koeln-eine-starke-stimme-in-der-stadtgesellschaft","status":"publish","type":"post","link":"https:\/\/www.meinesuedstadt.de\/branchenverzeichnis\/skm-koeln-eine-starke-stimme-in-der-stadtgesellschaft\/","title":{"rendered":"SKM K\u00f6ln: Eine starke Stimme in der Stadtgesellschaft"},"content":{"rendered":"<p style=\"font-weight: 400;\">\u201eDer Mensch am Rand ist unsere Mitte\u201c \u2013 der Slogan des SKM K\u00f6ln ist Programm. Aber was bedeutet das f\u00fcr die Arbeit des Vereins Sozialdienst Katholischer M\u00e4nner K\u00f6ln? In \u00fcber 70 SKM-Einrichtungen haben die knapp 1100 Mitarbeitenden (davon 400 ehrenamtlich engagierte Menschen) ein vorrangiges Ziel: Sie m\u00f6chten ein soziales und demokratisches Zusammenleben in K\u00f6ln aktiv gestalten und f\u00f6rdern.<\/p>\n\n\t\t<style type=\"text\/css\">\n\t\t\t#gallery-1 {\n\t\t\t\tmargin: auto;\n\t\t\t}\n\t\t\t#gallery-1 .gallery-item {\n\t\t\t\tfloat: left;\n\t\t\t\tmargin-top: 10px;\n\t\t\t\ttext-align: center;\n\t\t\t\twidth: 25%;\n\t\t\t}\n\t\t\t#gallery-1 img {\n\t\t\t\tborder: 2px solid #cfcfcf;\n\t\t\t}\n\t\t\t#gallery-1 .gallery-caption {\n\t\t\t\tmargin-left: 0;\n\t\t\t}\n\t\t\t\/* see gallery_shortcode() in wp-includes\/media.php *\/\n\t\t<\/style>\n\t\t<div id='gallery-1' class='gallery galleryid-5910 gallery-columns-4 gallery-size-thumbnail'><dl class='gallery-item'>\n\t\t\t<dt class='gallery-icon landscape'>\n\t\t\t\t<a href='https:\/\/www.meinesuedstadt.de\/branchenverzeichnis\/wp-content\/uploads\/2025\/05\/SKM1-Grillen.jpeg' title=\"\" data-rl_title=\"\" class=\"rl-gallery-link\" data-rl_caption=\"\" data-rel=\"lightbox-gallery-1\"><img loading=\"lazy\" decoding=\"async\" width=\"150\" height=\"150\" src=\"https:\/\/www.meinesuedstadt.de\/branchenverzeichnis\/wp-content\/uploads\/2025\/05\/SKM1-Grillen-150x150.jpeg\" class=\"attachment-thumbnail size-thumbnail\" alt=\"\" \/><\/a>\n\t\t\t<\/dt><\/dl><dl class='gallery-item'>\n\t\t\t<dt class='gallery-icon landscape'>\n\t\t\t\t<a href='https:\/\/www.meinesuedstadt.de\/branchenverzeichnis\/wp-content\/uploads\/2025\/05\/SKM3-content.jpeg' title=\"\" data-rl_title=\"\" class=\"rl-gallery-link\" data-rl_caption=\"\" data-rel=\"lightbox-gallery-1\"><img loading=\"lazy\" decoding=\"async\" width=\"150\" height=\"150\" src=\"https:\/\/www.meinesuedstadt.de\/branchenverzeichnis\/wp-content\/uploads\/2025\/05\/SKM3-content-150x150.jpeg\" class=\"attachment-thumbnail size-thumbnail\" alt=\"\" \/><\/a>\n\t\t\t<\/dt><\/dl><dl class='gallery-item'>\n\t\t\t<dt class='gallery-icon landscape'>\n\t\t\t\t<a href='https:\/\/www.meinesuedstadt.de\/branchenverzeichnis\/wp-content\/uploads\/2025\/05\/SKM-Titel2Waermezelt.jpeg' title=\"\" data-rl_title=\"\" class=\"rl-gallery-link\" data-rl_caption=\"\" data-rel=\"lightbox-gallery-1\"><img loading=\"lazy\" decoding=\"async\" width=\"150\" height=\"150\" src=\"https:\/\/www.meinesuedstadt.de\/branchenverzeichnis\/wp-content\/uploads\/2025\/05\/SKM-Titel2Waermezelt-150x150.jpeg\" class=\"attachment-thumbnail size-thumbnail\" alt=\"\" \/><\/a>\n\t\t\t<\/dt><\/dl><dl class='gallery-item'>\n\t\t\t<dt class='gallery-icon landscape'>\n\t\t\t\t<a href='https:\/\/www.meinesuedstadt.de\/branchenverzeichnis\/wp-content\/uploads\/2025\/05\/SKM4-.jpg' title=\"\" data-rl_title=\"\" class=\"rl-gallery-link\" data-rl_caption=\"\" data-rel=\"lightbox-gallery-1\"><img loading=\"lazy\" decoding=\"async\" width=\"150\" height=\"150\" src=\"https:\/\/www.meinesuedstadt.de\/branchenverzeichnis\/wp-content\/uploads\/2025\/05\/SKM4--150x150.jpg\" class=\"attachment-thumbnail size-thumbnail\" alt=\"\" \/><\/a>\n\t\t\t<\/dt><\/dl><br style=\"clear: both\" \/>\n\t\t<\/div>\n\n<p style=\"font-weight: 400;\">Manche sagen auch: Der SKM ist eine starke Stimme in der Stadtgesellschaft. Wer bei diesem Verein arbeitet, bietet hilfebed\u00fcrftigen Menschen ein umfassendes Unterst\u00fctzungsangebot. Es erstreckt sich von der Kinder-, Jugend- und Familienhilfe, Schuldnerberatung, Sozialberatung und Familienzentren bis \u00fcber die Gesundheits- und Integrationshilfe bis hin zur Suchthilfe. Dabei t\u00e4uscht der Name heutzutage. L\u00e4ngst gilt das Angebot f\u00fcr jeden Menschen. Unabh\u00e4ngig von Herkunft, Lebensmodell, Religion oder sexueller Orientierung.<\/p>\n<p style=\"font-weight: 400;\"><strong>Die Notunterkunft am Volksgarten<\/strong><\/p>\n<p style=\"font-weight: 400;\">In der S\u00fcdstadt betreibt der SKM K\u00f6ln f\u00fcr die Stadt K\u00f6ln eine ganz besondere Einrichtung, gelegen in der Vorgebirgsstra\u00dfe, direkt am Volksgarten: Eine Notunterkunft f\u00fcr EU-B\u00fcrger:innen und Menschen ohne Leistungsanspruch. Eine Einrichtung, wie es sie so nur selten in Deutschland gibt, meint Anke Collignon, die Pressesprecherin des SKM. Wir von MS haben diesen Ort und ein ganz besonderes Projekt, das dort initiiert wurde, <a href=\"https:\/\/www.meinesuedstadt.de\/duerfen-die-suedstadt-heinzel-wiederkommen\/\">hier<\/a> bereits vorgestellt.<\/p>\n<p style=\"font-weight: 400;\">Eine Einrichtung f\u00fcr diese Zielgruppe zu betreiben, leistet sich nicht jede Stadt. K\u00f6ln wirkt damit bewusst dem Elend derjenigen entgegen, die h\u00e4ufig als die \u00c4rmsten der Armen beschrieben werden. \u201eUnser Angebot hilft Menschen aus anderen EU-L\u00e4ndern, die in einer Notlage sind, aber keine staatliche Unterst\u00fctzung bekommen \u2013 obwohl sie in Deutschland leben d\u00fcrfen. Viele von ihnen haben kein Recht auf Sozialleistungen, weil sie zum Beispiel keinen festen Job haben oder gerade erst nach Deutschland gezogen sind. Dadurch fallen sie durchs Hilfenetz&#8220;, macht Anke Collignon deutlich.<\/p>\n<p style=\"font-weight: 400;\">\u201eMenschen, die bei uns schlafen, eine warme Mahlzeit bekommen, sich duschen oder einfach in gesch\u00fctzter Umgebung zur Ruhe kommen, haben oft keinerlei Anspruch auf staatliche Hilfe \u2013 kein B\u00fcrgergeld, keine Krankenversicherung. Auch medizinische Versorgung ist f\u00fcr sie meist unerreichbar. Hier lassen sich, so m\u00f6glich, Menschen beraten, die oft ohne jede Perspektive sind. Daf\u00fcr teilen sich zwei Sozialarbeiter eine Stelle, um den Obdachlosen Struktur in ihren Leben zu verhelfen\u201c, so Collignon weiter.<\/p>\n\n\t\t<style type=\"text\/css\">\n\t\t\t#gallery-2 {\n\t\t\t\tmargin: auto;\n\t\t\t}\n\t\t\t#gallery-2 .gallery-item {\n\t\t\t\tfloat: left;\n\t\t\t\tmargin-top: 10px;\n\t\t\t\ttext-align: center;\n\t\t\t\twidth: 25%;\n\t\t\t}\n\t\t\t#gallery-2 img {\n\t\t\t\tborder: 2px solid #cfcfcf;\n\t\t\t}\n\t\t\t#gallery-2 .gallery-caption {\n\t\t\t\tmargin-left: 0;\n\t\t\t}\n\t\t\t\/* see gallery_shortcode() in wp-includes\/media.php *\/\n\t\t<\/style>\n\t\t<div id='gallery-2' class='gallery galleryid-5910 gallery-columns-4 gallery-size-thumbnail'><dl class='gallery-item'>\n\t\t\t<dt class='gallery-icon portrait'>\n\t\t\t\t<a href='https:\/\/www.meinesuedstadt.de\/branchenverzeichnis\/wp-content\/uploads\/2025\/05\/SKM4-_Suedstadt-Heinzel_1898.jpeg' title=\"\" data-rl_title=\"\" class=\"rl-gallery-link\" data-rl_caption=\"\" data-rel=\"lightbox-gallery-2\"><img loading=\"lazy\" decoding=\"async\" width=\"150\" height=\"150\" src=\"https:\/\/www.meinesuedstadt.de\/branchenverzeichnis\/wp-content\/uploads\/2025\/05\/SKM4-_Suedstadt-Heinzel_1898-150x150.jpeg\" class=\"attachment-thumbnail size-thumbnail\" alt=\"\" \/><\/a>\n\t\t\t<\/dt><\/dl><dl class='gallery-item'>\n\t\t\t<dt class='gallery-icon landscape'>\n\t\t\t\t<a href='https:\/\/www.meinesuedstadt.de\/branchenverzeichnis\/wp-content\/uploads\/2025\/05\/SKM3-Jahresbericht-SKM-Koeln.jpeg' title=\"\" data-rl_title=\"\" class=\"rl-gallery-link\" data-rl_caption=\"\" data-rel=\"lightbox-gallery-2\"><img loading=\"lazy\" decoding=\"async\" width=\"150\" height=\"150\" src=\"https:\/\/www.meinesuedstadt.de\/branchenverzeichnis\/wp-content\/uploads\/2025\/05\/SKM3-Jahresbericht-SKM-Koeln-150x150.jpeg\" class=\"attachment-thumbnail size-thumbnail\" alt=\"\" srcset=\"https:\/\/www.meinesuedstadt.de\/branchenverzeichnis\/wp-content\/uploads\/2025\/05\/SKM3-Jahresbericht-SKM-Koeln-150x150.jpeg 150w, https:\/\/www.meinesuedstadt.de\/branchenverzeichnis\/wp-content\/uploads\/2025\/05\/SKM3-Jahresbericht-SKM-Koeln-300x300.jpeg 300w, https:\/\/www.meinesuedstadt.de\/branchenverzeichnis\/wp-content\/uploads\/2025\/05\/SKM3-Jahresbericht-SKM-Koeln.jpeg 500w\" sizes=\"auto, (max-width: 150px) 100vw, 150px\" \/><\/a>\n\t\t\t<\/dt><\/dl><dl class='gallery-item'>\n\t\t\t<dt class='gallery-icon landscape'>\n\t\t\t\t<a href='https:\/\/www.meinesuedstadt.de\/branchenverzeichnis\/wp-content\/uploads\/2025\/05\/SKM1-Tueten.jpeg' title=\"\" data-rl_title=\"\" class=\"rl-gallery-link\" data-rl_caption=\"\" data-rel=\"lightbox-gallery-2\"><img loading=\"lazy\" decoding=\"async\" width=\"150\" height=\"150\" src=\"https:\/\/www.meinesuedstadt.de\/branchenverzeichnis\/wp-content\/uploads\/2025\/05\/SKM1-Tueten-150x150.jpeg\" class=\"attachment-thumbnail size-thumbnail\" alt=\"\" \/><\/a>\n\t\t\t<\/dt><\/dl><dl class='gallery-item'>\n\t\t\t<dt class='gallery-icon portrait'>\n\t\t\t\t<a href='https:\/\/www.meinesuedstadt.de\/branchenverzeichnis\/wp-content\/uploads\/2025\/05\/SKM2_20240430_111734.jpeg' title=\"\" data-rl_title=\"\" class=\"rl-gallery-link\" data-rl_caption=\"\" data-rel=\"lightbox-gallery-2\"><img loading=\"lazy\" decoding=\"async\" width=\"150\" height=\"150\" src=\"https:\/\/www.meinesuedstadt.de\/branchenverzeichnis\/wp-content\/uploads\/2025\/05\/SKM2_20240430_111734-150x150.jpeg\" class=\"attachment-thumbnail size-thumbnail\" alt=\"\" \/><\/a>\n\t\t\t<\/dt><\/dl><br style=\"clear: both\" \/>\n\t\t<\/div>\n\n<p style=\"font-weight: 400;\">Das \u201eHeinzel-Projekt\u201c, f\u00fcr das sich ein Mitglied unserer Redaktion einsetzt, galt dabei als Leuchtturm-Projekt. Es lief fast 2 Jahre, bis Ende 2024. Es basierte auf dem Grundgedanken, Menschen eine Perspektive zu geben, indem sie arbeiten. Arbeit, auch wenn der Stundenlohn nur 1 Euro betr\u00e4gt.<\/p>\n<p style=\"font-weight: 400;\">Arbeit, die f\u00fcr manche <em>DER<\/em> Anreiz war, aus der Armutsspirale auszusteigen. Arbeit, die sich sofort f\u00fcr die Gesellschaft zeigte, denn der Volksgarten gleich nebenan wurde entm\u00fcllt, weil die Heinzel ihn s\u00e4uberten. Als die finanziellen Mittel gestrichen wurden, musste das Projekt pausieren. Ein von uns mit angesto\u00dfenes <a href=\"https:\/\/www.hiermitherz.de\/project\/suedstadt-heinzel-chancen-schaffen-fuer-hilfsbeduerftige-mensche\/\" target=\"_blank\" rel=\"noopener\">Crowdfunding-Projekt<\/a> versucht, alternative Mittel f\u00fcr das Heinzel-Projekt zu finden.<\/p>\n<p style=\"font-weight: 400;\">Wie im Heinzel-Projekt ist die pers\u00f6nliche Begegnung und Beziehung ein ganz wichtiger Teil der Hilfeerbringung, die sich immer auf den ganzen Menschen mit seinen Problemen und auf seine Lebenslage richtet. Dabei versucht der SKM den Betroffenen ein Unterst\u00fctzungsangebot mit dem Grundgedanken \u201eHilfe zur Selbsthilfe\u201c anzubieten, um ihnen langfristig ein selbstbestimmtes Leben zu erm\u00f6glichen.<\/p>\n<p style=\"font-weight: 400;\"><strong>Wie alles begann <\/strong><\/p>\n<p style=\"font-weight: 400;\">Entstanden aus einer Studentenbewegung gr\u00fcndete sich 1902, noch unter anderem Namen, der heutige SKM K\u00f6ln. Mit der Vereinigung wurde die Bem\u00fchung unterstrichen, eine offene katholische Jugendf\u00fcrsorge-Arbeit aufzubauen. Die Industrialisierung brachte neue Notst\u00e4nde hervor, von denen Familien, Kinder und Jugendliche im gro\u00dfen Umfang betroffen waren.<\/p>\n<p style=\"font-weight: 400;\">Auch heute nimmt die Kinder- und Jugendarbeit eine gro\u00dfe S\u00e4ule im SKM ein. Doch nach dem zweiten Weltkrieg kamen weitere Hilfebereiche dazu. Unter anderem die Straff\u00e4lligenhilfe, ebenso wie die Drogenhilfe und die Gefl\u00fcchtetenarbeit.<\/p>\n<p style=\"font-weight: 400;\">\u00dcbrigens: Auch wenn die Arbeit in den fr\u00fchen Anf\u00e4ngen deutlich kirchlich gepr\u00e4gt war und das Erzbistum auch finanziell mitbestimmte, so ist das heute nicht mehr so: Die Einrichtung in der Vorgebirgsstra\u00dfe ist, wie viele andere SKM-Einrichtungen auch, eine Einrichtung der Stadt K\u00f6ln und alle Basisleistungen sind aus dem Stadt-Haushalt finanziert.<\/p>\n<p style=\"font-weight: 400;\"><strong>Zuk\u00fcnftige Fragestellungen, die uns besch\u00e4ftigen <\/strong><\/p>\n<p style=\"font-weight: 400;\">Wie k\u00f6nnen wir, auch im Kleinen, anderen ein Gef\u00fchl von Heimat geben? Wie k\u00f6nnen wir uns aktiv in ein gelingendes Miteinander einbringen? Wie k\u00f6nnen wir eine offene Gesellschaft in unserer Stadt, in unserem Land, in Europa (mit)gestalten? Mit anderen Worten: Wie k\u00f6nnen wir gut zusammenleben?<\/p>\n<p style=\"font-weight: 400;\">Die Suche nach Wohnraum f\u00fcr alle und die Entwicklung von (\u00dcber-)Lebens\u00adperspektiven f\u00fcr Drogenabh\u00e4ngige und Gefl\u00fcchtete spielen dabei eine ebenso gro\u00dfe Rolle wie Bildung und Teilhabe f\u00fcr alle Menschen in der Gesellschaft. Das sozialpolitische Engagement des SKM K\u00f6ln \u2013 mit all seinen haupt- und ehren\u00adamtlichen Mitarbeitenden \u2013 m\u00f6chte mehr denn je dazu beitragen, die Kluft in der Gesellschaft zu \u00fcberwinden und einen lebenswerten Lebensraum f\u00fcr alle mitzugestalten.<\/p>\n","protected":false},"excerpt":{"rendered":"<p>\u201eDer Mensch am Rand ist unsere Mitte\u201c \u2013 der Slogan des SKM K\u00f6ln ist Programm. Aber was bedeutet das f\u00fcr die Arbeit des Vereins Sozialdienst Katholischer M\u00e4nner K\u00f6ln? In \u00fcber 70 SKM-Einrichtungen haben die knapp 1100 Mitarbeitenden (davon 400 ehrenamtlich engagierte Menschen) ein vorrangiges Ziel: Sie m\u00f6chten ein soziales und demokratisches Zusammenleben in K\u00f6ln aktiv [&hellip;]<\/p>\n","protected":false},"author":8,"featured_media":5916,"comment_status":"open","ping_status":"open","sticky":false,"template":"single-partner.php","format":"standard","meta":{"_acf_changed":false,"footnotes":""},"categories":[319,276],"tags":[487,484,486,485,489,488],"class_list":["post-5910","post","type-post","status-publish","format-standard","has-post-thumbnail","hentry","category-partner","category-soziale-dienste","tag-armutspirale","tag-notunterkunft","tag-obdachlose","tag-sozialleistungen","tag-sozialpolitisches-engagement","tag-wohnraum"],"acf":[],"yoast_head":"<!-- This site is optimized with the Yoast SEO plugin v27.4 - https:\/\/yoast.com\/product\/yoast-seo-wordpress\/ -->\n<title>SKM K\u00f6ln: Eine starke Stimme in der Stadtgesellschaft - Meine S\u00fcdstadt<\/title>\n<meta name=\"robots\" content=\"index, follow, max-snippet:-1, max-image-preview:large, max-video-preview:-1\" \/>\n<link rel=\"canonical\" href=\"https:\/\/www.meinesuedstadt.de\/branchenverzeichnis\/skm-koeln-eine-starke-stimme-in-der-stadtgesellschaft\/\" \/>\n<meta property=\"og:locale\" content=\"de_DE\" \/>\n<meta property=\"og:type\" content=\"article\" \/>\n<meta property=\"og:title\" content=\"SKM K\u00f6ln: Eine starke Stimme in der Stadtgesellschaft - Meine S\u00fcdstadt\" \/>\n<meta property=\"og:description\" content=\"\u201eDer Mensch am Rand ist unsere Mitte\u201c \u2013 der Slogan des SKM K\u00f6ln ist Programm. Aber was bedeutet das f\u00fcr die Arbeit des Vereins Sozialdienst Katholischer M\u00e4nner K\u00f6ln? In \u00fcber 70 SKM-Einrichtungen haben die knapp 1100 Mitarbeitenden (davon 400 ehrenamtlich engagierte Menschen) ein vorrangiges Ziel: Sie m\u00f6chten ein soziales und demokratisches Zusammenleben in K\u00f6ln aktiv [&hellip;]\" \/>\n<meta property=\"og:url\" content=\"https:\/\/www.meinesuedstadt.de\/branchenverzeichnis\/skm-koeln-eine-starke-stimme-in-der-stadtgesellschaft\/\" \/>\n<meta property=\"og:site_name\" content=\"Meine S\u00fcdstadt\" \/>\n<meta property=\"article:publisher\" content=\"https:\/\/www.facebook.com\/Meinesuedstadt\/\" \/>\n<meta property=\"article:published_time\" content=\"2025-05-24T18:16:50+00:00\" \/>\n<meta property=\"article:modified_time\" content=\"2025-05-24T22:37:56+00:00\" \/>\n<meta property=\"og:image\" content=\"https:\/\/www.meinesuedstadt.de\/branchenverzeichnis\/wp-content\/uploads\/2025\/05\/SKMTitel-Suedstadt-Heinzel_1896.jpeg\" \/>\n\t<meta property=\"og:image:width\" content=\"1200\" \/>\n\t<meta property=\"og:image:height\" content=\"800\" \/>\n\t<meta property=\"og:image:type\" content=\"image\/jpeg\" \/>\n<meta name=\"author\" content=\"Gaby DeMuirier\" \/>\n<meta name=\"twitter:card\" content=\"summary_large_image\" \/>\n<meta name=\"twitter:creator\" content=\"@meinesuedstadt\" \/>\n<meta name=\"twitter:site\" content=\"@meinesuedstadt\" \/>\n<meta name=\"twitter:label1\" content=\"Verfasst von\" \/>\n\t<meta name=\"twitter:data1\" content=\"Gaby DeMuirier\" \/>\n\t<meta name=\"twitter:label2\" content=\"Gesch\u00e4tzte Lesezeit\" \/>\n\t<meta name=\"twitter:data2\" content=\"5\u00a0Minuten\" \/>\n<script type=\"application\/ld+json\" class=\"yoast-schema-graph\">{\"@context\":\"https:\\\/\\\/schema.org\",\"@graph\":[{\"@type\":\"Article\",\"@id\":\"https:\\\/\\\/www.meinesuedstadt.de\\\/branchenverzeichnis\\\/skm-koeln-eine-starke-stimme-in-der-stadtgesellschaft\\\/#article\",\"isPartOf\":{\"@id\":\"https:\\\/\\\/www.meinesuedstadt.de\\\/branchenverzeichnis\\\/skm-koeln-eine-starke-stimme-in-der-stadtgesellschaft\\\/\"},\"author\":{\"name\":\"Gaby DeMuirier\",\"@id\":\"https:\\\/\\\/www.meinesuedstadt.de\\\/branchenverzeichnis\\\/#\\\/schema\\\/person\\\/377f8fd43825f067d14416c974a4d50e\"},\"headline\":\"SKM K\u00f6ln: Eine starke Stimme in der Stadtgesellschaft\",\"datePublished\":\"2025-05-24T18:16:50+00:00\",\"dateModified\":\"2025-05-24T22:37:56+00:00\",\"mainEntityOfPage\":{\"@id\":\"https:\\\/\\\/www.meinesuedstadt.de\\\/branchenverzeichnis\\\/skm-koeln-eine-starke-stimme-in-der-stadtgesellschaft\\\/\"},\"wordCount\":833,\"commentCount\":0,\"image\":{\"@id\":\"https:\\\/\\\/www.meinesuedstadt.de\\\/branchenverzeichnis\\\/skm-koeln-eine-starke-stimme-in-der-stadtgesellschaft\\\/#primaryimage\"},\"thumbnailUrl\":\"https:\\\/\\\/www.meinesuedstadt.de\\\/branchenverzeichnis\\\/wp-content\\\/uploads\\\/2025\\\/05\\\/SKMTitel-Suedstadt-Heinzel_1896.jpeg\",\"keywords\":[\"Armutspirale\",\"Notunterkunft\",\"Obdachlose\",\"Sozialleistungen\",\"sozialpolitisches Engagement\",\"Wohnraum\"],\"articleSection\":[\"Partner\",\"Soziale Dienste\"],\"inLanguage\":\"de\",\"potentialAction\":[{\"@type\":\"CommentAction\",\"name\":\"Comment\",\"target\":[\"https:\\\/\\\/www.meinesuedstadt.de\\\/branchenverzeichnis\\\/skm-koeln-eine-starke-stimme-in-der-stadtgesellschaft\\\/#respond\"]}]},{\"@type\":\"WebPage\",\"@id\":\"https:\\\/\\\/www.meinesuedstadt.de\\\/branchenverzeichnis\\\/skm-koeln-eine-starke-stimme-in-der-stadtgesellschaft\\\/\",\"url\":\"https:\\\/\\\/www.meinesuedstadt.de\\\/branchenverzeichnis\\\/skm-koeln-eine-starke-stimme-in-der-stadtgesellschaft\\\/\",\"name\":\"SKM K\u00f6ln: Eine starke Stimme in der Stadtgesellschaft - Meine S\u00fcdstadt\",\"isPartOf\":{\"@id\":\"https:\\\/\\\/www.meinesuedstadt.de\\\/branchenverzeichnis\\\/#website\"},\"primaryImageOfPage\":{\"@id\":\"https:\\\/\\\/www.meinesuedstadt.de\\\/branchenverzeichnis\\\/skm-koeln-eine-starke-stimme-in-der-stadtgesellschaft\\\/#primaryimage\"},\"image\":{\"@id\":\"https:\\\/\\\/www.meinesuedstadt.de\\\/branchenverzeichnis\\\/skm-koeln-eine-starke-stimme-in-der-stadtgesellschaft\\\/#primaryimage\"},\"thumbnailUrl\":\"https:\\\/\\\/www.meinesuedstadt.de\\\/branchenverzeichnis\\\/wp-content\\\/uploads\\\/2025\\\/05\\\/SKMTitel-Suedstadt-Heinzel_1896.jpeg\",\"datePublished\":\"2025-05-24T18:16:50+00:00\",\"dateModified\":\"2025-05-24T22:37:56+00:00\",\"author\":{\"@id\":\"https:\\\/\\\/www.meinesuedstadt.de\\\/branchenverzeichnis\\\/#\\\/schema\\\/person\\\/377f8fd43825f067d14416c974a4d50e\"},\"breadcrumb\":{\"@id\":\"https:\\\/\\\/www.meinesuedstadt.de\\\/branchenverzeichnis\\\/skm-koeln-eine-starke-stimme-in-der-stadtgesellschaft\\\/#breadcrumb\"},\"inLanguage\":\"de\",\"potentialAction\":[{\"@type\":\"ReadAction\",\"target\":[\"https:\\\/\\\/www.meinesuedstadt.de\\\/branchenverzeichnis\\\/skm-koeln-eine-starke-stimme-in-der-stadtgesellschaft\\\/\"]}]},{\"@type\":\"ImageObject\",\"inLanguage\":\"de\",\"@id\":\"https:\\\/\\\/www.meinesuedstadt.de\\\/branchenverzeichnis\\\/skm-koeln-eine-starke-stimme-in-der-stadtgesellschaft\\\/#primaryimage\",\"url\":\"https:\\\/\\\/www.meinesuedstadt.de\\\/branchenverzeichnis\\\/wp-content\\\/uploads\\\/2025\\\/05\\\/SKMTitel-Suedstadt-Heinzel_1896.jpeg\",\"contentUrl\":\"https:\\\/\\\/www.meinesuedstadt.de\\\/branchenverzeichnis\\\/wp-content\\\/uploads\\\/2025\\\/05\\\/SKMTitel-Suedstadt-Heinzel_1896.jpeg\",\"width\":1200,\"height\":800},{\"@type\":\"BreadcrumbList\",\"@id\":\"https:\\\/\\\/www.meinesuedstadt.de\\\/branchenverzeichnis\\\/skm-koeln-eine-starke-stimme-in-der-stadtgesellschaft\\\/#breadcrumb\",\"itemListElement\":[{\"@type\":\"ListItem\",\"position\":1,\"name\":\"Startseite\",\"item\":\"https:\\\/\\\/www.meinesuedstadt.de\\\/branchenverzeichnis\\\/\"},{\"@type\":\"ListItem\",\"position\":2,\"name\":\"SKM K\u00f6ln: Eine starke Stimme in der Stadtgesellschaft\"}]},{\"@type\":\"WebSite\",\"@id\":\"https:\\\/\\\/www.meinesuedstadt.de\\\/branchenverzeichnis\\\/#website\",\"url\":\"https:\\\/\\\/www.meinesuedstadt.de\\\/branchenverzeichnis\\\/\",\"name\":\"Meine S\u00fcdstadt\",\"description\":\"Branchenverzeichnis aus der S\u00fcdstadt K\u00f6lns\",\"potentialAction\":[{\"@type\":\"SearchAction\",\"target\":{\"@type\":\"EntryPoint\",\"urlTemplate\":\"https:\\\/\\\/www.meinesuedstadt.de\\\/branchenverzeichnis\\\/?s={search_term_string}\"},\"query-input\":{\"@type\":\"PropertyValueSpecification\",\"valueRequired\":true,\"valueName\":\"search_term_string\"}}],\"inLanguage\":\"de\"},{\"@type\":\"Person\",\"@id\":\"https:\\\/\\\/www.meinesuedstadt.de\\\/branchenverzeichnis\\\/#\\\/schema\\\/person\\\/377f8fd43825f067d14416c974a4d50e\",\"name\":\"Gaby DeMuirier\",\"image\":{\"@type\":\"ImageObject\",\"inLanguage\":\"de\",\"@id\":\"https:\\\/\\\/secure.gravatar.com\\\/avatar\\\/7ecf9674b7a678a660fcd27242eacb0ec8607a4b99a0a409d6d8141a320a8170?s=96&d=mm&r=g\",\"url\":\"https:\\\/\\\/secure.gravatar.com\\\/avatar\\\/7ecf9674b7a678a660fcd27242eacb0ec8607a4b99a0a409d6d8141a320a8170?s=96&d=mm&r=g\",\"contentUrl\":\"https:\\\/\\\/secure.gravatar.com\\\/avatar\\\/7ecf9674b7a678a660fcd27242eacb0ec8607a4b99a0a409d6d8141a320a8170?s=96&d=mm&r=g\",\"caption\":\"Gaby DeMuirier\"},\"sameAs\":[\"https:\\\/\\\/www.meinesuedstadt.de\"]}]}<\/script>\n<!-- \/ Yoast SEO plugin. -->","yoast_head_json":{"title":"SKM K\u00f6ln: Eine starke Stimme in der Stadtgesellschaft - Meine S\u00fcdstadt","robots":{"index":"index","follow":"follow","max-snippet":"max-snippet:-1","max-image-preview":"max-image-preview:large","max-video-preview":"max-video-preview:-1"},"canonical":"https:\/\/www.meinesuedstadt.de\/branchenverzeichnis\/skm-koeln-eine-starke-stimme-in-der-stadtgesellschaft\/","og_locale":"de_DE","og_type":"article","og_title":"SKM K\u00f6ln: Eine starke Stimme in der Stadtgesellschaft - Meine S\u00fcdstadt","og_description":"\u201eDer Mensch am Rand ist unsere Mitte\u201c \u2013 der Slogan des SKM K\u00f6ln ist Programm. Aber was bedeutet das f\u00fcr die Arbeit des Vereins Sozialdienst Katholischer M\u00e4nner K\u00f6ln? In \u00fcber 70 SKM-Einrichtungen haben die knapp 1100 Mitarbeitenden (davon 400 ehrenamtlich engagierte Menschen) ein vorrangiges Ziel: Sie m\u00f6chten ein soziales und demokratisches Zusammenleben in K\u00f6ln aktiv [&hellip;]","og_url":"https:\/\/www.meinesuedstadt.de\/branchenverzeichnis\/skm-koeln-eine-starke-stimme-in-der-stadtgesellschaft\/","og_site_name":"Meine S\u00fcdstadt","article_publisher":"https:\/\/www.facebook.com\/Meinesuedstadt\/","article_published_time":"2025-05-24T18:16:50+00:00","article_modified_time":"2025-05-24T22:37:56+00:00","og_image":[{"width":1200,"height":800,"url":"https:\/\/www.meinesuedstadt.de\/branchenverzeichnis\/wp-content\/uploads\/2025\/05\/SKMTitel-Suedstadt-Heinzel_1896.jpeg","type":"image\/jpeg"}],"author":"Gaby DeMuirier","twitter_card":"summary_large_image","twitter_creator":"@meinesuedstadt","twitter_site":"@meinesuedstadt","twitter_misc":{"Verfasst von":"Gaby DeMuirier","Gesch\u00e4tzte Lesezeit":"5\u00a0Minuten"},"schema":{"@context":"https:\/\/schema.org","@graph":[{"@type":"Article","@id":"https:\/\/www.meinesuedstadt.de\/branchenverzeichnis\/skm-koeln-eine-starke-stimme-in-der-stadtgesellschaft\/#article","isPartOf":{"@id":"https:\/\/www.meinesuedstadt.de\/branchenverzeichnis\/skm-koeln-eine-starke-stimme-in-der-stadtgesellschaft\/"},"author":{"name":"Gaby DeMuirier","@id":"https:\/\/www.meinesuedstadt.de\/branchenverzeichnis\/#\/schema\/person\/377f8fd43825f067d14416c974a4d50e"},"headline":"SKM K\u00f6ln: Eine starke Stimme in der Stadtgesellschaft","datePublished":"2025-05-24T18:16:50+00:00","dateModified":"2025-05-24T22:37:56+00:00","mainEntityOfPage":{"@id":"https:\/\/www.meinesuedstadt.de\/branchenverzeichnis\/skm-koeln-eine-starke-stimme-in-der-stadtgesellschaft\/"},"wordCount":833,"commentCount":0,"image":{"@id":"https:\/\/www.meinesuedstadt.de\/branchenverzeichnis\/skm-koeln-eine-starke-stimme-in-der-stadtgesellschaft\/#primaryimage"},"thumbnailUrl":"https:\/\/www.meinesuedstadt.de\/branchenverzeichnis\/wp-content\/uploads\/2025\/05\/SKMTitel-Suedstadt-Heinzel_1896.jpeg","keywords":["Armutspirale","Notunterkunft","Obdachlose","Sozialleistungen","sozialpolitisches Engagement","Wohnraum"],"articleSection":["Partner","Soziale Dienste"],"inLanguage":"de","potentialAction":[{"@type":"CommentAction","name":"Comment","target":["https:\/\/www.meinesuedstadt.de\/branchenverzeichnis\/skm-koeln-eine-starke-stimme-in-der-stadtgesellschaft\/#respond"]}]},{"@type":"WebPage","@id":"https:\/\/www.meinesuedstadt.de\/branchenverzeichnis\/skm-koeln-eine-starke-stimme-in-der-stadtgesellschaft\/","url":"https:\/\/www.meinesuedstadt.de\/branchenverzeichnis\/skm-koeln-eine-starke-stimme-in-der-stadtgesellschaft\/","name":"SKM K\u00f6ln: Eine starke Stimme in der Stadtgesellschaft - Meine S\u00fcdstadt","isPartOf":{"@id":"https:\/\/www.meinesuedstadt.de\/branchenverzeichnis\/#website"},"primaryImageOfPage":{"@id":"https:\/\/www.meinesuedstadt.de\/branchenverzeichnis\/skm-koeln-eine-starke-stimme-in-der-stadtgesellschaft\/#primaryimage"},"image":{"@id":"https:\/\/www.meinesuedstadt.de\/branchenverzeichnis\/skm-koeln-eine-starke-stimme-in-der-stadtgesellschaft\/#primaryimage"},"thumbnailUrl":"https:\/\/www.meinesuedstadt.de\/branchenverzeichnis\/wp-content\/uploads\/2025\/05\/SKMTitel-Suedstadt-Heinzel_1896.jpeg","datePublished":"2025-05-24T18:16:50+00:00","dateModified":"2025-05-24T22:37:56+00:00","author":{"@id":"https:\/\/www.meinesuedstadt.de\/branchenverzeichnis\/#\/schema\/person\/377f8fd43825f067d14416c974a4d50e"},"breadcrumb":{"@id":"https:\/\/www.meinesuedstadt.de\/branchenverzeichnis\/skm-koeln-eine-starke-stimme-in-der-stadtgesellschaft\/#breadcrumb"},"inLanguage":"de","potentialAction":[{"@type":"ReadAction","target":["https:\/\/www.meinesuedstadt.de\/branchenverzeichnis\/skm-koeln-eine-starke-stimme-in-der-stadtgesellschaft\/"]}]},{"@type":"ImageObject","inLanguage":"de","@id":"https:\/\/www.meinesuedstadt.de\/branchenverzeichnis\/skm-koeln-eine-starke-stimme-in-der-stadtgesellschaft\/#primaryimage","url":"https:\/\/www.meinesuedstadt.de\/branchenverzeichnis\/wp-content\/uploads\/2025\/05\/SKMTitel-Suedstadt-Heinzel_1896.jpeg","contentUrl":"https:\/\/www.meinesuedstadt.de\/branchenverzeichnis\/wp-content\/uploads\/2025\/05\/SKMTitel-Suedstadt-Heinzel_1896.jpeg","width":1200,"height":800},{"@type":"BreadcrumbList","@id":"https:\/\/www.meinesuedstadt.de\/branchenverzeichnis\/skm-koeln-eine-starke-stimme-in-der-stadtgesellschaft\/#breadcrumb","itemListElement":[{"@type":"ListItem","position":1,"name":"Startseite","item":"https:\/\/www.meinesuedstadt.de\/branchenverzeichnis\/"},{"@type":"ListItem","position":2,"name":"SKM K\u00f6ln: Eine starke Stimme in der Stadtgesellschaft"}]},{"@type":"WebSite","@id":"https:\/\/www.meinesuedstadt.de\/branchenverzeichnis\/#website","url":"https:\/\/www.meinesuedstadt.de\/branchenverzeichnis\/","name":"Meine S\u00fcdstadt","description":"Branchenverzeichnis aus der S\u00fcdstadt K\u00f6lns","potentialAction":[{"@type":"SearchAction","target":{"@type":"EntryPoint","urlTemplate":"https:\/\/www.meinesuedstadt.de\/branchenverzeichnis\/?s={search_term_string}"},"query-input":{"@type":"PropertyValueSpecification","valueRequired":true,"valueName":"search_term_string"}}],"inLanguage":"de"},{"@type":"Person","@id":"https:\/\/www.meinesuedstadt.de\/branchenverzeichnis\/#\/schema\/person\/377f8fd43825f067d14416c974a4d50e","name":"Gaby DeMuirier","image":{"@type":"ImageObject","inLanguage":"de","@id":"https:\/\/secure.gravatar.com\/avatar\/7ecf9674b7a678a660fcd27242eacb0ec8607a4b99a0a409d6d8141a320a8170?s=96&d=mm&r=g","url":"https:\/\/secure.gravatar.com\/avatar\/7ecf9674b7a678a660fcd27242eacb0ec8607a4b99a0a409d6d8141a320a8170?s=96&d=mm&r=g","contentUrl":"https:\/\/secure.gravatar.com\/avatar\/7ecf9674b7a678a660fcd27242eacb0ec8607a4b99a0a409d6d8141a320a8170?s=96&d=mm&r=g","caption":"Gaby DeMuirier"},"sameAs":["https:\/\/www.meinesuedstadt.de"]}]}},"priority":"1","metaAddress":"Gro\u00dfe Telegraphenstra\u00dfe 31, 50676  K\u00f6ln","_links":{"self":[{"href":"https:\/\/www.meinesuedstadt.de\/branchenverzeichnis\/wp-json\/wp\/v2\/posts\/5910","targetHints":{"allow":["GET"]}}],"collection":[{"href":"https:\/\/www.meinesuedstadt.de\/branchenverzeichnis\/wp-json\/wp\/v2\/posts"}],"about":[{"href":"https:\/\/www.meinesuedstadt.de\/branchenverzeichnis\/wp-json\/wp\/v2\/types\/post"}],"author":[{"embeddable":true,"href":"https:\/\/www.meinesuedstadt.de\/branchenverzeichnis\/wp-json\/wp\/v2\/users\/8"}],"replies":[{"embeddable":true,"href":"https:\/\/www.meinesuedstadt.de\/branchenverzeichnis\/wp-json\/wp\/v2\/comments?post=5910"}],"version-history":[{"count":8,"href":"https:\/\/www.meinesuedstadt.de\/branchenverzeichnis\/wp-json\/wp\/v2\/posts\/5910\/revisions"}],"predecessor-version":[{"id":5930,"href":"https:\/\/www.meinesuedstadt.de\/branchenverzeichnis\/wp-json\/wp\/v2\/posts\/5910\/revisions\/5930"}],"wp:featuredmedia":[{"embeddable":true,"href":"https:\/\/www.meinesuedstadt.de\/branchenverzeichnis\/wp-json\/wp\/v2\/media\/5916"}],"wp:attachment":[{"href":"https:\/\/www.meinesuedstadt.de\/branchenverzeichnis\/wp-json\/wp\/v2\/media?parent=5910"}],"wp:term":[{"taxonomy":"category","embeddable":true,"href":"https:\/\/www.meinesuedstadt.de\/branchenverzeichnis\/wp-json\/wp\/v2\/categories?post=5910"},{"taxonomy":"post_tag","embeddable":true,"href":"https:\/\/www.meinesuedstadt.de\/branchenverzeichnis\/wp-json\/wp\/v2\/tags?post=5910"}],"curies":[{"name":"wp","href":"https:\/\/api.w.org\/{rel}","templated":true}]}}