{"id":606,"date":"2010-03-24T14:44:17","date_gmt":"2010-03-24T13:44:17","guid":{"rendered":"http:\/\/www.meinesuedstadt.de\/branchenverzeichnis\/?p=606"},"modified":"2025-04-13T21:09:05","modified_gmt":"2025-04-13T19:09:05","slug":"lutherkirche","status":"publish","type":"post","link":"https:\/\/www.meinesuedstadt.de\/branchenverzeichnis\/lutherkirche\/","title":{"rendered":"Lutherkirche"},"content":{"rendered":"<p><img loading=\"lazy\" decoding=\"async\" class=\"size-full wp-image-5871 alignleft\" src=\"https:\/\/www.meinesuedstadt.de\/branchenverzeichnis\/wp-content\/uploads\/2024\/08\/easter-nest-2164824_1280-2.jpg\" alt=\"\" width=\"300\" height=\"230\" \/>Konzerte, wie Zigeunern\u00e4chte, Fr\u00fchling der Kulturen, Flamenco und viele aus dem Bereich Weltmusik, Tanzveranstaltungen wie Salsa-, Lindy-Hop, Standardtanz- und Tangon\u00e4chte und Partys mindestens zu Silvester, Karneval und Tanz in den Mai, aber auch Flohm\u00e4rkte und die Unterst\u00fctzung bei der Organisation von Themengottesdiensten sorgen f\u00fcr die Realisierung all dessen, als was sich Kirche und insbesondere die Lutherkirche versteht: Als Ort der Begegnung und der Zusammenkunft von Menschen jeglicher Couleur und Religion- ein mitgestalteter Lebensraum inmitten der K\u00f6lner S\u00fcdstadt.<\/p>\n<p>S\u00fcdstadt Leben e.V. organisiert alle Veranstaltungen und versteht sich als strategisch-kultureller Arm der Lutherkirche. Durch ihn werden Projekte der Lutherkirche finanziert und realisiert. Der Verein wurde 1999 gegr\u00fcndet als klar wurde, dass die Finanzierung einer Sozialp\u00e4dagogin nicht von der Evangelischen Kirche getragen werden kann. Durch die Spenden von Kirchenmitgliedern, aber auch von Nichtmitgliedern konnten so seitdem viele Projekte angesto\u00dfen und durchgef\u00fchrt werden.<\/p>\n<p>Sonja Grupe gestaltet das Programm und f\u00fchrt die Gesch\u00e4fte des F\u00f6rdervereins, in enger Zusammenarbeit mit Pfarrer M\u00f6rtter, der Vorsitzender ist. Neben vielen\u00a0Ehrenamtlichen und Mitarbeitern der Kirche wie K\u00fcster\/Hausmeister Bonny Engelmann, Yonas Fesehaye und Fidan Miftari (beide Catering und Reinigung) arbeiten hier auch 1-Euro-Jobber oder Menschen, die Sozialstunden ableisten m\u00fcssen. In einer entspannten Atmosph\u00e4re erleben alle ein fr\u00f6hliches Miteinander mit viel Arbeit (man denke nur an die Karnevalspartys), aber auch viel Spa\u00df.<\/p>\n<p>Bis zu 400 Menschen treffen sich zur Fu\u00dfball-EM und -WM zum Public Viewing im Innenhof, bei Regen in der Kirche selbst. F\u00e4llt ein Tor f\u00fcr Deutschland, werden schon mal die Glocken gel\u00e4utet. Schwerpunkt der Veranstaltungen bilden die vielen, vielen Musikkonzerte und Tanzveranstaltungen, manche mit zur Begegnung der Kulturen, wie die Zigeunern\u00e4chte und Zigeunerfestival oder Fr\u00fchling der Kulturen \u2013 all das kann man in der Lutherkirche live erleben. Die komplette Planung und Logistik (Organisation, Aufbau, Technik, Catering usw.) wird dabei von S\u00fcdstadtleben geleistet. Um die Toleranz der Nachbarn zu schonen, wurden extra schalld\u00e4mpfende Fenster eingebaut. Sonja Grupe ist sehr froh \u00fcber die gute Nachbarschaft, die immer wieder Verst\u00e4ndnis zeigt, wenn es abends in der Kirche etwas lauter zugeht.<\/p>\n<p>Toleranz ist auch beim Menschensinfonieorchester gefragt, das Pfarrer Hans M\u00f6rtter und der italienische Musiker Alessandro Palmitessa 1999 gegr\u00fcndet haben: 15 Band-Mitgliedern aus sieben verschiedene Nationen, darunter ehemals obdachlose Stra\u00dfenmusiker und ganz \u0084normale\u0093 b\u00fcrgerliche MusikerInnen pr\u00e4gen ihre eigene Weltmusik. In ihren Liedern geht es um die Liebe zur Stadt und ihre bunt zusammen gew\u00fcrfelten Menschen, um W\u00fcrde und Sehnsucht und Toleranz, um die nicht klein zu kriegende Freude am Leben.<\/p>\n<p>Sogar zu Karneval treffen sich die Menschen in der Kirche zum Tanz; die Erwachsenen beim Karnevalsgottesdienst mit anschlie\u00dfender Party samstags, die Kinder an Wiewerfastelovend und Rosenmontag. F\u00fcr die \u00e4lteren Gemeindemitglieder sind z.B. der Solotanz f\u00fcr Golden Girls und das Erz\u00e4hlcaf\u00e9 feste Bestandteile des Alltags. Aus den Seniorengruppen entstand sogar schon ein Buch (Angerichtet! Vom \u00dcberleben in schlimmer Zeit), das man bei S\u00fcdstadt-Leben e.V.\u00a0 kaufen kann.<\/p>\n<p>Ein weiterer, elementarer Baustein der Aktivit\u00e4ten von S\u00fcdstadtleben sind die Themengottesdienste, die vom F\u00f6rderverein mit organisiert werden. Dabei greift Pfarrer M\u00f6rtter aktuelle Themen auf, im Vorfeld professionell von der Journalistin Helga Fitzner recherchiert und aufbereitet, um sie den Gemeindemitgliedern und allen Interessierten vorzustellen und dar\u00fcber zu diskutieren. Im Anschluss erhalten alle die M\u00f6glichkeit, sich zu dem Thema weitergehend zu informieren. Bei der Themenauswahl spielen Nachhaltigkeit und die Erhaltung der Erde eine gro\u00dfe Rolle (z.B. Kleiderfabriken in Bangladesch, Kontinent gro\u00dfe Plastikm\u00fcllinseln im Meer, genver\u00e4ndertes Saatgut durch Monsanto usw.). Denn nur wer informiert ist, kann aktiv werden und das Leben mitgestalten.<\/p>\n<p>Der Erfolg der Aktivit\u00e4ten von S\u00fcdstadtleben zeigt sich in der Resonanz: bis zu 30.000 Menschen kommen jedes Jahr in die 80-100 Veranstaltungen, ca. 8.000 in die Gottesdienste. Hier begegnen sich Kulturen, hier begegnen sich Menschen. Hier wird Kirche gelebt.<\/p>\n<p>Wer gerne beim F\u00f6rderverein mitmachen m\u00f6chte, kann online Mitglied werden und auch durch seine Spende die Arbeit unterst\u00fctzen. Auch Unternehmen d\u00fcrfen gerne spenden, unterst\u00fctzen und Projekte finanzieren. Wer gute Laune und Motivation mitbringt, kann sich gerne bei Sonja Grupe melden und im gemeinsamen Gespr\u00e4ch herausfinden, wo die Motivation am besten aufgehoben ist. Im Moment sucht der F\u00f6rderverein Ehrenamtler, die sich um die Pressemitteilungen und den Social Media Auftritt k\u00fcmmert. Freiwillige vor!<\/p>\n<p>M\u00f6chten Sie Mitglied der S\u00fcdstadtleben e.V. werden? <a href=\"http:\/\/www.suedstadt-leben-koeln.de\/mitmachen.php\">Hier<\/a> finden Sie mehr Informationen oder schreiben Sie eine E-Mail an: suedstadt.leben@koeln.de<\/p>\n<blockquote><p>Spenden: S\u00fcdstadt-Leben e.V.<br \/>\nBank f\u00fcr Kirche und Diakonie<br \/>\nIBAN DE09 3506 0190 1013 4760 19<\/p><\/blockquote>\n","protected":false},"excerpt":{"rendered":"<p>Konzerte, wie Zigeunern\u00e4chte, Fr\u00fchling der Kulturen, Flamenco und viele aus dem Bereich Weltmusik, Tanzveranstaltungen wie Salsa-, Lindy-Hop, Standardtanz- und Tangon\u00e4chte und Partys mindestens zu Silvester, Karneval und Tanz in den Mai, aber auch Flohm\u00e4rkte und die Unterst\u00fctzung bei der Organisation von Themengottesdiensten sorgen f\u00fcr die Realisierung all dessen, als was sich Kirche und insbesondere die [&hellip;]<\/p>\n","protected":false},"author":2,"featured_media":2551,"comment_status":"open","ping_status":"open","sticky":false,"template":"single-partner.php","format":"standard","meta":{"_acf_changed":false,"footnotes":""},"categories":[262,319],"tags":[],"class_list":["post-606","post","type-post","status-publish","format-standard","has-post-thumbnail","hentry","category-kirche","category-partner"],"acf":[],"yoast_head":"<!-- This site is optimized with the Yoast SEO plugin v27.4 - https:\/\/yoast.com\/product\/yoast-seo-wordpress\/ -->\n<title>Lutherkirche - Meine S\u00fcdstadt<\/title>\n<meta name=\"robots\" content=\"index, follow, max-snippet:-1, max-image-preview:large, max-video-preview:-1\" \/>\n<link rel=\"canonical\" href=\"https:\/\/www.meinesuedstadt.de\/branchenverzeichnis\/lutherkirche\/\" \/>\n<meta property=\"og:locale\" content=\"de_DE\" \/>\n<meta property=\"og:type\" content=\"article\" \/>\n<meta property=\"og:title\" content=\"Lutherkirche - Meine S\u00fcdstadt\" \/>\n<meta property=\"og:description\" content=\"Konzerte, wie Zigeunern\u00e4chte, Fr\u00fchling der Kulturen, Flamenco und viele aus dem Bereich Weltmusik, Tanzveranstaltungen wie Salsa-, Lindy-Hop, Standardtanz- und Tangon\u00e4chte und Partys mindestens zu Silvester, Karneval und Tanz in den Mai, aber auch Flohm\u00e4rkte und die Unterst\u00fctzung bei der Organisation von Themengottesdiensten sorgen f\u00fcr die Realisierung all dessen, als was sich Kirche und insbesondere die [&hellip;]\" \/>\n<meta property=\"og:url\" content=\"https:\/\/www.meinesuedstadt.de\/branchenverzeichnis\/lutherkirche\/\" \/>\n<meta property=\"og:site_name\" content=\"Meine S\u00fcdstadt\" \/>\n<meta property=\"article:publisher\" content=\"https:\/\/www.facebook.com\/Meinesuedstadt\/\" \/>\n<meta property=\"article:published_time\" content=\"2010-03-24T13:44:17+00:00\" \/>\n<meta property=\"article:modified_time\" content=\"2025-04-13T19:09:05+00:00\" \/>\n<meta property=\"og:image\" content=\"https:\/\/www.meinesuedstadt.de\/branchenverzeichnis\/wp-content\/uploads\/2010\/03\/Suedstadt-Leben-Meine-Suedstadt-Koeln-01.jpg\" \/>\n\t<meta property=\"og:image:width\" content=\"800\" \/>\n\t<meta property=\"og:image:height\" content=\"535\" \/>\n\t<meta property=\"og:image:type\" content=\"image\/jpeg\" \/>\n<meta name=\"author\" content=\"Mario Friese\" \/>\n<meta name=\"twitter:card\" content=\"summary_large_image\" \/>\n<meta name=\"twitter:creator\" content=\"@meinesuedstadt\" \/>\n<meta name=\"twitter:site\" content=\"@meinesuedstadt\" \/>\n<meta name=\"twitter:label1\" content=\"Verfasst von\" \/>\n\t<meta name=\"twitter:data1\" content=\"Mario Friese\" \/>\n\t<meta name=\"twitter:label2\" content=\"Gesch\u00e4tzte Lesezeit\" \/>\n\t<meta name=\"twitter:data2\" content=\"5\u00a0Minuten\" \/>\n<script type=\"application\/ld+json\" class=\"yoast-schema-graph\">{\"@context\":\"https:\\\/\\\/schema.org\",\"@graph\":[{\"@type\":\"Article\",\"@id\":\"https:\\\/\\\/www.meinesuedstadt.de\\\/branchenverzeichnis\\\/lutherkirche\\\/#article\",\"isPartOf\":{\"@id\":\"https:\\\/\\\/www.meinesuedstadt.de\\\/branchenverzeichnis\\\/lutherkirche\\\/\"},\"author\":{\"name\":\"Mario Friese\",\"@id\":\"https:\\\/\\\/www.meinesuedstadt.de\\\/branchenverzeichnis\\\/#\\\/schema\\\/person\\\/4974ccd0047c4bef2ea2271bc1b66e8d\"},\"headline\":\"Lutherkirche\",\"datePublished\":\"2010-03-24T13:44:17+00:00\",\"dateModified\":\"2025-04-13T19:09:05+00:00\",\"mainEntityOfPage\":{\"@id\":\"https:\\\/\\\/www.meinesuedstadt.de\\\/branchenverzeichnis\\\/lutherkirche\\\/\"},\"wordCount\":770,\"commentCount\":0,\"image\":{\"@id\":\"https:\\\/\\\/www.meinesuedstadt.de\\\/branchenverzeichnis\\\/lutherkirche\\\/#primaryimage\"},\"thumbnailUrl\":\"https:\\\/\\\/www.meinesuedstadt.de\\\/branchenverzeichnis\\\/wp-content\\\/uploads\\\/2010\\\/03\\\/Suedstadt-Leben-Meine-Suedstadt-Koeln-01.jpg\",\"articleSection\":[\"Kirche\",\"Partner\"],\"inLanguage\":\"de\",\"potentialAction\":[{\"@type\":\"CommentAction\",\"name\":\"Comment\",\"target\":[\"https:\\\/\\\/www.meinesuedstadt.de\\\/branchenverzeichnis\\\/lutherkirche\\\/#respond\"]}]},{\"@type\":\"WebPage\",\"@id\":\"https:\\\/\\\/www.meinesuedstadt.de\\\/branchenverzeichnis\\\/lutherkirche\\\/\",\"url\":\"https:\\\/\\\/www.meinesuedstadt.de\\\/branchenverzeichnis\\\/lutherkirche\\\/\",\"name\":\"Lutherkirche - Meine S\u00fcdstadt\",\"isPartOf\":{\"@id\":\"https:\\\/\\\/www.meinesuedstadt.de\\\/branchenverzeichnis\\\/#website\"},\"primaryImageOfPage\":{\"@id\":\"https:\\\/\\\/www.meinesuedstadt.de\\\/branchenverzeichnis\\\/lutherkirche\\\/#primaryimage\"},\"image\":{\"@id\":\"https:\\\/\\\/www.meinesuedstadt.de\\\/branchenverzeichnis\\\/lutherkirche\\\/#primaryimage\"},\"thumbnailUrl\":\"https:\\\/\\\/www.meinesuedstadt.de\\\/branchenverzeichnis\\\/wp-content\\\/uploads\\\/2010\\\/03\\\/Suedstadt-Leben-Meine-Suedstadt-Koeln-01.jpg\",\"datePublished\":\"2010-03-24T13:44:17+00:00\",\"dateModified\":\"2025-04-13T19:09:05+00:00\",\"author\":{\"@id\":\"https:\\\/\\\/www.meinesuedstadt.de\\\/branchenverzeichnis\\\/#\\\/schema\\\/person\\\/4974ccd0047c4bef2ea2271bc1b66e8d\"},\"breadcrumb\":{\"@id\":\"https:\\\/\\\/www.meinesuedstadt.de\\\/branchenverzeichnis\\\/lutherkirche\\\/#breadcrumb\"},\"inLanguage\":\"de\",\"potentialAction\":[{\"@type\":\"ReadAction\",\"target\":[\"https:\\\/\\\/www.meinesuedstadt.de\\\/branchenverzeichnis\\\/lutherkirche\\\/\"]}]},{\"@type\":\"ImageObject\",\"inLanguage\":\"de\",\"@id\":\"https:\\\/\\\/www.meinesuedstadt.de\\\/branchenverzeichnis\\\/lutherkirche\\\/#primaryimage\",\"url\":\"https:\\\/\\\/www.meinesuedstadt.de\\\/branchenverzeichnis\\\/wp-content\\\/uploads\\\/2010\\\/03\\\/Suedstadt-Leben-Meine-Suedstadt-Koeln-01.jpg\",\"contentUrl\":\"https:\\\/\\\/www.meinesuedstadt.de\\\/branchenverzeichnis\\\/wp-content\\\/uploads\\\/2010\\\/03\\\/Suedstadt-Leben-Meine-Suedstadt-Koeln-01.jpg\",\"width\":800,\"height\":535,\"caption\":\"Suedstadt-Leben e.V. - Meine S\u00fcdstadt K\u00f6ln\"},{\"@type\":\"BreadcrumbList\",\"@id\":\"https:\\\/\\\/www.meinesuedstadt.de\\\/branchenverzeichnis\\\/lutherkirche\\\/#breadcrumb\",\"itemListElement\":[{\"@type\":\"ListItem\",\"position\":1,\"name\":\"Startseite\",\"item\":\"https:\\\/\\\/www.meinesuedstadt.de\\\/branchenverzeichnis\\\/\"},{\"@type\":\"ListItem\",\"position\":2,\"name\":\"Lutherkirche\"}]},{\"@type\":\"WebSite\",\"@id\":\"https:\\\/\\\/www.meinesuedstadt.de\\\/branchenverzeichnis\\\/#website\",\"url\":\"https:\\\/\\\/www.meinesuedstadt.de\\\/branchenverzeichnis\\\/\",\"name\":\"Meine S\u00fcdstadt\",\"description\":\"Branchenverzeichnis aus der S\u00fcdstadt K\u00f6lns\",\"potentialAction\":[{\"@type\":\"SearchAction\",\"target\":{\"@type\":\"EntryPoint\",\"urlTemplate\":\"https:\\\/\\\/www.meinesuedstadt.de\\\/branchenverzeichnis\\\/?s={search_term_string}\"},\"query-input\":{\"@type\":\"PropertyValueSpecification\",\"valueRequired\":true,\"valueName\":\"search_term_string\"}}],\"inLanguage\":\"de\"},{\"@type\":\"Person\",\"@id\":\"https:\\\/\\\/www.meinesuedstadt.de\\\/branchenverzeichnis\\\/#\\\/schema\\\/person\\\/4974ccd0047c4bef2ea2271bc1b66e8d\",\"name\":\"Mario Friese\",\"image\":{\"@type\":\"ImageObject\",\"inLanguage\":\"de\",\"@id\":\"https:\\\/\\\/secure.gravatar.com\\\/avatar\\\/38afb5244388eb07856f264e0b17f6d56309e4e5bba4ea1716b6dadd14a2aab0?s=96&d=mm&r=g\",\"url\":\"https:\\\/\\\/secure.gravatar.com\\\/avatar\\\/38afb5244388eb07856f264e0b17f6d56309e4e5bba4ea1716b6dadd14a2aab0?s=96&d=mm&r=g\",\"contentUrl\":\"https:\\\/\\\/secure.gravatar.com\\\/avatar\\\/38afb5244388eb07856f264e0b17f6d56309e4e5bba4ea1716b6dadd14a2aab0?s=96&d=mm&r=g\",\"caption\":\"Mario Friese\"},\"sameAs\":[\"https:\\\/\\\/fgrepublik.com\"]}]}<\/script>\n<!-- \/ Yoast SEO plugin. -->","yoast_head_json":{"title":"Lutherkirche - Meine S\u00fcdstadt","robots":{"index":"index","follow":"follow","max-snippet":"max-snippet:-1","max-image-preview":"max-image-preview:large","max-video-preview":"max-video-preview:-1"},"canonical":"https:\/\/www.meinesuedstadt.de\/branchenverzeichnis\/lutherkirche\/","og_locale":"de_DE","og_type":"article","og_title":"Lutherkirche - Meine S\u00fcdstadt","og_description":"Konzerte, wie Zigeunern\u00e4chte, Fr\u00fchling der Kulturen, Flamenco und viele aus dem Bereich Weltmusik, Tanzveranstaltungen wie Salsa-, Lindy-Hop, Standardtanz- und Tangon\u00e4chte und Partys mindestens zu Silvester, Karneval und Tanz in den Mai, aber auch Flohm\u00e4rkte und die Unterst\u00fctzung bei der Organisation von Themengottesdiensten sorgen f\u00fcr die Realisierung all dessen, als was sich Kirche und insbesondere die [&hellip;]","og_url":"https:\/\/www.meinesuedstadt.de\/branchenverzeichnis\/lutherkirche\/","og_site_name":"Meine S\u00fcdstadt","article_publisher":"https:\/\/www.facebook.com\/Meinesuedstadt\/","article_published_time":"2010-03-24T13:44:17+00:00","article_modified_time":"2025-04-13T19:09:05+00:00","og_image":[{"width":800,"height":535,"url":"https:\/\/www.meinesuedstadt.de\/branchenverzeichnis\/wp-content\/uploads\/2010\/03\/Suedstadt-Leben-Meine-Suedstadt-Koeln-01.jpg","type":"image\/jpeg"}],"author":"Mario Friese","twitter_card":"summary_large_image","twitter_creator":"@meinesuedstadt","twitter_site":"@meinesuedstadt","twitter_misc":{"Verfasst von":"Mario Friese","Gesch\u00e4tzte Lesezeit":"5\u00a0Minuten"},"schema":{"@context":"https:\/\/schema.org","@graph":[{"@type":"Article","@id":"https:\/\/www.meinesuedstadt.de\/branchenverzeichnis\/lutherkirche\/#article","isPartOf":{"@id":"https:\/\/www.meinesuedstadt.de\/branchenverzeichnis\/lutherkirche\/"},"author":{"name":"Mario Friese","@id":"https:\/\/www.meinesuedstadt.de\/branchenverzeichnis\/#\/schema\/person\/4974ccd0047c4bef2ea2271bc1b66e8d"},"headline":"Lutherkirche","datePublished":"2010-03-24T13:44:17+00:00","dateModified":"2025-04-13T19:09:05+00:00","mainEntityOfPage":{"@id":"https:\/\/www.meinesuedstadt.de\/branchenverzeichnis\/lutherkirche\/"},"wordCount":770,"commentCount":0,"image":{"@id":"https:\/\/www.meinesuedstadt.de\/branchenverzeichnis\/lutherkirche\/#primaryimage"},"thumbnailUrl":"https:\/\/www.meinesuedstadt.de\/branchenverzeichnis\/wp-content\/uploads\/2010\/03\/Suedstadt-Leben-Meine-Suedstadt-Koeln-01.jpg","articleSection":["Kirche","Partner"],"inLanguage":"de","potentialAction":[{"@type":"CommentAction","name":"Comment","target":["https:\/\/www.meinesuedstadt.de\/branchenverzeichnis\/lutherkirche\/#respond"]}]},{"@type":"WebPage","@id":"https:\/\/www.meinesuedstadt.de\/branchenverzeichnis\/lutherkirche\/","url":"https:\/\/www.meinesuedstadt.de\/branchenverzeichnis\/lutherkirche\/","name":"Lutherkirche - Meine S\u00fcdstadt","isPartOf":{"@id":"https:\/\/www.meinesuedstadt.de\/branchenverzeichnis\/#website"},"primaryImageOfPage":{"@id":"https:\/\/www.meinesuedstadt.de\/branchenverzeichnis\/lutherkirche\/#primaryimage"},"image":{"@id":"https:\/\/www.meinesuedstadt.de\/branchenverzeichnis\/lutherkirche\/#primaryimage"},"thumbnailUrl":"https:\/\/www.meinesuedstadt.de\/branchenverzeichnis\/wp-content\/uploads\/2010\/03\/Suedstadt-Leben-Meine-Suedstadt-Koeln-01.jpg","datePublished":"2010-03-24T13:44:17+00:00","dateModified":"2025-04-13T19:09:05+00:00","author":{"@id":"https:\/\/www.meinesuedstadt.de\/branchenverzeichnis\/#\/schema\/person\/4974ccd0047c4bef2ea2271bc1b66e8d"},"breadcrumb":{"@id":"https:\/\/www.meinesuedstadt.de\/branchenverzeichnis\/lutherkirche\/#breadcrumb"},"inLanguage":"de","potentialAction":[{"@type":"ReadAction","target":["https:\/\/www.meinesuedstadt.de\/branchenverzeichnis\/lutherkirche\/"]}]},{"@type":"ImageObject","inLanguage":"de","@id":"https:\/\/www.meinesuedstadt.de\/branchenverzeichnis\/lutherkirche\/#primaryimage","url":"https:\/\/www.meinesuedstadt.de\/branchenverzeichnis\/wp-content\/uploads\/2010\/03\/Suedstadt-Leben-Meine-Suedstadt-Koeln-01.jpg","contentUrl":"https:\/\/www.meinesuedstadt.de\/branchenverzeichnis\/wp-content\/uploads\/2010\/03\/Suedstadt-Leben-Meine-Suedstadt-Koeln-01.jpg","width":800,"height":535,"caption":"Suedstadt-Leben e.V. - Meine S\u00fcdstadt K\u00f6ln"},{"@type":"BreadcrumbList","@id":"https:\/\/www.meinesuedstadt.de\/branchenverzeichnis\/lutherkirche\/#breadcrumb","itemListElement":[{"@type":"ListItem","position":1,"name":"Startseite","item":"https:\/\/www.meinesuedstadt.de\/branchenverzeichnis\/"},{"@type":"ListItem","position":2,"name":"Lutherkirche"}]},{"@type":"WebSite","@id":"https:\/\/www.meinesuedstadt.de\/branchenverzeichnis\/#website","url":"https:\/\/www.meinesuedstadt.de\/branchenverzeichnis\/","name":"Meine S\u00fcdstadt","description":"Branchenverzeichnis aus der S\u00fcdstadt K\u00f6lns","potentialAction":[{"@type":"SearchAction","target":{"@type":"EntryPoint","urlTemplate":"https:\/\/www.meinesuedstadt.de\/branchenverzeichnis\/?s={search_term_string}"},"query-input":{"@type":"PropertyValueSpecification","valueRequired":true,"valueName":"search_term_string"}}],"inLanguage":"de"},{"@type":"Person","@id":"https:\/\/www.meinesuedstadt.de\/branchenverzeichnis\/#\/schema\/person\/4974ccd0047c4bef2ea2271bc1b66e8d","name":"Mario Friese","image":{"@type":"ImageObject","inLanguage":"de","@id":"https:\/\/secure.gravatar.com\/avatar\/38afb5244388eb07856f264e0b17f6d56309e4e5bba4ea1716b6dadd14a2aab0?s=96&d=mm&r=g","url":"https:\/\/secure.gravatar.com\/avatar\/38afb5244388eb07856f264e0b17f6d56309e4e5bba4ea1716b6dadd14a2aab0?s=96&d=mm&r=g","contentUrl":"https:\/\/secure.gravatar.com\/avatar\/38afb5244388eb07856f264e0b17f6d56309e4e5bba4ea1716b6dadd14a2aab0?s=96&d=mm&r=g","caption":"Mario Friese"},"sameAs":["https:\/\/fgrepublik.com"]}]}},"priority":"1","metaAddress":"Martin-Luther-Platz 4, 50677 K\u00f6ln","_links":{"self":[{"href":"https:\/\/www.meinesuedstadt.de\/branchenverzeichnis\/wp-json\/wp\/v2\/posts\/606","targetHints":{"allow":["GET"]}}],"collection":[{"href":"https:\/\/www.meinesuedstadt.de\/branchenverzeichnis\/wp-json\/wp\/v2\/posts"}],"about":[{"href":"https:\/\/www.meinesuedstadt.de\/branchenverzeichnis\/wp-json\/wp\/v2\/types\/post"}],"author":[{"embeddable":true,"href":"https:\/\/www.meinesuedstadt.de\/branchenverzeichnis\/wp-json\/wp\/v2\/users\/2"}],"replies":[{"embeddable":true,"href":"https:\/\/www.meinesuedstadt.de\/branchenverzeichnis\/wp-json\/wp\/v2\/comments?post=606"}],"version-history":[{"count":13,"href":"https:\/\/www.meinesuedstadt.de\/branchenverzeichnis\/wp-json\/wp\/v2\/posts\/606\/revisions"}],"predecessor-version":[{"id":5885,"href":"https:\/\/www.meinesuedstadt.de\/branchenverzeichnis\/wp-json\/wp\/v2\/posts\/606\/revisions\/5885"}],"wp:featuredmedia":[{"embeddable":true,"href":"https:\/\/www.meinesuedstadt.de\/branchenverzeichnis\/wp-json\/wp\/v2\/media\/2551"}],"wp:attachment":[{"href":"https:\/\/www.meinesuedstadt.de\/branchenverzeichnis\/wp-json\/wp\/v2\/media?parent=606"}],"wp:term":[{"taxonomy":"category","embeddable":true,"href":"https:\/\/www.meinesuedstadt.de\/branchenverzeichnis\/wp-json\/wp\/v2\/categories?post=606"},{"taxonomy":"post_tag","embeddable":true,"href":"https:\/\/www.meinesuedstadt.de\/branchenverzeichnis\/wp-json\/wp\/v2\/tags?post=606"}],"curies":[{"name":"wp","href":"https:\/\/api.w.org\/{rel}","templated":true}]}}