{"id":634,"date":"2010-03-26T21:54:34","date_gmt":"2010-03-26T20:54:34","guid":{"rendered":"http:\/\/www.meinesuedstadt.de\/branchenverzeichnis\/?p=634"},"modified":"2010-03-26T21:54:34","modified_gmt":"2010-03-26T19:54:34","slug":"bestattungshaus-klemmer","status":"publish","type":"post","link":"https:\/\/www.meinesuedstadt.de\/branchenverzeichnis\/bestattungshaus-klemmer\/","title":{"rendered":"Bestattungshaus Klemmer"},"content":{"rendered":"<p>Gestorben wird immer. Das ist die unumst\u00f6\u00dfliche Wahrheit, die jeden Menschen eines Tages heimsucht. Es ist also keine Frage des ob, sondern vielmehr eine Frage des wie man mit dem Unausweichlichen umgeht. Und genau an dieser Stelle kommt das Bestattungshaus Klemmer ins Spiel. Lange also, so die Hoffnung des Inhabers Harald Deike, vor dem Tod eines Menschen und damit rechtzeitig genug, um sich diesem so angstbesetzten Thema bedacht und entspannt zu n\u00e4hern. Ganz nach dem Motto \u0084Et es noch keiner he jeblevve\u0093 wird dann auch der Tod behandelt: so, wie die Vorbereitung auf eine Reise, die, bestens geplant, hinterher jeden Stress von Vorneherein erspart.<\/p>\n<p>Harald Deike, der gemeinsam mit seiner Ehefrau Christine im M\u00e4rz 2010 das alteingesessene Bestattungshaus Klemmer am Karolingerring 26 \u00fcbernommen hat, ist ein Mann des Lebens. Als ehemaliger Harley-Fahrer, aktiver Karnevalist und eingeheirateter S\u00fcdst\u00e4dter liebt er all seine Facetten und der Tod geh\u00f6rt f\u00fcr ihn einfach mit dazu. Umso mehr wundert er sich, dass er immer wieder auf Menschen trifft, die den Tod einfach ausblenden. Und dann ganz erschrocken sind, wenn er denn eintritt. Etwa durch den Tod der Eltern oder den des Partners. Die Erfahrung, die er dann immer wieder macht, hat Harald Deike letztendlich dazu bewogen, das Thema Bestattungsvorsorge in den Focus zu r\u00fccken. Denn nichts, so Deike, ist schlimmer, als wenn das Andenken an einen Verstorbenen vom \u00c4rger \u00fcber die finanzielle Last f\u00fcr seine Angeh\u00f6rigen \u00fcberschattet wird. Wer sich also zu Lebzeiten in Ruhe informiert, sich \u00fcber Art und Weise der eigenen Beisetzung ein paar Gedanken macht und f\u00fcr den Fall der F\u00e4lle Geld zur Seite legt, um seine Angeh\u00f6rigen nicht zu belasten, handelt verantwortungsvoll.<\/p>\n<p>Willkommen ist man bei den Deikes also immer, auch wenn man, wie er so sch\u00f6n sagt, \u0084Keinen Toten dabei hat\u0093. Sich informieren \u00fcber das Prozedere, das vom Bestattungshaus Klemmer von den Formalit\u00e4ten mit Stadt und Kirche \u00fcber den Druck der Todesanzeige bis hin zu H\u00e4ppchen im Anschluss an die Trauerfeier auf Wunsch komplett \u00fcbernommen wird, die hauseigene \u0084Torburghalle\u0093 anschauen und \u00fcberrascht sein \u00fcber die Ecke mit der Madonna inmitten der vielen Karnevalsorden, an der man, auf dem Weg zur Halle, vorbeikommt. Spa\u00df am Leben und der Tod schlie\u00dfen sich eben nicht aus, das sp\u00fcrt man im Bestattungshaus Klemmer \u00fcberall. Und noch etwas sp\u00fcrt man, kommt man mit Harald Deike ins Gespr\u00e4ch: der Tod eines jeden Menschen ist so individuell wie sein Leben. Und so ist bei ihm, auch besonders durch die eigene Trauerhalle, die Trauerfeiern mit bis zu 40 Personen m\u00f6glich macht, so ziemlich jeder Wunsch erf\u00fcllbar, der woanders vielleicht schon mit einem lapidaren \u0084Geht nicht\u0093 abgeschmettert wurde. In angenehmer Wohlf\u00fchlatmosph\u00e4re ist eine Trauerfeier zu jeder Tages- und Nachtzeit m\u00f6glich, sieben Tage die Woche, mit Priester jeder Konfession, freiem Theologen oder Redner. Das ist ziemlich einzigartig in der S\u00fcdstadt und auch dar\u00fcber hinaus, bedenkt man, dass man ansonsten auf die st\u00e4dtischen Trauerhallen angewiesen ist, deren \u00d6ffnungszeiten recht unflexibel auf wochentags zwischen 9.00 und 14.30 Uhr festgelegt sind.<\/p>\n<p>Neben der zeitlichen Flexibilit\u00e4t bietet die hauseigene Trauerhalle freie Gestaltungsm\u00f6glichkeiten und damit einen w\u00fcrdigen und sehr pers\u00f6nlichen Abschied. Vom Wunsch nach einer Aufbahrung \u00fcber die Musikwahl bis hin zur Dekoration setzt das Ehepaar Deike gerne alle W\u00fcnsche so weit wie irgend m\u00f6glich um. \u0084Geht nicht, gibt`s nicht\u0093 ist einer der Leits\u00e4tze von Harald und Christine Deike und diesen Satz beherzigen die beiden bei jedem, der zu ihnen kommt. Ganz gleich, ob er kommt, um seine eigene Bestattung im Voraus geregelt zu wissen, oder die anstehende Bestattung eines Angeh\u00f6rigen zu organisieren.<\/p>\n<p>Und so ist das Bestattungshaus Klemmer eine gute Adresse, wenn das Unausweichliche geregelt werden muss. Menschlich, transparent und rundum gut versorgt. Mag das Thema noch so schwer sein, die Urne mit der Aufschrift \u0084Stolz, ne K\u00f6lsche zo sin\u0093, die es so nur dort gibt, ist f\u00fcr viele, schon zu Lebzeiten angeschafft, zumindest ein Trost und ein St\u00fcck Auss\u00f6hnung mit einem Thema, das uns allen so Angst macht.<\/p>\n<p>&nbsp;<\/p>\n<p>&nbsp;<\/p>\n","protected":false},"excerpt":{"rendered":"<p>Gestorben wird immer. Das ist die unumst\u00f6\u00dfliche Wahrheit, die jeden Menschen eines Tages heimsucht. Es ist also keine Frage des ob, sondern vielmehr eine Frage des wie man mit dem Unausweichlichen umgeht. Und genau an dieser Stelle kommt das Bestattungshaus Klemmer ins Spiel. Lange also, so die Hoffnung des Inhabers Harald Deike, vor dem Tod [&hellip;]<\/p>\n","protected":false},"author":2,"featured_media":0,"comment_status":"open","ping_status":"open","sticky":false,"template":"","format":"standard","meta":{"_acf_changed":false,"footnotes":""},"categories":[267],"tags":[],"class_list":["post-634","post","type-post","status-publish","format-standard","hentry","category-bestattunsinstitute"],"acf":[],"yoast_head":"<!-- This site is optimized with the Yoast SEO plugin v27.4 - https:\/\/yoast.com\/product\/yoast-seo-wordpress\/ -->\n<title>Bestattungshaus Klemmer - Meine S\u00fcdstadt<\/title>\n<meta name=\"robots\" content=\"index, follow, max-snippet:-1, max-image-preview:large, max-video-preview:-1\" \/>\n<link rel=\"canonical\" href=\"https:\/\/www.meinesuedstadt.de\/branchenverzeichnis\/bestattungshaus-klemmer\/\" \/>\n<meta property=\"og:locale\" content=\"de_DE\" \/>\n<meta property=\"og:type\" content=\"article\" \/>\n<meta property=\"og:title\" content=\"Bestattungshaus Klemmer - Meine S\u00fcdstadt\" \/>\n<meta property=\"og:description\" content=\"Gestorben wird immer. Das ist die unumst\u00f6\u00dfliche Wahrheit, die jeden Menschen eines Tages heimsucht. Es ist also keine Frage des ob, sondern vielmehr eine Frage des wie man mit dem Unausweichlichen umgeht. Und genau an dieser Stelle kommt das Bestattungshaus Klemmer ins Spiel. Lange also, so die Hoffnung des Inhabers Harald Deike, vor dem Tod [&hellip;]\" \/>\n<meta property=\"og:url\" content=\"https:\/\/www.meinesuedstadt.de\/branchenverzeichnis\/bestattungshaus-klemmer\/\" \/>\n<meta property=\"og:site_name\" content=\"Meine S\u00fcdstadt\" \/>\n<meta property=\"article:publisher\" content=\"https:\/\/www.facebook.com\/Meinesuedstadt\/\" \/>\n<meta property=\"article:published_time\" content=\"-0001-11-30T00:00:00+00:00\" \/>\n<meta name=\"author\" content=\"Mario Friese\" \/>\n<meta name=\"twitter:card\" content=\"summary_large_image\" \/>\n<meta name=\"twitter:creator\" content=\"@meinesuedstadt\" \/>\n<meta name=\"twitter:site\" content=\"@meinesuedstadt\" \/>\n<meta name=\"twitter:label1\" content=\"Verfasst von\" \/>\n\t<meta name=\"twitter:data1\" content=\"Mario Friese\" \/>\n\t<meta name=\"twitter:label2\" content=\"Gesch\u00e4tzte Lesezeit\" \/>\n\t<meta name=\"twitter:data2\" content=\"3\u00a0Minuten\" \/>\n<script type=\"application\/ld+json\" class=\"yoast-schema-graph\">{\"@context\":\"https:\\\/\\\/schema.org\",\"@graph\":[{\"@type\":\"Article\",\"@id\":\"https:\\\/\\\/www.meinesuedstadt.de\\\/branchenverzeichnis\\\/bestattungshaus-klemmer\\\/#article\",\"isPartOf\":{\"@id\":\"https:\\\/\\\/www.meinesuedstadt.de\\\/branchenverzeichnis\\\/bestattungshaus-klemmer\\\/\"},\"author\":{\"name\":\"Mario Friese\",\"@id\":\"https:\\\/\\\/www.meinesuedstadt.de\\\/branchenverzeichnis\\\/#\\\/schema\\\/person\\\/4974ccd0047c4bef2ea2271bc1b66e8d\"},\"headline\":\"Bestattungshaus Klemmer\",\"datePublished\":\"-0001-11-30T00:00:00+00:00\",\"mainEntityOfPage\":{\"@id\":\"https:\\\/\\\/www.meinesuedstadt.de\\\/branchenverzeichnis\\\/bestattungshaus-klemmer\\\/\"},\"wordCount\":685,\"commentCount\":0,\"articleSection\":[\"Bestattunsinstitute\"],\"inLanguage\":\"de\",\"potentialAction\":[{\"@type\":\"CommentAction\",\"name\":\"Comment\",\"target\":[\"https:\\\/\\\/www.meinesuedstadt.de\\\/branchenverzeichnis\\\/bestattungshaus-klemmer\\\/#respond\"]}]},{\"@type\":\"WebPage\",\"@id\":\"https:\\\/\\\/www.meinesuedstadt.de\\\/branchenverzeichnis\\\/bestattungshaus-klemmer\\\/\",\"url\":\"https:\\\/\\\/www.meinesuedstadt.de\\\/branchenverzeichnis\\\/bestattungshaus-klemmer\\\/\",\"name\":\"Bestattungshaus Klemmer - Meine S\u00fcdstadt\",\"isPartOf\":{\"@id\":\"https:\\\/\\\/www.meinesuedstadt.de\\\/branchenverzeichnis\\\/#website\"},\"datePublished\":\"-0001-11-30T00:00:00+00:00\",\"author\":{\"@id\":\"https:\\\/\\\/www.meinesuedstadt.de\\\/branchenverzeichnis\\\/#\\\/schema\\\/person\\\/4974ccd0047c4bef2ea2271bc1b66e8d\"},\"breadcrumb\":{\"@id\":\"https:\\\/\\\/www.meinesuedstadt.de\\\/branchenverzeichnis\\\/bestattungshaus-klemmer\\\/#breadcrumb\"},\"inLanguage\":\"de\",\"potentialAction\":[{\"@type\":\"ReadAction\",\"target\":[\"https:\\\/\\\/www.meinesuedstadt.de\\\/branchenverzeichnis\\\/bestattungshaus-klemmer\\\/\"]}]},{\"@type\":\"BreadcrumbList\",\"@id\":\"https:\\\/\\\/www.meinesuedstadt.de\\\/branchenverzeichnis\\\/bestattungshaus-klemmer\\\/#breadcrumb\",\"itemListElement\":[{\"@type\":\"ListItem\",\"position\":1,\"name\":\"Startseite\",\"item\":\"https:\\\/\\\/www.meinesuedstadt.de\\\/branchenverzeichnis\\\/\"},{\"@type\":\"ListItem\",\"position\":2,\"name\":\"Bestattungshaus Klemmer\"}]},{\"@type\":\"WebSite\",\"@id\":\"https:\\\/\\\/www.meinesuedstadt.de\\\/branchenverzeichnis\\\/#website\",\"url\":\"https:\\\/\\\/www.meinesuedstadt.de\\\/branchenverzeichnis\\\/\",\"name\":\"Meine S\u00fcdstadt\",\"description\":\"Branchenverzeichnis aus der S\u00fcdstadt K\u00f6lns\",\"potentialAction\":[{\"@type\":\"SearchAction\",\"target\":{\"@type\":\"EntryPoint\",\"urlTemplate\":\"https:\\\/\\\/www.meinesuedstadt.de\\\/branchenverzeichnis\\\/?s={search_term_string}\"},\"query-input\":{\"@type\":\"PropertyValueSpecification\",\"valueRequired\":true,\"valueName\":\"search_term_string\"}}],\"inLanguage\":\"de\"},{\"@type\":\"Person\",\"@id\":\"https:\\\/\\\/www.meinesuedstadt.de\\\/branchenverzeichnis\\\/#\\\/schema\\\/person\\\/4974ccd0047c4bef2ea2271bc1b66e8d\",\"name\":\"Mario Friese\",\"image\":{\"@type\":\"ImageObject\",\"inLanguage\":\"de\",\"@id\":\"https:\\\/\\\/secure.gravatar.com\\\/avatar\\\/38afb5244388eb07856f264e0b17f6d56309e4e5bba4ea1716b6dadd14a2aab0?s=96&d=mm&r=g\",\"url\":\"https:\\\/\\\/secure.gravatar.com\\\/avatar\\\/38afb5244388eb07856f264e0b17f6d56309e4e5bba4ea1716b6dadd14a2aab0?s=96&d=mm&r=g\",\"contentUrl\":\"https:\\\/\\\/secure.gravatar.com\\\/avatar\\\/38afb5244388eb07856f264e0b17f6d56309e4e5bba4ea1716b6dadd14a2aab0?s=96&d=mm&r=g\",\"caption\":\"Mario Friese\"},\"sameAs\":[\"https:\\\/\\\/fgrepublik.com\"]}]}<\/script>\n<!-- \/ Yoast SEO plugin. -->","yoast_head_json":{"title":"Bestattungshaus Klemmer - Meine S\u00fcdstadt","robots":{"index":"index","follow":"follow","max-snippet":"max-snippet:-1","max-image-preview":"max-image-preview:large","max-video-preview":"max-video-preview:-1"},"canonical":"https:\/\/www.meinesuedstadt.de\/branchenverzeichnis\/bestattungshaus-klemmer\/","og_locale":"de_DE","og_type":"article","og_title":"Bestattungshaus Klemmer - Meine S\u00fcdstadt","og_description":"Gestorben wird immer. Das ist die unumst\u00f6\u00dfliche Wahrheit, die jeden Menschen eines Tages heimsucht. Es ist also keine Frage des ob, sondern vielmehr eine Frage des wie man mit dem Unausweichlichen umgeht. Und genau an dieser Stelle kommt das Bestattungshaus Klemmer ins Spiel. Lange also, so die Hoffnung des Inhabers Harald Deike, vor dem Tod [&hellip;]","og_url":"https:\/\/www.meinesuedstadt.de\/branchenverzeichnis\/bestattungshaus-klemmer\/","og_site_name":"Meine S\u00fcdstadt","article_publisher":"https:\/\/www.facebook.com\/Meinesuedstadt\/","article_published_time":"-0001-11-30T00:00:00+00:00","author":"Mario Friese","twitter_card":"summary_large_image","twitter_creator":"@meinesuedstadt","twitter_site":"@meinesuedstadt","twitter_misc":{"Verfasst von":"Mario Friese","Gesch\u00e4tzte Lesezeit":"3\u00a0Minuten"},"schema":{"@context":"https:\/\/schema.org","@graph":[{"@type":"Article","@id":"https:\/\/www.meinesuedstadt.de\/branchenverzeichnis\/bestattungshaus-klemmer\/#article","isPartOf":{"@id":"https:\/\/www.meinesuedstadt.de\/branchenverzeichnis\/bestattungshaus-klemmer\/"},"author":{"name":"Mario Friese","@id":"https:\/\/www.meinesuedstadt.de\/branchenverzeichnis\/#\/schema\/person\/4974ccd0047c4bef2ea2271bc1b66e8d"},"headline":"Bestattungshaus Klemmer","datePublished":"-0001-11-30T00:00:00+00:00","mainEntityOfPage":{"@id":"https:\/\/www.meinesuedstadt.de\/branchenverzeichnis\/bestattungshaus-klemmer\/"},"wordCount":685,"commentCount":0,"articleSection":["Bestattunsinstitute"],"inLanguage":"de","potentialAction":[{"@type":"CommentAction","name":"Comment","target":["https:\/\/www.meinesuedstadt.de\/branchenverzeichnis\/bestattungshaus-klemmer\/#respond"]}]},{"@type":"WebPage","@id":"https:\/\/www.meinesuedstadt.de\/branchenverzeichnis\/bestattungshaus-klemmer\/","url":"https:\/\/www.meinesuedstadt.de\/branchenverzeichnis\/bestattungshaus-klemmer\/","name":"Bestattungshaus Klemmer - Meine S\u00fcdstadt","isPartOf":{"@id":"https:\/\/www.meinesuedstadt.de\/branchenverzeichnis\/#website"},"datePublished":"-0001-11-30T00:00:00+00:00","author":{"@id":"https:\/\/www.meinesuedstadt.de\/branchenverzeichnis\/#\/schema\/person\/4974ccd0047c4bef2ea2271bc1b66e8d"},"breadcrumb":{"@id":"https:\/\/www.meinesuedstadt.de\/branchenverzeichnis\/bestattungshaus-klemmer\/#breadcrumb"},"inLanguage":"de","potentialAction":[{"@type":"ReadAction","target":["https:\/\/www.meinesuedstadt.de\/branchenverzeichnis\/bestattungshaus-klemmer\/"]}]},{"@type":"BreadcrumbList","@id":"https:\/\/www.meinesuedstadt.de\/branchenverzeichnis\/bestattungshaus-klemmer\/#breadcrumb","itemListElement":[{"@type":"ListItem","position":1,"name":"Startseite","item":"https:\/\/www.meinesuedstadt.de\/branchenverzeichnis\/"},{"@type":"ListItem","position":2,"name":"Bestattungshaus Klemmer"}]},{"@type":"WebSite","@id":"https:\/\/www.meinesuedstadt.de\/branchenverzeichnis\/#website","url":"https:\/\/www.meinesuedstadt.de\/branchenverzeichnis\/","name":"Meine S\u00fcdstadt","description":"Branchenverzeichnis aus der S\u00fcdstadt K\u00f6lns","potentialAction":[{"@type":"SearchAction","target":{"@type":"EntryPoint","urlTemplate":"https:\/\/www.meinesuedstadt.de\/branchenverzeichnis\/?s={search_term_string}"},"query-input":{"@type":"PropertyValueSpecification","valueRequired":true,"valueName":"search_term_string"}}],"inLanguage":"de"},{"@type":"Person","@id":"https:\/\/www.meinesuedstadt.de\/branchenverzeichnis\/#\/schema\/person\/4974ccd0047c4bef2ea2271bc1b66e8d","name":"Mario Friese","image":{"@type":"ImageObject","inLanguage":"de","@id":"https:\/\/secure.gravatar.com\/avatar\/38afb5244388eb07856f264e0b17f6d56309e4e5bba4ea1716b6dadd14a2aab0?s=96&d=mm&r=g","url":"https:\/\/secure.gravatar.com\/avatar\/38afb5244388eb07856f264e0b17f6d56309e4e5bba4ea1716b6dadd14a2aab0?s=96&d=mm&r=g","contentUrl":"https:\/\/secure.gravatar.com\/avatar\/38afb5244388eb07856f264e0b17f6d56309e4e5bba4ea1716b6dadd14a2aab0?s=96&d=mm&r=g","caption":"Mario Friese"},"sameAs":["https:\/\/fgrepublik.com"]}]}},"priority":0,"metaAddress":"Karolingerring 26 , 50678 K\u00f6ln","_links":{"self":[{"href":"https:\/\/www.meinesuedstadt.de\/branchenverzeichnis\/wp-json\/wp\/v2\/posts\/634","targetHints":{"allow":["GET"]}}],"collection":[{"href":"https:\/\/www.meinesuedstadt.de\/branchenverzeichnis\/wp-json\/wp\/v2\/posts"}],"about":[{"href":"https:\/\/www.meinesuedstadt.de\/branchenverzeichnis\/wp-json\/wp\/v2\/types\/post"}],"author":[{"embeddable":true,"href":"https:\/\/www.meinesuedstadt.de\/branchenverzeichnis\/wp-json\/wp\/v2\/users\/2"}],"replies":[{"embeddable":true,"href":"https:\/\/www.meinesuedstadt.de\/branchenverzeichnis\/wp-json\/wp\/v2\/comments?post=634"}],"version-history":[{"count":0,"href":"https:\/\/www.meinesuedstadt.de\/branchenverzeichnis\/wp-json\/wp\/v2\/posts\/634\/revisions"}],"wp:attachment":[{"href":"https:\/\/www.meinesuedstadt.de\/branchenverzeichnis\/wp-json\/wp\/v2\/media?parent=634"}],"wp:term":[{"taxonomy":"category","embeddable":true,"href":"https:\/\/www.meinesuedstadt.de\/branchenverzeichnis\/wp-json\/wp\/v2\/categories?post=634"},{"taxonomy":"post_tag","embeddable":true,"href":"https:\/\/www.meinesuedstadt.de\/branchenverzeichnis\/wp-json\/wp\/v2\/tags?post=634"}],"curies":[{"name":"wp","href":"https:\/\/api.w.org\/{rel}","templated":true}]}}