{"id":758,"date":"2010-03-29T15:54:03","date_gmt":"2010-03-29T13:54:03","guid":{"rendered":"http:\/\/www.meinesuedstadt.de\/branchenverzeichnis\/?p=758"},"modified":"2020-01-02T22:46:46","modified_gmt":"2020-01-02T21:46:46","slug":"der-fahrraddoctor-karsten-heinsohn","status":"publish","type":"post","link":"https:\/\/www.meinesuedstadt.de\/branchenverzeichnis\/der-fahrraddoctor-karsten-heinsohn\/","title":{"rendered":"Der Fahrraddoctor &#8211; Karsten Heinsohn"},"content":{"rendered":"<p>Dass man h\u00f6ren soll, was das Herz einem sagt, dass versucht uns Rosamunde Pilcher immer wieder sonntags zu erz\u00e4hlen. Und trotzdem nehmen wir es ihr nicht so recht ab. Erz\u00e4hlt Karsten Heinsohn seine Geschichte, beginnt man hingegen unweigerlich sein eigenes Herz zu befragen &#8211; nach seinen wahren W\u00fcnschen und dem, was einen selbst gl\u00fccklich macht?<\/p>\n\n\t\t<style type=\"text\/css\">\n\t\t\t#gallery-1 {\n\t\t\t\tmargin: auto;\n\t\t\t}\n\t\t\t#gallery-1 .gallery-item {\n\t\t\t\tfloat: left;\n\t\t\t\tmargin-top: 10px;\n\t\t\t\ttext-align: center;\n\t\t\t\twidth: 25%;\n\t\t\t}\n\t\t\t#gallery-1 img {\n\t\t\t\tborder: 2px solid #cfcfcf;\n\t\t\t}\n\t\t\t#gallery-1 .gallery-caption {\n\t\t\t\tmargin-left: 0;\n\t\t\t}\n\t\t\t\/* see gallery_shortcode() in wp-includes\/media.php *\/\n\t\t<\/style>\n\t\t<div id='gallery-1' class='gallery galleryid-758 gallery-columns-4 gallery-size-thumbnail'><dl class='gallery-item'>\n\t\t\t<dt class='gallery-icon landscape'>\n\t\t\t\t<a href='https:\/\/www.meinesuedstadt.de\/branchenverzeichnis\/wp-content\/uploads\/2010\/03\/der-fahrraddoctor-meine-suedstadt-koeln-02.jpg' title=\"\" data-rl_title=\"\" class=\"rl-gallery-link\" data-rl_caption=\"\" data-rel=\"lightbox-gallery-1\"><img loading=\"lazy\" decoding=\"async\" width=\"150\" height=\"150\" src=\"https:\/\/www.meinesuedstadt.de\/branchenverzeichnis\/wp-content\/uploads\/2010\/03\/der-fahrraddoctor-meine-suedstadt-koeln-02-150x150.jpg\" class=\"attachment-thumbnail size-thumbnail\" alt=\"Der Fahrraddoctor - Karsten Heinsohn - Meine S\u00fcdstadt K\u00f6ln\" \/><\/a>\n\t\t\t<\/dt><\/dl><dl class='gallery-item'>\n\t\t\t<dt class='gallery-icon landscape'>\n\t\t\t\t<a href='https:\/\/www.meinesuedstadt.de\/branchenverzeichnis\/wp-content\/uploads\/2010\/03\/der-fahrraddoctor-meine-suedstadt-koeln-03.jpg' title=\"\" data-rl_title=\"\" class=\"rl-gallery-link\" data-rl_caption=\"\" data-rel=\"lightbox-gallery-1\"><img loading=\"lazy\" decoding=\"async\" width=\"150\" height=\"150\" src=\"https:\/\/www.meinesuedstadt.de\/branchenverzeichnis\/wp-content\/uploads\/2010\/03\/der-fahrraddoctor-meine-suedstadt-koeln-03-150x150.jpg\" class=\"attachment-thumbnail size-thumbnail\" alt=\"Der Fahrraddoctor - Karsten Heinsohn - Meine S\u00fcdstadt K\u00f6ln\" \/><\/a>\n\t\t\t<\/dt><\/dl><dl class='gallery-item'>\n\t\t\t<dt class='gallery-icon landscape'>\n\t\t\t\t<a href='https:\/\/www.meinesuedstadt.de\/branchenverzeichnis\/wp-content\/uploads\/2010\/03\/der-fahrraddoctor-meine-suedstadt-koeln-04.jpg' title=\"\" data-rl_title=\"\" class=\"rl-gallery-link\" data-rl_caption=\"\" data-rel=\"lightbox-gallery-1\"><img loading=\"lazy\" decoding=\"async\" width=\"150\" height=\"150\" src=\"https:\/\/www.meinesuedstadt.de\/branchenverzeichnis\/wp-content\/uploads\/2010\/03\/der-fahrraddoctor-meine-suedstadt-koeln-04-150x150.jpg\" class=\"attachment-thumbnail size-thumbnail\" alt=\"Der Fahrraddoctor - Karsten Heinsohn - Meine S\u00fcdstadt K\u00f6ln\" \/><\/a>\n\t\t\t<\/dt><\/dl><dl class='gallery-item'>\n\t\t\t<dt class='gallery-icon landscape'>\n\t\t\t\t<a href='https:\/\/www.meinesuedstadt.de\/branchenverzeichnis\/wp-content\/uploads\/2010\/03\/der-fahrraddoctor-meine-suedstadt-koeln-05.jpg' title=\"\" data-rl_title=\"\" class=\"rl-gallery-link\" data-rl_caption=\"\" data-rel=\"lightbox-gallery-1\"><img loading=\"lazy\" decoding=\"async\" width=\"150\" height=\"150\" src=\"https:\/\/www.meinesuedstadt.de\/branchenverzeichnis\/wp-content\/uploads\/2010\/03\/der-fahrraddoctor-meine-suedstadt-koeln-05-150x150.jpg\" class=\"attachment-thumbnail size-thumbnail\" alt=\"Der Fahrraddoctor - Karsten Heinsohn - Meine S\u00fcdstadt K\u00f6ln\" \/><\/a>\n\t\t\t<\/dt><\/dl><br style=\"clear: both\" \/><dl class='gallery-item'>\n\t\t\t<dt class='gallery-icon landscape'>\n\t\t\t\t<a href='https:\/\/www.meinesuedstadt.de\/branchenverzeichnis\/wp-content\/uploads\/2010\/03\/der-fahrraddoctor-meine-suedstadt-koeln-06.jpg' title=\"\" data-rl_title=\"\" class=\"rl-gallery-link\" data-rl_caption=\"\" data-rel=\"lightbox-gallery-1\"><img loading=\"lazy\" decoding=\"async\" width=\"150\" height=\"150\" src=\"https:\/\/www.meinesuedstadt.de\/branchenverzeichnis\/wp-content\/uploads\/2010\/03\/der-fahrraddoctor-meine-suedstadt-koeln-06-150x150.jpg\" class=\"attachment-thumbnail size-thumbnail\" alt=\"Der Fahrraddoctor - Karsten Heinsohn - Meine S\u00fcdstadt K\u00f6ln\" \/><\/a>\n\t\t\t<\/dt><\/dl><dl class='gallery-item'>\n\t\t\t<dt class='gallery-icon landscape'>\n\t\t\t\t<a href='https:\/\/www.meinesuedstadt.de\/branchenverzeichnis\/wp-content\/uploads\/2010\/03\/der-fahrraddoctor-meine-suedstadt-koeln-07.jpg' title=\"\" data-rl_title=\"\" class=\"rl-gallery-link\" data-rl_caption=\"\" data-rel=\"lightbox-gallery-1\"><img loading=\"lazy\" decoding=\"async\" width=\"150\" height=\"150\" src=\"https:\/\/www.meinesuedstadt.de\/branchenverzeichnis\/wp-content\/uploads\/2010\/03\/der-fahrraddoctor-meine-suedstadt-koeln-07-150x150.jpg\" class=\"attachment-thumbnail size-thumbnail\" alt=\"Der Fahrraddoctor - Karsten Heinsohn - Meine S\u00fcdstadt K\u00f6ln\" \/><\/a>\n\t\t\t<\/dt><\/dl><dl class='gallery-item'>\n\t\t\t<dt class='gallery-icon landscape'>\n\t\t\t\t<a href='https:\/\/www.meinesuedstadt.de\/branchenverzeichnis\/wp-content\/uploads\/2010\/03\/der-fahrraddoctor-meine-suedstadt-koeln-08.jpg' title=\"\" data-rl_title=\"\" class=\"rl-gallery-link\" data-rl_caption=\"\" data-rel=\"lightbox-gallery-1\"><img loading=\"lazy\" decoding=\"async\" width=\"150\" height=\"150\" src=\"https:\/\/www.meinesuedstadt.de\/branchenverzeichnis\/wp-content\/uploads\/2010\/03\/der-fahrraddoctor-meine-suedstadt-koeln-08-150x150.jpg\" class=\"attachment-thumbnail size-thumbnail\" alt=\"Der Fahrraddoctor - Karsten Heinsohn - Meine S\u00fcdstadt K\u00f6ln\" \/><\/a>\n\t\t\t<\/dt><\/dl><dl class='gallery-item'>\n\t\t\t<dt class='gallery-icon landscape'>\n\t\t\t\t<a href='https:\/\/www.meinesuedstadt.de\/branchenverzeichnis\/wp-content\/uploads\/2010\/03\/der-fahrraddoctor-meine-suedstadt-koeln-09.jpg' title=\"\" data-rl_title=\"\" class=\"rl-gallery-link\" data-rl_caption=\"\" data-rel=\"lightbox-gallery-1\"><img loading=\"lazy\" decoding=\"async\" width=\"150\" height=\"150\" src=\"https:\/\/www.meinesuedstadt.de\/branchenverzeichnis\/wp-content\/uploads\/2010\/03\/der-fahrraddoctor-meine-suedstadt-koeln-09-150x150.jpg\" class=\"attachment-thumbnail size-thumbnail\" alt=\"\" \/><\/a>\n\t\t\t<\/dt><\/dl><br style=\"clear: both\" \/>\n\t\t<\/div>\n\n<p>Karsten Heinsohn ist der Fahrrad-Doktor der S\u00fcdstadt. In seiner Werkstatt in der Biberstra\u00dfe repariert er neue R\u00e4der und bringt alte wieder in Schwung. Wenn Karsten Heinsohn von seiner Sammelleidenschaft f\u00fcr alte, kaputte R\u00e4der erz\u00e4hlt, die er sich als Ersatzteillager \u0084h\u00e4lt\u0093, leuchten dem geb\u00fcrtigen Hamburger die Augen, wobei ihm auch ein verschmitztes L\u00e4cheln \u00fcber seine eigene Verschrobenheit \u00fcber die Lippen huscht. Vielleicht l\u00e4chelt er aber auch, weil diese Verschrobenheit der Ausl\u00f6ser war f\u00fcr das, was f\u00fcr ihn heute Gl\u00fcck bedeutet.<\/p>\n<p>Karsten Heinsohn war nicht immer Fahrraddoktor. Genauer gesagt, war ein \u0084Doktor\u0093 f\u00fcr ihn immer jemand, dem er zugearbeitet hat. 17 Jahre hat er als Zahntechniker f\u00fcr den richtigen Biss gesorgt. Der Ausgleich neben dem getakteten 9 to 5 Job, war schon damals das Schrauben an alten R\u00e4dern. Sein Spa\u00df an der Sache und die stetig steigende Nachfrage nach Reparaturen, veranlassten Karsten Heinsohn, seinem Hobby und der Lust daran, immer weiter nachzugehen. Mit der M\u00f6glichkeit, halbtags bei \u0084S\u00fcdrad\u0093 in Bayenthal zu arbeiten, seine Arbeitszeit im Labor auf die H\u00e4lfte zu k\u00fcrzen und so die sichere Arbeit mit seiner Leidenschaft zu kombinieren, hat er f\u00fcr sich eine, wie er fand, optimale L\u00f6sung gefunden. 5 Jahre werkelte er so herum, morgens an Z\u00e4hnen, nachmittags an R\u00e4dern, bis er den vermeidlich sicheren Job verlor. Mittlerweile hatte ihm sein Vermieter den Innenhof und eine kleine Einliegerwohnung zur Verf\u00fcgung gestellt, so dass er auch zu Hause, nach einiger Zeit Basteln im Keller, ein kleine Fahrradwerkstatt unterhielt.<\/p>\n<p>Immer mehr Zeit und Platz fand die Radleidenschaft in Heinsohns Leben und so beschloss er 2007, sein in der Praxis erworbenes Wissen \u00fcber Fahrr\u00e4der, durch ein Fernstudium zu fundieren. Seit 2008 ist es offiziell, Karsten Heinsohn ist nicht nur ausgebildeter Zahn-, sondern auch Fahrradtechniker und hat damit die beste Grundlage geschaffen f\u00fcr seinen Herzenswunsch, den er sich 2012 erf\u00fcllt hat, seine eigene Fahrradwerkstatt. Wie die Werkstatt zu ihm fand, zeigt dabei, wie der Rest der Geschichte auch, wie wichtig es ist, seiner inneren Stimme und W\u00fcnschen zu folgen. Auf der Suche nach einer neuen Wohnung, landet Karsten Heinsohn in der Biberstra\u00dfe. Als er im Gespr\u00e4ch mit dem Vermieter seine Sorge \u00fcber den Verbleib der \u00fcber Jahre angesammelten alten R\u00e4der fallen l\u00e4sst, findet er sich im Erdgeschoss des Hauses, in den R\u00e4umen einer ehemaligen Metzgerei wieder. Kein Vertun, seine neue Fahrradwerkstatt!<\/p>\n<p>Im April 2012 nun war, nach dreimonatiger Renovierungsarbeit, inklusive Abtransport von Eimern voll Schweinerippen, Er\u00f6ffnung und der Fahrraddoctor Heinsohn macht nun in der Biberstra\u00dfe das, was er schon immer gerne gemacht hat: R\u00e4der reparieren. Und er ist gl\u00fccklich, hat er doch genug Platz f\u00fcr das, was ihm am Herzen liegt, das Wiederbeleben alter oder kaputter Dinge. Recycling liegt dem Mittvierziger stark am Herzen (neben dem \u0084Fahrraddoctor\u0093 war \u0084Re-Cycle\u0093 hei\u00dfer Anw\u00e4rter auf den Werkstattnamen), wobei er bei dem Gedanken an die ganzen alten Bikes, die als Ersatzteillager noch in den verschiedensten Werkst\u00e4tten und Garagen f\u00fcr ihn untergebracht sind, schr\u00e4g grinsend zugeben muss: \u0084Schutzbleche sind \u00fcberbewertet. Es ist Zeit, auszumisten!\u0093<\/p>\n<p>Da er die Werkstattarbeit mit der ihm zugetragenen Stelle als Hausmeister der Kirchengemeinde St. Severin teilt, hat er flexible \u00d6ffnungszeiten. Nach Absprache nimmt er entgegen, was zu reparieren ist, wechselt Schl\u00e4uche ab 10 Euro, wartet Schaltungen f\u00fcr 10 bis 20 Euro, stellt Bremsen ein f\u00fcr 8 Euro oder f\u00fchrt Komplettinspektionen f\u00fcr 35 Euro durch. Ganz nach seinem Recycle-Motto, nutzt er gut erhaltenes Altes, um neuen Schwung zu verleihen. Auf Wunsch besorgt er auch Neumaterial. Ein Rad ist f\u00fcr Karsten Heinsohn ein Gebrauchsgegenstand, und so ist es f\u00fcr ihn selbstverst\u00e4ndlich, f\u00fcr die Dauer der Reparatur ein Leih Rad zu stellen. Ein Service, der im Preis enthalten ist. Genauso, wie ein netter Schwatz.<\/p>\n<p>Darauf angesprochen, ist es wieder da, das Leuchten in seinen Augen. Der Kontakt mit den Menschen, das sei es, was ihm neben dem Basteln so wichtig sei an seiner Leidenschaft, die er zum Beruf gemacht hat.<\/p>\n","protected":false},"excerpt":{"rendered":"<p>Dass man h\u00f6ren soll, was das Herz einem sagt, dass versucht uns Rosamunde Pilcher immer wieder sonntags zu erz\u00e4hlen. Und trotzdem nehmen wir es ihr nicht so recht ab. Erz\u00e4hlt Karsten Heinsohn seine Geschichte, beginnt man hingegen unweigerlich sein eigenes Herz zu befragen &#8211; nach seinen wahren W\u00fcnschen und dem, was einen selbst gl\u00fccklich macht? [&hellip;]<\/p>\n","protected":false},"author":2,"featured_media":0,"comment_status":"open","ping_status":"open","sticky":false,"template":"","format":"standard","meta":{"_acf_changed":false,"footnotes":""},"categories":[226],"tags":[328],"class_list":["post-758","post","type-post","status-publish","format-standard","hentry","category-fahrraeder","tag-reperatur"],"acf":[],"yoast_head":"<!-- This site is optimized with the Yoast SEO plugin v27.4 - https:\/\/yoast.com\/product\/yoast-seo-wordpress\/ -->\n<title>Der Fahrraddoctor - Karsten Heinsohn - Meine S\u00fcdstadt<\/title>\n<meta name=\"robots\" content=\"index, follow, max-snippet:-1, max-image-preview:large, max-video-preview:-1\" \/>\n<link rel=\"canonical\" href=\"https:\/\/www.meinesuedstadt.de\/branchenverzeichnis\/der-fahrraddoctor-karsten-heinsohn\/\" \/>\n<meta property=\"og:locale\" content=\"de_DE\" \/>\n<meta property=\"og:type\" content=\"article\" \/>\n<meta property=\"og:title\" content=\"Der Fahrraddoctor - Karsten Heinsohn - Meine S\u00fcdstadt\" \/>\n<meta property=\"og:description\" content=\"Dass man h\u00f6ren soll, was das Herz einem sagt, dass versucht uns Rosamunde Pilcher immer wieder sonntags zu erz\u00e4hlen. Und trotzdem nehmen wir es ihr nicht so recht ab. Erz\u00e4hlt Karsten Heinsohn seine Geschichte, beginnt man hingegen unweigerlich sein eigenes Herz zu befragen &#8211; nach seinen wahren W\u00fcnschen und dem, was einen selbst gl\u00fccklich macht? [&hellip;]\" \/>\n<meta property=\"og:url\" content=\"https:\/\/www.meinesuedstadt.de\/branchenverzeichnis\/der-fahrraddoctor-karsten-heinsohn\/\" \/>\n<meta property=\"og:site_name\" content=\"Meine S\u00fcdstadt\" \/>\n<meta property=\"article:publisher\" content=\"https:\/\/www.facebook.com\/Meinesuedstadt\/\" \/>\n<meta property=\"article:published_time\" content=\"2010-03-29T13:54:03+00:00\" \/>\n<meta property=\"article:modified_time\" content=\"2020-01-02T21:46:46+00:00\" \/>\n<meta property=\"og:image\" content=\"https:\/\/www.meinesuedstadt.de\/branchenverzeichnis\/wp-content\/uploads\/2010\/03\/der-fahrraddoctor-meine-suedstadt-koeln-02-150x150.jpg\" \/>\n<meta name=\"author\" content=\"Mario Friese\" \/>\n<meta name=\"twitter:card\" content=\"summary_large_image\" \/>\n<meta name=\"twitter:creator\" content=\"@meinesuedstadt\" \/>\n<meta name=\"twitter:site\" content=\"@meinesuedstadt\" \/>\n<meta name=\"twitter:label1\" content=\"Verfasst von\" \/>\n\t<meta name=\"twitter:data1\" content=\"Mario Friese\" \/>\n\t<meta name=\"twitter:label2\" content=\"Gesch\u00e4tzte Lesezeit\" \/>\n\t<meta name=\"twitter:data2\" content=\"4\u00a0Minuten\" \/>\n<script type=\"application\/ld+json\" class=\"yoast-schema-graph\">{\"@context\":\"https:\\\/\\\/schema.org\",\"@graph\":[{\"@type\":\"Article\",\"@id\":\"https:\\\/\\\/www.meinesuedstadt.de\\\/branchenverzeichnis\\\/der-fahrraddoctor-karsten-heinsohn\\\/#article\",\"isPartOf\":{\"@id\":\"https:\\\/\\\/www.meinesuedstadt.de\\\/branchenverzeichnis\\\/der-fahrraddoctor-karsten-heinsohn\\\/\"},\"author\":{\"name\":\"Mario Friese\",\"@id\":\"https:\\\/\\\/www.meinesuedstadt.de\\\/branchenverzeichnis\\\/#\\\/schema\\\/person\\\/4974ccd0047c4bef2ea2271bc1b66e8d\"},\"headline\":\"Der Fahrraddoctor &#8211; Karsten Heinsohn\",\"datePublished\":\"2010-03-29T13:54:03+00:00\",\"dateModified\":\"2020-01-02T21:46:46+00:00\",\"mainEntityOfPage\":{\"@id\":\"https:\\\/\\\/www.meinesuedstadt.de\\\/branchenverzeichnis\\\/der-fahrraddoctor-karsten-heinsohn\\\/\"},\"wordCount\":745,\"commentCount\":0,\"keywords\":[\"Reperatur\"],\"articleSection\":[\"Fahrr\u00e4der\"],\"inLanguage\":\"de\",\"potentialAction\":[{\"@type\":\"CommentAction\",\"name\":\"Comment\",\"target\":[\"https:\\\/\\\/www.meinesuedstadt.de\\\/branchenverzeichnis\\\/der-fahrraddoctor-karsten-heinsohn\\\/#respond\"]}]},{\"@type\":\"WebPage\",\"@id\":\"https:\\\/\\\/www.meinesuedstadt.de\\\/branchenverzeichnis\\\/der-fahrraddoctor-karsten-heinsohn\\\/\",\"url\":\"https:\\\/\\\/www.meinesuedstadt.de\\\/branchenverzeichnis\\\/der-fahrraddoctor-karsten-heinsohn\\\/\",\"name\":\"Der Fahrraddoctor - Karsten Heinsohn - Meine S\u00fcdstadt\",\"isPartOf\":{\"@id\":\"https:\\\/\\\/www.meinesuedstadt.de\\\/branchenverzeichnis\\\/#website\"},\"datePublished\":\"2010-03-29T13:54:03+00:00\",\"dateModified\":\"2020-01-02T21:46:46+00:00\",\"author\":{\"@id\":\"https:\\\/\\\/www.meinesuedstadt.de\\\/branchenverzeichnis\\\/#\\\/schema\\\/person\\\/4974ccd0047c4bef2ea2271bc1b66e8d\"},\"breadcrumb\":{\"@id\":\"https:\\\/\\\/www.meinesuedstadt.de\\\/branchenverzeichnis\\\/der-fahrraddoctor-karsten-heinsohn\\\/#breadcrumb\"},\"inLanguage\":\"de\",\"potentialAction\":[{\"@type\":\"ReadAction\",\"target\":[\"https:\\\/\\\/www.meinesuedstadt.de\\\/branchenverzeichnis\\\/der-fahrraddoctor-karsten-heinsohn\\\/\"]}]},{\"@type\":\"BreadcrumbList\",\"@id\":\"https:\\\/\\\/www.meinesuedstadt.de\\\/branchenverzeichnis\\\/der-fahrraddoctor-karsten-heinsohn\\\/#breadcrumb\",\"itemListElement\":[{\"@type\":\"ListItem\",\"position\":1,\"name\":\"Startseite\",\"item\":\"https:\\\/\\\/www.meinesuedstadt.de\\\/branchenverzeichnis\\\/\"},{\"@type\":\"ListItem\",\"position\":2,\"name\":\"Der Fahrraddoctor &#8211; Karsten Heinsohn\"}]},{\"@type\":\"WebSite\",\"@id\":\"https:\\\/\\\/www.meinesuedstadt.de\\\/branchenverzeichnis\\\/#website\",\"url\":\"https:\\\/\\\/www.meinesuedstadt.de\\\/branchenverzeichnis\\\/\",\"name\":\"Meine S\u00fcdstadt\",\"description\":\"Branchenverzeichnis aus der S\u00fcdstadt K\u00f6lns\",\"potentialAction\":[{\"@type\":\"SearchAction\",\"target\":{\"@type\":\"EntryPoint\",\"urlTemplate\":\"https:\\\/\\\/www.meinesuedstadt.de\\\/branchenverzeichnis\\\/?s={search_term_string}\"},\"query-input\":{\"@type\":\"PropertyValueSpecification\",\"valueRequired\":true,\"valueName\":\"search_term_string\"}}],\"inLanguage\":\"de\"},{\"@type\":\"Person\",\"@id\":\"https:\\\/\\\/www.meinesuedstadt.de\\\/branchenverzeichnis\\\/#\\\/schema\\\/person\\\/4974ccd0047c4bef2ea2271bc1b66e8d\",\"name\":\"Mario Friese\",\"image\":{\"@type\":\"ImageObject\",\"inLanguage\":\"de\",\"@id\":\"https:\\\/\\\/secure.gravatar.com\\\/avatar\\\/38afb5244388eb07856f264e0b17f6d56309e4e5bba4ea1716b6dadd14a2aab0?s=96&d=mm&r=g\",\"url\":\"https:\\\/\\\/secure.gravatar.com\\\/avatar\\\/38afb5244388eb07856f264e0b17f6d56309e4e5bba4ea1716b6dadd14a2aab0?s=96&d=mm&r=g\",\"contentUrl\":\"https:\\\/\\\/secure.gravatar.com\\\/avatar\\\/38afb5244388eb07856f264e0b17f6d56309e4e5bba4ea1716b6dadd14a2aab0?s=96&d=mm&r=g\",\"caption\":\"Mario Friese\"},\"sameAs\":[\"https:\\\/\\\/fgrepublik.com\"]}]}<\/script>\n<!-- \/ Yoast SEO plugin. -->","yoast_head_json":{"title":"Der Fahrraddoctor - Karsten Heinsohn - Meine S\u00fcdstadt","robots":{"index":"index","follow":"follow","max-snippet":"max-snippet:-1","max-image-preview":"max-image-preview:large","max-video-preview":"max-video-preview:-1"},"canonical":"https:\/\/www.meinesuedstadt.de\/branchenverzeichnis\/der-fahrraddoctor-karsten-heinsohn\/","og_locale":"de_DE","og_type":"article","og_title":"Der Fahrraddoctor - Karsten Heinsohn - Meine S\u00fcdstadt","og_description":"Dass man h\u00f6ren soll, was das Herz einem sagt, dass versucht uns Rosamunde Pilcher immer wieder sonntags zu erz\u00e4hlen. Und trotzdem nehmen wir es ihr nicht so recht ab. Erz\u00e4hlt Karsten Heinsohn seine Geschichte, beginnt man hingegen unweigerlich sein eigenes Herz zu befragen &#8211; nach seinen wahren W\u00fcnschen und dem, was einen selbst gl\u00fccklich macht? [&hellip;]","og_url":"https:\/\/www.meinesuedstadt.de\/branchenverzeichnis\/der-fahrraddoctor-karsten-heinsohn\/","og_site_name":"Meine S\u00fcdstadt","article_publisher":"https:\/\/www.facebook.com\/Meinesuedstadt\/","article_published_time":"2010-03-29T13:54:03+00:00","article_modified_time":"2020-01-02T21:46:46+00:00","og_image":[{"url":"https:\/\/www.meinesuedstadt.de\/branchenverzeichnis\/wp-content\/uploads\/2010\/03\/der-fahrraddoctor-meine-suedstadt-koeln-02-150x150.jpg","type":"","width":"","height":""}],"author":"Mario Friese","twitter_card":"summary_large_image","twitter_creator":"@meinesuedstadt","twitter_site":"@meinesuedstadt","twitter_misc":{"Verfasst von":"Mario Friese","Gesch\u00e4tzte Lesezeit":"4\u00a0Minuten"},"schema":{"@context":"https:\/\/schema.org","@graph":[{"@type":"Article","@id":"https:\/\/www.meinesuedstadt.de\/branchenverzeichnis\/der-fahrraddoctor-karsten-heinsohn\/#article","isPartOf":{"@id":"https:\/\/www.meinesuedstadt.de\/branchenverzeichnis\/der-fahrraddoctor-karsten-heinsohn\/"},"author":{"name":"Mario Friese","@id":"https:\/\/www.meinesuedstadt.de\/branchenverzeichnis\/#\/schema\/person\/4974ccd0047c4bef2ea2271bc1b66e8d"},"headline":"Der Fahrraddoctor &#8211; Karsten Heinsohn","datePublished":"2010-03-29T13:54:03+00:00","dateModified":"2020-01-02T21:46:46+00:00","mainEntityOfPage":{"@id":"https:\/\/www.meinesuedstadt.de\/branchenverzeichnis\/der-fahrraddoctor-karsten-heinsohn\/"},"wordCount":745,"commentCount":0,"keywords":["Reperatur"],"articleSection":["Fahrr\u00e4der"],"inLanguage":"de","potentialAction":[{"@type":"CommentAction","name":"Comment","target":["https:\/\/www.meinesuedstadt.de\/branchenverzeichnis\/der-fahrraddoctor-karsten-heinsohn\/#respond"]}]},{"@type":"WebPage","@id":"https:\/\/www.meinesuedstadt.de\/branchenverzeichnis\/der-fahrraddoctor-karsten-heinsohn\/","url":"https:\/\/www.meinesuedstadt.de\/branchenverzeichnis\/der-fahrraddoctor-karsten-heinsohn\/","name":"Der Fahrraddoctor - Karsten Heinsohn - Meine S\u00fcdstadt","isPartOf":{"@id":"https:\/\/www.meinesuedstadt.de\/branchenverzeichnis\/#website"},"datePublished":"2010-03-29T13:54:03+00:00","dateModified":"2020-01-02T21:46:46+00:00","author":{"@id":"https:\/\/www.meinesuedstadt.de\/branchenverzeichnis\/#\/schema\/person\/4974ccd0047c4bef2ea2271bc1b66e8d"},"breadcrumb":{"@id":"https:\/\/www.meinesuedstadt.de\/branchenverzeichnis\/der-fahrraddoctor-karsten-heinsohn\/#breadcrumb"},"inLanguage":"de","potentialAction":[{"@type":"ReadAction","target":["https:\/\/www.meinesuedstadt.de\/branchenverzeichnis\/der-fahrraddoctor-karsten-heinsohn\/"]}]},{"@type":"BreadcrumbList","@id":"https:\/\/www.meinesuedstadt.de\/branchenverzeichnis\/der-fahrraddoctor-karsten-heinsohn\/#breadcrumb","itemListElement":[{"@type":"ListItem","position":1,"name":"Startseite","item":"https:\/\/www.meinesuedstadt.de\/branchenverzeichnis\/"},{"@type":"ListItem","position":2,"name":"Der Fahrraddoctor &#8211; Karsten Heinsohn"}]},{"@type":"WebSite","@id":"https:\/\/www.meinesuedstadt.de\/branchenverzeichnis\/#website","url":"https:\/\/www.meinesuedstadt.de\/branchenverzeichnis\/","name":"Meine S\u00fcdstadt","description":"Branchenverzeichnis aus der S\u00fcdstadt K\u00f6lns","potentialAction":[{"@type":"SearchAction","target":{"@type":"EntryPoint","urlTemplate":"https:\/\/www.meinesuedstadt.de\/branchenverzeichnis\/?s={search_term_string}"},"query-input":{"@type":"PropertyValueSpecification","valueRequired":true,"valueName":"search_term_string"}}],"inLanguage":"de"},{"@type":"Person","@id":"https:\/\/www.meinesuedstadt.de\/branchenverzeichnis\/#\/schema\/person\/4974ccd0047c4bef2ea2271bc1b66e8d","name":"Mario Friese","image":{"@type":"ImageObject","inLanguage":"de","@id":"https:\/\/secure.gravatar.com\/avatar\/38afb5244388eb07856f264e0b17f6d56309e4e5bba4ea1716b6dadd14a2aab0?s=96&d=mm&r=g","url":"https:\/\/secure.gravatar.com\/avatar\/38afb5244388eb07856f264e0b17f6d56309e4e5bba4ea1716b6dadd14a2aab0?s=96&d=mm&r=g","contentUrl":"https:\/\/secure.gravatar.com\/avatar\/38afb5244388eb07856f264e0b17f6d56309e4e5bba4ea1716b6dadd14a2aab0?s=96&d=mm&r=g","caption":"Mario Friese"},"sameAs":["https:\/\/fgrepublik.com"]}]}},"priority":0,"metaAddress":"Vondelstra\u00dfe 45, 50677 K\u00f6ln","_links":{"self":[{"href":"https:\/\/www.meinesuedstadt.de\/branchenverzeichnis\/wp-json\/wp\/v2\/posts\/758","targetHints":{"allow":["GET"]}}],"collection":[{"href":"https:\/\/www.meinesuedstadt.de\/branchenverzeichnis\/wp-json\/wp\/v2\/posts"}],"about":[{"href":"https:\/\/www.meinesuedstadt.de\/branchenverzeichnis\/wp-json\/wp\/v2\/types\/post"}],"author":[{"embeddable":true,"href":"https:\/\/www.meinesuedstadt.de\/branchenverzeichnis\/wp-json\/wp\/v2\/users\/2"}],"replies":[{"embeddable":true,"href":"https:\/\/www.meinesuedstadt.de\/branchenverzeichnis\/wp-json\/wp\/v2\/comments?post=758"}],"version-history":[{"count":8,"href":"https:\/\/www.meinesuedstadt.de\/branchenverzeichnis\/wp-json\/wp\/v2\/posts\/758\/revisions"}],"predecessor-version":[{"id":4361,"href":"https:\/\/www.meinesuedstadt.de\/branchenverzeichnis\/wp-json\/wp\/v2\/posts\/758\/revisions\/4361"}],"wp:attachment":[{"href":"https:\/\/www.meinesuedstadt.de\/branchenverzeichnis\/wp-json\/wp\/v2\/media?parent=758"}],"wp:term":[{"taxonomy":"category","embeddable":true,"href":"https:\/\/www.meinesuedstadt.de\/branchenverzeichnis\/wp-json\/wp\/v2\/categories?post=758"},{"taxonomy":"post_tag","embeddable":true,"href":"https:\/\/www.meinesuedstadt.de\/branchenverzeichnis\/wp-json\/wp\/v2\/tags?post=758"}],"curies":[{"name":"wp","href":"https:\/\/api.w.org\/{rel}","templated":true}]}}