{"id":871,"date":"2010-04-07T08:12:47","date_gmt":"2010-04-07T06:12:47","guid":{"rendered":"http:\/\/www.meinesuedstadt.de\/branchenverzeichnis\/?p=871"},"modified":"2018-01-28T17:34:02","modified_gmt":"2018-01-28T16:34:02","slug":"coeln-comic-haus-mit-schmitz-lippert-stiftung-fantastic-store","status":"publish","type":"post","link":"https:\/\/www.meinesuedstadt.de\/branchenverzeichnis\/coeln-comic-haus-mit-schmitz-lippert-stiftung-fantastic-store\/","title":{"rendered":"C\u00f6ln Comic Haus mit Schmitz-Lippert-Stiftung &#038; &#8222;Fantastic-Store&#8220;"},"content":{"rendered":"<p>Als Susanne Flimm ihren Mann kennenlernte, hielt sie ihn f\u00fcr charmant, zuvorkommend und\u0085 erwachsen. Dann besuchte sie ihn zum ersten Mal in seiner Wohnung. Der Anblick der vielen Kartons, die die W\u00e4nde der Wohnung bedeckten, haute sie schier um und bei n\u00e4herem Kennenlernen und damit auch Erfassen des Ausma\u00dfes seiner Sammelleidenschaft, wurde ihr klar: die Verantwortung kann sie nicht \u00fcbernehmen!<\/p>\n<p>Thomas Schmitz-Lippert ist f\u00fcnf Jahre alt, als ihn das Comicfieber packt. Die lustigen Geschichten um Donald Duck und Mickey Mouse faszinieren ihn gleich und werden f\u00fcr ihn die Helden seiner Kindheit. Im Alter von sieben\/acht Jahren dann werden Mickey und Co. als Helden abgel\u00f6st, die Superheros treten in sein Leben \u0096 und nicht wieder raus. Die Kombination aus Bildern und den fantastischen Geschichten begeistern ihn von Anfang an, er l\u00e4sst sich von ihnen in fremde Welten entf\u00fchren und die Kombination aus Superkr\u00e4ften und Heldentum haben den damals noch jungen Schmitz-Lippert gleich f\u00fcr die Comic-Superstars eingenommen. Ganz besonders angetan hat es ihm von Anfang an Superman und wenn er von ihm ins Schw\u00e4rmen ger\u00e4t leuchten die Augen, wie bei einem kleinen Jungen. Thomas Schmitz-Lippert sammelt also Comics, aber auch Figuren, Plakate und Poster. Und da hat sich in den letzten Jahrzehnten einiges angesammelt, so umfasst seine Sammlung neben den laufenden Nummern aktueller amerikanischer Superhero-Hefte, alte amerikanische Comics, sowie einige Rarit\u00e4ten aus den Jahren vor 1970.<\/p>\n<p>Thomas Schmitz-Lippert liebt seine Comic-Sammlung und ist dementsprechend angetan von dem Vorschlag, den seine Frau macht, um der Sammlung einen w\u00fcrdigen Rahmen zu geben. \u0084Eine Stiftung muss her!\u0093 Mit diesen Worten und der Idee, mit der Unterbringung der Sammlung gleichzeitig eine Begegnungsst\u00e4tte f\u00fcr Comic-Fans zu schaffen, \u00fcberzeugt Susanne Flimm ihren Mann und das Projekt \u0084C\u00f6ln Comic Haus\u0093 ist geboren. Doch das \u0084C\u00f6ln Comic Haus\u0093 ist nicht komplett ohne den \u0084Fantastic Store\u0093, der von Beginn an mit eingeplant ist als gro\u00dfe Bezugsquelle des auf dem Comicmarkt Erh\u00e4ltlichen. Mit der Geburt seiner Idee, ist auch gleich klar, wer diesen Laden \u00fcbernehmen soll: Barbara Kemper, die 1995 schon den ersten Comic Laden in Bergheim er\u00f6ffnete.<\/p>\n<p>Die Idee ist also schnell geborgen &#8211; es soll ein Ort erschaffen werden, der Comic-Fans begeistert und der sich aus zwei Komponenten zusammensetzt: zum einen aus dem Laden, in dem man aktuelle, aber auch alte Comics beziehen kann, und dar\u00fcber hinaus alles, was das Comic-Sammler-Herz h\u00f6her schlagen l\u00e4sst, Figuren, Sammelkarten und Comic-Kunst. Und zum anderen aus der Schmitz-Lippert-Stiftung sehen-lesen-staunen, die als Ort des Austausches dienen soll. Hier soll es rege Gespr\u00e4che \u00fcber Comics geben, sollen Comic-K\u00fcnstler zeichnen und Autoren aus Comics lesen. Die Ideen reichen von Signierstunden, \u00fcber Workshops bis hin zu Vortr\u00e4gen \u00fcber die Frage, was ein Comic eigentlich ist, was der Unterschied ist zwischen einem Comic und einem Manga und ob Comic Schund ist, oder nicht. Ideen haben Susanne Flimm und Thomas Schmitz-Lippert genug und als sie mit dem Bau ihres \u0084C\u00f6ln Comic Haus 9\u0093 beginnen, gehen sie davon aus, diese Ideen auch bald schon in die Tat umsetzen zu k\u00f6nnen. Der Ort ist schnell gefunden, das Haus Nummer 9 auf der Bonner Stra\u00dfe, das ehemalige Schuhgesch\u00e4ft \u0084Wollenschein\u0093, das Thomas Schmitz-Lipperts Gro\u00dfvater erbte. Mit dem Architekten Sekandar Ozod-Seradj nehmen sie sich einen erfahrenen Sanierer zur Seite und dem Projekt \u0084Comic f\u00fcr die S\u00fcdstadt\u0093 steht theoretisch nichts im Wege\u0085 theoretisch. Praktisch kommt der U-Bahnbau dazwischen und verl\u00e4ngert das Bauvorhaben gleich um ein ganzes Jahr.<\/p>\n<p>Seit dem 1. April 2010 nun ist das \u0084C\u00f6ln Comic Haus 9\u0093 aktiv. Der Fantastic Store hat montags bis freitags von 12 bis 19 Uhr und samstags von 11 bis 18 Uhr ge\u00f6ffnet und unter professioneller Beratung durch R\u00fcdiger Schuster erf\u00e4hrt man hier alles \u00fcber Comics, Mangas und Graphic Novels. Man kann aktuelle Comic-Serien abonnieren und alte Ausgaben ausfindig machen.<\/p>\n<p>Die Stiftung im hinteren Teil des Geb\u00e4udes \u00f6ffnet ihre Pforten nach Vereinbarung und regul\u00e4r von Donnerstag bis Samstag von 16 &#8211; 19 Uhr. Auf Anfrage werden F\u00fchrungen angeboten.<\/p>\n<p>Signierstunden und Treffen internationaler Comic-Freunde finden regelm\u00e4\u00dfig dort statt und sp\u00e4testens seit dem Abend mit Don Rosa, dem Superstar der Comicbranche und legend\u00e4rem Donald Duck \u0096Zeichner, ist das \u0084C\u00f6ln Comic Haus 9\u0093 auf der Bonner Stra\u00dfe eine gute Adresse f\u00fcr Comicfans.<\/p>\n","protected":false},"excerpt":{"rendered":"<p>Als Susanne Flimm ihren Mann kennenlernte, hielt sie ihn f\u00fcr charmant, zuvorkommend und\u0085 erwachsen. Dann besuchte sie ihn zum ersten Mal in seiner Wohnung. Der Anblick der vielen Kartons, die die W\u00e4nde der Wohnung bedeckten, haute sie schier um und bei n\u00e4herem Kennenlernen und damit auch Erfassen des Ausma\u00dfes seiner Sammelleidenschaft, wurde ihr klar: die [&hellip;]<\/p>\n","protected":false},"author":2,"featured_media":0,"comment_status":"open","ping_status":"open","sticky":false,"template":"","format":"standard","meta":{"_acf_changed":false,"footnotes":""},"categories":[211],"tags":[],"class_list":["post-871","post","type-post","status-publish","format-standard","hentry","category-buecher"],"acf":[],"yoast_head":"<!-- This site is optimized with the Yoast SEO plugin v27.4 - https:\/\/yoast.com\/product\/yoast-seo-wordpress\/ -->\n<title>C\u00f6ln Comic Haus mit Schmitz-Lippert-Stiftung &amp; &quot;Fantastic-Store&quot; - Meine S\u00fcdstadt<\/title>\n<meta name=\"robots\" content=\"index, follow, max-snippet:-1, max-image-preview:large, max-video-preview:-1\" \/>\n<link rel=\"canonical\" href=\"https:\/\/www.meinesuedstadt.de\/branchenverzeichnis\/coeln-comic-haus-mit-schmitz-lippert-stiftung-fantastic-store\/\" \/>\n<meta property=\"og:locale\" content=\"de_DE\" \/>\n<meta property=\"og:type\" content=\"article\" \/>\n<meta property=\"og:title\" content=\"C\u00f6ln Comic Haus mit Schmitz-Lippert-Stiftung &amp; &quot;Fantastic-Store&quot; - Meine S\u00fcdstadt\" \/>\n<meta property=\"og:description\" content=\"Als Susanne Flimm ihren Mann kennenlernte, hielt sie ihn f\u00fcr charmant, zuvorkommend und\u0085 erwachsen. Dann besuchte sie ihn zum ersten Mal in seiner Wohnung. Der Anblick der vielen Kartons, die die W\u00e4nde der Wohnung bedeckten, haute sie schier um und bei n\u00e4herem Kennenlernen und damit auch Erfassen des Ausma\u00dfes seiner Sammelleidenschaft, wurde ihr klar: die [&hellip;]\" \/>\n<meta property=\"og:url\" content=\"https:\/\/www.meinesuedstadt.de\/branchenverzeichnis\/coeln-comic-haus-mit-schmitz-lippert-stiftung-fantastic-store\/\" \/>\n<meta property=\"og:site_name\" content=\"Meine S\u00fcdstadt\" \/>\n<meta property=\"article:publisher\" content=\"https:\/\/www.facebook.com\/Meinesuedstadt\/\" \/>\n<meta property=\"article:published_time\" content=\"2010-04-07T06:12:47+00:00\" \/>\n<meta property=\"article:modified_time\" content=\"2018-01-28T16:34:02+00:00\" \/>\n<meta name=\"author\" content=\"Mario Friese\" \/>\n<meta name=\"twitter:card\" content=\"summary_large_image\" \/>\n<meta name=\"twitter:creator\" content=\"@meinesuedstadt\" \/>\n<meta name=\"twitter:site\" content=\"@meinesuedstadt\" \/>\n<meta name=\"twitter:label1\" content=\"Verfasst von\" \/>\n\t<meta name=\"twitter:data1\" content=\"Mario Friese\" \/>\n\t<meta name=\"twitter:label2\" content=\"Gesch\u00e4tzte Lesezeit\" \/>\n\t<meta name=\"twitter:data2\" content=\"4\u00a0Minuten\" \/>\n<script type=\"application\/ld+json\" class=\"yoast-schema-graph\">{\"@context\":\"https:\\\/\\\/schema.org\",\"@graph\":[{\"@type\":\"Article\",\"@id\":\"https:\\\/\\\/www.meinesuedstadt.de\\\/branchenverzeichnis\\\/coeln-comic-haus-mit-schmitz-lippert-stiftung-fantastic-store\\\/#article\",\"isPartOf\":{\"@id\":\"https:\\\/\\\/www.meinesuedstadt.de\\\/branchenverzeichnis\\\/coeln-comic-haus-mit-schmitz-lippert-stiftung-fantastic-store\\\/\"},\"author\":{\"name\":\"Mario Friese\",\"@id\":\"https:\\\/\\\/www.meinesuedstadt.de\\\/branchenverzeichnis\\\/#\\\/schema\\\/person\\\/4974ccd0047c4bef2ea2271bc1b66e8d\"},\"headline\":\"C\u00f6ln Comic Haus mit Schmitz-Lippert-Stiftung &#038; &#8222;Fantastic-Store&#8220;\",\"datePublished\":\"2010-04-07T06:12:47+00:00\",\"dateModified\":\"2018-01-28T16:34:02+00:00\",\"mainEntityOfPage\":{\"@id\":\"https:\\\/\\\/www.meinesuedstadt.de\\\/branchenverzeichnis\\\/coeln-comic-haus-mit-schmitz-lippert-stiftung-fantastic-store\\\/\"},\"wordCount\":722,\"commentCount\":0,\"articleSection\":[\"B\u00fccher\"],\"inLanguage\":\"de\",\"potentialAction\":[{\"@type\":\"CommentAction\",\"name\":\"Comment\",\"target\":[\"https:\\\/\\\/www.meinesuedstadt.de\\\/branchenverzeichnis\\\/coeln-comic-haus-mit-schmitz-lippert-stiftung-fantastic-store\\\/#respond\"]}]},{\"@type\":\"WebPage\",\"@id\":\"https:\\\/\\\/www.meinesuedstadt.de\\\/branchenverzeichnis\\\/coeln-comic-haus-mit-schmitz-lippert-stiftung-fantastic-store\\\/\",\"url\":\"https:\\\/\\\/www.meinesuedstadt.de\\\/branchenverzeichnis\\\/coeln-comic-haus-mit-schmitz-lippert-stiftung-fantastic-store\\\/\",\"name\":\"C\u00f6ln Comic Haus mit Schmitz-Lippert-Stiftung & \\\"Fantastic-Store\\\" - Meine S\u00fcdstadt\",\"isPartOf\":{\"@id\":\"https:\\\/\\\/www.meinesuedstadt.de\\\/branchenverzeichnis\\\/#website\"},\"datePublished\":\"2010-04-07T06:12:47+00:00\",\"dateModified\":\"2018-01-28T16:34:02+00:00\",\"author\":{\"@id\":\"https:\\\/\\\/www.meinesuedstadt.de\\\/branchenverzeichnis\\\/#\\\/schema\\\/person\\\/4974ccd0047c4bef2ea2271bc1b66e8d\"},\"breadcrumb\":{\"@id\":\"https:\\\/\\\/www.meinesuedstadt.de\\\/branchenverzeichnis\\\/coeln-comic-haus-mit-schmitz-lippert-stiftung-fantastic-store\\\/#breadcrumb\"},\"inLanguage\":\"de\",\"potentialAction\":[{\"@type\":\"ReadAction\",\"target\":[\"https:\\\/\\\/www.meinesuedstadt.de\\\/branchenverzeichnis\\\/coeln-comic-haus-mit-schmitz-lippert-stiftung-fantastic-store\\\/\"]}]},{\"@type\":\"BreadcrumbList\",\"@id\":\"https:\\\/\\\/www.meinesuedstadt.de\\\/branchenverzeichnis\\\/coeln-comic-haus-mit-schmitz-lippert-stiftung-fantastic-store\\\/#breadcrumb\",\"itemListElement\":[{\"@type\":\"ListItem\",\"position\":1,\"name\":\"Startseite\",\"item\":\"https:\\\/\\\/www.meinesuedstadt.de\\\/branchenverzeichnis\\\/\"},{\"@type\":\"ListItem\",\"position\":2,\"name\":\"C\u00f6ln Comic Haus mit Schmitz-Lippert-Stiftung &#038; &#8222;Fantastic-Store&#8220;\"}]},{\"@type\":\"WebSite\",\"@id\":\"https:\\\/\\\/www.meinesuedstadt.de\\\/branchenverzeichnis\\\/#website\",\"url\":\"https:\\\/\\\/www.meinesuedstadt.de\\\/branchenverzeichnis\\\/\",\"name\":\"Meine S\u00fcdstadt\",\"description\":\"Branchenverzeichnis aus der S\u00fcdstadt K\u00f6lns\",\"potentialAction\":[{\"@type\":\"SearchAction\",\"target\":{\"@type\":\"EntryPoint\",\"urlTemplate\":\"https:\\\/\\\/www.meinesuedstadt.de\\\/branchenverzeichnis\\\/?s={search_term_string}\"},\"query-input\":{\"@type\":\"PropertyValueSpecification\",\"valueRequired\":true,\"valueName\":\"search_term_string\"}}],\"inLanguage\":\"de\"},{\"@type\":\"Person\",\"@id\":\"https:\\\/\\\/www.meinesuedstadt.de\\\/branchenverzeichnis\\\/#\\\/schema\\\/person\\\/4974ccd0047c4bef2ea2271bc1b66e8d\",\"name\":\"Mario Friese\",\"image\":{\"@type\":\"ImageObject\",\"inLanguage\":\"de\",\"@id\":\"https:\\\/\\\/secure.gravatar.com\\\/avatar\\\/38afb5244388eb07856f264e0b17f6d56309e4e5bba4ea1716b6dadd14a2aab0?s=96&d=mm&r=g\",\"url\":\"https:\\\/\\\/secure.gravatar.com\\\/avatar\\\/38afb5244388eb07856f264e0b17f6d56309e4e5bba4ea1716b6dadd14a2aab0?s=96&d=mm&r=g\",\"contentUrl\":\"https:\\\/\\\/secure.gravatar.com\\\/avatar\\\/38afb5244388eb07856f264e0b17f6d56309e4e5bba4ea1716b6dadd14a2aab0?s=96&d=mm&r=g\",\"caption\":\"Mario Friese\"},\"sameAs\":[\"https:\\\/\\\/fgrepublik.com\"]}]}<\/script>\n<!-- \/ Yoast SEO plugin. -->","yoast_head_json":{"title":"C\u00f6ln Comic Haus mit Schmitz-Lippert-Stiftung & \"Fantastic-Store\" - Meine S\u00fcdstadt","robots":{"index":"index","follow":"follow","max-snippet":"max-snippet:-1","max-image-preview":"max-image-preview:large","max-video-preview":"max-video-preview:-1"},"canonical":"https:\/\/www.meinesuedstadt.de\/branchenverzeichnis\/coeln-comic-haus-mit-schmitz-lippert-stiftung-fantastic-store\/","og_locale":"de_DE","og_type":"article","og_title":"C\u00f6ln Comic Haus mit Schmitz-Lippert-Stiftung & \"Fantastic-Store\" - Meine S\u00fcdstadt","og_description":"Als Susanne Flimm ihren Mann kennenlernte, hielt sie ihn f\u00fcr charmant, zuvorkommend und\u0085 erwachsen. Dann besuchte sie ihn zum ersten Mal in seiner Wohnung. Der Anblick der vielen Kartons, die die W\u00e4nde der Wohnung bedeckten, haute sie schier um und bei n\u00e4herem Kennenlernen und damit auch Erfassen des Ausma\u00dfes seiner Sammelleidenschaft, wurde ihr klar: die [&hellip;]","og_url":"https:\/\/www.meinesuedstadt.de\/branchenverzeichnis\/coeln-comic-haus-mit-schmitz-lippert-stiftung-fantastic-store\/","og_site_name":"Meine S\u00fcdstadt","article_publisher":"https:\/\/www.facebook.com\/Meinesuedstadt\/","article_published_time":"2010-04-07T06:12:47+00:00","article_modified_time":"2018-01-28T16:34:02+00:00","author":"Mario Friese","twitter_card":"summary_large_image","twitter_creator":"@meinesuedstadt","twitter_site":"@meinesuedstadt","twitter_misc":{"Verfasst von":"Mario Friese","Gesch\u00e4tzte Lesezeit":"4\u00a0Minuten"},"schema":{"@context":"https:\/\/schema.org","@graph":[{"@type":"Article","@id":"https:\/\/www.meinesuedstadt.de\/branchenverzeichnis\/coeln-comic-haus-mit-schmitz-lippert-stiftung-fantastic-store\/#article","isPartOf":{"@id":"https:\/\/www.meinesuedstadt.de\/branchenverzeichnis\/coeln-comic-haus-mit-schmitz-lippert-stiftung-fantastic-store\/"},"author":{"name":"Mario Friese","@id":"https:\/\/www.meinesuedstadt.de\/branchenverzeichnis\/#\/schema\/person\/4974ccd0047c4bef2ea2271bc1b66e8d"},"headline":"C\u00f6ln Comic Haus mit Schmitz-Lippert-Stiftung &#038; &#8222;Fantastic-Store&#8220;","datePublished":"2010-04-07T06:12:47+00:00","dateModified":"2018-01-28T16:34:02+00:00","mainEntityOfPage":{"@id":"https:\/\/www.meinesuedstadt.de\/branchenverzeichnis\/coeln-comic-haus-mit-schmitz-lippert-stiftung-fantastic-store\/"},"wordCount":722,"commentCount":0,"articleSection":["B\u00fccher"],"inLanguage":"de","potentialAction":[{"@type":"CommentAction","name":"Comment","target":["https:\/\/www.meinesuedstadt.de\/branchenverzeichnis\/coeln-comic-haus-mit-schmitz-lippert-stiftung-fantastic-store\/#respond"]}]},{"@type":"WebPage","@id":"https:\/\/www.meinesuedstadt.de\/branchenverzeichnis\/coeln-comic-haus-mit-schmitz-lippert-stiftung-fantastic-store\/","url":"https:\/\/www.meinesuedstadt.de\/branchenverzeichnis\/coeln-comic-haus-mit-schmitz-lippert-stiftung-fantastic-store\/","name":"C\u00f6ln Comic Haus mit Schmitz-Lippert-Stiftung & \"Fantastic-Store\" - Meine S\u00fcdstadt","isPartOf":{"@id":"https:\/\/www.meinesuedstadt.de\/branchenverzeichnis\/#website"},"datePublished":"2010-04-07T06:12:47+00:00","dateModified":"2018-01-28T16:34:02+00:00","author":{"@id":"https:\/\/www.meinesuedstadt.de\/branchenverzeichnis\/#\/schema\/person\/4974ccd0047c4bef2ea2271bc1b66e8d"},"breadcrumb":{"@id":"https:\/\/www.meinesuedstadt.de\/branchenverzeichnis\/coeln-comic-haus-mit-schmitz-lippert-stiftung-fantastic-store\/#breadcrumb"},"inLanguage":"de","potentialAction":[{"@type":"ReadAction","target":["https:\/\/www.meinesuedstadt.de\/branchenverzeichnis\/coeln-comic-haus-mit-schmitz-lippert-stiftung-fantastic-store\/"]}]},{"@type":"BreadcrumbList","@id":"https:\/\/www.meinesuedstadt.de\/branchenverzeichnis\/coeln-comic-haus-mit-schmitz-lippert-stiftung-fantastic-store\/#breadcrumb","itemListElement":[{"@type":"ListItem","position":1,"name":"Startseite","item":"https:\/\/www.meinesuedstadt.de\/branchenverzeichnis\/"},{"@type":"ListItem","position":2,"name":"C\u00f6ln Comic Haus mit Schmitz-Lippert-Stiftung &#038; &#8222;Fantastic-Store&#8220;"}]},{"@type":"WebSite","@id":"https:\/\/www.meinesuedstadt.de\/branchenverzeichnis\/#website","url":"https:\/\/www.meinesuedstadt.de\/branchenverzeichnis\/","name":"Meine S\u00fcdstadt","description":"Branchenverzeichnis aus der S\u00fcdstadt K\u00f6lns","potentialAction":[{"@type":"SearchAction","target":{"@type":"EntryPoint","urlTemplate":"https:\/\/www.meinesuedstadt.de\/branchenverzeichnis\/?s={search_term_string}"},"query-input":{"@type":"PropertyValueSpecification","valueRequired":true,"valueName":"search_term_string"}}],"inLanguage":"de"},{"@type":"Person","@id":"https:\/\/www.meinesuedstadt.de\/branchenverzeichnis\/#\/schema\/person\/4974ccd0047c4bef2ea2271bc1b66e8d","name":"Mario Friese","image":{"@type":"ImageObject","inLanguage":"de","@id":"https:\/\/secure.gravatar.com\/avatar\/38afb5244388eb07856f264e0b17f6d56309e4e5bba4ea1716b6dadd14a2aab0?s=96&d=mm&r=g","url":"https:\/\/secure.gravatar.com\/avatar\/38afb5244388eb07856f264e0b17f6d56309e4e5bba4ea1716b6dadd14a2aab0?s=96&d=mm&r=g","contentUrl":"https:\/\/secure.gravatar.com\/avatar\/38afb5244388eb07856f264e0b17f6d56309e4e5bba4ea1716b6dadd14a2aab0?s=96&d=mm&r=g","caption":"Mario Friese"},"sameAs":["https:\/\/fgrepublik.com"]}]}},"priority":0,"metaAddress":"Bonner Stra\u00dfe 9 , 50677 K\u00f6ln","_links":{"self":[{"href":"https:\/\/www.meinesuedstadt.de\/branchenverzeichnis\/wp-json\/wp\/v2\/posts\/871","targetHints":{"allow":["GET"]}}],"collection":[{"href":"https:\/\/www.meinesuedstadt.de\/branchenverzeichnis\/wp-json\/wp\/v2\/posts"}],"about":[{"href":"https:\/\/www.meinesuedstadt.de\/branchenverzeichnis\/wp-json\/wp\/v2\/types\/post"}],"author":[{"embeddable":true,"href":"https:\/\/www.meinesuedstadt.de\/branchenverzeichnis\/wp-json\/wp\/v2\/users\/2"}],"replies":[{"embeddable":true,"href":"https:\/\/www.meinesuedstadt.de\/branchenverzeichnis\/wp-json\/wp\/v2\/comments?post=871"}],"version-history":[{"count":2,"href":"https:\/\/www.meinesuedstadt.de\/branchenverzeichnis\/wp-json\/wp\/v2\/posts\/871\/revisions"}],"predecessor-version":[{"id":3368,"href":"https:\/\/www.meinesuedstadt.de\/branchenverzeichnis\/wp-json\/wp\/v2\/posts\/871\/revisions\/3368"}],"wp:attachment":[{"href":"https:\/\/www.meinesuedstadt.de\/branchenverzeichnis\/wp-json\/wp\/v2\/media?parent=871"}],"wp:term":[{"taxonomy":"category","embeddable":true,"href":"https:\/\/www.meinesuedstadt.de\/branchenverzeichnis\/wp-json\/wp\/v2\/categories?post=871"},{"taxonomy":"post_tag","embeddable":true,"href":"https:\/\/www.meinesuedstadt.de\/branchenverzeichnis\/wp-json\/wp\/v2\/tags?post=871"}],"curies":[{"name":"wp","href":"https:\/\/api.w.org\/{rel}","templated":true}]}}