{"id":921,"date":"2010-04-07T11:50:33","date_gmt":"2010-04-07T09:50:33","guid":{"rendered":"http:\/\/www.meinesuedstadt.de\/branchenverzeichnis\/?p=921"},"modified":"2010-04-07T11:50:33","modified_gmt":"2010-04-07T09:50:33","slug":"gemeinschaftsgrundschule-zwirnerstrasse","status":"publish","type":"post","link":"https:\/\/www.meinesuedstadt.de\/branchenverzeichnis\/gemeinschaftsgrundschule-zwirnerstrasse\/","title":{"rendered":"Gemeinschaftsgrundschule Zwirnerstra\u00dfe"},"content":{"rendered":"<p>Die integrative Grundschule Zwirnerstra\u00dfe leidet unter sinkenden Anmeldezahlen. Dabei hat sie einiges zu bieten. Wovon sich Eltern morgen beim Tag der offenen T\u00fcr \u00fcberzeugen k\u00f6nnen. Am letzten Samstag war m\u00e4chtig was los in der Grundschule Zwirnerstra\u00dfe. Zun\u00e4chst veranstaltete der F\u00f6rderein wieder einmal seinen gro\u00dfen Flohmarkt im Trude Herr Park und anschlie\u00dfend gab es in der Turnhalle ein bemerkenswertes Benefizkonzert. U.a. mit dabei: Klaus der Geiger mit seinem KunstSalon Orchester und der unter den Lebenden vermutlich ber\u00fchmteste Sohn der S\u00fcdstadt, Wolfgang Niedecken, der an diesem Nachmittag in seine ehemalige Grundschule zur\u00fcckkehrte.<\/p>\n<p>Die Einnahmen aus Flohmarkt und Benefizkonzert kommen der Schule zugute, um verschiedene Anschaffungen zu t\u00e4tigen und Projekte zu f\u00f6rdern. Das ist gut so. Zus\u00e4tzliche Mittel kann die Zwirnerstra\u00dfe wie alle anderen Schulen in diesen Zeiten, in denen die kommunalen Betreiber allenfalls noch daf\u00fcr Sorge trage, dass es nicht allzu stark reinregnet, bestens gebrauchen. Was die Grundschule Zwirnerstra\u00dfe allerdings noch mehr braucht als Geld, sind Kinder.<\/p>\n<p>Denn die Sch\u00fclerzahlen sind in den letzten Jahren kontinuierlich zur\u00fcckgegangen. So gab es f\u00fcr das aktuelle Schuljahr lediglich 18 Neuanmeldungen, sodass die Schule derzeit nur eine einzige Eingangsklasse hat, w\u00e4hrend man in den vergangenen Jahren immer auf deren zwei kam. Insgesamt werden an der Zwirnerstra\u00dfe aktuell 94 Kinder in 5 Klassen unterrichtet. Somit liegt der Schnitt pro Klasse unter 20 Sch\u00fclern. Lernbedingungen, die man heute beleibe nicht in allen Grundschulen findet. In den 14 Klassen der Mainzer Stra\u00dfe pauken beispielsweise deutlich mehr Kinder pro Klasse das Einmaleins. Und eigentlich sind sich P\u00e4dagogen und Eltern doch auch immer einig, wie wichtig \u00dcberschaubarkeit und r\u00e4umliche N\u00e4he einer Schule zum Wohnort gerade bei Erstkl\u00e4sslern sind.<\/p>\n<p>So wundert man sich, dass selbst Kinder, die in unmittelbarer N\u00e4he der Zwirner Stra\u00dfe wohnen, von ihren Eltern zunehmend jeden Morgen auf Wanderschaft Richtung der Grundschulen Mainzer Stra\u00dfe und Loreleystra\u00dfe geschickt werden. Auch die Zwirnerstra\u00dfe ist kein Biotop der Seligen und hat fraglos ihre Probleme, aber sie hat vor allem ein Image-Problem.<\/p>\n<p>Da st\u00f6rt offenbar viele Eltern, die sonst stets eifrig applaudieren, wann immer sich ein P\u00e4dagogik-Professor auf irgendeinem Podium f\u00fcr integratives Lernen ausspricht, der Umstand, dass die Zwirnerstra\u00dfe eine so genannte GU-Schule ist, in der &#8222;normale&#8220; Sch\u00fcler und solche mit erh\u00f6htem F\u00f6rderbedarf gemeinsam unterrichtet werden. Die Bef\u00fcrchtung: Die F\u00f6rderkinder k\u00f6nnten das Leistungsniveau des Unterrichts massiv beeintr\u00e4chtigen und das Vorankommen des eigenen \u0096potenziell immer genialen- Nachwuchses behindern. Diese Sorge ist unbegr\u00fcndet. Unter den aktuell 94 Sch\u00fclern der Zwirnerstra\u00dfe sind 18 so genannte F\u00f6rder-Kinder. Das macht 3 bis 4 Sch\u00fcler pro Klasse, die 9 bis 12 Wochenstunden in Doppelbesetzung (Grundschullehrerin \/ F\u00f6rderlehrerin) unterrichtet werden. Damit sind gute Bedingungen f\u00fcr Differenzierung und individuelle F\u00f6rderung aller Kinder gegeben.<\/p>\n<p>Was Eltern jedoch inzwischen noch mehr als der Status einer GU-Schule davon abh\u00e4lt, ihren Nachwuchs der Zwirnerstra\u00dfe anzuvertrauen, ist der Anteil der Kinder mit so genanntem Migrationshintergrund. Nimmt man die N\u00e4he zum Stollwerk-Komplex hinzu, der inzwischen als Sozialer Brennpunkt gilt, macht sich da unter Erziehungsbeauftragten eine diffuse Gemengelage breit. Nat\u00fcrlich hat man nichts gegen Ausl\u00e4nder, aber man m\u00f6chte dann doch nicht, dass der eigene Nachwuchs die Folgen \u00fcber Jahrzehnte verfehlter Einwanderungspolitik in diesem Lande auszubaden hat.<br \/>Derzeit haben ca. 50 Prozent der Sch\u00fcler der Zwirnerstra\u00dfe einen Migrationshintergrund. Was jedoch nicht mehr hei\u00dft, als dass ihre Eltern oder Gro\u00dfeltern irgendwann einmal von irgendwo her nach Deutschland eingewandert sind. Fast alle dieser Sch\u00fcler sind in der S\u00fcdstadt geboren und somit schlicht und ergreifend deutsche Kinder. So sie dennoch auf Grund ihrer Wurzeln, resp. ihres famili\u00e4ren Umfeldes benachteiligt sind, werden sie in der integrativen Grundschule Zwirnerstra\u00dfe optimal gef\u00f6rdert. Daf\u00fcr spricht auch die Tatsache, dass von den 46 Schulabg\u00e4ngern 2010 23 Kinder eine Empfehlung f\u00fcr das Gymnasium und 21 eine f\u00fcr die Realschule erhalten haben. Und nach allem, was man von Eltern h\u00f6rt, deren Kinder dort zur Schule gegangen sind, kommen die Zwirnis an weiterf\u00fchrenden Schulen problemlos klar.<br \/>Nat\u00fcrlich ist auch die Zwirnerstra\u00dfe eine Offene Ganztagsschule (OGS), in der die Kinder t\u00e4glich bis 17 Uhr in festen Gruppen auch bei den Hausaufgaben betreut werden. Die Einrichtung schlie\u00dft lediglich f\u00fcr drei Wochen in den Sommerferien und zwischen Weihnachten und Neujahr. Zudem werden die Mahlzeiten in der K\u00fcche nicht nur aufgew\u00e4rmt, sondern t\u00e4glich frisch zubereitet. Und das \u00fcberwiegend mit Zutaten aus biologisch-dynamischem Anbau!<\/p>\n<p>Ab dem kommenden Schuljahr wird es in der Zwirnerstra\u00dfe obendrein das musikalische Profil gest\u00e4rkt. Neben den bereits bestehenden AGs soll dann der Instrumentalunterricht in normalen Musikunterricht Einzug halten. Zudem bietet die Jazz Haus Schule in Zusammenarbeit mit dem Offenen Ganztag zus\u00e4tzliche AGs an und auch Klaus der Geiger hat zugesagt, regelm\u00e4\u00dfig mit den Kindern zu musizieren.<\/p>\n<p>F\u00fcr alle Eltern, die sich demn\u00e4chst f\u00fcr eine Grundschule in der S\u00fcdstadt entscheiden m\u00fcssen, gibt es somit Gr\u00fcnde genug, die Zwirnerstra\u00dfe und ihr engagiertes Kollegium zumindest einmal pers\u00f6nlich in Augenschein zu nehmen.<br \/>&nbsp;<\/p>\n<p>Mehr \u00fcber die GGS Zwirnerstrasse unter: www.zwirnerstrasse.de<\/p>\n<p>&nbsp;<\/p>\n","protected":false},"excerpt":{"rendered":"<p>Die integrative Grundschule Zwirnerstra\u00dfe leidet unter sinkenden Anmeldezahlen. Dabei hat sie einiges zu bieten. Wovon sich Eltern morgen beim Tag der offenen T\u00fcr \u00fcberzeugen k\u00f6nnen. Am letzten Samstag war m\u00e4chtig was los in der Grundschule Zwirnerstra\u00dfe. Zun\u00e4chst veranstaltete der F\u00f6rderein wieder einmal seinen gro\u00dfen Flohmarkt im Trude Herr Park und anschlie\u00dfend gab es in der [&hellip;]<\/p>\n","protected":false},"author":2,"featured_media":0,"comment_status":"open","ping_status":"open","sticky":false,"template":"","format":"standard","meta":{"_acf_changed":false,"footnotes":""},"categories":[250],"tags":[],"class_list":["post-921","post","type-post","status-publish","format-standard","hentry","category-schulen"],"acf":[],"yoast_head":"<!-- This site is optimized with the Yoast SEO plugin v27.4 - https:\/\/yoast.com\/product\/yoast-seo-wordpress\/ -->\n<title>Gemeinschaftsgrundschule Zwirnerstra\u00dfe - Meine S\u00fcdstadt<\/title>\n<meta name=\"robots\" content=\"index, follow, max-snippet:-1, max-image-preview:large, max-video-preview:-1\" \/>\n<link rel=\"canonical\" href=\"https:\/\/www.meinesuedstadt.de\/branchenverzeichnis\/gemeinschaftsgrundschule-zwirnerstrasse\/\" \/>\n<meta property=\"og:locale\" content=\"de_DE\" \/>\n<meta property=\"og:type\" content=\"article\" \/>\n<meta property=\"og:title\" content=\"Gemeinschaftsgrundschule Zwirnerstra\u00dfe - Meine S\u00fcdstadt\" \/>\n<meta property=\"og:description\" content=\"Die integrative Grundschule Zwirnerstra\u00dfe leidet unter sinkenden Anmeldezahlen. Dabei hat sie einiges zu bieten. Wovon sich Eltern morgen beim Tag der offenen T\u00fcr \u00fcberzeugen k\u00f6nnen. Am letzten Samstag war m\u00e4chtig was los in der Grundschule Zwirnerstra\u00dfe. Zun\u00e4chst veranstaltete der F\u00f6rderein wieder einmal seinen gro\u00dfen Flohmarkt im Trude Herr Park und anschlie\u00dfend gab es in der [&hellip;]\" \/>\n<meta property=\"og:url\" content=\"https:\/\/www.meinesuedstadt.de\/branchenverzeichnis\/gemeinschaftsgrundschule-zwirnerstrasse\/\" \/>\n<meta property=\"og:site_name\" content=\"Meine S\u00fcdstadt\" \/>\n<meta property=\"article:publisher\" content=\"https:\/\/www.facebook.com\/Meinesuedstadt\/\" \/>\n<meta property=\"article:published_time\" content=\"-0001-11-30T00:00:00+00:00\" \/>\n<meta name=\"author\" content=\"Mario Friese\" \/>\n<meta name=\"twitter:card\" content=\"summary_large_image\" \/>\n<meta name=\"twitter:creator\" content=\"@meinesuedstadt\" \/>\n<meta name=\"twitter:site\" content=\"@meinesuedstadt\" \/>\n<meta name=\"twitter:label1\" content=\"Verfasst von\" \/>\n\t<meta name=\"twitter:data1\" content=\"Mario Friese\" \/>\n\t<meta name=\"twitter:label2\" content=\"Gesch\u00e4tzte Lesezeit\" \/>\n\t<meta name=\"twitter:data2\" content=\"4\u00a0Minuten\" \/>\n<script type=\"application\/ld+json\" class=\"yoast-schema-graph\">{\"@context\":\"https:\\\/\\\/schema.org\",\"@graph\":[{\"@type\":\"Article\",\"@id\":\"https:\\\/\\\/www.meinesuedstadt.de\\\/branchenverzeichnis\\\/gemeinschaftsgrundschule-zwirnerstrasse\\\/#article\",\"isPartOf\":{\"@id\":\"https:\\\/\\\/www.meinesuedstadt.de\\\/branchenverzeichnis\\\/gemeinschaftsgrundschule-zwirnerstrasse\\\/\"},\"author\":{\"name\":\"Mario Friese\",\"@id\":\"https:\\\/\\\/www.meinesuedstadt.de\\\/branchenverzeichnis\\\/#\\\/schema\\\/person\\\/4974ccd0047c4bef2ea2271bc1b66e8d\"},\"headline\":\"Gemeinschaftsgrundschule Zwirnerstra\u00dfe\",\"datePublished\":\"-0001-11-30T00:00:00+00:00\",\"mainEntityOfPage\":{\"@id\":\"https:\\\/\\\/www.meinesuedstadt.de\\\/branchenverzeichnis\\\/gemeinschaftsgrundschule-zwirnerstrasse\\\/\"},\"wordCount\":868,\"commentCount\":0,\"articleSection\":[\"Schulen\"],\"inLanguage\":\"de\",\"potentialAction\":[{\"@type\":\"CommentAction\",\"name\":\"Comment\",\"target\":[\"https:\\\/\\\/www.meinesuedstadt.de\\\/branchenverzeichnis\\\/gemeinschaftsgrundschule-zwirnerstrasse\\\/#respond\"]}]},{\"@type\":\"WebPage\",\"@id\":\"https:\\\/\\\/www.meinesuedstadt.de\\\/branchenverzeichnis\\\/gemeinschaftsgrundschule-zwirnerstrasse\\\/\",\"url\":\"https:\\\/\\\/www.meinesuedstadt.de\\\/branchenverzeichnis\\\/gemeinschaftsgrundschule-zwirnerstrasse\\\/\",\"name\":\"Gemeinschaftsgrundschule Zwirnerstra\u00dfe - Meine S\u00fcdstadt\",\"isPartOf\":{\"@id\":\"https:\\\/\\\/www.meinesuedstadt.de\\\/branchenverzeichnis\\\/#website\"},\"datePublished\":\"-0001-11-30T00:00:00+00:00\",\"author\":{\"@id\":\"https:\\\/\\\/www.meinesuedstadt.de\\\/branchenverzeichnis\\\/#\\\/schema\\\/person\\\/4974ccd0047c4bef2ea2271bc1b66e8d\"},\"breadcrumb\":{\"@id\":\"https:\\\/\\\/www.meinesuedstadt.de\\\/branchenverzeichnis\\\/gemeinschaftsgrundschule-zwirnerstrasse\\\/#breadcrumb\"},\"inLanguage\":\"de\",\"potentialAction\":[{\"@type\":\"ReadAction\",\"target\":[\"https:\\\/\\\/www.meinesuedstadt.de\\\/branchenverzeichnis\\\/gemeinschaftsgrundschule-zwirnerstrasse\\\/\"]}]},{\"@type\":\"BreadcrumbList\",\"@id\":\"https:\\\/\\\/www.meinesuedstadt.de\\\/branchenverzeichnis\\\/gemeinschaftsgrundschule-zwirnerstrasse\\\/#breadcrumb\",\"itemListElement\":[{\"@type\":\"ListItem\",\"position\":1,\"name\":\"Startseite\",\"item\":\"https:\\\/\\\/www.meinesuedstadt.de\\\/branchenverzeichnis\\\/\"},{\"@type\":\"ListItem\",\"position\":2,\"name\":\"Gemeinschaftsgrundschule Zwirnerstra\u00dfe\"}]},{\"@type\":\"WebSite\",\"@id\":\"https:\\\/\\\/www.meinesuedstadt.de\\\/branchenverzeichnis\\\/#website\",\"url\":\"https:\\\/\\\/www.meinesuedstadt.de\\\/branchenverzeichnis\\\/\",\"name\":\"Meine S\u00fcdstadt\",\"description\":\"Branchenverzeichnis aus der S\u00fcdstadt K\u00f6lns\",\"potentialAction\":[{\"@type\":\"SearchAction\",\"target\":{\"@type\":\"EntryPoint\",\"urlTemplate\":\"https:\\\/\\\/www.meinesuedstadt.de\\\/branchenverzeichnis\\\/?s={search_term_string}\"},\"query-input\":{\"@type\":\"PropertyValueSpecification\",\"valueRequired\":true,\"valueName\":\"search_term_string\"}}],\"inLanguage\":\"de\"},{\"@type\":\"Person\",\"@id\":\"https:\\\/\\\/www.meinesuedstadt.de\\\/branchenverzeichnis\\\/#\\\/schema\\\/person\\\/4974ccd0047c4bef2ea2271bc1b66e8d\",\"name\":\"Mario Friese\",\"image\":{\"@type\":\"ImageObject\",\"inLanguage\":\"de\",\"@id\":\"https:\\\/\\\/secure.gravatar.com\\\/avatar\\\/38afb5244388eb07856f264e0b17f6d56309e4e5bba4ea1716b6dadd14a2aab0?s=96&d=mm&r=g\",\"url\":\"https:\\\/\\\/secure.gravatar.com\\\/avatar\\\/38afb5244388eb07856f264e0b17f6d56309e4e5bba4ea1716b6dadd14a2aab0?s=96&d=mm&r=g\",\"contentUrl\":\"https:\\\/\\\/secure.gravatar.com\\\/avatar\\\/38afb5244388eb07856f264e0b17f6d56309e4e5bba4ea1716b6dadd14a2aab0?s=96&d=mm&r=g\",\"caption\":\"Mario Friese\"},\"sameAs\":[\"https:\\\/\\\/fgrepublik.com\"]}]}<\/script>\n<!-- \/ Yoast SEO plugin. -->","yoast_head_json":{"title":"Gemeinschaftsgrundschule Zwirnerstra\u00dfe - Meine S\u00fcdstadt","robots":{"index":"index","follow":"follow","max-snippet":"max-snippet:-1","max-image-preview":"max-image-preview:large","max-video-preview":"max-video-preview:-1"},"canonical":"https:\/\/www.meinesuedstadt.de\/branchenverzeichnis\/gemeinschaftsgrundschule-zwirnerstrasse\/","og_locale":"de_DE","og_type":"article","og_title":"Gemeinschaftsgrundschule Zwirnerstra\u00dfe - Meine S\u00fcdstadt","og_description":"Die integrative Grundschule Zwirnerstra\u00dfe leidet unter sinkenden Anmeldezahlen. Dabei hat sie einiges zu bieten. Wovon sich Eltern morgen beim Tag der offenen T\u00fcr \u00fcberzeugen k\u00f6nnen. Am letzten Samstag war m\u00e4chtig was los in der Grundschule Zwirnerstra\u00dfe. Zun\u00e4chst veranstaltete der F\u00f6rderein wieder einmal seinen gro\u00dfen Flohmarkt im Trude Herr Park und anschlie\u00dfend gab es in der [&hellip;]","og_url":"https:\/\/www.meinesuedstadt.de\/branchenverzeichnis\/gemeinschaftsgrundschule-zwirnerstrasse\/","og_site_name":"Meine S\u00fcdstadt","article_publisher":"https:\/\/www.facebook.com\/Meinesuedstadt\/","article_published_time":"-0001-11-30T00:00:00+00:00","author":"Mario Friese","twitter_card":"summary_large_image","twitter_creator":"@meinesuedstadt","twitter_site":"@meinesuedstadt","twitter_misc":{"Verfasst von":"Mario Friese","Gesch\u00e4tzte Lesezeit":"4\u00a0Minuten"},"schema":{"@context":"https:\/\/schema.org","@graph":[{"@type":"Article","@id":"https:\/\/www.meinesuedstadt.de\/branchenverzeichnis\/gemeinschaftsgrundschule-zwirnerstrasse\/#article","isPartOf":{"@id":"https:\/\/www.meinesuedstadt.de\/branchenverzeichnis\/gemeinschaftsgrundschule-zwirnerstrasse\/"},"author":{"name":"Mario Friese","@id":"https:\/\/www.meinesuedstadt.de\/branchenverzeichnis\/#\/schema\/person\/4974ccd0047c4bef2ea2271bc1b66e8d"},"headline":"Gemeinschaftsgrundschule Zwirnerstra\u00dfe","datePublished":"-0001-11-30T00:00:00+00:00","mainEntityOfPage":{"@id":"https:\/\/www.meinesuedstadt.de\/branchenverzeichnis\/gemeinschaftsgrundschule-zwirnerstrasse\/"},"wordCount":868,"commentCount":0,"articleSection":["Schulen"],"inLanguage":"de","potentialAction":[{"@type":"CommentAction","name":"Comment","target":["https:\/\/www.meinesuedstadt.de\/branchenverzeichnis\/gemeinschaftsgrundschule-zwirnerstrasse\/#respond"]}]},{"@type":"WebPage","@id":"https:\/\/www.meinesuedstadt.de\/branchenverzeichnis\/gemeinschaftsgrundschule-zwirnerstrasse\/","url":"https:\/\/www.meinesuedstadt.de\/branchenverzeichnis\/gemeinschaftsgrundschule-zwirnerstrasse\/","name":"Gemeinschaftsgrundschule Zwirnerstra\u00dfe - Meine S\u00fcdstadt","isPartOf":{"@id":"https:\/\/www.meinesuedstadt.de\/branchenverzeichnis\/#website"},"datePublished":"-0001-11-30T00:00:00+00:00","author":{"@id":"https:\/\/www.meinesuedstadt.de\/branchenverzeichnis\/#\/schema\/person\/4974ccd0047c4bef2ea2271bc1b66e8d"},"breadcrumb":{"@id":"https:\/\/www.meinesuedstadt.de\/branchenverzeichnis\/gemeinschaftsgrundschule-zwirnerstrasse\/#breadcrumb"},"inLanguage":"de","potentialAction":[{"@type":"ReadAction","target":["https:\/\/www.meinesuedstadt.de\/branchenverzeichnis\/gemeinschaftsgrundschule-zwirnerstrasse\/"]}]},{"@type":"BreadcrumbList","@id":"https:\/\/www.meinesuedstadt.de\/branchenverzeichnis\/gemeinschaftsgrundschule-zwirnerstrasse\/#breadcrumb","itemListElement":[{"@type":"ListItem","position":1,"name":"Startseite","item":"https:\/\/www.meinesuedstadt.de\/branchenverzeichnis\/"},{"@type":"ListItem","position":2,"name":"Gemeinschaftsgrundschule Zwirnerstra\u00dfe"}]},{"@type":"WebSite","@id":"https:\/\/www.meinesuedstadt.de\/branchenverzeichnis\/#website","url":"https:\/\/www.meinesuedstadt.de\/branchenverzeichnis\/","name":"Meine S\u00fcdstadt","description":"Branchenverzeichnis aus der S\u00fcdstadt K\u00f6lns","potentialAction":[{"@type":"SearchAction","target":{"@type":"EntryPoint","urlTemplate":"https:\/\/www.meinesuedstadt.de\/branchenverzeichnis\/?s={search_term_string}"},"query-input":{"@type":"PropertyValueSpecification","valueRequired":true,"valueName":"search_term_string"}}],"inLanguage":"de"},{"@type":"Person","@id":"https:\/\/www.meinesuedstadt.de\/branchenverzeichnis\/#\/schema\/person\/4974ccd0047c4bef2ea2271bc1b66e8d","name":"Mario Friese","image":{"@type":"ImageObject","inLanguage":"de","@id":"https:\/\/secure.gravatar.com\/avatar\/38afb5244388eb07856f264e0b17f6d56309e4e5bba4ea1716b6dadd14a2aab0?s=96&d=mm&r=g","url":"https:\/\/secure.gravatar.com\/avatar\/38afb5244388eb07856f264e0b17f6d56309e4e5bba4ea1716b6dadd14a2aab0?s=96&d=mm&r=g","contentUrl":"https:\/\/secure.gravatar.com\/avatar\/38afb5244388eb07856f264e0b17f6d56309e4e5bba4ea1716b6dadd14a2aab0?s=96&d=mm&r=g","caption":"Mario Friese"},"sameAs":["https:\/\/fgrepublik.com"]}]}},"priority":0,"metaAddress":"Zwirnerstra\u00dfe 15-17 , 50678 K\u00f6ln","_links":{"self":[{"href":"https:\/\/www.meinesuedstadt.de\/branchenverzeichnis\/wp-json\/wp\/v2\/posts\/921","targetHints":{"allow":["GET"]}}],"collection":[{"href":"https:\/\/www.meinesuedstadt.de\/branchenverzeichnis\/wp-json\/wp\/v2\/posts"}],"about":[{"href":"https:\/\/www.meinesuedstadt.de\/branchenverzeichnis\/wp-json\/wp\/v2\/types\/post"}],"author":[{"embeddable":true,"href":"https:\/\/www.meinesuedstadt.de\/branchenverzeichnis\/wp-json\/wp\/v2\/users\/2"}],"replies":[{"embeddable":true,"href":"https:\/\/www.meinesuedstadt.de\/branchenverzeichnis\/wp-json\/wp\/v2\/comments?post=921"}],"version-history":[{"count":0,"href":"https:\/\/www.meinesuedstadt.de\/branchenverzeichnis\/wp-json\/wp\/v2\/posts\/921\/revisions"}],"wp:attachment":[{"href":"https:\/\/www.meinesuedstadt.de\/branchenverzeichnis\/wp-json\/wp\/v2\/media?parent=921"}],"wp:term":[{"taxonomy":"category","embeddable":true,"href":"https:\/\/www.meinesuedstadt.de\/branchenverzeichnis\/wp-json\/wp\/v2\/categories?post=921"},{"taxonomy":"post_tag","embeddable":true,"href":"https:\/\/www.meinesuedstadt.de\/branchenverzeichnis\/wp-json\/wp\/v2\/tags?post=921"}],"curies":[{"name":"wp","href":"https:\/\/api.w.org\/{rel}","templated":true}]}}