{"id":951,"date":"2010-04-08T13:03:15","date_gmt":"2010-04-08T11:03:15","guid":{"rendered":"http:\/\/www.meinesuedstadt.de\/branchenverzeichnis\/?p=951"},"modified":"2018-01-16T16:57:04","modified_gmt":"2018-01-16T15:57:04","slug":"p-schmitt-soehne-karosseriebau","status":"publish","type":"post","link":"https:\/\/www.meinesuedstadt.de\/branchenverzeichnis\/p-schmitt-soehne-karosseriebau\/","title":{"rendered":"P. Schmitt S\u00f6hne &#8211; Karosseriebau"},"content":{"rendered":"<p>&nbsp;<\/p>\n<p>Im neuen Rheinauhafen steht es, das rot-gr\u00fcne Windsegel. Langsam und bed\u00e4chtig dreht es sich, Tag und Nacht, Woche auf Woche, Jahr f\u00fcr Jahr. Es ist ein Kunstwerk von Lutz Fritsch. Es ist ein Symbol der Kontinuit\u00e4t und Ruhe. Aber auch der Bewegung. Und es k\u00f6nnte auch auf dem Hof der Firma P. Schmitt S\u00f6hne stehen. Denn zum einen hat der Fachbetrieb aus der S\u00fcdstadt den Lack auf das Windsegel aufgetragen, zum anderen finden sich die mit damit verkn\u00fcpften Vorstellungen auch in der Philosophie des Betriebs.<\/p>\n<p>Bereits seit 1920 gibt es das Unternehmen in K\u00f6ln. Und damit ist es der \u00e4lteste noch in Familienhand befindliche Karosserie- und Lackierbetrieb. Urspr\u00fcnglich in der Brabanter Stra\u00dfe gegr\u00fcndet, befindet sich der Sitz der Firma seit 1970 am Bonner Wall. Hier werden alle Dienstleistungen rund ums Auto angeboten und zahlreiche Kunden kommen seit vielen Jahren regelm\u00e4\u00dfig immer wieder, denn sie wissen, dass sie hier nicht nur eine Nummer in den Auftragsb\u00fcchern sind.<\/p>\n<p>Unfallsch\u00e4den, Instandsetzungen und Lackierungen werden am Bonner Wall handwerklich in hoher Qualit\u00e4t bearbeitet. Leihwagen stehen zur Verf\u00fcgung und die Kunden werden auf Wunsch von zuhause abgeholt oder zur\u00fcck gebracht. Acht Mitarbeiter arbeiten in dem Unternehmen \u0096 drei im Bereich Lackierung, vier Karosseriebauer und eine Kauffrau im B\u00fcro. Dazu kommen nat\u00fcrlich die beiden Inhaberinnen, Enkelinnen des urspr\u00fcnglichen Gr\u00fcnders Peter Schmitt. Au\u00dferdem arbeiten hier selbstverst\u00e4ndlich auch zwei Auszubildende. So begegnet der Kunde immer den gleichen Ansprechpartnern. Vertrauen ist auch in diesem Bereich ein wichtiges Qualit\u00e4tsmerkmal.<\/p>\n<p>Der freie Karosseriefachbetrieb ist nicht an eine Automarke gebunden, sondern nimmt Fahrzeuge aller Hersteller bis 7,5 t zur Reparatur an. Inspektionen und T\u00dcV, ASU und \u00d6lwechsel \u0096 das Portfolio umfasst die klassischen Dienste am Auto. Aber auch Fahrzeugeinrichtungen mit Regalsystemen f\u00fcr Handwerksbetriebe werden angeboten. Ein Teil der Werkshalle ist zudem an zwei selbstst\u00e4ndige KFZ-Meister vermietet, die eng mit der Firma P. Schmitt S\u00f6hne zusammen arbeiten, da viele Auftr\u00e4ge direkt \u00fcber das Unternehmen abgewickelt werden. So bekommt der Kunde alle Dienstleistungen aus einer Hand.<\/p>\n<p>In den Lackierboxen werden aber nicht nur Autos in einer neuen Farbe gespritzt. Auch eher ungew\u00f6hnliche Auftr\u00e4ge geraten regelm\u00e4\u00dfig in die H\u00e4nde der hochqualifizierten Facharbeiter: Die Theke der Eigelsteinbar ukon, die je nach Blickwinkel eine andere Farbe hat, wurde hier beispielsweise lackiert. Unter 50.000 Farbt\u00f6nen k\u00f6nnen die Kunden ausw\u00e4hlen. Eine neue Front f\u00fcr die alte, jedoch hochwertige K\u00fcche bekommt so einen neuen Anstrich, M\u00f6bel werden stylisch in ein modernes Licht gesetzt. Und das Werk von Lutz Frisch war nat\u00fcrlich hier. Aber auch Kunstwerke von Rosemarie Trockel bekamen ihren Lack in dieser Werkhalle. F\u00fcr den K\u00f6lner Geigenbauer B\u00fcnnagel wurden sogar ein paar Saiteninstrumente lackiert. Da wundert es nicht, dass die Zusammenarbeit mit den umliegenden Schreinern und Inneneinrichtern sehr eng ist.<\/p>\n<p>Seit Anfang 2010 der Sohn einer der Inhaberinnen in den Betrieb einstieg, ist auch die Familientradition gewahrt. In vierter Generation. Die Maschinen werden immer umweltschonender, Lackst\u00e4ube beispielsweise beim Schleifen direkt abgesaugt und die Lacke basieren seit einigen Jahren auf Wasser. Gasbetriebene Fahrzeuge k\u00f6nne ebenso zur Reparatur abgegeben werden wie Hybridautos.<\/p>\n<p>So stellt sich der Fachbetrieb P. Schmitt S\u00f6hne als sehr flexibel und kundennah dar. Ver\u00e4nderungen und Anpassungen geh\u00f6ren zum Gesch\u00e4ft. Die der Firmentradition verpflichtete Kontinuit\u00e4t schafft zugleich Vertrauen beim Kunden. Denn hier ist er gut aufgehoben, f\u00fcr alles, rund ums Auto.<\/p>\n","protected":false},"excerpt":{"rendered":"<p>&nbsp; Im neuen Rheinauhafen steht es, das rot-gr\u00fcne Windsegel. Langsam und bed\u00e4chtig dreht es sich, Tag und Nacht, Woche auf Woche, Jahr f\u00fcr Jahr. Es ist ein Kunstwerk von Lutz Fritsch. Es ist ein Symbol der Kontinuit\u00e4t und Ruhe. Aber auch der Bewegung. Und es k\u00f6nnte auch auf dem Hof der Firma P. Schmitt S\u00f6hne [&hellip;]<\/p>\n","protected":false},"author":2,"featured_media":0,"comment_status":"open","ping_status":"open","sticky":false,"template":"","format":"standard","meta":{"_acf_changed":false,"footnotes":""},"categories":[213],"tags":[],"class_list":["post-951","post","type-post","status-publish","format-standard","hentry","category-werkstaetten"],"acf":[],"yoast_head":"<!-- This site is optimized with the Yoast SEO plugin v27.4 - https:\/\/yoast.com\/product\/yoast-seo-wordpress\/ -->\n<title>P. Schmitt S\u00f6hne - Karosseriebau - Meine S\u00fcdstadt<\/title>\n<meta name=\"robots\" content=\"index, follow, max-snippet:-1, max-image-preview:large, max-video-preview:-1\" \/>\n<link rel=\"canonical\" href=\"https:\/\/www.meinesuedstadt.de\/branchenverzeichnis\/p-schmitt-soehne-karosseriebau\/\" \/>\n<meta property=\"og:locale\" content=\"de_DE\" \/>\n<meta property=\"og:type\" content=\"article\" \/>\n<meta property=\"og:title\" content=\"P. Schmitt S\u00f6hne - Karosseriebau - Meine S\u00fcdstadt\" \/>\n<meta property=\"og:description\" content=\"&nbsp; Im neuen Rheinauhafen steht es, das rot-gr\u00fcne Windsegel. Langsam und bed\u00e4chtig dreht es sich, Tag und Nacht, Woche auf Woche, Jahr f\u00fcr Jahr. Es ist ein Kunstwerk von Lutz Fritsch. Es ist ein Symbol der Kontinuit\u00e4t und Ruhe. Aber auch der Bewegung. Und es k\u00f6nnte auch auf dem Hof der Firma P. Schmitt S\u00f6hne [&hellip;]\" \/>\n<meta property=\"og:url\" content=\"https:\/\/www.meinesuedstadt.de\/branchenverzeichnis\/p-schmitt-soehne-karosseriebau\/\" \/>\n<meta property=\"og:site_name\" content=\"Meine S\u00fcdstadt\" \/>\n<meta property=\"article:publisher\" content=\"https:\/\/www.facebook.com\/Meinesuedstadt\/\" \/>\n<meta property=\"article:published_time\" content=\"2010-04-08T11:03:15+00:00\" \/>\n<meta property=\"article:modified_time\" content=\"2018-01-16T15:57:04+00:00\" \/>\n<meta name=\"author\" content=\"Mario Friese\" \/>\n<meta name=\"twitter:card\" content=\"summary_large_image\" \/>\n<meta name=\"twitter:creator\" content=\"@meinesuedstadt\" \/>\n<meta name=\"twitter:site\" content=\"@meinesuedstadt\" \/>\n<meta name=\"twitter:label1\" content=\"Verfasst von\" \/>\n\t<meta name=\"twitter:data1\" content=\"Mario Friese\" \/>\n\t<meta name=\"twitter:label2\" content=\"Gesch\u00e4tzte Lesezeit\" \/>\n\t<meta name=\"twitter:data2\" content=\"3\u00a0Minuten\" \/>\n<script type=\"application\/ld+json\" class=\"yoast-schema-graph\">{\"@context\":\"https:\\\/\\\/schema.org\",\"@graph\":[{\"@type\":\"Article\",\"@id\":\"https:\\\/\\\/www.meinesuedstadt.de\\\/branchenverzeichnis\\\/p-schmitt-soehne-karosseriebau\\\/#article\",\"isPartOf\":{\"@id\":\"https:\\\/\\\/www.meinesuedstadt.de\\\/branchenverzeichnis\\\/p-schmitt-soehne-karosseriebau\\\/\"},\"author\":{\"name\":\"Mario Friese\",\"@id\":\"https:\\\/\\\/www.meinesuedstadt.de\\\/branchenverzeichnis\\\/#\\\/schema\\\/person\\\/4974ccd0047c4bef2ea2271bc1b66e8d\"},\"headline\":\"P. Schmitt S\u00f6hne &#8211; Karosseriebau\",\"datePublished\":\"2010-04-08T11:03:15+00:00\",\"dateModified\":\"2018-01-16T15:57:04+00:00\",\"mainEntityOfPage\":{\"@id\":\"https:\\\/\\\/www.meinesuedstadt.de\\\/branchenverzeichnis\\\/p-schmitt-soehne-karosseriebau\\\/\"},\"wordCount\":584,\"commentCount\":0,\"articleSection\":[\"Werkst\u00e4tten\"],\"inLanguage\":\"de\",\"potentialAction\":[{\"@type\":\"CommentAction\",\"name\":\"Comment\",\"target\":[\"https:\\\/\\\/www.meinesuedstadt.de\\\/branchenverzeichnis\\\/p-schmitt-soehne-karosseriebau\\\/#respond\"]}]},{\"@type\":\"WebPage\",\"@id\":\"https:\\\/\\\/www.meinesuedstadt.de\\\/branchenverzeichnis\\\/p-schmitt-soehne-karosseriebau\\\/\",\"url\":\"https:\\\/\\\/www.meinesuedstadt.de\\\/branchenverzeichnis\\\/p-schmitt-soehne-karosseriebau\\\/\",\"name\":\"P. Schmitt S\u00f6hne - Karosseriebau - Meine S\u00fcdstadt\",\"isPartOf\":{\"@id\":\"https:\\\/\\\/www.meinesuedstadt.de\\\/branchenverzeichnis\\\/#website\"},\"datePublished\":\"2010-04-08T11:03:15+00:00\",\"dateModified\":\"2018-01-16T15:57:04+00:00\",\"author\":{\"@id\":\"https:\\\/\\\/www.meinesuedstadt.de\\\/branchenverzeichnis\\\/#\\\/schema\\\/person\\\/4974ccd0047c4bef2ea2271bc1b66e8d\"},\"breadcrumb\":{\"@id\":\"https:\\\/\\\/www.meinesuedstadt.de\\\/branchenverzeichnis\\\/p-schmitt-soehne-karosseriebau\\\/#breadcrumb\"},\"inLanguage\":\"de\",\"potentialAction\":[{\"@type\":\"ReadAction\",\"target\":[\"https:\\\/\\\/www.meinesuedstadt.de\\\/branchenverzeichnis\\\/p-schmitt-soehne-karosseriebau\\\/\"]}]},{\"@type\":\"BreadcrumbList\",\"@id\":\"https:\\\/\\\/www.meinesuedstadt.de\\\/branchenverzeichnis\\\/p-schmitt-soehne-karosseriebau\\\/#breadcrumb\",\"itemListElement\":[{\"@type\":\"ListItem\",\"position\":1,\"name\":\"Startseite\",\"item\":\"https:\\\/\\\/www.meinesuedstadt.de\\\/branchenverzeichnis\\\/\"},{\"@type\":\"ListItem\",\"position\":2,\"name\":\"P. Schmitt S\u00f6hne &#8211; Karosseriebau\"}]},{\"@type\":\"WebSite\",\"@id\":\"https:\\\/\\\/www.meinesuedstadt.de\\\/branchenverzeichnis\\\/#website\",\"url\":\"https:\\\/\\\/www.meinesuedstadt.de\\\/branchenverzeichnis\\\/\",\"name\":\"Meine S\u00fcdstadt\",\"description\":\"Branchenverzeichnis aus der S\u00fcdstadt K\u00f6lns\",\"potentialAction\":[{\"@type\":\"SearchAction\",\"target\":{\"@type\":\"EntryPoint\",\"urlTemplate\":\"https:\\\/\\\/www.meinesuedstadt.de\\\/branchenverzeichnis\\\/?s={search_term_string}\"},\"query-input\":{\"@type\":\"PropertyValueSpecification\",\"valueRequired\":true,\"valueName\":\"search_term_string\"}}],\"inLanguage\":\"de\"},{\"@type\":\"Person\",\"@id\":\"https:\\\/\\\/www.meinesuedstadt.de\\\/branchenverzeichnis\\\/#\\\/schema\\\/person\\\/4974ccd0047c4bef2ea2271bc1b66e8d\",\"name\":\"Mario Friese\",\"image\":{\"@type\":\"ImageObject\",\"inLanguage\":\"de\",\"@id\":\"https:\\\/\\\/secure.gravatar.com\\\/avatar\\\/38afb5244388eb07856f264e0b17f6d56309e4e5bba4ea1716b6dadd14a2aab0?s=96&d=mm&r=g\",\"url\":\"https:\\\/\\\/secure.gravatar.com\\\/avatar\\\/38afb5244388eb07856f264e0b17f6d56309e4e5bba4ea1716b6dadd14a2aab0?s=96&d=mm&r=g\",\"contentUrl\":\"https:\\\/\\\/secure.gravatar.com\\\/avatar\\\/38afb5244388eb07856f264e0b17f6d56309e4e5bba4ea1716b6dadd14a2aab0?s=96&d=mm&r=g\",\"caption\":\"Mario Friese\"},\"sameAs\":[\"https:\\\/\\\/fgrepublik.com\"]}]}<\/script>\n<!-- \/ Yoast SEO plugin. -->","yoast_head_json":{"title":"P. Schmitt S\u00f6hne - Karosseriebau - Meine S\u00fcdstadt","robots":{"index":"index","follow":"follow","max-snippet":"max-snippet:-1","max-image-preview":"max-image-preview:large","max-video-preview":"max-video-preview:-1"},"canonical":"https:\/\/www.meinesuedstadt.de\/branchenverzeichnis\/p-schmitt-soehne-karosseriebau\/","og_locale":"de_DE","og_type":"article","og_title":"P. Schmitt S\u00f6hne - Karosseriebau - Meine S\u00fcdstadt","og_description":"&nbsp; Im neuen Rheinauhafen steht es, das rot-gr\u00fcne Windsegel. Langsam und bed\u00e4chtig dreht es sich, Tag und Nacht, Woche auf Woche, Jahr f\u00fcr Jahr. Es ist ein Kunstwerk von Lutz Fritsch. Es ist ein Symbol der Kontinuit\u00e4t und Ruhe. Aber auch der Bewegung. Und es k\u00f6nnte auch auf dem Hof der Firma P. Schmitt S\u00f6hne [&hellip;]","og_url":"https:\/\/www.meinesuedstadt.de\/branchenverzeichnis\/p-schmitt-soehne-karosseriebau\/","og_site_name":"Meine S\u00fcdstadt","article_publisher":"https:\/\/www.facebook.com\/Meinesuedstadt\/","article_published_time":"2010-04-08T11:03:15+00:00","article_modified_time":"2018-01-16T15:57:04+00:00","author":"Mario Friese","twitter_card":"summary_large_image","twitter_creator":"@meinesuedstadt","twitter_site":"@meinesuedstadt","twitter_misc":{"Verfasst von":"Mario Friese","Gesch\u00e4tzte Lesezeit":"3\u00a0Minuten"},"schema":{"@context":"https:\/\/schema.org","@graph":[{"@type":"Article","@id":"https:\/\/www.meinesuedstadt.de\/branchenverzeichnis\/p-schmitt-soehne-karosseriebau\/#article","isPartOf":{"@id":"https:\/\/www.meinesuedstadt.de\/branchenverzeichnis\/p-schmitt-soehne-karosseriebau\/"},"author":{"name":"Mario Friese","@id":"https:\/\/www.meinesuedstadt.de\/branchenverzeichnis\/#\/schema\/person\/4974ccd0047c4bef2ea2271bc1b66e8d"},"headline":"P. Schmitt S\u00f6hne &#8211; Karosseriebau","datePublished":"2010-04-08T11:03:15+00:00","dateModified":"2018-01-16T15:57:04+00:00","mainEntityOfPage":{"@id":"https:\/\/www.meinesuedstadt.de\/branchenverzeichnis\/p-schmitt-soehne-karosseriebau\/"},"wordCount":584,"commentCount":0,"articleSection":["Werkst\u00e4tten"],"inLanguage":"de","potentialAction":[{"@type":"CommentAction","name":"Comment","target":["https:\/\/www.meinesuedstadt.de\/branchenverzeichnis\/p-schmitt-soehne-karosseriebau\/#respond"]}]},{"@type":"WebPage","@id":"https:\/\/www.meinesuedstadt.de\/branchenverzeichnis\/p-schmitt-soehne-karosseriebau\/","url":"https:\/\/www.meinesuedstadt.de\/branchenverzeichnis\/p-schmitt-soehne-karosseriebau\/","name":"P. Schmitt S\u00f6hne - Karosseriebau - Meine S\u00fcdstadt","isPartOf":{"@id":"https:\/\/www.meinesuedstadt.de\/branchenverzeichnis\/#website"},"datePublished":"2010-04-08T11:03:15+00:00","dateModified":"2018-01-16T15:57:04+00:00","author":{"@id":"https:\/\/www.meinesuedstadt.de\/branchenverzeichnis\/#\/schema\/person\/4974ccd0047c4bef2ea2271bc1b66e8d"},"breadcrumb":{"@id":"https:\/\/www.meinesuedstadt.de\/branchenverzeichnis\/p-schmitt-soehne-karosseriebau\/#breadcrumb"},"inLanguage":"de","potentialAction":[{"@type":"ReadAction","target":["https:\/\/www.meinesuedstadt.de\/branchenverzeichnis\/p-schmitt-soehne-karosseriebau\/"]}]},{"@type":"BreadcrumbList","@id":"https:\/\/www.meinesuedstadt.de\/branchenverzeichnis\/p-schmitt-soehne-karosseriebau\/#breadcrumb","itemListElement":[{"@type":"ListItem","position":1,"name":"Startseite","item":"https:\/\/www.meinesuedstadt.de\/branchenverzeichnis\/"},{"@type":"ListItem","position":2,"name":"P. Schmitt S\u00f6hne &#8211; Karosseriebau"}]},{"@type":"WebSite","@id":"https:\/\/www.meinesuedstadt.de\/branchenverzeichnis\/#website","url":"https:\/\/www.meinesuedstadt.de\/branchenverzeichnis\/","name":"Meine S\u00fcdstadt","description":"Branchenverzeichnis aus der S\u00fcdstadt K\u00f6lns","potentialAction":[{"@type":"SearchAction","target":{"@type":"EntryPoint","urlTemplate":"https:\/\/www.meinesuedstadt.de\/branchenverzeichnis\/?s={search_term_string}"},"query-input":{"@type":"PropertyValueSpecification","valueRequired":true,"valueName":"search_term_string"}}],"inLanguage":"de"},{"@type":"Person","@id":"https:\/\/www.meinesuedstadt.de\/branchenverzeichnis\/#\/schema\/person\/4974ccd0047c4bef2ea2271bc1b66e8d","name":"Mario Friese","image":{"@type":"ImageObject","inLanguage":"de","@id":"https:\/\/secure.gravatar.com\/avatar\/38afb5244388eb07856f264e0b17f6d56309e4e5bba4ea1716b6dadd14a2aab0?s=96&d=mm&r=g","url":"https:\/\/secure.gravatar.com\/avatar\/38afb5244388eb07856f264e0b17f6d56309e4e5bba4ea1716b6dadd14a2aab0?s=96&d=mm&r=g","contentUrl":"https:\/\/secure.gravatar.com\/avatar\/38afb5244388eb07856f264e0b17f6d56309e4e5bba4ea1716b6dadd14a2aab0?s=96&d=mm&r=g","caption":"Mario Friese"},"sameAs":["https:\/\/fgrepublik.com"]}]}},"priority":0,"metaAddress":"Bonner Wall 27 , 50677 K\u00f6ln","_links":{"self":[{"href":"https:\/\/www.meinesuedstadt.de\/branchenverzeichnis\/wp-json\/wp\/v2\/posts\/951","targetHints":{"allow":["GET"]}}],"collection":[{"href":"https:\/\/www.meinesuedstadt.de\/branchenverzeichnis\/wp-json\/wp\/v2\/posts"}],"about":[{"href":"https:\/\/www.meinesuedstadt.de\/branchenverzeichnis\/wp-json\/wp\/v2\/types\/post"}],"author":[{"embeddable":true,"href":"https:\/\/www.meinesuedstadt.de\/branchenverzeichnis\/wp-json\/wp\/v2\/users\/2"}],"replies":[{"embeddable":true,"href":"https:\/\/www.meinesuedstadt.de\/branchenverzeichnis\/wp-json\/wp\/v2\/comments?post=951"}],"version-history":[{"count":1,"href":"https:\/\/www.meinesuedstadt.de\/branchenverzeichnis\/wp-json\/wp\/v2\/posts\/951\/revisions"}],"predecessor-version":[{"id":2978,"href":"https:\/\/www.meinesuedstadt.de\/branchenverzeichnis\/wp-json\/wp\/v2\/posts\/951\/revisions\/2978"}],"wp:attachment":[{"href":"https:\/\/www.meinesuedstadt.de\/branchenverzeichnis\/wp-json\/wp\/v2\/media?parent=951"}],"wp:term":[{"taxonomy":"category","embeddable":true,"href":"https:\/\/www.meinesuedstadt.de\/branchenverzeichnis\/wp-json\/wp\/v2\/categories?post=951"},{"taxonomy":"post_tag","embeddable":true,"href":"https:\/\/www.meinesuedstadt.de\/branchenverzeichnis\/wp-json\/wp\/v2\/tags?post=951"}],"curies":[{"name":"wp","href":"https:\/\/api.w.org\/{rel}","templated":true}]}}