{"id":982,"date":"2010-04-13T19:18:31","date_gmt":"2010-04-13T17:18:31","guid":{"rendered":"http:\/\/www.meinesuedstadt.de\/branchenverzeichnis\/?p=982"},"modified":"2018-07-02T17:48:42","modified_gmt":"2018-07-02T15:48:42","slug":"geschnitten-brot-cafe","status":"publish","type":"post","link":"https:\/\/www.meinesuedstadt.de\/branchenverzeichnis\/geschnitten-brot-cafe\/","title":{"rendered":"Geschnitten Brot &#8211; Caf\u00e9"},"content":{"rendered":"<p>\u0084Eigentlich ist der ganze Laden um dieses Bild herum entstanden.\u0093 Und w\u00e4hrend einem das Gru?nblau des Swimmingpools auf der Wand verhei\u00dfungsvolle Lust auf Urlaub macht, erz\u00e4hlt Birgit Winterberg, dass dieses Bild ihrer \u00e4ltesten Freundin, der Fotografin Petra Fischer, in ihrem Wohnzimmer h\u00e4ngt. In klein. Und weil sie unbedingt etwas von zu Hause in ihrer Caf\u00e9-Bar haben wollte, hat sie das Bild kurzerhand auf mehrere Bahnen plotten lassen und auf die Wand tapeziert. Und schon ist dieser Ort mehr als ein Kaffeeausschank.<\/p>\n<p>&nbsp;<\/p>\n<p>Der Geschichte der Strickkissen darunter h\u00f6rt man dann genau so gerne zu. Passend zum Bild sollten sie n\u00e4mlich sein. Und nahm Laura aus dem Strickladen in Ehrenfeld Wolle zur Hand, in blau und in gru?n. Die Kissen wurden rund und eckig, und es wurden immer mehr. Und etliche Wollmeter und eine Heerschar von Strickerinnen sp\u00e4ter gab`s neben dem fu?r Kaffeemaschine und M\u00f6bel auch eine eigenes Budget fu?r Kissen. Das Bild, die Kissen und auch die Holzm\u00f6bel, die aus einem einzigen Baumstamm von Schmied und Ku?nstler Ciamac Bazzazi extra fu?r das Caf\u00e9 gefertigt wurden \u0096 einem weiteren aus diesem beneidenswerten Freundeskreis der Wirtin \u0096 all die Dinge, die das &#8222;Geschnitten Brot&#8220; auf der Alteburgerstra\u00dfe zu einem ganz besonderen Ort machen, verraten Birgit Winterberg. Die Diagnose: leidenschaftliche Detailliebhaberin mit Hang zu wunderbaren Geschichten. Und von wunderbaren Geschichten hat sie wirklich einige auf Lager.<\/p>\n<p>Genauso wie von wunderbaren Stullen! Die gibt es n\u00e4mlich im Geschnitten Brot. Wie der Name sagt. Und die sind wirklich lecker! Immer mit Salzbutter und wahlweise mit Kr\u00e4uter-Frischk\u00e4se, Rucola und Radieschen, Leberwurst, sauren Gurken und Sellerie-Chutney oder mit Ei, Schnittlauch, Tomaten-Chutney und Kresse. Das schmeckt nach Garten und nach zu Hause. Und serviert auf einem Holzbrettchen zaubert es dieses Stullenl\u00e4cheln ins Gesicht. Bei wirklich jedem. \u0084Manchmal\u0093, sagt sie, \u0084manchmal ist es wirklich schwer, bei meinem Konzept zu bleiben.\u0093 Croissants gibt`s eben nicht im Geschnitten Brot. Und auch keinen Joghurt mit Fru?chten. Dafu?r Brot. Gutes Brot. Mit K\u00e4se und Schinken von Bauern aus der Eifel.<\/p>\n<p>&nbsp;<\/p>\n<p>Und auch die Eifel bietet einige guten Geschichten. Zum Beispiel die von dem \u00f6kologischen Ziegenbauern, den Birgit Winterberg zuf\u00e4llig auf der Suche nach Holz kennengelernt hat. Oder dem Rinderzu?chter, der dem Schwager vom Ziegenbauern seinen leckeren Schinken mitgibt, damit er den regelm\u00e4\u00dfig in der Ku?hltasche samt Ziegenk\u00e4se pers\u00f6nlich aus der Eifel im Geschnitten Brot abliefert. Ja, und dann gibt es ja noch den B\u00e4cker, der dieses gute Sauerteigbrot aus 100% Roggen backt. Und den Weinbauern, der tollen Wein macht. Einfach so aus Leidenschaft. Und den Birgit kennt, weil wiederum der Ziegenbauer ihn kennt. Lecker essen geht natu?rlich auch au\u00dferhalb der Eifel, und neben geschnittem Brot gibt es noch ein paar Leckereien, die irgendwie auch nach Kindheit schmecken. Der &#8222;Kalte Hund&#8220; zum Beispiel, den zwei Jungs aus Berlin in 15 Varianten anbieten. Und der wunderbare Kuchen der &#8222;Kuchenoma&#8220;, die man nur online erreicht und die nach einer Bestellung per Mail am Abend, prompt ihren Mann am n\u00e4chsten Tag mit den tollen Kuchen in die Alteburgerstra\u00dfe schickt. Oder die hei\u00dfbegehrten S\u00e4fte der &#8222;Detox-Ladies&#8220;, die in wei\u00dfer Schu?rze und Glask\u00e4nnchen vitaminreichen, biologischen Entschlackungssaft vorbeibringen. Nicht zu reden von der Lakritze, die es im Geschnitten Brot als Stange gibt. Die Geschichte hinter dieser Kindheitserinnerung ist eher kurz: \u0084Der d\u00e4nische Lakritzvertreter sieht einfach unglaublich gut aus.\u0093<\/p>\n<p>&nbsp;<\/p>\n<p>Gut aussehen und dazu noch besonders guten Kaffee machen die &#8222;Kaffeeprinzen&#8220; aus dem Martinsfeld. Einer der weiteren Entdeckungen, die Birgit Winterfeld rund um das Geschnitten Brot gemacht hat. \u0084Dieses Caf\u00e9 ist nicht nur meine Geschichte, sondern auch die meiner Familie und Freunde.\u0093 Seit ihrer Idee, ein eigenes Caf\u00e9 zu er\u00f6ffnen, bekommt sie von allen Seiten gute Tipps und auch praktische Hilfe. Die konnte sie in der Planungsphase auch sehr gut gebrauchen, hatte sie doch zwischenzeitlich bei all den bu?rokratischen Hu?rden fast der Mut verloren und im wahrsten Sinne des Wortes \u0084keine Schnitte mehr\u0093. Manch einer h\u00e4tte tats\u00e4chlich das Handtuch geworfen, Birgit Winterberg hatte den Namen fu?r ihren Laden.<\/p>\n<p>&nbsp;<\/p>\n<p>Seit August 2014 macht sie nun Schnittchen, serviert Biolimonade und samstags Waffeln mit Kirschen. Und weil auch das Ladenlokal eine Geschichte hat, fu?hrt sie den ersten Lotto-Toto-Laden mit Caf\u00e9. Oder andersherum. Auf jeden Fall zur Freude aller: der Glu?cksj\u00e4ger, die neben Kreuzchen und `nem Schw\u00e4tzchen auch noch einen guten Kaffee bekommen, und der Butterbrotfreunde, die ganz nebenbei und doch ein bisschen nerv\u00f6s Rubbellose rubbeln. Weil man schon einmal Glu?ck hatte, schlie\u00dflich hatte man zuvor das wahrscheinlich beste Butterbrot seit Muttern. Wieso also nicht noch einmal Glu?ck? Und Glu?ck fu?r Birgit Winterberg? Ihre eigene Kindheitserinnerung realisieren. Sicher auch ihre ganz pers\u00f6nlichen F\u00e4higkeiten einsetzen. Planen und gestalten. Einen Wohlfu?hlort schaffen. Und einen Ort fu?r Begegnung. Menschen miteinander verbinden. Und sich t\u00e4glich u?ber ihren Alltag freuen. Ihren Alltag mit bekannten Gesichtern, lieben Menschen und jeder Menge lecker Schnittchen. Birgit Winterberg hat nicht gerubbelt. Sie hatte die Schnitte und jetzt ihre eigene Caf\u00e9-Bar.<\/p>\n<p>&nbsp;<\/p>\n<p>\u00d6ffnungszeiten<br \/>\nMontag \u0096 Freitag von 7.30 \u0096 18.30 Uhr<br \/>\nSamstag von\u00a0 9.30 \u0096 18.30 Uhr<br \/>\nSonntag Ruhetag<\/p>\n<p>&nbsp;<\/p>\n<p>&nbsp;<\/p>\n","protected":false},"excerpt":{"rendered":"<p>\u0084Eigentlich ist der ganze Laden um dieses Bild herum entstanden.\u0093 Und w\u00e4hrend einem das Gru?nblau des Swimmingpools auf der Wand verhei\u00dfungsvolle Lust auf Urlaub macht, erz\u00e4hlt Birgit Winterberg, dass dieses Bild ihrer \u00e4ltesten Freundin, der Fotografin Petra Fischer, in ihrem Wohnzimmer h\u00e4ngt. In klein. Und weil sie unbedingt etwas von zu Hause in ihrer Caf\u00e9-Bar [&hellip;]<\/p>\n","protected":false},"author":2,"featured_media":0,"comment_status":"open","ping_status":"open","sticky":false,"template":"","format":"standard","meta":{"_acf_changed":false,"footnotes":""},"categories":[182,181,174],"tags":[],"class_list":["post-982","post","type-post","status-publish","format-standard","hentry","category-bistro","category-fruehstueck","category-lunch"],"acf":[],"yoast_head":"<!-- This site is optimized with the Yoast SEO plugin v27.4 - https:\/\/yoast.com\/product\/yoast-seo-wordpress\/ -->\n<title>Geschnitten Brot - Caf\u00e9 - Meine S\u00fcdstadt<\/title>\n<meta name=\"robots\" content=\"index, follow, max-snippet:-1, max-image-preview:large, max-video-preview:-1\" \/>\n<link rel=\"canonical\" href=\"https:\/\/www.meinesuedstadt.de\/branchenverzeichnis\/geschnitten-brot-cafe\/\" \/>\n<meta property=\"og:locale\" content=\"de_DE\" \/>\n<meta property=\"og:type\" content=\"article\" \/>\n<meta property=\"og:title\" content=\"Geschnitten Brot - Caf\u00e9 - Meine S\u00fcdstadt\" \/>\n<meta property=\"og:description\" content=\"\u0084Eigentlich ist der ganze Laden um dieses Bild herum entstanden.\u0093 Und w\u00e4hrend einem das Gru?nblau des Swimmingpools auf der Wand verhei\u00dfungsvolle Lust auf Urlaub macht, erz\u00e4hlt Birgit Winterberg, dass dieses Bild ihrer \u00e4ltesten Freundin, der Fotografin Petra Fischer, in ihrem Wohnzimmer h\u00e4ngt. In klein. Und weil sie unbedingt etwas von zu Hause in ihrer Caf\u00e9-Bar [&hellip;]\" \/>\n<meta property=\"og:url\" content=\"https:\/\/www.meinesuedstadt.de\/branchenverzeichnis\/geschnitten-brot-cafe\/\" \/>\n<meta property=\"og:site_name\" content=\"Meine S\u00fcdstadt\" \/>\n<meta property=\"article:publisher\" content=\"https:\/\/www.facebook.com\/Meinesuedstadt\/\" \/>\n<meta property=\"article:published_time\" content=\"2010-04-13T17:18:31+00:00\" \/>\n<meta property=\"article:modified_time\" content=\"2018-07-02T15:48:42+00:00\" \/>\n<meta name=\"author\" content=\"Mario Friese\" \/>\n<meta name=\"twitter:card\" content=\"summary_large_image\" \/>\n<meta name=\"twitter:creator\" content=\"@meinesuedstadt\" \/>\n<meta name=\"twitter:site\" content=\"@meinesuedstadt\" \/>\n<meta name=\"twitter:label1\" content=\"Verfasst von\" \/>\n\t<meta name=\"twitter:data1\" content=\"Mario Friese\" \/>\n\t<meta name=\"twitter:label2\" content=\"Gesch\u00e4tzte Lesezeit\" \/>\n\t<meta name=\"twitter:data2\" content=\"4\u00a0Minuten\" \/>\n<script type=\"application\/ld+json\" class=\"yoast-schema-graph\">{\"@context\":\"https:\\\/\\\/schema.org\",\"@graph\":[{\"@type\":\"Article\",\"@id\":\"https:\\\/\\\/www.meinesuedstadt.de\\\/branchenverzeichnis\\\/geschnitten-brot-cafe\\\/#article\",\"isPartOf\":{\"@id\":\"https:\\\/\\\/www.meinesuedstadt.de\\\/branchenverzeichnis\\\/geschnitten-brot-cafe\\\/\"},\"author\":{\"name\":\"Mario Friese\",\"@id\":\"https:\\\/\\\/www.meinesuedstadt.de\\\/branchenverzeichnis\\\/#\\\/schema\\\/person\\\/4974ccd0047c4bef2ea2271bc1b66e8d\"},\"headline\":\"Geschnitten Brot &#8211; Caf\u00e9\",\"datePublished\":\"2010-04-13T17:18:31+00:00\",\"dateModified\":\"2018-07-02T15:48:42+00:00\",\"mainEntityOfPage\":{\"@id\":\"https:\\\/\\\/www.meinesuedstadt.de\\\/branchenverzeichnis\\\/geschnitten-brot-cafe\\\/\"},\"wordCount\":876,\"commentCount\":0,\"articleSection\":[\"Bistro\",\"Fr\u00fchst\u00fcck\",\"Lunch\"],\"inLanguage\":\"de\",\"potentialAction\":[{\"@type\":\"CommentAction\",\"name\":\"Comment\",\"target\":[\"https:\\\/\\\/www.meinesuedstadt.de\\\/branchenverzeichnis\\\/geschnitten-brot-cafe\\\/#respond\"]}]},{\"@type\":\"WebPage\",\"@id\":\"https:\\\/\\\/www.meinesuedstadt.de\\\/branchenverzeichnis\\\/geschnitten-brot-cafe\\\/\",\"url\":\"https:\\\/\\\/www.meinesuedstadt.de\\\/branchenverzeichnis\\\/geschnitten-brot-cafe\\\/\",\"name\":\"Geschnitten Brot - Caf\u00e9 - Meine S\u00fcdstadt\",\"isPartOf\":{\"@id\":\"https:\\\/\\\/www.meinesuedstadt.de\\\/branchenverzeichnis\\\/#website\"},\"datePublished\":\"2010-04-13T17:18:31+00:00\",\"dateModified\":\"2018-07-02T15:48:42+00:00\",\"author\":{\"@id\":\"https:\\\/\\\/www.meinesuedstadt.de\\\/branchenverzeichnis\\\/#\\\/schema\\\/person\\\/4974ccd0047c4bef2ea2271bc1b66e8d\"},\"breadcrumb\":{\"@id\":\"https:\\\/\\\/www.meinesuedstadt.de\\\/branchenverzeichnis\\\/geschnitten-brot-cafe\\\/#breadcrumb\"},\"inLanguage\":\"de\",\"potentialAction\":[{\"@type\":\"ReadAction\",\"target\":[\"https:\\\/\\\/www.meinesuedstadt.de\\\/branchenverzeichnis\\\/geschnitten-brot-cafe\\\/\"]}]},{\"@type\":\"BreadcrumbList\",\"@id\":\"https:\\\/\\\/www.meinesuedstadt.de\\\/branchenverzeichnis\\\/geschnitten-brot-cafe\\\/#breadcrumb\",\"itemListElement\":[{\"@type\":\"ListItem\",\"position\":1,\"name\":\"Startseite\",\"item\":\"https:\\\/\\\/www.meinesuedstadt.de\\\/branchenverzeichnis\\\/\"},{\"@type\":\"ListItem\",\"position\":2,\"name\":\"Geschnitten Brot &#8211; Caf\u00e9\"}]},{\"@type\":\"WebSite\",\"@id\":\"https:\\\/\\\/www.meinesuedstadt.de\\\/branchenverzeichnis\\\/#website\",\"url\":\"https:\\\/\\\/www.meinesuedstadt.de\\\/branchenverzeichnis\\\/\",\"name\":\"Meine S\u00fcdstadt\",\"description\":\"Branchenverzeichnis aus der S\u00fcdstadt K\u00f6lns\",\"potentialAction\":[{\"@type\":\"SearchAction\",\"target\":{\"@type\":\"EntryPoint\",\"urlTemplate\":\"https:\\\/\\\/www.meinesuedstadt.de\\\/branchenverzeichnis\\\/?s={search_term_string}\"},\"query-input\":{\"@type\":\"PropertyValueSpecification\",\"valueRequired\":true,\"valueName\":\"search_term_string\"}}],\"inLanguage\":\"de\"},{\"@type\":\"Person\",\"@id\":\"https:\\\/\\\/www.meinesuedstadt.de\\\/branchenverzeichnis\\\/#\\\/schema\\\/person\\\/4974ccd0047c4bef2ea2271bc1b66e8d\",\"name\":\"Mario Friese\",\"image\":{\"@type\":\"ImageObject\",\"inLanguage\":\"de\",\"@id\":\"https:\\\/\\\/secure.gravatar.com\\\/avatar\\\/38afb5244388eb07856f264e0b17f6d56309e4e5bba4ea1716b6dadd14a2aab0?s=96&d=mm&r=g\",\"url\":\"https:\\\/\\\/secure.gravatar.com\\\/avatar\\\/38afb5244388eb07856f264e0b17f6d56309e4e5bba4ea1716b6dadd14a2aab0?s=96&d=mm&r=g\",\"contentUrl\":\"https:\\\/\\\/secure.gravatar.com\\\/avatar\\\/38afb5244388eb07856f264e0b17f6d56309e4e5bba4ea1716b6dadd14a2aab0?s=96&d=mm&r=g\",\"caption\":\"Mario Friese\"},\"sameAs\":[\"https:\\\/\\\/fgrepublik.com\"]}]}<\/script>\n<!-- \/ Yoast SEO plugin. -->","yoast_head_json":{"title":"Geschnitten Brot - Caf\u00e9 - Meine S\u00fcdstadt","robots":{"index":"index","follow":"follow","max-snippet":"max-snippet:-1","max-image-preview":"max-image-preview:large","max-video-preview":"max-video-preview:-1"},"canonical":"https:\/\/www.meinesuedstadt.de\/branchenverzeichnis\/geschnitten-brot-cafe\/","og_locale":"de_DE","og_type":"article","og_title":"Geschnitten Brot - Caf\u00e9 - Meine S\u00fcdstadt","og_description":"\u0084Eigentlich ist der ganze Laden um dieses Bild herum entstanden.\u0093 Und w\u00e4hrend einem das Gru?nblau des Swimmingpools auf der Wand verhei\u00dfungsvolle Lust auf Urlaub macht, erz\u00e4hlt Birgit Winterberg, dass dieses Bild ihrer \u00e4ltesten Freundin, der Fotografin Petra Fischer, in ihrem Wohnzimmer h\u00e4ngt. In klein. Und weil sie unbedingt etwas von zu Hause in ihrer Caf\u00e9-Bar [&hellip;]","og_url":"https:\/\/www.meinesuedstadt.de\/branchenverzeichnis\/geschnitten-brot-cafe\/","og_site_name":"Meine S\u00fcdstadt","article_publisher":"https:\/\/www.facebook.com\/Meinesuedstadt\/","article_published_time":"2010-04-13T17:18:31+00:00","article_modified_time":"2018-07-02T15:48:42+00:00","author":"Mario Friese","twitter_card":"summary_large_image","twitter_creator":"@meinesuedstadt","twitter_site":"@meinesuedstadt","twitter_misc":{"Verfasst von":"Mario Friese","Gesch\u00e4tzte Lesezeit":"4\u00a0Minuten"},"schema":{"@context":"https:\/\/schema.org","@graph":[{"@type":"Article","@id":"https:\/\/www.meinesuedstadt.de\/branchenverzeichnis\/geschnitten-brot-cafe\/#article","isPartOf":{"@id":"https:\/\/www.meinesuedstadt.de\/branchenverzeichnis\/geschnitten-brot-cafe\/"},"author":{"name":"Mario Friese","@id":"https:\/\/www.meinesuedstadt.de\/branchenverzeichnis\/#\/schema\/person\/4974ccd0047c4bef2ea2271bc1b66e8d"},"headline":"Geschnitten Brot &#8211; Caf\u00e9","datePublished":"2010-04-13T17:18:31+00:00","dateModified":"2018-07-02T15:48:42+00:00","mainEntityOfPage":{"@id":"https:\/\/www.meinesuedstadt.de\/branchenverzeichnis\/geschnitten-brot-cafe\/"},"wordCount":876,"commentCount":0,"articleSection":["Bistro","Fr\u00fchst\u00fcck","Lunch"],"inLanguage":"de","potentialAction":[{"@type":"CommentAction","name":"Comment","target":["https:\/\/www.meinesuedstadt.de\/branchenverzeichnis\/geschnitten-brot-cafe\/#respond"]}]},{"@type":"WebPage","@id":"https:\/\/www.meinesuedstadt.de\/branchenverzeichnis\/geschnitten-brot-cafe\/","url":"https:\/\/www.meinesuedstadt.de\/branchenverzeichnis\/geschnitten-brot-cafe\/","name":"Geschnitten Brot - Caf\u00e9 - Meine S\u00fcdstadt","isPartOf":{"@id":"https:\/\/www.meinesuedstadt.de\/branchenverzeichnis\/#website"},"datePublished":"2010-04-13T17:18:31+00:00","dateModified":"2018-07-02T15:48:42+00:00","author":{"@id":"https:\/\/www.meinesuedstadt.de\/branchenverzeichnis\/#\/schema\/person\/4974ccd0047c4bef2ea2271bc1b66e8d"},"breadcrumb":{"@id":"https:\/\/www.meinesuedstadt.de\/branchenverzeichnis\/geschnitten-brot-cafe\/#breadcrumb"},"inLanguage":"de","potentialAction":[{"@type":"ReadAction","target":["https:\/\/www.meinesuedstadt.de\/branchenverzeichnis\/geschnitten-brot-cafe\/"]}]},{"@type":"BreadcrumbList","@id":"https:\/\/www.meinesuedstadt.de\/branchenverzeichnis\/geschnitten-brot-cafe\/#breadcrumb","itemListElement":[{"@type":"ListItem","position":1,"name":"Startseite","item":"https:\/\/www.meinesuedstadt.de\/branchenverzeichnis\/"},{"@type":"ListItem","position":2,"name":"Geschnitten Brot &#8211; Caf\u00e9"}]},{"@type":"WebSite","@id":"https:\/\/www.meinesuedstadt.de\/branchenverzeichnis\/#website","url":"https:\/\/www.meinesuedstadt.de\/branchenverzeichnis\/","name":"Meine S\u00fcdstadt","description":"Branchenverzeichnis aus der S\u00fcdstadt K\u00f6lns","potentialAction":[{"@type":"SearchAction","target":{"@type":"EntryPoint","urlTemplate":"https:\/\/www.meinesuedstadt.de\/branchenverzeichnis\/?s={search_term_string}"},"query-input":{"@type":"PropertyValueSpecification","valueRequired":true,"valueName":"search_term_string"}}],"inLanguage":"de"},{"@type":"Person","@id":"https:\/\/www.meinesuedstadt.de\/branchenverzeichnis\/#\/schema\/person\/4974ccd0047c4bef2ea2271bc1b66e8d","name":"Mario Friese","image":{"@type":"ImageObject","inLanguage":"de","@id":"https:\/\/secure.gravatar.com\/avatar\/38afb5244388eb07856f264e0b17f6d56309e4e5bba4ea1716b6dadd14a2aab0?s=96&d=mm&r=g","url":"https:\/\/secure.gravatar.com\/avatar\/38afb5244388eb07856f264e0b17f6d56309e4e5bba4ea1716b6dadd14a2aab0?s=96&d=mm&r=g","contentUrl":"https:\/\/secure.gravatar.com\/avatar\/38afb5244388eb07856f264e0b17f6d56309e4e5bba4ea1716b6dadd14a2aab0?s=96&d=mm&r=g","caption":"Mario Friese"},"sameAs":["https:\/\/fgrepublik.com"]}]}},"priority":0,"metaAddress":"Alteburger Stra\u00dfe 28 , 50678 K\u00f6ln","_links":{"self":[{"href":"https:\/\/www.meinesuedstadt.de\/branchenverzeichnis\/wp-json\/wp\/v2\/posts\/982","targetHints":{"allow":["GET"]}}],"collection":[{"href":"https:\/\/www.meinesuedstadt.de\/branchenverzeichnis\/wp-json\/wp\/v2\/posts"}],"about":[{"href":"https:\/\/www.meinesuedstadt.de\/branchenverzeichnis\/wp-json\/wp\/v2\/types\/post"}],"author":[{"embeddable":true,"href":"https:\/\/www.meinesuedstadt.de\/branchenverzeichnis\/wp-json\/wp\/v2\/users\/2"}],"replies":[{"embeddable":true,"href":"https:\/\/www.meinesuedstadt.de\/branchenverzeichnis\/wp-json\/wp\/v2\/comments?post=982"}],"version-history":[{"count":3,"href":"https:\/\/www.meinesuedstadt.de\/branchenverzeichnis\/wp-json\/wp\/v2\/posts\/982\/revisions"}],"predecessor-version":[{"id":3802,"href":"https:\/\/www.meinesuedstadt.de\/branchenverzeichnis\/wp-json\/wp\/v2\/posts\/982\/revisions\/3802"}],"wp:attachment":[{"href":"https:\/\/www.meinesuedstadt.de\/branchenverzeichnis\/wp-json\/wp\/v2\/media?parent=982"}],"wp:term":[{"taxonomy":"category","embeddable":true,"href":"https:\/\/www.meinesuedstadt.de\/branchenverzeichnis\/wp-json\/wp\/v2\/categories?post=982"},{"taxonomy":"post_tag","embeddable":true,"href":"https:\/\/www.meinesuedstadt.de\/branchenverzeichnis\/wp-json\/wp\/v2\/tags?post=982"}],"curies":[{"name":"wp","href":"https:\/\/api.w.org\/{rel}","templated":true}]}}