{"id":995,"date":"2010-04-13T23:47:18","date_gmt":"2010-04-13T21:47:18","guid":{"rendered":"http:\/\/www.meinesuedstadt.de\/branchenverzeichnis\/?p=995"},"modified":"2010-04-13T23:47:18","modified_gmt":"2010-04-13T21:47:18","slug":"orangerie-theater-im-volksgarten","status":"publish","type":"post","link":"https:\/\/www.meinesuedstadt.de\/branchenverzeichnis\/orangerie-theater-im-volksgarten\/","title":{"rendered":"Orangerie &#8211; Theater im Volksgarten"},"content":{"rendered":"<p>&nbsp;<\/p>\n<p>Mitten in der K\u00f6lner S\u00fcdstadt und zugleich versteckt hinter hohen B\u00e4umen \u0096 so liegt die Orangerie inmitten des Volksgartens auf einem eigenen Gel\u00e4ndebereich, der vom \u00f6ffentlichen Park durch eine Mauer abgeteilt ist. Diese besondere Lage erkl\u00e4rt sich durch die Geschichte des Gel\u00e4ndes: zun\u00e4chst wurde hier 1841 unter preu\u00dfischer Herrschaft eine Befestigungsanlage, die \u009bL\u00fcnette 3\u008b errichtet. Keine 50 Jahre sp\u00e4ter, im Jahr 1889, wurde der Volksgarten angelegt, und an Stelle des Festungsbaus trat eine G\u00e4rtnerei mit Wohnhaus f\u00fcr den Gartendirektor. Seit 1999 wird dieses ehemalige Wohnhaus, das im Zweiten Weltkrieg teilweise zerst\u00f6rt wurde, als Theaterraum genutzt.<\/p>\n<p>&nbsp;<\/p>\n<p>Betrieben wird die Orangerie von einem gemeinn\u00fctzigen Verein, der sich zum Ziel gesetzt hat, das Gel\u00e4nde mit dem denkmalgesch\u00fctzten Theaterhaus zu erhalten und auch in Zukunft als Veranstaltungsort f\u00fcr Kunst und Kultur der \u00d6ffentlichkeit zug\u00e4nglich zu machen. Da die Orangerie und die angrenzenden Glash\u00e4user renovierungsbed\u00fcrftig und vom Verfall bedroht sind, hat der Verein sich zudem vorgenommen, das Gel\u00e4nde zu sanieren.<\/p>\n<p>&nbsp;<\/p>\n<p>Kartentelefon 0221-9522708<\/p>\n<p>&nbsp;<\/p>\n<p>&nbsp;<\/p>\n<p>&nbsp;<\/p>\n","protected":false},"excerpt":{"rendered":"<p>&nbsp; Mitten in der K\u00f6lner S\u00fcdstadt und zugleich versteckt hinter hohen B\u00e4umen \u0096 so liegt die Orangerie inmitten des Volksgartens auf einem eigenen Gel\u00e4ndebereich, der vom \u00f6ffentlichen Park durch eine Mauer abgeteilt ist. Diese besondere Lage erkl\u00e4rt sich durch die Geschichte des Gel\u00e4ndes: zun\u00e4chst wurde hier 1841 unter preu\u00dfischer Herrschaft eine Befestigungsanlage, die \u009bL\u00fcnette 3\u008b [&hellip;]<\/p>\n","protected":false},"author":2,"featured_media":0,"comment_status":"open","ping_status":"open","sticky":false,"template":"","format":"standard","meta":{"_acf_changed":false,"footnotes":""},"categories":[220],"tags":[],"class_list":["post-995","post","type-post","status-publish","format-standard","hentry","category-theater"],"acf":[],"yoast_head":"<!-- This site is optimized with the Yoast SEO plugin v27.4 - https:\/\/yoast.com\/product\/yoast-seo-wordpress\/ -->\n<title>Orangerie - Theater im Volksgarten - Meine S\u00fcdstadt<\/title>\n<meta name=\"robots\" content=\"index, follow, max-snippet:-1, max-image-preview:large, max-video-preview:-1\" \/>\n<link rel=\"canonical\" href=\"https:\/\/www.meinesuedstadt.de\/branchenverzeichnis\/orangerie-theater-im-volksgarten\/\" \/>\n<meta property=\"og:locale\" content=\"de_DE\" \/>\n<meta property=\"og:type\" content=\"article\" \/>\n<meta property=\"og:title\" content=\"Orangerie - Theater im Volksgarten - Meine S\u00fcdstadt\" \/>\n<meta property=\"og:description\" content=\"&nbsp; Mitten in der K\u00f6lner S\u00fcdstadt und zugleich versteckt hinter hohen B\u00e4umen \u0096 so liegt die Orangerie inmitten des Volksgartens auf einem eigenen Gel\u00e4ndebereich, der vom \u00f6ffentlichen Park durch eine Mauer abgeteilt ist. Diese besondere Lage erkl\u00e4rt sich durch die Geschichte des Gel\u00e4ndes: zun\u00e4chst wurde hier 1841 unter preu\u00dfischer Herrschaft eine Befestigungsanlage, die \u009bL\u00fcnette 3\u008b [&hellip;]\" \/>\n<meta property=\"og:url\" content=\"https:\/\/www.meinesuedstadt.de\/branchenverzeichnis\/orangerie-theater-im-volksgarten\/\" \/>\n<meta property=\"og:site_name\" content=\"Meine S\u00fcdstadt\" \/>\n<meta property=\"article:publisher\" content=\"https:\/\/www.facebook.com\/Meinesuedstadt\/\" \/>\n<meta property=\"article:published_time\" content=\"-0001-11-30T00:00:00+00:00\" \/>\n<meta name=\"author\" content=\"Mario Friese\" \/>\n<meta name=\"twitter:card\" content=\"summary_large_image\" \/>\n<meta name=\"twitter:creator\" content=\"@meinesuedstadt\" \/>\n<meta name=\"twitter:site\" content=\"@meinesuedstadt\" \/>\n<meta name=\"twitter:label1\" content=\"Verfasst von\" \/>\n\t<meta name=\"twitter:data1\" content=\"Mario Friese\" \/>\n\t<meta name=\"twitter:label2\" content=\"Gesch\u00e4tzte Lesezeit\" \/>\n\t<meta name=\"twitter:data2\" content=\"1\u00a0Minute\" \/>\n<script type=\"application\/ld+json\" class=\"yoast-schema-graph\">{\"@context\":\"https:\\\/\\\/schema.org\",\"@graph\":[{\"@type\":\"Article\",\"@id\":\"https:\\\/\\\/www.meinesuedstadt.de\\\/branchenverzeichnis\\\/orangerie-theater-im-volksgarten\\\/#article\",\"isPartOf\":{\"@id\":\"https:\\\/\\\/www.meinesuedstadt.de\\\/branchenverzeichnis\\\/orangerie-theater-im-volksgarten\\\/\"},\"author\":{\"name\":\"Mario Friese\",\"@id\":\"https:\\\/\\\/www.meinesuedstadt.de\\\/branchenverzeichnis\\\/#\\\/schema\\\/person\\\/4974ccd0047c4bef2ea2271bc1b66e8d\"},\"headline\":\"Orangerie &#8211; Theater im Volksgarten\",\"datePublished\":\"-0001-11-30T00:00:00+00:00\",\"mainEntityOfPage\":{\"@id\":\"https:\\\/\\\/www.meinesuedstadt.de\\\/branchenverzeichnis\\\/orangerie-theater-im-volksgarten\\\/\"},\"wordCount\":183,\"commentCount\":0,\"articleSection\":[\"Theater\"],\"inLanguage\":\"de\",\"potentialAction\":[{\"@type\":\"CommentAction\",\"name\":\"Comment\",\"target\":[\"https:\\\/\\\/www.meinesuedstadt.de\\\/branchenverzeichnis\\\/orangerie-theater-im-volksgarten\\\/#respond\"]}]},{\"@type\":\"WebPage\",\"@id\":\"https:\\\/\\\/www.meinesuedstadt.de\\\/branchenverzeichnis\\\/orangerie-theater-im-volksgarten\\\/\",\"url\":\"https:\\\/\\\/www.meinesuedstadt.de\\\/branchenverzeichnis\\\/orangerie-theater-im-volksgarten\\\/\",\"name\":\"Orangerie - Theater im Volksgarten - Meine S\u00fcdstadt\",\"isPartOf\":{\"@id\":\"https:\\\/\\\/www.meinesuedstadt.de\\\/branchenverzeichnis\\\/#website\"},\"datePublished\":\"-0001-11-30T00:00:00+00:00\",\"author\":{\"@id\":\"https:\\\/\\\/www.meinesuedstadt.de\\\/branchenverzeichnis\\\/#\\\/schema\\\/person\\\/4974ccd0047c4bef2ea2271bc1b66e8d\"},\"breadcrumb\":{\"@id\":\"https:\\\/\\\/www.meinesuedstadt.de\\\/branchenverzeichnis\\\/orangerie-theater-im-volksgarten\\\/#breadcrumb\"},\"inLanguage\":\"de\",\"potentialAction\":[{\"@type\":\"ReadAction\",\"target\":[\"https:\\\/\\\/www.meinesuedstadt.de\\\/branchenverzeichnis\\\/orangerie-theater-im-volksgarten\\\/\"]}]},{\"@type\":\"BreadcrumbList\",\"@id\":\"https:\\\/\\\/www.meinesuedstadt.de\\\/branchenverzeichnis\\\/orangerie-theater-im-volksgarten\\\/#breadcrumb\",\"itemListElement\":[{\"@type\":\"ListItem\",\"position\":1,\"name\":\"Startseite\",\"item\":\"https:\\\/\\\/www.meinesuedstadt.de\\\/branchenverzeichnis\\\/\"},{\"@type\":\"ListItem\",\"position\":2,\"name\":\"Orangerie &#8211; Theater im Volksgarten\"}]},{\"@type\":\"WebSite\",\"@id\":\"https:\\\/\\\/www.meinesuedstadt.de\\\/branchenverzeichnis\\\/#website\",\"url\":\"https:\\\/\\\/www.meinesuedstadt.de\\\/branchenverzeichnis\\\/\",\"name\":\"Meine S\u00fcdstadt\",\"description\":\"Branchenverzeichnis aus der S\u00fcdstadt K\u00f6lns\",\"potentialAction\":[{\"@type\":\"SearchAction\",\"target\":{\"@type\":\"EntryPoint\",\"urlTemplate\":\"https:\\\/\\\/www.meinesuedstadt.de\\\/branchenverzeichnis\\\/?s={search_term_string}\"},\"query-input\":{\"@type\":\"PropertyValueSpecification\",\"valueRequired\":true,\"valueName\":\"search_term_string\"}}],\"inLanguage\":\"de\"},{\"@type\":\"Person\",\"@id\":\"https:\\\/\\\/www.meinesuedstadt.de\\\/branchenverzeichnis\\\/#\\\/schema\\\/person\\\/4974ccd0047c4bef2ea2271bc1b66e8d\",\"name\":\"Mario Friese\",\"image\":{\"@type\":\"ImageObject\",\"inLanguage\":\"de\",\"@id\":\"https:\\\/\\\/secure.gravatar.com\\\/avatar\\\/38afb5244388eb07856f264e0b17f6d56309e4e5bba4ea1716b6dadd14a2aab0?s=96&d=mm&r=g\",\"url\":\"https:\\\/\\\/secure.gravatar.com\\\/avatar\\\/38afb5244388eb07856f264e0b17f6d56309e4e5bba4ea1716b6dadd14a2aab0?s=96&d=mm&r=g\",\"contentUrl\":\"https:\\\/\\\/secure.gravatar.com\\\/avatar\\\/38afb5244388eb07856f264e0b17f6d56309e4e5bba4ea1716b6dadd14a2aab0?s=96&d=mm&r=g\",\"caption\":\"Mario Friese\"},\"sameAs\":[\"https:\\\/\\\/fgrepublik.com\"]}]}<\/script>\n<!-- \/ Yoast SEO plugin. -->","yoast_head_json":{"title":"Orangerie - Theater im Volksgarten - Meine S\u00fcdstadt","robots":{"index":"index","follow":"follow","max-snippet":"max-snippet:-1","max-image-preview":"max-image-preview:large","max-video-preview":"max-video-preview:-1"},"canonical":"https:\/\/www.meinesuedstadt.de\/branchenverzeichnis\/orangerie-theater-im-volksgarten\/","og_locale":"de_DE","og_type":"article","og_title":"Orangerie - Theater im Volksgarten - Meine S\u00fcdstadt","og_description":"&nbsp; Mitten in der K\u00f6lner S\u00fcdstadt und zugleich versteckt hinter hohen B\u00e4umen \u0096 so liegt die Orangerie inmitten des Volksgartens auf einem eigenen Gel\u00e4ndebereich, der vom \u00f6ffentlichen Park durch eine Mauer abgeteilt ist. Diese besondere Lage erkl\u00e4rt sich durch die Geschichte des Gel\u00e4ndes: zun\u00e4chst wurde hier 1841 unter preu\u00dfischer Herrschaft eine Befestigungsanlage, die \u009bL\u00fcnette 3\u008b [&hellip;]","og_url":"https:\/\/www.meinesuedstadt.de\/branchenverzeichnis\/orangerie-theater-im-volksgarten\/","og_site_name":"Meine S\u00fcdstadt","article_publisher":"https:\/\/www.facebook.com\/Meinesuedstadt\/","article_published_time":"-0001-11-30T00:00:00+00:00","author":"Mario Friese","twitter_card":"summary_large_image","twitter_creator":"@meinesuedstadt","twitter_site":"@meinesuedstadt","twitter_misc":{"Verfasst von":"Mario Friese","Gesch\u00e4tzte Lesezeit":"1\u00a0Minute"},"schema":{"@context":"https:\/\/schema.org","@graph":[{"@type":"Article","@id":"https:\/\/www.meinesuedstadt.de\/branchenverzeichnis\/orangerie-theater-im-volksgarten\/#article","isPartOf":{"@id":"https:\/\/www.meinesuedstadt.de\/branchenverzeichnis\/orangerie-theater-im-volksgarten\/"},"author":{"name":"Mario Friese","@id":"https:\/\/www.meinesuedstadt.de\/branchenverzeichnis\/#\/schema\/person\/4974ccd0047c4bef2ea2271bc1b66e8d"},"headline":"Orangerie &#8211; Theater im Volksgarten","datePublished":"-0001-11-30T00:00:00+00:00","mainEntityOfPage":{"@id":"https:\/\/www.meinesuedstadt.de\/branchenverzeichnis\/orangerie-theater-im-volksgarten\/"},"wordCount":183,"commentCount":0,"articleSection":["Theater"],"inLanguage":"de","potentialAction":[{"@type":"CommentAction","name":"Comment","target":["https:\/\/www.meinesuedstadt.de\/branchenverzeichnis\/orangerie-theater-im-volksgarten\/#respond"]}]},{"@type":"WebPage","@id":"https:\/\/www.meinesuedstadt.de\/branchenverzeichnis\/orangerie-theater-im-volksgarten\/","url":"https:\/\/www.meinesuedstadt.de\/branchenverzeichnis\/orangerie-theater-im-volksgarten\/","name":"Orangerie - Theater im Volksgarten - Meine S\u00fcdstadt","isPartOf":{"@id":"https:\/\/www.meinesuedstadt.de\/branchenverzeichnis\/#website"},"datePublished":"-0001-11-30T00:00:00+00:00","author":{"@id":"https:\/\/www.meinesuedstadt.de\/branchenverzeichnis\/#\/schema\/person\/4974ccd0047c4bef2ea2271bc1b66e8d"},"breadcrumb":{"@id":"https:\/\/www.meinesuedstadt.de\/branchenverzeichnis\/orangerie-theater-im-volksgarten\/#breadcrumb"},"inLanguage":"de","potentialAction":[{"@type":"ReadAction","target":["https:\/\/www.meinesuedstadt.de\/branchenverzeichnis\/orangerie-theater-im-volksgarten\/"]}]},{"@type":"BreadcrumbList","@id":"https:\/\/www.meinesuedstadt.de\/branchenverzeichnis\/orangerie-theater-im-volksgarten\/#breadcrumb","itemListElement":[{"@type":"ListItem","position":1,"name":"Startseite","item":"https:\/\/www.meinesuedstadt.de\/branchenverzeichnis\/"},{"@type":"ListItem","position":2,"name":"Orangerie &#8211; Theater im Volksgarten"}]},{"@type":"WebSite","@id":"https:\/\/www.meinesuedstadt.de\/branchenverzeichnis\/#website","url":"https:\/\/www.meinesuedstadt.de\/branchenverzeichnis\/","name":"Meine S\u00fcdstadt","description":"Branchenverzeichnis aus der S\u00fcdstadt K\u00f6lns","potentialAction":[{"@type":"SearchAction","target":{"@type":"EntryPoint","urlTemplate":"https:\/\/www.meinesuedstadt.de\/branchenverzeichnis\/?s={search_term_string}"},"query-input":{"@type":"PropertyValueSpecification","valueRequired":true,"valueName":"search_term_string"}}],"inLanguage":"de"},{"@type":"Person","@id":"https:\/\/www.meinesuedstadt.de\/branchenverzeichnis\/#\/schema\/person\/4974ccd0047c4bef2ea2271bc1b66e8d","name":"Mario Friese","image":{"@type":"ImageObject","inLanguage":"de","@id":"https:\/\/secure.gravatar.com\/avatar\/38afb5244388eb07856f264e0b17f6d56309e4e5bba4ea1716b6dadd14a2aab0?s=96&d=mm&r=g","url":"https:\/\/secure.gravatar.com\/avatar\/38afb5244388eb07856f264e0b17f6d56309e4e5bba4ea1716b6dadd14a2aab0?s=96&d=mm&r=g","contentUrl":"https:\/\/secure.gravatar.com\/avatar\/38afb5244388eb07856f264e0b17f6d56309e4e5bba4ea1716b6dadd14a2aab0?s=96&d=mm&r=g","caption":"Mario Friese"},"sameAs":["https:\/\/fgrepublik.com"]}]}},"priority":0,"metaAddress":"Volksgartenstra\u00dfe 25 , 50677 K\u00f6ln","_links":{"self":[{"href":"https:\/\/www.meinesuedstadt.de\/branchenverzeichnis\/wp-json\/wp\/v2\/posts\/995","targetHints":{"allow":["GET"]}}],"collection":[{"href":"https:\/\/www.meinesuedstadt.de\/branchenverzeichnis\/wp-json\/wp\/v2\/posts"}],"about":[{"href":"https:\/\/www.meinesuedstadt.de\/branchenverzeichnis\/wp-json\/wp\/v2\/types\/post"}],"author":[{"embeddable":true,"href":"https:\/\/www.meinesuedstadt.de\/branchenverzeichnis\/wp-json\/wp\/v2\/users\/2"}],"replies":[{"embeddable":true,"href":"https:\/\/www.meinesuedstadt.de\/branchenverzeichnis\/wp-json\/wp\/v2\/comments?post=995"}],"version-history":[{"count":0,"href":"https:\/\/www.meinesuedstadt.de\/branchenverzeichnis\/wp-json\/wp\/v2\/posts\/995\/revisions"}],"wp:attachment":[{"href":"https:\/\/www.meinesuedstadt.de\/branchenverzeichnis\/wp-json\/wp\/v2\/media?parent=995"}],"wp:term":[{"taxonomy":"category","embeddable":true,"href":"https:\/\/www.meinesuedstadt.de\/branchenverzeichnis\/wp-json\/wp\/v2\/categories?post=995"},{"taxonomy":"post_tag","embeddable":true,"href":"https:\/\/www.meinesuedstadt.de\/branchenverzeichnis\/wp-json\/wp\/v2\/tags?post=995"}],"curies":[{"name":"wp","href":"https:\/\/api.w.org\/{rel}","templated":true}]}}