{"id":25059,"global_id":"www.meinesuedstadt.de\/termine?id=25059","global_id_lineage":["www.meinesuedstadt.de\/termine?id=25059"],"author":"3","status":"publish","date":"2018-01-01 22:06:44","date_utc":"2018-01-01 21:06:44","modified":"2026-02-07 11:09:18","modified_utc":"2026-02-07 10:09:18","url":"https:\/\/www.meinesuedstadt.de\/termine\/event\/singen-bewegt-mitsingkonzert-2020-05-24\/2026-02-22\/","rest_url":"https:\/\/www.meinesuedstadt.de\/termine\/wp-json\/tribe\/events\/v1\/events\/25059","title":"Singen bewegt! &#8211; Mitsingkonzert","description":"<p>Die Mitsinglieder kommen aus aller Welt, vom hebr\u00e4ischen Kanon, indischen Mantra, afrikanischen Gospel, von Romaliedern bis zu (eigenen) deutschen St\u00fccken, die bewegen, mitrei\u00dfen, entspannen und ins Herz gehen. Mit einpr\u00e4gsamen Texten und Melodien, die Kraft geben oder einfach nur Spa\u00df machen, um aus vollem Herzen mitzusingen. Alles wird mit viel Ruhe und Gelassenheit erarbeitet, es geht nicht um Perfektion, sondern um die Freude am Rhythmus, der Dynamik und dem Klang des jeweiligen Musikst\u00fccks. Vorkenntnisse braucht niemand.<br \/>\nBirgit Schlenthers Begeisterung f\u00fcr die Musik zeigt sich durch ihre gro\u00dfe Offenheit f\u00fcr verschiedene Genres und ihre vielf\u00e4ltigen Arbeitsfelder. So arbeitet sie seit vielen Jahren mit zahlreichen Musikern und Formationen von Chanson \u00fcber Pop bis Jazz und Elektronik zusammen. Als Gesangslehrerin (www.dergesangsladen.de) unterst\u00fctzt sie S\u00e4ngerinnen und S\u00e4nger in ihrer Stimmbildung, coacht dabei auch ganze Ensembles und steht als KLARA mit ihren eigenen deutschen Chansons auf der B\u00fchne.<br \/>\n<em>Bild: Birgit Schlenther <\/em><\/p>","excerpt":"","slug":"singen-bewegt-mitsingkonzert-2020-05-24","image":{"url":"https:\/\/www.meinesuedstadt.de\/termine\/wp-content\/uploads\/2018\/01\/schlenther_web.jpg","id":42345,"extension":"jpg","width":600,"height":226,"filesize":117152,"sizes":{"thumbnail":{"width":300,"height":113,"mime-type":"image\/jpeg","filesize":13176,"url":"https:\/\/www.meinesuedstadt.de\/termine\/wp-content\/uploads\/2018\/01\/schlenther_web-300x113.jpg"}}},"all_day":false,"start_date":"2026-02-22 18:00:00","start_date_details":{"year":"2026","month":"02","day":"22","hour":"18","minutes":"00","seconds":"00"},"end_date":"2026-02-22 19:30:00","end_date_details":{"year":"2026","month":"02","day":"22","hour":"19","minutes":"30","seconds":"00"},"utc_start_date":"2026-02-22 17:00:00","utc_start_date_details":{"year":"2026","month":"02","day":"22","hour":"17","minutes":"00","seconds":"00"},"utc_end_date":"2026-02-22 18:30:00","utc_end_date_details":{"year":"2026","month":"02","day":"22","hour":"18","minutes":"30","seconds":"00"},"timezone":"Europe\/Berlin","timezone_abbr":"CET","cost":"\u20ac10 \u2013 \u20ac16","cost_details":{"currency_symbol":"\u20ac","currency_code":"USD","currency_position":"prefix","values":["10","16"]},"website":"","show_map":false,"show_map_link":true,"hide_from_listings":false,"sticky":false,"featured":false,"categories":[{"name":"Konzert","slug":"konzert","term_group":0,"term_taxonomy_id":7,"taxonomy":"tribe_events_cat","description":"","parent":0,"count":315,"filter":"raw","id":7,"urls":{"self":"https:\/\/www.meinesuedstadt.de\/termine\/wp-json\/tribe\/events\/v1\/categories\/7","collection":"https:\/\/www.meinesuedstadt.de\/termine\/wp-json\/tribe\/events\/v1\/categories"}}],"tags":[{"name":"Singen","slug":"singen","term_group":0,"term_taxonomy_id":51,"taxonomy":"post_tag","description":"","parent":0,"count":4,"filter":"raw","id":51,"urls":{"self":"https:\/\/www.meinesuedstadt.de\/termine\/wp-json\/tribe\/events\/v1\/tags\/51","collection":"https:\/\/www.meinesuedstadt.de\/termine\/wp-json\/tribe\/events\/v1\/tags"}}],"venue":{"id":523,"author":"3","status":"publish","date":"2018-01-01 21:29:44","date_utc":"2018-01-01 20:29:44","modified":"2018-01-01 21:29:44","modified_utc":"2018-01-01 20:29:44","url":"https:\/\/www.meinesuedstadt.de\/termine\/veranstaltungsort\/lutherkirche\/","venue":"Lutherkirche","slug":"lutherkirche","address":"Martin-Luther-Platz 4\u2028","city":"K\u00f6ln","country":"Deutschland","zip":"50677","website":"www.lutherkirche-koeln.de","geo_lat":50.9198152,"geo_lng":6.9529678,"json_ld":{"@type":"Place","name":"Lutherkirche","description":"","url":"https:\/\/www.meinesuedstadt.de\/termine\/veranstaltungsort\/lutherkirche\/","address":{"@type":"PostalAddress","streetAddress":"Martin-Luther-Platz 4\u2028","addressLocality":"K\u00f6ln","postalCode":"50677","addressCountry":"Deutschland"},"geo":{"@type":"GeoCoordinates","latitude":50.9198152,"longitude":6.9529678},"telephone":"","sameAs":"www.lutherkirche-koeln.de"},"show_map":true,"show_map_link":true,"global_id":"www.meinesuedstadt.de\/termine?id=523","global_id_lineage":["www.meinesuedstadt.de\/termine?id=523"]},"organizer":[{"id":524,"author":"3","status":"publish","date":"2018-01-01 21:29:44","date_utc":"2018-01-01 20:29:44","modified":"2018-01-01 21:29:44","modified_utc":"2018-01-01 20:29:44","url":"https:\/\/www.meinesuedstadt.de\/termine\/veranstalter\/suedstadt-leben-e-v-%e2%80%a8kultureller-foerderverein-der-lutherkirche%e2%80%a8\/","organizer":"S\u00fcdstadt-Leben e.V.\u2028Kultureller F\u00f6rderverein der Lutherkirche\u2028","slug":"suedstadt-leben-e-v-%e2%80%a8kultureller-foerderverein-der-lutherkirche%e2%80%a8","phone":"0221 3762990","website":"www.suedstadt-leben-koeln.de","email":"suedstadt.leben@koeln.de","json_ld":{"@type":"Person","name":"S\u00fcdstadt-Leben e.V.\u2028Kultureller F\u00f6rderverein der Lutherkirche\u2028","description":"","url":"http:\/\/www.suedstadt-leben-koeln.de","telephone":"0221 3762990","email":"&#115;u&#101;&#100;&#115;t&#97;&#100;t&#46;le&#98;en&#64;koel&#110;.&#100;&#101;","sameAs":"http:\/\/www.suedstadt-leben-koeln.de"},"global_id":"www.meinesuedstadt.de\/termine?id=524","global_id_lineage":["www.meinesuedstadt.de\/termine?id=524"]}],"custom_fields":[],"json_ld":{"@context":"http:\/\/schema.org","@type":"Event","name":"Singen bewegt! &#8211; Mitsingkonzert","description":"&lt;p&gt;Die Mitsinglieder kommen aus aller Welt, vom hebr\u00e4ischen Kanon, indischen Mantra, afrikanischen Gospel, von Romaliedern bis zu (eigenen) deutschen St\u00fccken, die bewegen, mitrei\u00dfen, entspannen und ins Herz gehen. Mit einpr\u00e4gsamen [&hellip;]&lt;\/p&gt;\\n","image":"https:\/\/www.meinesuedstadt.de\/termine\/wp-content\/uploads\/2018\/01\/schlenther_web.jpg","url":"https:\/\/www.meinesuedstadt.de\/termine\/event\/singen-bewegt-mitsingkonzert-2020-05-24\/2026-02-22\/","eventAttendanceMode":"https:\/\/schema.org\/OfflineEventAttendanceMode","eventStatus":"https:\/\/schema.org\/EventScheduled","startDate":"2026-02-22T18:00:00+01:00","endDate":"2026-02-22T19:30:00+01:00","location":{"@type":"Place","name":"Lutherkirche","description":"","url":"https:\/\/www.meinesuedstadt.de\/termine\/veranstaltungsort\/lutherkirche\/","address":{"@type":"PostalAddress","streetAddress":"Martin-Luther-Platz 4\u2028","addressLocality":"K\u00f6ln","postalCode":"50677","addressCountry":"Deutschland"},"geo":{"@type":"GeoCoordinates","latitude":50.9198152,"longitude":6.9529678},"telephone":"","sameAs":"www.lutherkirche-koeln.de"},"organizer":{"@type":"Person","name":"S\u00fcdstadt-Leben e.V.\u2028Kultureller F\u00f6rderverein der Lutherkirche\u2028","description":"","url":"http:\/\/www.suedstadt-leben-koeln.de","telephone":"0221 3762990","email":"s&#117;&#101;ds&#116;a&#100;t&#46;l&#101;&#98;e&#110;&#64;k&#111;&#101;&#108;n&#46;d&#101;","sameAs":"http:\/\/www.suedstadt-leben-koeln.de"},"offers":{"@type":"Offer","price":"10 \u2013 16","priceCurrency":"USD","url":"https:\/\/www.meinesuedstadt.de\/termine\/event\/singen-bewegt-mitsingkonzert-2020-05-24\/2026-02-22\/","category":"primary","availability":"inStock","validFrom":"1970-01-01T00:00:00+00:00"},"performer":"Organization"},"is_virtual":false,"virtual_url":null,"virtual_video_source":""}