{"id":66296,"global_id":"www.meinesuedstadt.de\/termine?id=66296","global_id_lineage":["www.meinesuedstadt.de\/termine?id=66296"],"author":"3","status":"publish","date":"2025-02-13 14:09:24","date_utc":"2025-02-13 13:09:24","modified":"2025-02-13 14:09:24","modified_utc":"2025-02-13 13:09:24","url":"https:\/\/www.meinesuedstadt.de\/termine\/event\/fotoausstellung-aurora\/2025-04-06\/","rest_url":"https:\/\/www.meinesuedstadt.de\/termine\/wp-json\/tribe\/events\/v1\/events\/66296","title":"Fotoausstellung Aurora","description":"<p>In der Ellm\u00fchle in K\u00f6ln-Deutz wurde 111 Jahre lang das Aurora-Mehl gemahlen, das mit dem bekannten Slogan \u201eAurora mit dem Sonnenstern\u201c warb. 2021 wurde die M\u00fchle geschlossen, der Ort ist seitdem verwaist. Die herausragende Architektur mitten im prominenten K\u00f6lner Konversationsgebiet Deutzer Hafen ist zwar weithin sichtbar \u2013 doch nur wenige Menschen haben bisher einen Einblick in das Innere des Geb\u00e4udes und seine Vergangenheit bekommen.<br \/>\nDie 25 Arbeiten umfassende Fotoserie AURORA der K\u00f6lner K\u00fcnstlerin Anja Schlamann, die 2023 entstanden ist, zeigt Menschen an ihrem ehemaligen Arbeitsplatz in der Ellm\u00fchle. Sie dokumentiert den architektonischen Ist-Zustand. Im Hintergrund der Protagonisten ist schemenhaft eine Wolke aus geworfenem Mehl zu sehen. Es wirkt wie ein Vorhang, der die Portr\u00e4tierten freistellt und so ihrer Verortung enthebt. Das Mehl mit seiner unscharfen Pr\u00e4senz fungiert als \u00e4sthetisches Medium einer zeitlichen Ver\u00e4nderung von der historischen Produktionsst\u00e4tte hin zur Gegenwart. Dadurch wirken die Bilder wie mystische Momentaufnahmen im Zwischen-Zustand der architektonischen und auch gesellschaftlichen Transformation.<br \/>\nDie Bilderserie AURORA wird in der Ausstellung erstmals in vollem Umfang gezeigt.<br \/>\nAusstellungsdauer: 20. M\u00e4rz bis 13. April 2025<br \/>\n\u00d6ffnungszeiten: donnerstags bis sonntags 14 bis 18 Uhr<br \/>\n<em>Bild: Fotoausstellung AURORA&#8220; von Anja Schlamann; Copyright Anja Schlamann<\/em><\/p>","excerpt":"","slug":"fotoausstellung-aurora-2025-04-06","image":{"url":"https:\/\/www.meinesuedstadt.de\/termine\/wp-content\/uploads\/2025\/02\/Fotoausstellung-AURORA-von-Anja-Schlamann-c-Anja-Schlamann.jpg","id":66284,"extension":"jpg","width":600,"height":480,"filesize":104625,"sizes":{"thumbnail":{"width":300,"height":240,"mime-type":"image\/jpeg","filesize":18522,"url":"https:\/\/www.meinesuedstadt.de\/termine\/wp-content\/uploads\/2025\/02\/Fotoausstellung-AURORA-von-Anja-Schlamann-c-Anja-Schlamann-300x240.jpg"}}},"all_day":false,"start_date":"2025-04-06 14:00:00","start_date_details":{"year":"2025","month":"04","day":"06","hour":"14","minutes":"00","seconds":"00"},"end_date":"2025-04-06 18:00:00","end_date_details":{"year":"2025","month":"04","day":"06","hour":"18","minutes":"00","seconds":"00"},"utc_start_date":"2025-04-06 12:00:00","utc_start_date_details":{"year":"2025","month":"04","day":"06","hour":"12","minutes":"00","seconds":"00"},"utc_end_date":"2025-04-06 16:00:00","utc_end_date_details":{"year":"2025","month":"04","day":"06","hour":"16","minutes":"00","seconds":"00"},"timezone":"Europe\/Berlin","timezone_abbr":"","cost":"Kostenlos","cost_details":{"currency_symbol":"\u20ac","currency_code":"USD","currency_position":"suffix","values":["0"]},"website":"","show_map":true,"show_map_link":true,"hide_from_listings":false,"sticky":false,"featured":false,"categories":[{"name":"Ausstellung","slug":"ausstellung","term_group":0,"term_taxonomy_id":43,"taxonomy":"tribe_events_cat","description":"","parent":0,"count":1691,"filter":"raw","id":43,"urls":{"self":"https:\/\/www.meinesuedstadt.de\/termine\/wp-json\/tribe\/events\/v1\/categories\/43","collection":"https:\/\/www.meinesuedstadt.de\/termine\/wp-json\/tribe\/events\/v1\/categories"}}],"tags":[],"venue":{"id":19121,"author":"3","status":"publish","date":"2019-08-15 23:15:05","date_utc":"2019-08-15 21:15:05","modified":"2020-10-22 08:24:43","modified_utc":"2020-10-22 06:24:43","url":"https:\/\/www.meinesuedstadt.de\/termine\/veranstaltungsort\/kunsthaus-rhenania-halle\/","venue":"Kunsthafen","slug":"kunsthaus-rhenania-halle","address":"Bayenstra\u00dfe 28","city":"K\u00f6ln","country":"Deutschland","zip":"50678","geo_lat":50.9281824,"geo_lng":6.9634648,"json_ld":{"@type":"Place","name":"Kunsthafen","description":"","url":"https:\/\/www.meinesuedstadt.de\/termine\/veranstaltungsort\/kunsthaus-rhenania-halle\/","address":{"@type":"PostalAddress","streetAddress":"Bayenstra\u00dfe 28","addressLocality":"K\u00f6ln","postalCode":"50678","addressCountry":"Deutschland"},"geo":{"@type":"GeoCoordinates","latitude":50.9281824,"longitude":6.9634648},"telephone":"","sameAs":""},"show_map":true,"show_map_link":true,"global_id":"www.meinesuedstadt.de\/termine?id=19121","global_id_lineage":["www.meinesuedstadt.de\/termine?id=19121"]},"organizer":[],"custom_fields":[],"json_ld":{"@context":"http:\/\/schema.org","@type":"Event","name":"Fotoausstellung Aurora","description":"&lt;p&gt;In der Ellm\u00fchle in K\u00f6ln-Deutz wurde 111 Jahre lang das Aurora-Mehl gemahlen, das mit dem bekannten Slogan \u201eAurora mit dem Sonnenstern\u201c warb. 2021 wurde die M\u00fchle geschlossen, der Ort ist [&hellip;]&lt;\/p&gt;\\n","image":"https:\/\/www.meinesuedstadt.de\/termine\/wp-content\/uploads\/2025\/02\/Fotoausstellung-AURORA-von-Anja-Schlamann-c-Anja-Schlamann.jpg","url":"https:\/\/www.meinesuedstadt.de\/termine\/event\/fotoausstellung-aurora\/2025-04-06\/","eventAttendanceMode":"https:\/\/schema.org\/OfflineEventAttendanceMode","eventStatus":"https:\/\/schema.org\/EventScheduled","startDate":"2025-04-06T14:00:00+02:00","endDate":"2025-04-06T18:00:00+02:00","location":{"@type":"Place","name":"Kunsthafen","description":"","url":"https:\/\/www.meinesuedstadt.de\/termine\/veranstaltungsort\/kunsthaus-rhenania-halle\/","address":{"@type":"PostalAddress","streetAddress":"Bayenstra\u00dfe 28","addressLocality":"K\u00f6ln","postalCode":"50678","addressCountry":"Deutschland"},"geo":{"@type":"GeoCoordinates","latitude":50.9281824,"longitude":6.9634648},"telephone":"","sameAs":""},"offers":{"@type":"Offer","price":"0","priceCurrency":"USD","url":"https:\/\/www.meinesuedstadt.de\/termine\/event\/fotoausstellung-aurora\/2025-04-06\/","category":"primary","availability":"inStock","validFrom":"1970-01-01T00:00:00+00:00"},"performer":"Organization"},"is_virtual":false,"virtual_url":null,"virtual_video_source":""}