{"id":67034,"global_id":"www.meinesuedstadt.de\/termine?id=67034","global_id_lineage":["www.meinesuedstadt.de\/termine?id=67034"],"author":"3","status":"publish","date":"2025-02-27 09:44:46","date_utc":"2025-02-27 08:44:46","modified":"2025-02-27 09:44:46","modified_utc":"2025-02-27 08:44:46","url":"https:\/\/www.meinesuedstadt.de\/termine\/event\/oliver-thie-verzeichnungen-papierarbeiten\/2025-04-09\/","rest_url":"https:\/\/www.meinesuedstadt.de\/termine\/wp-json\/tribe\/events\/v1\/events\/67034","title":"Oliver Thie: Verzeichnungen &#038; Papierarbeiten","description":"<p>Oliver Thie (geboren 1983 in Berlin) ist ein Grenzg\u00e4nger zwischen Kunst und Forschung. Sein Kunststudium an der Kunsthochschule Weissensee in Berlin hat er 2015 als Meistersch\u00fcler bei Nanne Meyer abgeschlossen. Seit 2014 ist er Gastforscher am Museum f\u00fcr Naturkunde in Berlin.<br \/>\n\u201cZeichnerische Forschung\u201c nennt Thie seine Arbeit. Ihn interessieren naturwissenschaftliche Themen und Methoden. Ausgangspunkt f\u00fcr seine Herangehensweise bildete seine T\u00e4tigkeit als wissenschaftlicher Zeichner neu entdeckter Insekten zur Publikation in Fachmagazinen. Das erste dar\u00fcberhinausgehende zweij\u00e4hrige Projekt im und in Zusammenarbeit mit dem Museum f\u00fcr Naturkunde in Berlin war die zeichnerische Erforschung einer 3 mm gro\u00dfen Hawaiianischen H\u00f6hlenzikade in 1000-facher Vergr\u00f6\u00dferung. Es folgten viele weitere Kooperationen mit Forschenden. Thie arbeitet in Serien, immer auf der Suche nach neuen Materialien und Arbeitsweisen.<br \/>\nIn der Ausstellung k\u00f6nnt Ihr Werke der vergangenen Jahre sehen: Portraits von Haferflocken oder Gallen, Klopfproben mit Graphitstein und Umrindungen. Thie fasst sie f\u00fcr die Ausstellung mit der Bezeichnung Verzeichnungen zusammen. Au\u00dferdem geben wir zum ersten Mal der \u00d6ffentlichkeit einen Einblick in die zeichnerischen Ergebnisse von Thies Aufenthalt 2024 in Indonesien. SMOP \u2013 Snail Movement Observation Program \u2013 ist ein Projekt in Kooperation mit dem Museum f\u00fcr Naturkunde Berlin. Ein Tauchkurs und die Erprobung unterwassertauglichen Zeichenmaterials waren die Voraussetzung f\u00fcr seine mehrw\u00f6chige k\u00fcnstlerische Beobachtung von Wasserschnecken am Grund des Poso Sees auf Sulawesi.<br \/>\nAusstellungsdauer: 15.3.-12.4.2025<\/p>","excerpt":"","slug":"oliver-thie-verzeichnungen-papierarbeiten-2025-04-09","image":{"url":"https:\/\/www.meinesuedstadt.de\/termine\/wp-content\/uploads\/2025\/02\/Thie_Oliver_SMOP_2024_GalerieWernerKlein-2.jpg","id":67019,"extension":"jpg","width":600,"height":366,"filesize":44151,"sizes":{"thumbnail":{"width":300,"height":183,"mime-type":"image\/jpeg","filesize":6213,"url":"https:\/\/www.meinesuedstadt.de\/termine\/wp-content\/uploads\/2025\/02\/Thie_Oliver_SMOP_2024_GalerieWernerKlein-2-300x183.jpg"}}},"all_day":false,"start_date":"2025-04-09 14:00:00","start_date_details":{"year":"2025","month":"04","day":"09","hour":"14","minutes":"00","seconds":"00"},"end_date":"2025-04-09 18:00:00","end_date_details":{"year":"2025","month":"04","day":"09","hour":"18","minutes":"00","seconds":"00"},"utc_start_date":"2025-04-09 12:00:00","utc_start_date_details":{"year":"2025","month":"04","day":"09","hour":"12","minutes":"00","seconds":"00"},"utc_end_date":"2025-04-09 16:00:00","utc_end_date_details":{"year":"2025","month":"04","day":"09","hour":"16","minutes":"00","seconds":"00"},"timezone":"Europe\/Berlin","timezone_abbr":"","cost":"Kostenlos","cost_details":{"currency_symbol":"\u20ac","currency_code":"USD","currency_position":"suffix","values":["0"]},"website":"","show_map":true,"show_map_link":true,"hide_from_listings":false,"sticky":false,"featured":false,"categories":[{"name":"Ausstellung","slug":"ausstellung","term_group":0,"term_taxonomy_id":43,"taxonomy":"tribe_events_cat","description":"","parent":0,"count":1691,"filter":"raw","id":43,"urls":{"self":"https:\/\/www.meinesuedstadt.de\/termine\/wp-json\/tribe\/events\/v1\/categories\/43","collection":"https:\/\/www.meinesuedstadt.de\/termine\/wp-json\/tribe\/events\/v1\/categories"}}],"tags":[],"venue":{"id":2517,"author":"3","status":"publish","date":"2018-01-17 23:06:38","date_utc":"2018-01-17 22:06:38","modified":"2018-01-17 23:06:38","modified_utc":"2018-01-17 22:06:38","url":"https:\/\/www.meinesuedstadt.de\/termine\/veranstaltungsort\/galerie-werner-klein\/","venue":"Galerie Werner Klein","slug":"galerie-werner-klein","address":"Volksgartenstra\u00dfe 10","city":"K\u00f6ln","country":"Deutschland","zip":"50677","phone":"0221 2585112","website":"www.galeriewernerklein.de","geo_lat":50.9204787,"geo_lng":6.9531472,"json_ld":{"@type":"Place","name":"Galerie Werner Klein","description":"","url":"https:\/\/www.meinesuedstadt.de\/termine\/veranstaltungsort\/galerie-werner-klein\/","address":{"@type":"PostalAddress","streetAddress":"Volksgartenstra\u00dfe 10","addressLocality":"K\u00f6ln","postalCode":"50677","addressCountry":"Deutschland"},"geo":{"@type":"GeoCoordinates","latitude":50.9204787,"longitude":6.9531472},"telephone":"0221 2585112","sameAs":"www.galeriewernerklein.de"},"show_map":true,"show_map_link":true,"global_id":"www.meinesuedstadt.de\/termine?id=2517","global_id_lineage":["www.meinesuedstadt.de\/termine?id=2517"]},"organizer":[{"id":2518,"author":"3","status":"publish","date":"2018-01-17 23:06:38","date_utc":"2018-01-17 22:06:38","modified":"2018-01-17 23:06:38","modified_utc":"2018-01-17 22:06:38","url":"https:\/\/www.meinesuedstadt.de\/termine\/veranstalter\/galerie-werner-klein\/","organizer":"Galerie Werner Klein","slug":"galerie-werner-klein","phone":"0221 2585112","website":"www.galeriewernerklein.de","email":"info@galeriewernerklein.de","json_ld":{"@type":"Person","name":"Galerie Werner Klein","description":"","url":"http:\/\/www.galeriewernerklein.de","telephone":"0221 2585112","email":"i&#110;&#102;&#111;&#64;&#103;&#97;l&#101;&#114;i&#101;&#119;ern&#101;rklei&#110;&#46;&#100;&#101;","sameAs":"http:\/\/www.galeriewernerklein.de"},"global_id":"www.meinesuedstadt.de\/termine?id=2518","global_id_lineage":["www.meinesuedstadt.de\/termine?id=2518"]}],"custom_fields":[],"json_ld":{"@context":"http:\/\/schema.org","@type":"Event","name":"Oliver Thie: Verzeichnungen &#038; Papierarbeiten","description":"&lt;p&gt;Oliver Thie (geboren 1983 in Berlin) ist ein Grenzg\u00e4nger zwischen Kunst und Forschung. Sein Kunststudium an der Kunsthochschule Weissensee in Berlin hat er 2015 als Meistersch\u00fcler bei Nanne Meyer abgeschlossen. [&hellip;]&lt;\/p&gt;\\n","image":"https:\/\/www.meinesuedstadt.de\/termine\/wp-content\/uploads\/2025\/02\/Thie_Oliver_SMOP_2024_GalerieWernerKlein-2.jpg","url":"https:\/\/www.meinesuedstadt.de\/termine\/event\/oliver-thie-verzeichnungen-papierarbeiten\/2025-04-09\/","eventAttendanceMode":"https:\/\/schema.org\/OfflineEventAttendanceMode","eventStatus":"https:\/\/schema.org\/EventScheduled","startDate":"2025-04-09T14:00:00+02:00","endDate":"2025-04-09T18:00:00+02:00","location":{"@type":"Place","name":"Galerie Werner Klein","description":"","url":"https:\/\/www.meinesuedstadt.de\/termine\/veranstaltungsort\/galerie-werner-klein\/","address":{"@type":"PostalAddress","streetAddress":"Volksgartenstra\u00dfe 10","addressLocality":"K\u00f6ln","postalCode":"50677","addressCountry":"Deutschland"},"geo":{"@type":"GeoCoordinates","latitude":50.9204787,"longitude":6.9531472},"telephone":"0221 2585112","sameAs":"www.galeriewernerklein.de"},"organizer":{"@type":"Person","name":"Galerie Werner Klein","description":"","url":"http:\/\/www.galeriewernerklein.de","telephone":"0221 2585112","email":"i&#110;&#102;&#111;&#64;gale&#114;&#105;&#101;&#119;e&#114;&#110;erkl&#101;in&#46;&#100;&#101;","sameAs":"http:\/\/www.galeriewernerklein.de"},"offers":{"@type":"Offer","price":"0","priceCurrency":"USD","url":"https:\/\/www.meinesuedstadt.de\/termine\/event\/oliver-thie-verzeichnungen-papierarbeiten\/2025-04-09\/","category":"primary","availability":"inStock","validFrom":"1970-01-01T00:00:00+00:00"},"performer":"Organization"},"is_virtual":false,"virtual_url":null,"virtual_video_source":""}