{"id":67085,"global_id":"www.meinesuedstadt.de\/termine?id=67085","global_id_lineage":["www.meinesuedstadt.de\/termine?id=67085"],"author":"3","status":"publish","date":"2025-03-04 14:32:45","date_utc":"2025-03-04 13:32:45","modified":"2025-03-04 14:43:49","modified_utc":"2025-03-04 13:43:49","url":"https:\/\/www.meinesuedstadt.de\/termine\/event\/die-fotografin-annette-wolff\/2025-03-29\/","rest_url":"https:\/\/www.meinesuedstadt.de\/termine\/wp-json\/tribe\/events\/v1\/events\/67085","title":"Die Fotografin Annette Wolff","description":"<p>Dr. Paul Wolff &#038; Tritschler waren Pioniere im Gebrauch der Leica. Mit der handlichen Kamera und dem Negativformat 24 mal 36 mm haben sie das Sehen dynamisiert und nachhaltig unseren Blick auf die deutsche Geschichte der Zeit um 1930 von den sog. Goldenen Zwanziger, der gescheiterten Weimarer Republik, den Nationalsozialmus,  die Zerst\u00f6rung deutscher St\u00e4dte im 2. Weltkrieg bis hin zum Wiederaufbau in der Nachkriegsepoche gepr\u00e4gt. Mit ihrer gemeinsamen Bildagentur betraten sie sehr erfolgreich Neuland in der Vermarktung fotografischer und filmischer Produkte.<br \/>\nZwischen den beiden Weltkriegen war Paul Wolff der meist publizierte deutsche Fotograf. Seine Fotob\u00fccher waren zu ihrer Zeit nationale und insbesondere auch in Japan gefeierte Bestseller.<br \/>\nV\u00f6llig unbekannt geblieben hingegen ist das fotografische Werk von Annette Wolff, die von 1939 bis 1951 mit Dr. Paul Wolff verheiratet und seit 1926 Mitarbeiterin der Agentur Wolff &#038; Tritschler in Frankfurt am Main war.<br \/>\nW\u00e4hrend ihrer gemeinsamen Beziehung war ihr in der Au\u00dfenwirkung lediglich die Rolle einer Assistentin und eines h\u00e4ufig von Paul Wolff fotografierten Modells zugewiesen.<br \/>\nUnsere  Ausstellung, die erstmals eine Gesamtschau des noch erhaltenen Werks von Annette Wolff zeigt, dass die Fotografin ein weiteres Beispiel f\u00fcr die l\u00fcckenhafte historische Aufarbeitung der Bedeutung von Fotografinnen f\u00fcr die Entwicklung der Fotografie ist.<br \/>\nDie Ausstellung, die nicht ganz zuf\u00e4llig am Internationalen Frauentag er\u00f6ffnet wird, stellt die wohl einzig erhalten gebliebenen Fotografien von Annette Wolff einigen ausgew\u00e4hlten Arbeiten von Paul Wolff gegen\u00fcber.<br \/>\nAusstellungsdauer: 8.-29.3.2025<br \/>\n\u00d6ffnungszeiten: Do+Fr 14-18 Uhr, Sa 12-17 Uhr<\/p>","excerpt":"","slug":"die-fotografin-annette-wolff-2025-03-29","image":{"url":"https:\/\/www.meinesuedstadt.de\/termine\/wp-content\/uploads\/2025\/03\/Orange-Einfach-Zitat-Katzen-Facebook-Post1-2.jpg","id":67087,"extension":"jpg","width":600,"height":397,"filesize":74290,"sizes":{"thumbnail":{"width":300,"height":199,"mime-type":"image\/jpeg","filesize":14833,"url":"https:\/\/www.meinesuedstadt.de\/termine\/wp-content\/uploads\/2025\/03\/Orange-Einfach-Zitat-Katzen-Facebook-Post1-2-300x199.jpg"}}},"all_day":false,"start_date":"2025-03-29 12:00:00","start_date_details":{"year":"2025","month":"03","day":"29","hour":"12","minutes":"00","seconds":"00"},"end_date":"2025-03-29 17:00:00","end_date_details":{"year":"2025","month":"03","day":"29","hour":"17","minutes":"00","seconds":"00"},"utc_start_date":"2025-03-29 11:00:00","utc_start_date_details":{"year":"2025","month":"03","day":"29","hour":"11","minutes":"00","seconds":"00"},"utc_end_date":"2025-03-29 16:00:00","utc_end_date_details":{"year":"2025","month":"03","day":"29","hour":"16","minutes":"00","seconds":"00"},"timezone":"Europe\/Berlin","timezone_abbr":"","cost":"Kostenlos","cost_details":{"currency_symbol":"\u20ac","currency_code":"USD","currency_position":"suffix","values":["0"]},"website":"","show_map":true,"show_map_link":true,"hide_from_listings":false,"sticky":false,"featured":false,"categories":[{"name":"Ausstellung","slug":"ausstellung","term_group":0,"term_taxonomy_id":43,"taxonomy":"tribe_events_cat","description":"","parent":0,"count":1691,"filter":"raw","id":43,"urls":{"self":"https:\/\/www.meinesuedstadt.de\/termine\/wp-json\/tribe\/events\/v1\/categories\/43","collection":"https:\/\/www.meinesuedstadt.de\/termine\/wp-json\/tribe\/events\/v1\/categories"}}],"tags":[],"venue":{"id":3658,"author":"3","status":"publish","date":"2018-03-12 11:22:08","date_utc":"2018-03-12 10:22:08","modified":"2018-03-12 11:22:08","modified_utc":"2018-03-12 10:22:08","url":"https:\/\/www.meinesuedstadt.de\/termine\/veranstaltungsort\/forum-fuer-fotografie\/","venue":"Forum f\u00fcr Fotografie","slug":"forum-fuer-fotografie","address":"Sch\u00f6nhauser Stra\u00dfe 8","city":"K\u00f6ln","country":"Deutschland","zip":"50968","phone":"0221 3401830","website":"http:\/\/www.forum-fotografie.info","geo_lat":50.91355,"geo_lng":6.96972,"json_ld":{"@type":"Place","name":"Forum f\u00fcr Fotografie","description":"","url":"https:\/\/www.meinesuedstadt.de\/termine\/veranstaltungsort\/forum-fuer-fotografie\/","address":{"@type":"PostalAddress","streetAddress":"Sch\u00f6nhauser Stra\u00dfe 8","addressLocality":"K\u00f6ln","postalCode":"50968","addressCountry":"Deutschland"},"geo":{"@type":"GeoCoordinates","latitude":50.91355,"longitude":6.96972},"telephone":"0221 3401830","sameAs":"http:\/\/www.forum-fotografie.info"},"show_map":true,"show_map_link":true,"global_id":"www.meinesuedstadt.de\/termine?id=3658","global_id_lineage":["www.meinesuedstadt.de\/termine?id=3658"]},"organizer":[],"custom_fields":[],"json_ld":{"@context":"http:\/\/schema.org","@type":"Event","name":"Die Fotografin Annette Wolff","description":"&lt;p&gt;Dr. Paul Wolff &amp; Tritschler waren Pioniere im Gebrauch der Leica. Mit der handlichen Kamera und dem Negativformat 24 mal 36 mm haben sie das Sehen dynamisiert und nachhaltig unseren [&hellip;]&lt;\/p&gt;\\n","image":"https:\/\/www.meinesuedstadt.de\/termine\/wp-content\/uploads\/2025\/03\/Orange-Einfach-Zitat-Katzen-Facebook-Post1-2.jpg","url":"https:\/\/www.meinesuedstadt.de\/termine\/event\/die-fotografin-annette-wolff\/2025-03-29\/","eventAttendanceMode":"https:\/\/schema.org\/OfflineEventAttendanceMode","eventStatus":"https:\/\/schema.org\/EventScheduled","startDate":"2025-03-29T12:00:00+01:00","endDate":"2025-03-29T17:00:00+01:00","location":{"@type":"Place","name":"Forum f\u00fcr Fotografie","description":"","url":"https:\/\/www.meinesuedstadt.de\/termine\/veranstaltungsort\/forum-fuer-fotografie\/","address":{"@type":"PostalAddress","streetAddress":"Sch\u00f6nhauser Stra\u00dfe 8","addressLocality":"K\u00f6ln","postalCode":"50968","addressCountry":"Deutschland"},"geo":{"@type":"GeoCoordinates","latitude":50.91355,"longitude":6.96972},"telephone":"0221 3401830","sameAs":"http:\/\/www.forum-fotografie.info"},"offers":{"@type":"Offer","price":"0","priceCurrency":"USD","url":"https:\/\/www.meinesuedstadt.de\/termine\/event\/die-fotografin-annette-wolff\/2025-03-29\/","category":"primary","availability":"inStock","validFrom":"1970-01-01T00:00:00+00:00"},"performer":"Organization"},"is_virtual":false,"virtual_url":null,"virtual_video_source":""}