{"id":67413,"global_id":"www.meinesuedstadt.de\/termine?id=67413","global_id_lineage":["www.meinesuedstadt.de\/termine?id=67413"],"author":"3","status":"publish","date":"2024-05-10 17:28:46","date_utc":"2024-05-10 15:28:46","modified":"2025-04-15 09:20:06","modified_utc":"2025-04-15 07:20:06","url":"https:\/\/www.meinesuedstadt.de\/termine\/event\/vringsveedel-an-enem-desch-2025-05-21\/2025-06-18\/","rest_url":"https:\/\/www.meinesuedstadt.de\/termine\/wp-json\/tribe\/events\/v1\/events\/67413","title":"Vringsveedel an enem Desch","description":"<p>Gemeinsam essen, trinken, kl\u00f6nen und Spa\u00df haben an St. Severin!<br \/>\nAm heutigen Mittwoch startet die Interessengemeinschaft Severinsviertel e.V. \u201eEm Vringsveedel an enem Desch\u201c auf dem sch\u00f6nen Severinskirchplatz im Severinsviertel. Gemeinsam essen, trinken, kl\u00f6nen und Spa\u00df haben an St. Severin und an einem gro\u00dfen Tisch und das f\u00fcr alle Generationen hei\u00dft es ab 15. Mai jeden dritten Mittwoch im Monat. Ein gro\u00dfes \u201eEat und meet\u201c f\u00fcr alle Freundinnen und Freunde des Severinsviertels.<br \/>\nWas die G\u00e4ste beim  &#8222;Vringsveedel Desch&#8220; erwartet: Wein von der Ahr &#038; aus Rheinhessen, Reissdorf K\u00f6lsch &#038; Softdrinks, Flammkuchen, S\u00fc\u00dfwaren, Kaffee, Crep\u00e9s, Leckeres vom Grill, Reibekuchen, Backfisch und vieles mehr.<br \/>\nDazu gibt es ein Kinderkarussell, Klaviermusik von Stephan Schleiner &#038; Peter M\u00fcck mit seinem &#8222;Artbike&#8220;.<\/p>","excerpt":"","slug":"vringsveedel-an-enem-desch-2025-06-18","image":{"url":"https:\/\/www.meinesuedstadt.de\/termine\/wp-content\/uploads\/2024\/05\/491169656_1244733390705119_8903053056930621910_n.jpg","id":68443,"extension":"jpg","width":354,"height":500,"filesize":111393,"sizes":{"thumbnail":{"width":300,"height":424,"mime-type":"image\/jpeg","filesize":50408,"url":"https:\/\/www.meinesuedstadt.de\/termine\/wp-content\/uploads\/2024\/05\/491169656_1244733390705119_8903053056930621910_n-300x424.jpg"}}},"all_day":false,"start_date":"2025-06-18 15:00:00","start_date_details":{"year":"2025","month":"06","day":"18","hour":"15","minutes":"00","seconds":"00"},"end_date":"2025-06-18 22:00:00","end_date_details":{"year":"2025","month":"06","day":"18","hour":"22","minutes":"00","seconds":"00"},"utc_start_date":"2025-06-18 13:00:00","utc_start_date_details":{"year":"2025","month":"06","day":"18","hour":"13","minutes":"00","seconds":"00"},"utc_end_date":"2025-06-18 20:00:00","utc_end_date_details":{"year":"2025","month":"06","day":"18","hour":"20","minutes":"00","seconds":"00"},"timezone":"Europe\/Berlin","timezone_abbr":"","cost":"Kostenlos","cost_details":{"currency_symbol":"\u20ac","currency_code":"USD","currency_position":"suffix","values":["0"]},"website":"","show_map":false,"show_map_link":true,"hide_from_listings":false,"sticky":false,"featured":false,"categories":[{"name":"Familie","slug":"familie","term_group":0,"term_taxonomy_id":214,"taxonomy":"tribe_events_cat","description":"","parent":0,"count":122,"filter":"raw","id":214,"urls":{"self":"https:\/\/www.meinesuedstadt.de\/termine\/wp-json\/tribe\/events\/v1\/categories\/214","collection":"https:\/\/www.meinesuedstadt.de\/termine\/wp-json\/tribe\/events\/v1\/categories"}},{"name":"Fest","slug":"fest","term_group":0,"term_taxonomy_id":230,"taxonomy":"tribe_events_cat","description":"","parent":0,"count":90,"filter":"raw","id":230,"urls":{"self":"https:\/\/www.meinesuedstadt.de\/termine\/wp-json\/tribe\/events\/v1\/categories\/230","collection":"https:\/\/www.meinesuedstadt.de\/termine\/wp-json\/tribe\/events\/v1\/categories"}},{"name":"Genuss","slug":"genuss","term_group":0,"term_taxonomy_id":90,"taxonomy":"tribe_events_cat","description":"","parent":0,"count":260,"filter":"raw","id":90,"urls":{"self":"https:\/\/www.meinesuedstadt.de\/termine\/wp-json\/tribe\/events\/v1\/categories\/90","collection":"https:\/\/www.meinesuedstadt.de\/termine\/wp-json\/tribe\/events\/v1\/categories"}}],"tags":[],"venue":{"id":56527,"author":"3","status":"publish","date":"2024-05-10 17:28:46","date_utc":"2024-05-10 15:28:46","modified":"2024-05-10 17:28:46","modified_utc":"2024-05-10 15:28:46","url":"https:\/\/www.meinesuedstadt.de\/termine\/veranstaltungsort\/auf-dem-severinskirchplatz\/","venue":"Auf dem Severinskirchplatz","slug":"auf-dem-severinskirchplatz","city":"K\u00f6ln","zip":"50678","geo_lat":50.9235887,"geo_lng":6.9649457,"json_ld":{"@type":"Place","name":"Auf dem Severinskirchplatz","description":"","url":"https:\/\/www.meinesuedstadt.de\/termine\/veranstaltungsort\/auf-dem-severinskirchplatz\/","address":{"@type":"PostalAddress","addressLocality":"K\u00f6ln","postalCode":"50678"},"geo":{"@type":"GeoCoordinates","latitude":50.9235887,"longitude":6.9649457},"telephone":"","sameAs":""},"show_map":true,"show_map_link":true,"global_id":"www.meinesuedstadt.de\/termine?id=56527","global_id_lineage":["www.meinesuedstadt.de\/termine?id=56527"]},"organizer":[],"custom_fields":[],"json_ld":{"@context":"http:\/\/schema.org","@type":"Event","name":"Vringsveedel an enem Desch","description":"&lt;p&gt;Gemeinsam essen, trinken, kl\u00f6nen und Spa\u00df haben an St. Severin! Am heutigen Mittwoch startet die Interessengemeinschaft Severinsviertel e.V. \u201eEm Vringsveedel an enem Desch\u201c auf dem sch\u00f6nen Severinskirchplatz im Severinsviertel. Gemeinsam [&hellip;]&lt;\/p&gt;\\n","image":"https:\/\/www.meinesuedstadt.de\/termine\/wp-content\/uploads\/2024\/05\/491169656_1244733390705119_8903053056930621910_n.jpg","url":"https:\/\/www.meinesuedstadt.de\/termine\/event\/vringsveedel-an-enem-desch-2025-05-21\/2025-06-18\/","eventAttendanceMode":"https:\/\/schema.org\/OfflineEventAttendanceMode","eventStatus":"https:\/\/schema.org\/EventScheduled","startDate":"2025-06-18T15:00:00+02:00","endDate":"2025-06-18T22:00:00+02:00","location":{"@type":"Place","name":"Auf dem Severinskirchplatz","description":"","url":"https:\/\/www.meinesuedstadt.de\/termine\/veranstaltungsort\/auf-dem-severinskirchplatz\/","address":{"@type":"PostalAddress","addressLocality":"K\u00f6ln","postalCode":"50678"},"geo":{"@type":"GeoCoordinates","latitude":50.9235887,"longitude":6.9649457},"telephone":"","sameAs":""},"offers":{"@type":"Offer","price":"0","priceCurrency":"USD","url":"https:\/\/www.meinesuedstadt.de\/termine\/event\/vringsveedel-an-enem-desch-2025-05-21\/2025-06-18\/","category":"primary","availability":"inStock","validFrom":"1970-01-01T00:00:00+00:00"},"performer":"Organization"},"is_virtual":false,"virtual_url":null,"virtual_video_source":""}