{"id":68129,"global_id":"www.meinesuedstadt.de\/termine?id=68129","global_id_lineage":["www.meinesuedstadt.de\/termine?id=68129"],"author":"3","status":"publish","date":"2025-03-30 12:59:18","date_utc":"2025-03-30 10:59:18","modified":"2025-03-30 12:59:18","modified_utc":"2025-03-30 10:59:18","url":"https:\/\/www.meinesuedstadt.de\/termine\/event\/chargesheimer-eusebius-wirdeier-koelner-suedstadt\/2025-06-27\/","rest_url":"https:\/\/www.meinesuedstadt.de\/termine\/wp-json\/tribe\/events\/v1\/events\/68129","title":"Chargesheimer &#038; Eusebius Wirdeier &#8211; K\u00f6lner S\u00fcdstadt","description":"<p>Das Forum f\u00fcr Fotografie K\u00f6ln zeigt zwei Bildstrecken von Chargesheimer und Eusebius Wirdeier. Die Fotografien aus der K\u00f6lner S\u00fcdstadt, aufgenommen 1955\/56 und 2020\/24, zeigen, dass die Sprache der Fotografie an die jeweilige Zeit gekoppelt ist. Dies ist nicht nur eine Frage der Aufnahmetechnik, sondern auch der \u00e4sthetischen Wahrnehmung und Umsetzung. Die Bilder sprechen von den Gef\u00fchlen der Aufnehmenden und Aufgenommenen in einem traditionellen K\u00f6lner Stadtviertel im Wandel der Jahrzehnte. Die Ausstellung ist Teil des Photoszene Festivals 2025 und findet mit Unterst\u00fctzung des Historischen Archivs mit Rheinischem Bildarchiv statt.<br \/>\nAusstellungsdauer: 4.4.\u201312.7.2025<br \/>\n\u00d6ffnungszeiten: DO &#038; FR 14-18 Uhr, SA 12-17 Uhr<\/p>","excerpt":"","slug":"chargesheimer-eusebius-wirdeier-koelner-suedstadt-2025-06-27","image":{"url":"https:\/\/www.meinesuedstadt.de\/termine\/wp-content\/uploads\/2025\/03\/Einladung-Chargesheimer-Wirdeier-2.jpg","id":68092,"extension":"jpg","width":595,"height":413,"filesize":83861,"sizes":{"thumbnail":{"width":300,"height":208,"mime-type":"image\/jpeg","filesize":15316,"url":"https:\/\/www.meinesuedstadt.de\/termine\/wp-content\/uploads\/2025\/03\/Einladung-Chargesheimer-Wirdeier-2-300x208.jpg"}}},"all_day":false,"start_date":"2025-06-27 14:00:00","start_date_details":{"year":"2025","month":"06","day":"27","hour":"14","minutes":"00","seconds":"00"},"end_date":"2025-06-27 18:00:00","end_date_details":{"year":"2025","month":"06","day":"27","hour":"18","minutes":"00","seconds":"00"},"utc_start_date":"2025-06-27 12:00:00","utc_start_date_details":{"year":"2025","month":"06","day":"27","hour":"12","minutes":"00","seconds":"00"},"utc_end_date":"2025-06-27 16:00:00","utc_end_date_details":{"year":"2025","month":"06","day":"27","hour":"16","minutes":"00","seconds":"00"},"timezone":"Europe\/Berlin","timezone_abbr":"","cost":"Kostenlos","cost_details":{"currency_symbol":"\u20ac","currency_code":"USD","currency_position":"suffix","values":["0"]},"website":"","show_map":false,"show_map_link":true,"hide_from_listings":false,"sticky":false,"featured":false,"categories":[{"name":"Ausstellung","slug":"ausstellung","term_group":0,"term_taxonomy_id":43,"taxonomy":"tribe_events_cat","description":"","parent":0,"count":1691,"filter":"raw","id":43,"urls":{"self":"https:\/\/www.meinesuedstadt.de\/termine\/wp-json\/tribe\/events\/v1\/categories\/43","collection":"https:\/\/www.meinesuedstadt.de\/termine\/wp-json\/tribe\/events\/v1\/categories"}}],"tags":[{"name":"Fotografien","slug":"fotografien","term_group":0,"term_taxonomy_id":272,"taxonomy":"post_tag","description":"","parent":0,"count":60,"filter":"raw","id":272,"urls":{"self":"https:\/\/www.meinesuedstadt.de\/termine\/wp-json\/tribe\/events\/v1\/tags\/272","collection":"https:\/\/www.meinesuedstadt.de\/termine\/wp-json\/tribe\/events\/v1\/tags"}}],"venue":{"id":3658,"author":"3","status":"publish","date":"2018-03-12 11:22:08","date_utc":"2018-03-12 10:22:08","modified":"2018-03-12 11:22:08","modified_utc":"2018-03-12 10:22:08","url":"https:\/\/www.meinesuedstadt.de\/termine\/veranstaltungsort\/forum-fuer-fotografie\/","venue":"Forum f\u00fcr Fotografie","slug":"forum-fuer-fotografie","address":"Sch\u00f6nhauser Stra\u00dfe 8","city":"K\u00f6ln","country":"Deutschland","zip":"50968","phone":"0221 3401830","website":"http:\/\/www.forum-fotografie.info","geo_lat":50.91355,"geo_lng":6.96972,"json_ld":{"@type":"Place","name":"Forum f\u00fcr Fotografie","description":"","url":"https:\/\/www.meinesuedstadt.de\/termine\/veranstaltungsort\/forum-fuer-fotografie\/","address":{"@type":"PostalAddress","streetAddress":"Sch\u00f6nhauser Stra\u00dfe 8","addressLocality":"K\u00f6ln","postalCode":"50968","addressCountry":"Deutschland"},"geo":{"@type":"GeoCoordinates","latitude":50.91355,"longitude":6.96972},"telephone":"0221 3401830","sameAs":"http:\/\/www.forum-fotografie.info"},"show_map":true,"show_map_link":true,"global_id":"www.meinesuedstadt.de\/termine?id=3658","global_id_lineage":["www.meinesuedstadt.de\/termine?id=3658"]},"organizer":[],"custom_fields":[],"json_ld":{"@context":"http:\/\/schema.org","@type":"Event","name":"Chargesheimer &#038; Eusebius Wirdeier &#8211; K\u00f6lner S\u00fcdstadt","description":"&lt;p&gt;Das Forum f\u00fcr Fotografie K\u00f6ln zeigt zwei Bildstrecken von Chargesheimer und Eusebius Wirdeier. Die Fotografien aus der K\u00f6lner S\u00fcdstadt, aufgenommen 1955\/56 und 2020\/24, zeigen, dass die Sprache der Fotografie an [&hellip;]&lt;\/p&gt;\\n","image":"https:\/\/www.meinesuedstadt.de\/termine\/wp-content\/uploads\/2025\/03\/Einladung-Chargesheimer-Wirdeier-2.jpg","url":"https:\/\/www.meinesuedstadt.de\/termine\/event\/chargesheimer-eusebius-wirdeier-koelner-suedstadt\/2025-06-27\/","eventAttendanceMode":"https:\/\/schema.org\/OfflineEventAttendanceMode","eventStatus":"https:\/\/schema.org\/EventScheduled","startDate":"2025-06-27T14:00:00+02:00","endDate":"2025-06-27T18:00:00+02:00","location":{"@type":"Place","name":"Forum f\u00fcr Fotografie","description":"","url":"https:\/\/www.meinesuedstadt.de\/termine\/veranstaltungsort\/forum-fuer-fotografie\/","address":{"@type":"PostalAddress","streetAddress":"Sch\u00f6nhauser Stra\u00dfe 8","addressLocality":"K\u00f6ln","postalCode":"50968","addressCountry":"Deutschland"},"geo":{"@type":"GeoCoordinates","latitude":50.91355,"longitude":6.96972},"telephone":"0221 3401830","sameAs":"http:\/\/www.forum-fotografie.info"},"offers":{"@type":"Offer","price":"0","priceCurrency":"USD","url":"https:\/\/www.meinesuedstadt.de\/termine\/event\/chargesheimer-eusebius-wirdeier-koelner-suedstadt\/2025-06-27\/","category":"primary","availability":"inStock","validFrom":"1970-01-01T00:00:00+00:00"},"performer":"Organization"},"is_virtual":false,"virtual_url":null,"virtual_video_source":""}