{"id":73751,"global_id":"www.meinesuedstadt.de\/termine?id=73751","global_id_lineage":["www.meinesuedstadt.de\/termine?id=73751"],"author":"3","status":"publish","date":"2025-04-30 17:16:45","date_utc":"2025-04-30 15:16:45","modified":"2025-04-30 17:16:45","modified_utc":"2025-04-30 15:16:45","url":"https:\/\/www.meinesuedstadt.de\/termine\/event\/florian-schroeder-endlich-gluecklich\/2025-05-02\/","rest_url":"https:\/\/www.meinesuedstadt.de\/termine\/wp-json\/tribe\/events\/v1\/events\/73751","title":"Florian Schroeder &#8211; Endlich gl\u00fccklich","description":"<p>Bislang wussten viele Menschen nicht, wo Florian Schroeder steht. Jetzt wei\u00df er es selbst nicht mehr. Aber eines wei\u00df er: Er ist gl\u00fccklich damit. Und er m\u00f6chte, dass auch du gl\u00fccklich wirst. Denn Gl\u00fccklichsein ist die gr\u00f6\u00dfte, ja, die vielleicht letzte Provokation, die bleibt in einer Zeit, in der sich alle \u00fcberbieten im Motzen, Meckern, Schreien, P\u00f6beln und St\u00e4nkern.<br \/>\nWenn die Wahnsinnigen Angst und Schrecken verbreiten, wenn die Apokalypse dreimal t\u00e4glich kommt, dann braucht es einen wie ihn, der einfach Mut macht. Endlich Gl\u00fccklich \u2013 das ist Schroeders Mantra. Nat\u00fcrlich ist die Welt aus den Fugen \u2013 aber seine eben nicht. Und deine muss das auch nicht sein.<br \/>\nNur zusammen sind wir stark, nur gemeinsam k\u00f6nnen wir das B\u00f6se da drau\u00dfen besiegen. Florian Schroeder m\u00f6chte dir zeigen, wie du gl\u00fccklich sein kannst \u2013 und zwar nicht in zwei Wochen, zwei Monaten oder zwei Jahren, sondern in zwei Stunden. Warum noch warten? Der Moment ist jetzt. Aber wie lange geht das gut? Ist nicht auch das Gl\u00fcck endlich? Und was kommt danach? Das wird dir Schroeder beantworten.<br \/>\n<em>Bild: Frank Eidel <\/em><\/p>","excerpt":"","slug":"florian-schroeder-endlich-gluecklich","image":{"url":"https:\/\/www.meinesuedstadt.de\/termine\/wp-content\/uploads\/2025\/04\/004_0002_florian_schroeder_endlich_gluecklich_19054_c_frank_eidel.jpeg","id":73752,"extension":"jpeg","width":600,"height":410,"filesize":49755,"sizes":{"thumbnail":{"width":300,"height":205,"mime-type":"image\/jpeg","filesize":7251,"url":"https:\/\/www.meinesuedstadt.de\/termine\/wp-content\/uploads\/2025\/04\/004_0002_florian_schroeder_endlich_gluecklich_19054_c_frank_eidel-300x205.jpeg"}}},"all_day":false,"start_date":"2025-05-02 20:00:00","start_date_details":{"year":"2025","month":"05","day":"02","hour":"20","minutes":"00","seconds":"00"},"end_date":"2025-05-02 20:00:00","end_date_details":{"year":"2025","month":"05","day":"02","hour":"20","minutes":"00","seconds":"00"},"utc_start_date":"2025-05-02 18:00:00","utc_start_date_details":{"year":"2025","month":"05","day":"02","hour":"18","minutes":"00","seconds":"00"},"utc_end_date":"2025-05-02 18:00:00","utc_end_date_details":{"year":"2025","month":"05","day":"02","hour":"18","minutes":"00","seconds":"00"},"timezone":"Europe\/Berlin","timezone_abbr":"CEST","cost":"15\u20ac \u2013 24\u20ac","cost_details":{"currency_symbol":"\u20ac","currency_code":"USD","currency_position":"suffix","values":["15","24"]},"website":"","show_map":false,"show_map_link":true,"hide_from_listings":false,"sticky":false,"featured":false,"categories":[{"name":"Kleinkunst","slug":"kleinkunst","term_group":0,"term_taxonomy_id":939,"taxonomy":"tribe_events_cat","description":"","parent":0,"count":218,"filter":"raw","id":939,"urls":{"self":"https:\/\/www.meinesuedstadt.de\/termine\/wp-json\/tribe\/events\/v1\/categories\/939","collection":"https:\/\/www.meinesuedstadt.de\/termine\/wp-json\/tribe\/events\/v1\/categories"}}],"tags":[{"name":"Kabarett","slug":"kabarett","term_group":0,"term_taxonomy_id":19,"taxonomy":"post_tag","description":"","parent":0,"count":46,"filter":"raw","id":19,"urls":{"self":"https:\/\/www.meinesuedstadt.de\/termine\/wp-json\/tribe\/events\/v1\/tags\/19","collection":"https:\/\/www.meinesuedstadt.de\/termine\/wp-json\/tribe\/events\/v1\/tags"}}],"venue":{"id":10503,"author":"3","status":"publish","date":"2018-09-18 11:03:01","date_utc":"2018-09-18 09:03:01","modified":"2018-09-18 11:03:01","modified_utc":"2018-09-18 09:03:01","url":"https:\/\/www.meinesuedstadt.de\/termine\/veranstaltungsort\/comedia-theater-2\/","venue":"Comedia Theater","slug":"comedia-theater-2","address":"Vondelstra\u00dfe 4-8","city":"K\u00f6ln","country":"Deutschland","province":"NRW","zip":"50677","website":"http:\/\/www.comedia-koeln.de","stateprovince":"NRW","geo_lat":50.9206662,"geo_lng":6.9553669,"json_ld":{"@type":"Place","name":"Comedia Theater","description":"","url":"https:\/\/www.meinesuedstadt.de\/termine\/veranstaltungsort\/comedia-theater-2\/","address":{"@type":"PostalAddress","streetAddress":"Vondelstra\u00dfe 4-8","addressLocality":"K\u00f6ln","addressRegion":"NRW","postalCode":"50677","addressCountry":"Deutschland"},"geo":{"@type":"GeoCoordinates","latitude":50.9206662,"longitude":6.9553669},"telephone":"","sameAs":"http:\/\/www.comedia-koeln.de"},"show_map":true,"show_map_link":true,"global_id":"www.meinesuedstadt.de\/termine?id=10503","global_id_lineage":["www.meinesuedstadt.de\/termine?id=10503"]},"organizer":[{"id":96,"author":"3","status":"publish","date":"2017-12-30 21:30:20","date_utc":"2017-12-30 20:30:20","modified":"2017-12-30 21:30:20","modified_utc":"2017-12-30 20:30:20","url":"https:\/\/www.meinesuedstadt.de\/termine\/veranstalter\/comedia-theater\/","organizer":"Comedia Theater","slug":"comedia-theater","phone":"0221 88877222","website":"http:\/\/www.comedia-koeln.de","email":"info@comedia-koeln.de","json_ld":{"@type":"Person","name":"Comedia Theater","description":"","url":"http:\/\/www.comedia-koeln.de","telephone":"0221 88877222","email":"&#105;nf&#111;&#64;&#99;&#111;&#109;&#101;di&#97;-&#107;&#111;&#101;&#108;n&#46;de","sameAs":"http:\/\/www.comedia-koeln.de"},"global_id":"www.meinesuedstadt.de\/termine?id=96","global_id_lineage":["www.meinesuedstadt.de\/termine?id=96"]}],"custom_fields":[],"json_ld":{"@context":"http:\/\/schema.org","@type":"Event","name":"Florian Schroeder &#8211; Endlich gl\u00fccklich","description":"&lt;p&gt;Bislang wussten viele Menschen nicht, wo Florian Schroeder steht. Jetzt wei\u00df er es selbst nicht mehr. Aber eines wei\u00df er: Er ist gl\u00fccklich damit. Und er m\u00f6chte, dass auch du [&hellip;]&lt;\/p&gt;\\n","image":"https:\/\/www.meinesuedstadt.de\/termine\/wp-content\/uploads\/2025\/04\/004_0002_florian_schroeder_endlich_gluecklich_19054_c_frank_eidel.jpeg","url":"https:\/\/www.meinesuedstadt.de\/termine\/event\/florian-schroeder-endlich-gluecklich\/2025-05-02\/","eventAttendanceMode":"https:\/\/schema.org\/OfflineEventAttendanceMode","eventStatus":"https:\/\/schema.org\/EventScheduled","startDate":"2025-05-02T20:00:00+02:00","endDate":"2025-05-02T20:00:00+02:00","location":{"@type":"Place","name":"Comedia Theater","description":"","url":"https:\/\/www.meinesuedstadt.de\/termine\/veranstaltungsort\/comedia-theater-2\/","address":{"@type":"PostalAddress","streetAddress":"Vondelstra\u00dfe 4-8","addressLocality":"K\u00f6ln","addressRegion":"NRW","postalCode":"50677","addressCountry":"Deutschland"},"geo":{"@type":"GeoCoordinates","latitude":50.9206662,"longitude":6.9553669},"telephone":"","sameAs":"http:\/\/www.comedia-koeln.de"},"organizer":{"@type":"Person","name":"Comedia Theater","description":"","url":"http:\/\/www.comedia-koeln.de","telephone":"0221 88877222","email":"in&#102;&#111;&#64;comedia&#45;&#107;oeln&#46;&#100;&#101;","sameAs":"http:\/\/www.comedia-koeln.de"},"offers":{"@type":"Offer","price":"15 \u2013 24","priceCurrency":"USD","url":"https:\/\/www.meinesuedstadt.de\/termine\/event\/florian-schroeder-endlich-gluecklich\/2025-05-02\/","category":"primary","availability":"inStock","validFrom":"2025-04-30T00:00:00+00:00"},"performer":"Organization"},"is_virtual":false,"virtual_url":null,"virtual_video_source":""}