{"id":73836,"global_id":"www.meinesuedstadt.de\/termine?id=73836","global_id_lineage":["www.meinesuedstadt.de\/termine?id=73836"],"author":"3","status":"publish","date":"2025-05-04 14:43:50","date_utc":"2025-05-04 12:43:50","modified":"2025-05-04 14:43:50","modified_utc":"2025-05-04 12:43:50","url":"https:\/\/www.meinesuedstadt.de\/termine\/event\/jean-philippe-kindler-klassentreffen\/","rest_url":"https:\/\/www.meinesuedstadt.de\/termine\/wp-json\/tribe\/events\/v1\/events\/73836","title":"Jean-Philippe Kindler: Klassentreffen","description":"<p>Thema Jean-Philippe Kindler, er hat ein neues Soloprogramm, man muss einmal was dazu sagen: \u201eKlassentreffen\u201c entspringt dem B\u00fchnengenre der hemmungslosen P\u00f6belei: Es wird laut, es wird derb, es wird unvers\u00f6hnlich. In der Mediengeschichte Deutschlands hat es wohl noch nie zuvor einen Satiriker gegeben, der sowohl von der BILD-Zeitung, als auch von einigen Linken als \u201eHetzer\u201c bezeichnet wurde. Gl\u00fccklicherweise haben beide Seiten Recht, denn Jean-Philippe Kindler will vor allem eines: Spalten. Die Satire des deutschen Kabarettpreistr\u00e4gers will gesellschaftliche Gr\u00e4ben nicht nur aufzeigen, sondern noch weiter aufzerren, damit man diese nicht mehr \u00fcbersehen kann.<br \/>\n<em>Bild: Marvin Ruppert<\/em><\/p>","excerpt":"","slug":"jean-philippe-kindler-klassentreffen","image":{"url":"https:\/\/www.meinesuedstadt.de\/termine\/wp-content\/uploads\/2025\/05\/homepage_0000_kindler_jean-philippe_klassentreffen_c_marvin_ruppert_2-Kopie.jpg","id":73837,"extension":"jpg","width":400,"height":500,"filesize":76708,"sizes":{"thumbnail":{"width":300,"height":375,"mime-type":"image\/jpeg","filesize":25644,"url":"https:\/\/www.meinesuedstadt.de\/termine\/wp-content\/uploads\/2025\/05\/homepage_0000_kindler_jean-philippe_klassentreffen_c_marvin_ruppert_2-Kopie-300x375.jpg"}}},"all_day":false,"start_date":"2025-05-15 20:00:00","start_date_details":{"year":"2025","month":"05","day":"15","hour":"20","minutes":"00","seconds":"00"},"end_date":"2025-05-15 20:00:00","end_date_details":{"year":"2025","month":"05","day":"15","hour":"20","minutes":"00","seconds":"00"},"utc_start_date":"2025-05-15 18:00:00","utc_start_date_details":{"year":"2025","month":"05","day":"15","hour":"18","minutes":"00","seconds":"00"},"utc_end_date":"2025-05-15 18:00:00","utc_end_date_details":{"year":"2025","month":"05","day":"15","hour":"18","minutes":"00","seconds":"00"},"timezone":"Europe\/Berlin","timezone_abbr":"CEST","cost":"15\u20ac \u2013 24\u20ac","cost_details":{"currency_symbol":"\u20ac","currency_code":"USD","currency_position":"suffix","values":["15","24"]},"website":"","show_map":false,"show_map_link":true,"hide_from_listings":false,"sticky":false,"featured":false,"categories":[{"name":"Kleinkunst","slug":"kleinkunst","term_group":0,"term_taxonomy_id":939,"taxonomy":"tribe_events_cat","description":"","parent":0,"count":218,"filter":"raw","id":939,"urls":{"self":"https:\/\/www.meinesuedstadt.de\/termine\/wp-json\/tribe\/events\/v1\/categories\/939","collection":"https:\/\/www.meinesuedstadt.de\/termine\/wp-json\/tribe\/events\/v1\/categories"}}],"tags":[{"name":"Kabarett\/Comedy","slug":"kabarett-comedy","term_group":0,"term_taxonomy_id":648,"taxonomy":"post_tag","description":"","parent":0,"count":33,"filter":"raw","id":648,"urls":{"self":"https:\/\/www.meinesuedstadt.de\/termine\/wp-json\/tribe\/events\/v1\/tags\/648","collection":"https:\/\/www.meinesuedstadt.de\/termine\/wp-json\/tribe\/events\/v1\/tags"}}],"venue":{"id":115,"author":"3","status":"publish","date":"2017-12-30 22:01:56","date_utc":"2017-12-30 21:01:56","modified":"2017-12-30 22:01:56","modified_utc":"2017-12-30 21:01:56","url":"https:\/\/www.meinesuedstadt.de\/termine\/veranstaltungsort\/comedia-theater\/","venue":"Comedia Theater","slug":"comedia-theater","address":"Vondelstra\u00dfe 4-8","city":"K\u00f6ln","country":"Deutschland","zip":"50677","phone":"0221 888 77 222","website":"http:\/\/www.comedia-koeln.de","geo_lat":50.9206662,"geo_lng":6.9553669,"json_ld":{"@type":"Place","name":"Comedia Theater","description":"","url":"https:\/\/www.meinesuedstadt.de\/termine\/veranstaltungsort\/comedia-theater\/","address":{"@type":"PostalAddress","streetAddress":"Vondelstra\u00dfe 4-8","addressLocality":"K\u00f6ln","postalCode":"50677","addressCountry":"Deutschland"},"geo":{"@type":"GeoCoordinates","latitude":50.9206662,"longitude":6.9553669},"telephone":"0221 888 77 222","sameAs":"http:\/\/www.comedia-koeln.de"},"show_map":true,"show_map_link":true,"global_id":"www.meinesuedstadt.de\/termine?id=115","global_id_lineage":["www.meinesuedstadt.de\/termine?id=115"]},"organizer":[{"id":96,"author":"3","status":"publish","date":"2017-12-30 21:30:20","date_utc":"2017-12-30 20:30:20","modified":"2017-12-30 21:30:20","modified_utc":"2017-12-30 20:30:20","url":"https:\/\/www.meinesuedstadt.de\/termine\/veranstalter\/comedia-theater\/","organizer":"Comedia Theater","slug":"comedia-theater","phone":"0221 88877222","website":"http:\/\/www.comedia-koeln.de","email":"info@comedia-koeln.de","json_ld":{"@type":"Person","name":"Comedia Theater","description":"","url":"http:\/\/www.comedia-koeln.de","telephone":"0221 88877222","email":"&#105;&#110;&#102;&#111;&#64;co&#109;&#101;d&#105;&#97;-koel&#110;.&#100;&#101;","sameAs":"http:\/\/www.comedia-koeln.de"},"global_id":"www.meinesuedstadt.de\/termine?id=96","global_id_lineage":["www.meinesuedstadt.de\/termine?id=96"]}],"custom_fields":[],"json_ld":{"@context":"http:\/\/schema.org","@type":"Event","name":"Jean-Philippe Kindler: Klassentreffen","description":"&lt;p&gt;Thema Jean-Philippe Kindler, er hat ein neues Soloprogramm, man muss einmal was dazu sagen: \u201eKlassentreffen\u201c entspringt dem B\u00fchnengenre der hemmungslosen P\u00f6belei: Es wird laut, es wird derb, es wird unvers\u00f6hnlich. [&hellip;]&lt;\/p&gt;\\n","image":"https:\/\/www.meinesuedstadt.de\/termine\/wp-content\/uploads\/2025\/05\/homepage_0000_kindler_jean-philippe_klassentreffen_c_marvin_ruppert_2-Kopie.jpg","url":"https:\/\/www.meinesuedstadt.de\/termine\/event\/jean-philippe-kindler-klassentreffen\/","eventAttendanceMode":"https:\/\/schema.org\/OfflineEventAttendanceMode","eventStatus":"https:\/\/schema.org\/EventScheduled","startDate":"2025-05-15T20:00:00+02:00","endDate":"2025-05-15T20:00:00+02:00","location":{"@type":"Place","name":"Comedia Theater","description":"","url":"https:\/\/www.meinesuedstadt.de\/termine\/veranstaltungsort\/comedia-theater\/","address":{"@type":"PostalAddress","streetAddress":"Vondelstra\u00dfe 4-8","addressLocality":"K\u00f6ln","postalCode":"50677","addressCountry":"Deutschland"},"geo":{"@type":"GeoCoordinates","latitude":50.9206662,"longitude":6.9553669},"telephone":"0221 888 77 222","sameAs":"http:\/\/www.comedia-koeln.de"},"organizer":{"@type":"Person","name":"Comedia Theater","description":"","url":"http:\/\/www.comedia-koeln.de","telephone":"0221 88877222","email":"&#105;&#110;&#102;&#111;&#64;co&#109;ed&#105;a-&#107;o&#101;ln&#46;de","sameAs":"http:\/\/www.comedia-koeln.de"},"offers":{"@type":"Offer","price":"15 \u2013 24","priceCurrency":"USD","url":"https:\/\/www.meinesuedstadt.de\/termine\/event\/jean-philippe-kindler-klassentreffen\/","category":"primary","availability":"inStock","validFrom":"1970-01-01T00:00:00+00:00"},"performer":"Organization"},"is_virtual":false,"virtual_url":null,"virtual_video_source":""}