{"id":74153,"global_id":"www.meinesuedstadt.de\/termine?id=74153","global_id_lineage":["www.meinesuedstadt.de\/termine?id=74153"],"author":"3","status":"publish","date":"2025-05-14 21:40:07","date_utc":"2025-05-14 19:40:07","modified":"2025-05-14 21:40:07","modified_utc":"2025-05-14 19:40:07","url":"https:\/\/www.meinesuedstadt.de\/termine\/event\/essenz-kunst-als-ausdruck-des-seins\/2025-06-10\/","rest_url":"https:\/\/www.meinesuedstadt.de\/termine\/wp-json\/tribe\/events\/v1\/events\/74153","title":"Essenz \u2013 Kunst als Ausdruck des Seins","description":"<p>Gemeinschafts-Ausstellung mit Gem\u00e4lden, Fotoarbeiten und Skulpturen. Nicht nur die Kunst verbindet die Ausstellenden, sondern vor allem der gemeinsame Gedanke, mit ihren Kunstwerken eine ver\u00e4nderte Wahrnehmung anzusto\u00dfen und die Betrachtenden emotional anzusprechen. Auch wenn die Herangehensweise unterschiedlich ist, vereint alle die Intention eine andere Wirklichkeit, innere Sch\u00f6nheit oder tiefere Ebenen zu veranschaulichen.<br \/>\nIm Einzelnen bedeutet dies, dass jeder K\u00fcnstler und jede K\u00fcnstlerin in der gew\u00e4hlten Technik die Realit\u00e4t abstrahiert darstellt, um die Essenz des Sch\u00f6nen zu vermitteln. Die Ergebnisse dieser kreativen Prozesse sind in den Gem\u00e4lden, Fotoarbeiten und Skulpturen der Ausstellung sichtbar.<br \/>\nAusstellungsdauer: bis 15. Juni 2025<br \/>\n\u00d6ffnungszeiten: 17 bis 21 Uhr (am Wochenende und Pfingstmontag von 14 bis 20 Uhr)<\/p>","excerpt":"","slug":"essenz-kunst-als-ausdruck-des-seins-2025-06-10","image":{"url":"https:\/\/www.meinesuedstadt.de\/termine\/wp-content\/uploads\/2025\/05\/tmpimageup_J2W2px.jpg","id":74149,"extension":"jpg","width":580,"height":424,"filesize":72420,"sizes":{"thumbnail":{"width":300,"height":219,"mime-type":"image\/jpeg","filesize":13466,"url":"https:\/\/www.meinesuedstadt.de\/termine\/wp-content\/uploads\/2025\/05\/tmpimageup_J2W2px-300x219.jpg"}}},"all_day":false,"start_date":"2025-06-10 17:00:00","start_date_details":{"year":"2025","month":"06","day":"10","hour":"17","minutes":"00","seconds":"00"},"end_date":"2025-06-10 21:00:00","end_date_details":{"year":"2025","month":"06","day":"10","hour":"21","minutes":"00","seconds":"00"},"utc_start_date":"2025-06-10 15:00:00","utc_start_date_details":{"year":"2025","month":"06","day":"10","hour":"15","minutes":"00","seconds":"00"},"utc_end_date":"2025-06-10 19:00:00","utc_end_date_details":{"year":"2025","month":"06","day":"10","hour":"19","minutes":"00","seconds":"00"},"timezone":"Europe\/Berlin","timezone_abbr":"","cost":"Kostenlos","cost_details":{"currency_symbol":"\u20ac","currency_code":"USD","currency_position":"suffix","values":["0"]},"website":"","show_map":false,"show_map_link":true,"hide_from_listings":false,"sticky":false,"featured":false,"categories":[{"name":"Ausstellung","slug":"ausstellung","term_group":0,"term_taxonomy_id":43,"taxonomy":"tribe_events_cat","description":"","parent":0,"count":1691,"filter":"raw","id":43,"urls":{"self":"https:\/\/www.meinesuedstadt.de\/termine\/wp-json\/tribe\/events\/v1\/categories\/43","collection":"https:\/\/www.meinesuedstadt.de\/termine\/wp-json\/tribe\/events\/v1\/categories"}}],"tags":[],"venue":{"id":642,"author":"3","status":"publish","date":"2018-01-01 23:40:05","date_utc":"2018-01-01 22:40:05","modified":"2018-01-01 23:40:05","modified_utc":"2018-01-01 22:40:05","url":"https:\/\/www.meinesuedstadt.de\/termine\/veranstaltungsort\/altes-pfandhaus\/","venue":"Altes Pfandhaus","slug":"altes-pfandhaus","address":"Kart\u00e4userwall 20","city":"K\u00f6ln","country":"Deutschland","zip":"50678","phone":"0221 2783685","website":"www.altes-pfandhaus.de","geo_lat":50.9226339,"geo_lng":6.9578291,"json_ld":{"@type":"Place","name":"Altes Pfandhaus","description":"","url":"https:\/\/www.meinesuedstadt.de\/termine\/veranstaltungsort\/altes-pfandhaus\/","address":{"@type":"PostalAddress","streetAddress":"Kart\u00e4userwall 20","addressLocality":"K\u00f6ln","postalCode":"50678","addressCountry":"Deutschland"},"geo":{"@type":"GeoCoordinates","latitude":50.9226339,"longitude":6.9578291},"telephone":"0221 2783685","sameAs":"www.altes-pfandhaus.de"},"show_map":true,"show_map_link":true,"global_id":"www.meinesuedstadt.de\/termine?id=642","global_id_lineage":["www.meinesuedstadt.de\/termine?id=642"]},"organizer":[],"custom_fields":[],"json_ld":{"@context":"http:\/\/schema.org","@type":"Event","name":"Essenz \u2013 Kunst als Ausdruck des Seins","description":"&lt;p&gt;Gemeinschafts-Ausstellung mit Gem\u00e4lden, Fotoarbeiten und Skulpturen. Nicht nur die Kunst verbindet die Ausstellenden, sondern vor allem der gemeinsame Gedanke, mit ihren Kunstwerken eine ver\u00e4nderte Wahrnehmung anzusto\u00dfen und die Betrachtenden emotional [&hellip;]&lt;\/p&gt;\\n","image":"https:\/\/www.meinesuedstadt.de\/termine\/wp-content\/uploads\/2025\/05\/tmpimageup_J2W2px.jpg","url":"https:\/\/www.meinesuedstadt.de\/termine\/event\/essenz-kunst-als-ausdruck-des-seins\/2025-06-10\/","eventAttendanceMode":"https:\/\/schema.org\/OfflineEventAttendanceMode","eventStatus":"https:\/\/schema.org\/EventScheduled","startDate":"2025-06-10T17:00:00+02:00","endDate":"2025-06-10T21:00:00+02:00","location":{"@type":"Place","name":"Altes Pfandhaus","description":"","url":"https:\/\/www.meinesuedstadt.de\/termine\/veranstaltungsort\/altes-pfandhaus\/","address":{"@type":"PostalAddress","streetAddress":"Kart\u00e4userwall 20","addressLocality":"K\u00f6ln","postalCode":"50678","addressCountry":"Deutschland"},"geo":{"@type":"GeoCoordinates","latitude":50.9226339,"longitude":6.9578291},"telephone":"0221 2783685","sameAs":"www.altes-pfandhaus.de"},"offers":{"@type":"Offer","price":"0","priceCurrency":"USD","url":"https:\/\/www.meinesuedstadt.de\/termine\/event\/essenz-kunst-als-ausdruck-des-seins\/2025-06-10\/","category":"primary","availability":"inStock","validFrom":"1970-01-01T00:00:00+00:00"},"performer":"Organization"},"is_virtual":false,"virtual_url":null,"virtual_video_source":""}