{"id":74226,"global_id":"www.meinesuedstadt.de\/termine?id=74226","global_id_lineage":["www.meinesuedstadt.de\/termine?id=74226"],"author":"3","status":"publish","date":"2025-05-19 23:00:40","date_utc":"2025-05-19 21:00:40","modified":"2025-05-19 23:00:40","modified_utc":"2025-05-19 21:00:40","url":"https:\/\/www.meinesuedstadt.de\/termine\/event\/fritz-litzmann-mein-vater-und-ich\/","rest_url":"https:\/\/www.meinesuedstadt.de\/termine\/wp-json\/tribe\/events\/v1\/events\/74226","title":"Fritz Litzmann, mein Vater und ich","description":"<p>zu Gast Aljoscha und Rainer Pause sowie J\u00fcrgen Becker! In seinem sehr pers\u00f6nlichen Film erz\u00e4hlt der Filmemacher Aljoscha Pause die Geschichte seines Vaters Rainer Pause, der 1987 am Bonner Bundeskanzlerplatz das renommierte Kabaretttheater \u201ePantheon\u201c gr\u00fcndete und dort bis heute in Gestalt seiner Figur Fritz Litzmann auf der B\u00fchne steht. Der Film ergr\u00fcndet die Motive eines kompromisslosen K\u00fcnstlers und wie sich dessen Verwirklichung auf die Entwicklung des Sohnes auswirkte. Warum war Familie nie eine echte Konkurrenz zum radikalen Lebensentwurf? Warum hat der Vater die jugendliche Abw\u00e4rtsspirale seines Sohnes nicht stoppen k\u00f6nnen? Eine (Zeit-)Reise von Vater und Sohn zu den Quellen ihrer Tr\u00e4ume, Ideen und \u00c4ngste \u2013 durch die deutsche Kabarettgeschichte, zur\u00fcck in die Bonner Republik und in die politisch bewegten 1970er Jahre.<\/p>","excerpt":"","slug":"fritz-litzmann-mein-vater-und-ich","image":{"url":"https:\/\/www.meinesuedstadt.de\/termine\/wp-content\/uploads\/2025\/05\/Fritz-Litzmann-Plakat-3500px-250321-WEB-scaled-2.jpg","id":74227,"extension":"jpg","width":600,"height":475,"filesize":98688,"sizes":{"thumbnail":{"width":300,"height":238,"mime-type":"image\/jpeg","filesize":12640,"url":"https:\/\/www.meinesuedstadt.de\/termine\/wp-content\/uploads\/2025\/05\/Fritz-Litzmann-Plakat-3500px-250321-WEB-scaled-2-300x238.jpg"}}},"all_day":false,"start_date":"2025-05-25 11:30:00","start_date_details":{"year":"2025","month":"05","day":"25","hour":"11","minutes":"30","seconds":"00"},"end_date":"2025-05-25 11:30:00","end_date_details":{"year":"2025","month":"05","day":"25","hour":"11","minutes":"30","seconds":"00"},"utc_start_date":"2025-05-25 09:30:00","utc_start_date_details":{"year":"2025","month":"05","day":"25","hour":"09","minutes":"30","seconds":"00"},"utc_end_date":"2025-05-25 09:30:00","utc_end_date_details":{"year":"2025","month":"05","day":"25","hour":"09","minutes":"30","seconds":"00"},"timezone":"Europe\/Berlin","timezone_abbr":"CEST","cost":"6\u20ac \u2013 11\u20ac","cost_details":{"currency_symbol":"\u20ac","currency_code":"USD","currency_position":"suffix","values":["6","11"]},"website":"","show_map":false,"show_map_link":true,"hide_from_listings":false,"sticky":false,"featured":false,"categories":[{"name":"Kino","slug":"kino","term_group":0,"term_taxonomy_id":82,"taxonomy":"tribe_events_cat","description":"","parent":0,"count":869,"filter":"raw","id":82,"urls":{"self":"https:\/\/www.meinesuedstadt.de\/termine\/wp-json\/tribe\/events\/v1\/categories\/82","collection":"https:\/\/www.meinesuedstadt.de\/termine\/wp-json\/tribe\/events\/v1\/categories"}}],"tags":[],"venue":{"id":1634,"author":"3","status":"publish","date":"2018-01-08 09:38:14","date_utc":"2018-01-08 08:38:14","modified":"2018-01-08 09:38:14","modified_utc":"2018-01-08 08:38:14","url":"https:\/\/www.meinesuedstadt.de\/termine\/veranstaltungsort\/odeon-kino\/","venue":"Odeon Kino","slug":"odeon-kino","address":"Severinstra\u00dfe 81","city":"K\u00f6ln","country":"Deutschland","zip":"50678","phone":"0221 313110","website":"http:\/\/www.odeon-koeln.de","geo_lat":50.9253452,"geo_lng":6.9581313,"json_ld":{"@type":"Place","name":"Odeon Kino","description":"","url":"https:\/\/www.meinesuedstadt.de\/termine\/veranstaltungsort\/odeon-kino\/","address":{"@type":"PostalAddress","streetAddress":"Severinstra\u00dfe 81","addressLocality":"K\u00f6ln","postalCode":"50678","addressCountry":"Deutschland"},"geo":{"@type":"GeoCoordinates","latitude":50.9253452,"longitude":6.9581313},"telephone":"0221 313110","sameAs":"http:\/\/www.odeon-koeln.de"},"show_map":true,"show_map_link":true,"global_id":"www.meinesuedstadt.de\/termine?id=1634","global_id_lineage":["www.meinesuedstadt.de\/termine?id=1634"]},"organizer":[{"id":1635,"author":"3","status":"publish","date":"2018-01-08 09:38:14","date_utc":"2018-01-08 08:38:14","modified":"2018-01-08 09:38:14","modified_utc":"2018-01-08 08:38:14","url":"https:\/\/www.meinesuedstadt.de\/termine\/veranstalter\/odeon-kino\/","organizer":"Odeon Kino","slug":"odeon-kino","phone":"0221 313110","website":"http:\/\/www.odeon-koeln.de","json_ld":{"@type":"Person","name":"Odeon Kino","description":"","url":"http:\/\/www.odeon-koeln.de","telephone":"0221 313110","email":"","sameAs":"http:\/\/www.odeon-koeln.de"},"global_id":"www.meinesuedstadt.de\/termine?id=1635","global_id_lineage":["www.meinesuedstadt.de\/termine?id=1635"]}],"custom_fields":[],"json_ld":{"@context":"http:\/\/schema.org","@type":"Event","name":"Fritz Litzmann, mein Vater und ich","description":"&lt;p&gt;zu Gast Aljoscha und Rainer Pause sowie J\u00fcrgen Becker! In seinem sehr pers\u00f6nlichen Film erz\u00e4hlt der Filmemacher Aljoscha Pause die Geschichte seines Vaters Rainer Pause, der 1987 am Bonner Bundeskanzlerplatz [&hellip;]&lt;\/p&gt;\\n","image":"https:\/\/www.meinesuedstadt.de\/termine\/wp-content\/uploads\/2025\/05\/Fritz-Litzmann-Plakat-3500px-250321-WEB-scaled-2.jpg","url":"https:\/\/www.meinesuedstadt.de\/termine\/event\/fritz-litzmann-mein-vater-und-ich\/","eventAttendanceMode":"https:\/\/schema.org\/OfflineEventAttendanceMode","eventStatus":"https:\/\/schema.org\/EventScheduled","startDate":"2025-05-25T11:30:00+02:00","endDate":"2025-05-25T11:30:00+02:00","location":{"@type":"Place","name":"Odeon Kino","description":"","url":"https:\/\/www.meinesuedstadt.de\/termine\/veranstaltungsort\/odeon-kino\/","address":{"@type":"PostalAddress","streetAddress":"Severinstra\u00dfe 81","addressLocality":"K\u00f6ln","postalCode":"50678","addressCountry":"Deutschland"},"geo":{"@type":"GeoCoordinates","latitude":50.9253452,"longitude":6.9581313},"telephone":"0221 313110","sameAs":"http:\/\/www.odeon-koeln.de"},"organizer":{"@type":"Person","name":"Odeon Kino","description":"","url":"http:\/\/www.odeon-koeln.de","telephone":"0221 313110","email":"","sameAs":"http:\/\/www.odeon-koeln.de"},"offers":{"@type":"Offer","price":"6 \u2013 11","priceCurrency":"USD","url":"https:\/\/www.meinesuedstadt.de\/termine\/event\/fritz-litzmann-mein-vater-und-ich\/","category":"primary","availability":"inStock","validFrom":"1970-01-01T00:00:00+00:00"},"performer":"Organization"},"is_virtual":false,"virtual_url":null,"virtual_video_source":""}