{"id":74468,"global_id":"www.meinesuedstadt.de\/termine?id=74468","global_id_lineage":["www.meinesuedstadt.de\/termine?id=74468"],"author":"3","status":"publish","date":"2025-05-25 11:12:23","date_utc":"2025-05-25 09:12:23","modified":"2025-05-25 11:12:23","modified_utc":"2025-05-25 09:12:23","url":"https:\/\/www.meinesuedstadt.de\/termine\/event\/mundus-trio-live-im-salon-de-jazz\/","rest_url":"https:\/\/www.meinesuedstadt.de\/termine\/wp-json\/tribe\/events\/v1\/events\/74468","title":"Mundus Trio live im salon de jazz","description":"<p>Mit Refuge baut das Schweizer Trio Mundus eine solide modernistische Architektur, aber mit offen gelassenen Fenstern, irgendwo zwischen zeitgen\u00f6ssischem Jazz, Groove und fernen Ankl\u00e4ngen an Hip-Hop. Am Ruder: Victor Decamp (Posaune und elektronische Effekte), Fabien Ghirotto (Schlagzeug) und Quentin Pr\u00e9ver (Hammondorgel).<br \/>\nHinter dem Wort Refuge verbirgt sich diese Spannung: ein feindliches, raues \u00c4u\u00dferes und ein Inneres, in dem man atmen kann, ein weicher Schutzraum, der vor W\u00e4rme vibriert. Was bedeutet es wirklich, sich zu Hause zu f\u00fchlen? Victor Decamp verwebt hier eine pers\u00f6nliche Antwort, indem er in die Erinnerung an Orte, geliebte Gesichter, Reisen und Erinnerungen eintaucht.<\/p>","excerpt":"","slug":"mundus-trio-live-im-salon-de-jazz","image":{"url":"https:\/\/www.meinesuedstadt.de\/termine\/wp-content\/uploads\/2025\/05\/21078068.jpeg","id":74469,"extension":"jpeg","width":300,"height":300,"filesize":61748},"all_day":false,"start_date":"2025-06-18 20:00:00","start_date_details":{"year":"2025","month":"06","day":"18","hour":"20","minutes":"00","seconds":"00"},"end_date":"2025-06-18 20:00:00","end_date_details":{"year":"2025","month":"06","day":"18","hour":"20","minutes":"00","seconds":"00"},"utc_start_date":"2025-06-18 18:00:00","utc_start_date_details":{"year":"2025","month":"06","day":"18","hour":"18","minutes":"00","seconds":"00"},"utc_end_date":"2025-06-18 18:00:00","utc_end_date_details":{"year":"2025","month":"06","day":"18","hour":"18","minutes":"00","seconds":"00"},"timezone":"Europe\/Berlin","timezone_abbr":"CEST","cost":"15\u20ac \u2013 20\u20ac","cost_details":{"currency_symbol":"\u20ac","currency_code":"USD","currency_position":"suffix","values":["15","20"]},"website":"","show_map":false,"show_map_link":true,"hide_from_listings":false,"sticky":false,"featured":false,"categories":[{"name":"Konzert","slug":"konzert","term_group":0,"term_taxonomy_id":7,"taxonomy":"tribe_events_cat","description":"","parent":0,"count":315,"filter":"raw","id":7,"urls":{"self":"https:\/\/www.meinesuedstadt.de\/termine\/wp-json\/tribe\/events\/v1\/categories\/7","collection":"https:\/\/www.meinesuedstadt.de\/termine\/wp-json\/tribe\/events\/v1\/categories"}}],"tags":[],"venue":{"id":3505,"author":"3","status":"publish","date":"2018-03-02 15:02:36","date_utc":"2018-03-02 14:02:36","modified":"2018-03-02 15:02:36","modified_utc":"2018-03-02 14:02:36","url":"https:\/\/www.meinesuedstadt.de\/termine\/veranstaltungsort\/salon-de-jazz\/","venue":"Salon de Jazz","slug":"salon-de-jazz","address":"Severinskloster 3a","city":"K\u00f6ln","country":"Deutschland","zip":"50678","website":"www.salondejazz.de","geo_lat":50.9237253,"geo_lng":6.9591389,"json_ld":{"@type":"Place","name":"Salon de Jazz","description":"","url":"https:\/\/www.meinesuedstadt.de\/termine\/veranstaltungsort\/salon-de-jazz\/","address":{"@type":"PostalAddress","streetAddress":"Severinskloster 3a","addressLocality":"K\u00f6ln","postalCode":"50678","addressCountry":"Deutschland"},"geo":{"@type":"GeoCoordinates","latitude":50.9237253,"longitude":6.9591389},"telephone":"","sameAs":"www.salondejazz.de"},"show_map":true,"show_map_link":true,"global_id":"www.meinesuedstadt.de\/termine?id=3505","global_id_lineage":["www.meinesuedstadt.de\/termine?id=3505"]},"organizer":[],"custom_fields":[],"json_ld":{"@context":"http:\/\/schema.org","@type":"Event","name":"Mundus Trio live im salon de jazz","description":"&lt;p&gt;Mit Refuge baut das Schweizer Trio Mundus eine solide modernistische Architektur, aber mit offen gelassenen Fenstern, irgendwo zwischen zeitgen\u00f6ssischem Jazz, Groove und fernen Ankl\u00e4ngen an Hip-Hop. Am Ruder: Victor Decamp [&hellip;]&lt;\/p&gt;\\n","image":"https:\/\/www.meinesuedstadt.de\/termine\/wp-content\/uploads\/2025\/05\/21078068.jpeg","url":"https:\/\/www.meinesuedstadt.de\/termine\/event\/mundus-trio-live-im-salon-de-jazz\/","eventAttendanceMode":"https:\/\/schema.org\/OfflineEventAttendanceMode","eventStatus":"https:\/\/schema.org\/EventScheduled","startDate":"2025-06-18T20:00:00+02:00","endDate":"2025-06-18T20:00:00+02:00","location":{"@type":"Place","name":"Salon de Jazz","description":"","url":"https:\/\/www.meinesuedstadt.de\/termine\/veranstaltungsort\/salon-de-jazz\/","address":{"@type":"PostalAddress","streetAddress":"Severinskloster 3a","addressLocality":"K\u00f6ln","postalCode":"50678","addressCountry":"Deutschland"},"geo":{"@type":"GeoCoordinates","latitude":50.9237253,"longitude":6.9591389},"telephone":"","sameAs":"www.salondejazz.de"},"offers":{"@type":"Offer","price":"15 \u2013 20","priceCurrency":"USD","url":"https:\/\/www.meinesuedstadt.de\/termine\/event\/mundus-trio-live-im-salon-de-jazz\/","category":"primary","availability":"inStock","validFrom":"1970-01-01T00:00:00+00:00"},"performer":"Organization"},"is_virtual":false,"virtual_url":null,"virtual_video_source":""}